{"id":2436,"date":"2006-02-05T20:01:00","date_gmt":"2006-02-05T19:01:00","guid":{"rendered":"https:\/\/naturvernforbundet.no\/moreogromsdal\/har-eigedomsretten-respekt-for-natur\/"},"modified":"2006-02-05T20:01:00","modified_gmt":"2006-02-05T19:01:00","slug":"har-eigedomsretten-respekt-for-natur","status":"publish","type":"post","link":"https:\/\/naturvernforbundet.no\/moreogromsdal\/har-eigedomsretten-respekt-for-natur\/","title":{"rendered":"Har eigedomsretten respekt for natur?"},"content":{"rendered":"\t<div class=\"template-post alignfull wp-block-naturvern-hero\">\n\t\t<div class=\"hero__inner\">\n\t\t\t<div class=\"hero__inner_blocks\">\n\t\t\t\t\t\t\t\t\n\t\t\t\t\t<h1 class=\"wp-block-post-title\">Har eigedomsretten respekt for natur?<\/h1>\n\n\t\t\t\t\t<div class=\"wp-block-post-excerpt\"><p class=\"wp-block-post-excerpt__excerpt\">Lesarinnlegg fr\u00e5 leiar \u00d8ystein Folden i Naturvernforbundet i M\u00f8re og Romsdal som svar p\u00e5 innlegg fr\u00e5 P\u00e5l Heggestad i \u00d8rsta Frp. <\/p><\/div>\n\n\t\t\t\t\t\n\n\t\t\t\t\t<div class=\"wp-block-naturvern-byline\">\n\t\t\t<div class=\"authors\">By <span class=\"t2-byline__author-link\">Artikkelimport\u00f8r<\/span><\/div>\n\t\t\t<small class=\"entry-date\">05.02.2006 20:01<\/small>\n\t\t<\/div>\n\t\t\t\t\t\t\t\t<\/div>\n\t\t\t\t\t<\/div>\n\t\t\t<\/div>\n\t\n<p>P\u00e5l Heggestad i \u00d8rsta Frp har nokre synspunkt p\u00e5 kva Naturvernforbundet og likesinna driv med. Det er bra at han har lagt merke til oss, det er viktig \u00e5 f\u00e5 fram naturvernsynet til flest mogleg.\n<\/p>\n\n\n\n<p>I \u00d8rsta og Volda er det berre eit f\u00e5tall elver igjen som ikkje er utbygd eller oms\u00f8kt utbygd. Naturvernforbundet vil seie at kraft manglar det ikkje, men ville elvar, dei tek til \u00e5 bli sjeldne. Om Heggestad f\u00e5r det som han vil, s\u00e5 blir dei kanskje selde dei som er att ogs\u00e5? S\u00e5 kan dei som vil sj\u00e5 ville elver p\u00e5 fjernsynet eller p\u00e5 museum i framtida. \n<\/p>\n\n\n\n<p>Det er eit interessant sp\u00f8rsm\u00e5l dette med kven som eig vatnet. Fallrettar kan eigast, men dei har ingen verdi om ikkje Herren gjev vatn og NVE gjev konsesjon. Sj\u00f8lv om NVE har sagt ja til konsesjon i kring 100 saker med ein 2-3 unnatak sidan 2000, finst det vatn som sj\u00f8lv NVE ikkje gjev l\u00f8yve til \u00e5 la renne i r\u00f8yr. S\u00e5 renn elva fritt. Alle som vil f\u00e5r sj\u00e5 p\u00e5, heilt gratis. Fallrettseigar m\u00e5 berre innsj\u00e5 at det finst andre rettar som er sterkare enn den private eigedomsretten. Det er folk flest sin rett til \u00e5 oppleve natur som i nokre h\u00f8ve har vist seg \u00e5 vere sterkare. Og det er naturen sj\u00f8lv sin rett til \u00e5 vere natur og ikkje bli utrydda for nokre kilowatt og nokre kroner si skuld. Framstegspartiet kan jo sj\u00e5 litt n\u00e6rare p\u00e5 det sp\u00f8rsm\u00e5let om det kunne passe.\n<\/p>\n\n\n\n<p>Saka kan jo sj\u00e5ast p\u00e5 ein annan m\u00e5te ogs\u00e5. Kva rett har nokre einskildpersonar med sm\u00e5kraftutbyggarar og NVE si hjelp til \u00e5 rane fr\u00e5 samfunnet dei siste vassdragsverdiane ved \u00e5 legge dei i r\u00f8yr for s\u00e5 \u00e5 tene pengar til seg sj\u00f8lv p\u00e5 dei? \n<\/p>\n\n\n\n<p>Kva vil skje om vi held fram som vi har gjort? Om f\u00e5 \u00e5r har vi lagt mest alle vassdrag i r\u00f8yr. I mellomtida har vi auka straumbruken end\u00e5 litt meir. D\u00e5 har vi oppn\u00e5dd at vi framleis tykkjer vi manglar straum, akkurat som no, men alle vassdraga v\u00e5re er tamme. Problemet er ikkje l\u00f8yst, og opplevinga av natur for folk flest har blitt fattigare. \n<\/p>\n\n\n\n<p>Naturvernforbundet har over 70 medlemmer som ikkje er lengre vekke enn at dei bur i \u00d8rsta og Volda. Med hardk\u00f8yret mot dei siste ville elvene blir vi stadig fleire, og bra er det.\n<\/p>\n\n\n\n<p>\u00d8ystein Folden\n<\/p>\n\n\n\n<p>Leiar, Naturvernforbundet i M\u00f8re og Romsdal\n<\/p>\n\n\n\n<p>Telefon 91 81 25 42<\/p>\n\n\n\n<p><a href=\"\/imakerdata\/f\/0\/78\/67\/4_2401_0\/provosert.pdf\">Innlegget fr\u00e5 P\u00e5l Heggestad<\/a><\/p>\n\n\n\n<p><a href=\"\/imakerdata\/f\/0\/78\/67\/6_2401_0\/ScanWise53045.jpg\">Svarinnlegg fr\u00e5 P\u00e5l Heggestad<\/a><\/p>\n","protected":false},"excerpt":{"rendered":"<p>Lesarinnlegg fr\u00e5 leiar \u00d8ystein Folden i Naturvernforbundet i M\u00f8re og Romsdal som svar p\u00e5 innlegg fr\u00e5 P\u00e5l Heggestad i \u00d8rsta Frp.<\/p>\n","protected":false},"author":38,"featured_media":0,"comment_status":"closed","ping_status":"closed","sticky":false,"template":"","format":"standard","meta":{"_relevanssi_hide_post":"","_relevanssi_hide_content":"","_relevanssi_pin_for_all":"","_relevanssi_pin_keywords":"","_relevanssi_unpin_keywords":"","_relevanssi_related_keywords":"","_relevanssi_related_include_ids":"","_relevanssi_related_exclude_ids":"","_relevanssi_related_no_append":"","_relevanssi_related_not_related":"","_relevanssi_related_posts":"","_relevanssi_noindex_reason":"","hide_logo":false,"footnotes":""},"categories":[13],"tags":[],"local":[],"class_list":["post-2436","post","type-post","status-publish","format-standard","hentry","category-vasskraft"],"acf":[],"yoast_head":"<!-- This site is optimized with the Yoast SEO plugin v24.9 - https:\/\/yoast.com\/wordpress\/plugins\/seo\/ -->\n<title>Har eigedomsretten respekt for natur? - M\u00f8re og Romsdal<\/title>\n<meta name=\"robots\" content=\"index, follow, max-snippet:-1, max-image-preview:large, max-video-preview:-1\" \/>\n<link rel=\"canonical\" href=\"https:\/\/naturvernforbundet.no\/moreogromsdal\/har-eigedomsretten-respekt-for-natur\/\" \/>\n<meta property=\"og:locale\" content=\"nb_NO\" \/>\n<meta property=\"og:type\" content=\"article\" \/>\n<meta property=\"og:title\" content=\"Har eigedomsretten respekt for natur? - M\u00f8re og Romsdal\" \/>\n<meta property=\"og:description\" content=\"Lesarinnlegg fr\u00e5 leiar \u00d8ystein Folden i Naturvernforbundet i M\u00f8re og Romsdal som svar p\u00e5 innlegg fr\u00e5 P\u00e5l Heggestad i \u00d8rsta Frp.\" \/>\n<meta property=\"og:url\" content=\"https:\/\/naturvernforbundet.no\/moreogromsdal\/har-eigedomsretten-respekt-for-natur\/\" \/>\n<meta property=\"og:site_name\" content=\"M\u00f8re og Romsdal\" \/>\n<meta property=\"article:published_time\" content=\"2006-02-05T19:01:00+00:00\" \/>\n<meta name=\"author\" content=\"Artikkelimport\u00f8r\" \/>\n<meta name=\"twitter:card\" content=\"summary_large_image\" \/>\n<meta name=\"twitter:label1\" content=\"Skrevet av\" \/>\n\t<meta name=\"twitter:data1\" content=\"Artikkelimport\u00f8r\" \/>\n\t<meta name=\"twitter:label2\" content=\"Ansl. lesetid\" \/>\n\t<meta name=\"twitter:data2\" content=\"2 minutter\" \/>\n<script type=\"application\/ld+json\" class=\"yoast-schema-graph\">{\"@context\":\"https:\/\/schema.org\",\"@graph\":[{\"@type\":\"WebPage\",\"@id\":\"https:\/\/naturvernforbundet.no\/moreogromsdal\/har-eigedomsretten-respekt-for-natur\/\",\"url\":\"https:\/\/naturvernforbundet.no\/moreogromsdal\/har-eigedomsretten-respekt-for-natur\/\",\"name\":\"Har eigedomsretten respekt for natur? - M\u00f8re og Romsdal\",\"isPartOf\":{\"@id\":\"https:\/\/naturvernforbundet.no\/moreogromsdal\/#website\"},\"datePublished\":\"2006-02-05T19:01:00+00:00\",\"author\":{\"@id\":\"https:\/\/naturvernforbundet.no\/moreogromsdal\/#\/schema\/person\/c72f198205979084bf071deedb6205f4\"},\"breadcrumb\":{\"@id\":\"https:\/\/naturvernforbundet.no\/moreogromsdal\/har-eigedomsretten-respekt-for-natur\/#breadcrumb\"},\"inLanguage\":\"nb-NO\",\"potentialAction\":[{\"@type\":\"ReadAction\",\"target\":[\"https:\/\/naturvernforbundet.no\/moreogromsdal\/har-eigedomsretten-respekt-for-natur\/\"]}]},{\"@type\":\"BreadcrumbList\",\"@id\":\"https:\/\/naturvernforbundet.no\/moreogromsdal\/har-eigedomsretten-respekt-for-natur\/#breadcrumb\",\"itemListElement\":[{\"@type\":\"ListItem\",\"position\":1,\"name\":\"Till naturvernforbundet.no\",\"item\":\"https:\/\/naturvernforbundet.no\/\"},{\"@type\":\"ListItem\",\"position\":2,\"name\":\"M\u00f8re og Romsdal\",\"item\":\"https:\/\/naturvernforbundet.no\/moreogromsdal\/\"},{\"@type\":\"ListItem\",\"position\":3,\"name\":\"Har eigedomsretten respekt for natur?\"}]},{\"@type\":\"WebSite\",\"@id\":\"https:\/\/naturvernforbundet.no\/moreogromsdal\/#website\",\"url\":\"https:\/\/naturvernforbundet.no\/moreogromsdal\/\",\"name\":\"M\u00f8re og Romsdal\",\"description\":\"Bare enda et Naturvernforbundet Sites-nettsted\",\"potentialAction\":[{\"@type\":\"SearchAction\",\"target\":{\"@type\":\"EntryPoint\",\"urlTemplate\":\"https:\/\/naturvernforbundet.no\/moreogromsdal\/?s={search_term_string}\"},\"query-input\":{\"@type\":\"PropertyValueSpecification\",\"valueRequired\":true,\"valueName\":\"search_term_string\"}}],\"inLanguage\":\"nb-NO\"},{\"@type\":\"Person\",\"@id\":\"https:\/\/naturvernforbundet.no\/moreogromsdal\/#\/schema\/person\/c72f198205979084bf071deedb6205f4\",\"name\":\"Artikkelimport\u00f8r\",\"image\":{\"@type\":\"ImageObject\",\"inLanguage\":\"nb-NO\",\"@id\":\"https:\/\/naturvernforbundet.no\/moreogromsdal\/#\/schema\/person\/image\/\",\"url\":\"https:\/\/secure.gravatar.com\/avatar\/015fa491b9ed1c823ef16a5c930294d1?s=96&d=mm&r=g\",\"contentUrl\":\"https:\/\/secure.gravatar.com\/avatar\/015fa491b9ed1c823ef16a5c930294d1?s=96&d=mm&r=g\",\"caption\":\"Artikkelimport\u00f8r\"},\"url\":\"https:\/\/naturvernforbundet.no\/moreogromsdal\/author\/artikkelimportor\/\"}]}<\/script>\n<!-- \/ Yoast SEO plugin. -->","yoast_head_json":{"title":"Har eigedomsretten respekt for natur? - M\u00f8re og Romsdal","robots":{"index":"index","follow":"follow","max-snippet":"max-snippet:-1","max-image-preview":"max-image-preview:large","max-video-preview":"max-video-preview:-1"},"canonical":"https:\/\/naturvernforbundet.no\/moreogromsdal\/har-eigedomsretten-respekt-for-natur\/","og_locale":"nb_NO","og_type":"article","og_title":"Har eigedomsretten respekt for natur? - M\u00f8re og Romsdal","og_description":"Lesarinnlegg fr\u00e5 leiar \u00d8ystein Folden i Naturvernforbundet i M\u00f8re og Romsdal som svar p\u00e5 innlegg fr\u00e5 P\u00e5l Heggestad i \u00d8rsta Frp.","og_url":"https:\/\/naturvernforbundet.no\/moreogromsdal\/har-eigedomsretten-respekt-for-natur\/","og_site_name":"M\u00f8re og Romsdal","article_published_time":"2006-02-05T19:01:00+00:00","author":"Artikkelimport\u00f8r","twitter_card":"summary_large_image","twitter_misc":{"Skrevet av":"Artikkelimport\u00f8r","Ansl. lesetid":"2 minutter"},"schema":{"@context":"https:\/\/schema.org","@graph":[{"@type":"WebPage","@id":"https:\/\/naturvernforbundet.no\/moreogromsdal\/har-eigedomsretten-respekt-for-natur\/","url":"https:\/\/naturvernforbundet.no\/moreogromsdal\/har-eigedomsretten-respekt-for-natur\/","name":"Har eigedomsretten respekt for natur? - M\u00f8re og Romsdal","isPartOf":{"@id":"https:\/\/naturvernforbundet.no\/moreogromsdal\/#website"},"datePublished":"2006-02-05T19:01:00+00:00","author":{"@id":"https:\/\/naturvernforbundet.no\/moreogromsdal\/#\/schema\/person\/c72f198205979084bf071deedb6205f4"},"breadcrumb":{"@id":"https:\/\/naturvernforbundet.no\/moreogromsdal\/har-eigedomsretten-respekt-for-natur\/#breadcrumb"},"inLanguage":"nb-NO","potentialAction":[{"@type":"ReadAction","target":["https:\/\/naturvernforbundet.no\/moreogromsdal\/har-eigedomsretten-respekt-for-natur\/"]}]},{"@type":"BreadcrumbList","@id":"https:\/\/naturvernforbundet.no\/moreogromsdal\/har-eigedomsretten-respekt-for-natur\/#breadcrumb","itemListElement":[{"@type":"ListItem","position":1,"name":"Till naturvernforbundet.no","item":"https:\/\/naturvernforbundet.no\/"},{"@type":"ListItem","position":2,"name":"M\u00f8re og Romsdal","item":"https:\/\/naturvernforbundet.no\/moreogromsdal\/"},{"@type":"ListItem","position":3,"name":"Har eigedomsretten respekt for natur?"}]},{"@type":"WebSite","@id":"https:\/\/naturvernforbundet.no\/moreogromsdal\/#website","url":"https:\/\/naturvernforbundet.no\/moreogromsdal\/","name":"M\u00f8re og Romsdal","description":"Bare enda et Naturvernforbundet Sites-nettsted","potentialAction":[{"@type":"SearchAction","target":{"@type":"EntryPoint","urlTemplate":"https:\/\/naturvernforbundet.no\/moreogromsdal\/?s={search_term_string}"},"query-input":{"@type":"PropertyValueSpecification","valueRequired":true,"valueName":"search_term_string"}}],"inLanguage":"nb-NO"},{"@type":"Person","@id":"https:\/\/naturvernforbundet.no\/moreogromsdal\/#\/schema\/person\/c72f198205979084bf071deedb6205f4","name":"Artikkelimport\u00f8r","image":{"@type":"ImageObject","inLanguage":"nb-NO","@id":"https:\/\/naturvernforbundet.no\/moreogromsdal\/#\/schema\/person\/image\/","url":"https:\/\/secure.gravatar.com\/avatar\/015fa491b9ed1c823ef16a5c930294d1?s=96&d=mm&r=g","contentUrl":"https:\/\/secure.gravatar.com\/avatar\/015fa491b9ed1c823ef16a5c930294d1?s=96&d=mm&r=g","caption":"Artikkelimport\u00f8r"},"url":"https:\/\/naturvernforbundet.no\/moreogromsdal\/author\/artikkelimportor\/"}]}},"_links":{"self":[{"href":"https:\/\/naturvernforbundet.no\/moreogromsdal\/wp-json\/wp\/v2\/posts\/2436","targetHints":{"allow":["GET"]}}],"collection":[{"href":"https:\/\/naturvernforbundet.no\/moreogromsdal\/wp-json\/wp\/v2\/posts"}],"about":[{"href":"https:\/\/naturvernforbundet.no\/moreogromsdal\/wp-json\/wp\/v2\/types\/post"}],"author":[{"embeddable":true,"href":"https:\/\/naturvernforbundet.no\/moreogromsdal\/wp-json\/wp\/v2\/users\/38"}],"replies":[{"embeddable":true,"href":"https:\/\/naturvernforbundet.no\/moreogromsdal\/wp-json\/wp\/v2\/comments?post=2436"}],"version-history":[{"count":0,"href":"https:\/\/naturvernforbundet.no\/moreogromsdal\/wp-json\/wp\/v2\/posts\/2436\/revisions"}],"wp:attachment":[{"href":"https:\/\/naturvernforbundet.no\/moreogromsdal\/wp-json\/wp\/v2\/media?parent=2436"}],"wp:term":[{"taxonomy":"category","embeddable":true,"href":"https:\/\/naturvernforbundet.no\/moreogromsdal\/wp-json\/wp\/v2\/categories?post=2436"},{"taxonomy":"post_tag","embeddable":true,"href":"https:\/\/naturvernforbundet.no\/moreogromsdal\/wp-json\/wp\/v2\/tags?post=2436"},{"taxonomy":"local","embeddable":true,"href":"https:\/\/naturvernforbundet.no\/moreogromsdal\/wp-json\/wp\/v2\/local?post=2436"}],"curies":[{"name":"wp","href":"https:\/\/api.w.org\/{rel}","templated":true}]}}