{"id":2460,"date":"2007-05-20T17:11:00","date_gmt":"2007-05-20T15:11:00","guid":{"rendered":"https:\/\/naturvernforbundet.no\/moreogromsdal\/kalking-av-paddelokalitet-i-aure-naturvernforbundet-melder-ikkje-saka-til-politiet\/"},"modified":"2007-05-20T17:11:00","modified_gmt":"2007-05-20T15:11:00","slug":"kalking-av-paddelokalitet-i-aure-naturvernforbundet-melder-ikkje-saka-til-politiet","status":"publish","type":"post","link":"https:\/\/naturvernforbundet.no\/moreogromsdal\/kalking-av-paddelokalitet-i-aure-naturvernforbundet-melder-ikkje-saka-til-politiet\/","title":{"rendered":"Kalking av paddelokalitet i Aure: Naturvernforbundet melder ikkje saka til politiet"},"content":{"rendered":"\t<div class=\"template-post alignfull wp-block-naturvern-hero\">\n\t\t<div class=\"hero__inner\">\n\t\t\t<div class=\"hero__inner_blocks\">\n\t\t\t\t\t\t\t\t\n\t\t\t\t\t<h1 class=\"wp-block-post-title\">Kalking av paddelokalitet i Aure: Naturvernforbundet melder ikkje saka til politiet<\/h1>\n\n\t\t\t\t\t<div class=\"wp-block-post-excerpt\"><p class=\"wp-block-post-excerpt__excerpt\">I slutten av april kom det inn melding til Naturvernforbundet om at Holbekken ved Vinsternesvatnet p\u00e5 Ertv\u00e5g\u00f8ya i Aure kommune gjekk kvit. Med f\u00f8lgde eit bilete som kunne stadfeste det heile. Dette kan ikkje akkurat reknast som normalt, og \u00e5rsaka var helst kalktilsetting utf\u00f8rt av fiskeoppdrettsinteressene. Det er sikkert vel \u00e5 bra for fisken, men&hellip; <\/p><\/div>\n\n\t\t\t\t\t\n\n\t\t\t\t\t<div class=\"wp-block-naturvern-byline\">\n\t\t\t<div class=\"authors\">By <span class=\"t2-byline__author-link\">Artikkelimport\u00f8r<\/span><\/div>\n\t\t\t<small class=\"entry-date\">20.05.2007 17:11<\/small>\n\t\t<\/div>\n\t\t\t\t\t\t\t\t<\/div>\n\t\t\t\t\t<\/div>\n\t\t\t<\/div>\n\t\n<p>Etter kvart viste det seg at Marine Harvest AS som overtok Sagafisk for ei tid tilbake var ansvarleg for kalkutsleppet. Selskapet har opplyst at deira politikk p\u00e5 omr\u00e5det er at slik kalking skal skje i samsvar med l\u00f8yve gjeve av fylkesmannen. I dette h\u00f8vet har Sagafisk drive kalking nokre \u00e5r utan slikt l\u00f8yve, og det var meininga at det ikkje skulle kalkast no i v\u00e5r sidan l\u00f8yve ikkje var p\u00e5 plass. \n<\/p>\n\n\n\n<p>Naturvernforbundet vil normalt vurdere denne typen saker som forureining n\u00e5r det ikkje er gjort biologiske vurderingar og gjeve l\u00f8yve. Skade p\u00e5 biotopar s\u00e6rleg med h\u00f8g verdi vil nok oftast bli politimelde. I denne saka har Marine Harvest AS vist stor vilje til \u00e5 ordne opp og dessutan f\u00e5 kartlagt det biologiske mangfaldet og skadane som er gjort til no. Hovudproblemet er det dessutan andre som har vore skuld i tidlegare. Difor har Naturvernforbundet f\u00f8rebels vald \u00e5 la vere \u00e5 politimelde denne saka. I staden h\u00e5per vi at den nye verksemda legg arbeid i \u00e5 dokumentere verknaden av drifta si og ta omsyn til dei milj\u00f8verdiane som finst. Naturmilj\u00f8et oppn\u00e5r kanskje mest p\u00e5 den m\u00e5ten. \n<\/p>\n\n\n\n<p>S\u00e5 vil tida vise korleis det har g\u00e5tt med paddene. \n<\/p>\n\n\n\n<p>Takka vere eit tips til Naturvernforbundet ser det ut til at det biologiske mangfaldet ikkje g\u00e5r tapt utan at nokon ser det. Kanskje vi kan kome dit at biologisk mangfald ikkje g\u00e5r tapt fordi vi tenkjer oss om f\u00f8r vi gjer slike ting i framtida? \n<\/p>\n\n\n\n<p><em>For meir informasjon kan leiar \u00d8ystein Folden i Naturvernforbundet i M\u00f8re og Romsdal kontaktast p\u00e5 telefon 91 81 25 42. <\/em>\n<a title=\"\/cgi-bin\/naturvern\/imaker?id=32&amp;visdybde=1&amp;aktiv=32\" href=\"\/cgi-bin\/naturvern\/imaker?id=32&amp;visdybde=1&amp;aktiv=32\" target=\"linkvindu\" rel=\"noopener\">Ja, dette er viktig. Eg vil bli medlem i Naturvernforbundet<\/a><br><\/p>\n\n\n\n\n\n<p><a title=\"\/cgi-bin\/naturvern\/imaker?id=25252\" href=\"\/cgi-bin\/naturvern\/imaker?id=25252\" target=\"linkvindu\" rel=\"noopener\">Eg vil gjerne st\u00f8tte arbeidet Naturvernforbundet gj\u00f8r for \u00e5 ta vare p\u00e5 naturen<\/a><\/p>\n\n\n\n\n\n<p><a href=\"\/imakerdata\/f\/1\/04\/50\/8_2401_0\/Holbekken_ved_Vinsternesvatnet_-_kart.pdf\">Kart<\/a><\/p>\n\n\n\n<p><a href=\"\/imakerdata\/f\/1\/10\/72\/6_2401_0\/Rapport_kalking_Aure.PDF\">Rapport om konsekvensane av kalkinga<\/a><\/p>\n","protected":false},"excerpt":{"rendered":"<p>I slutten av april kom det inn melding til Naturvernforbundet om at Holbekken ved Vinsternesvatnet p\u00e5 Ertv\u00e5g\u00f8ya i Aure kommune gjekk kvit. Med f\u00f8lgde eit bilete som kunne stadfeste det heile. Dette kan ikkje akkurat reknast som normalt, og \u00e5rsaka var helst kalktilsetting utf\u00f8rt av fiskeoppdrettsinteressene. Det er sikkert vel \u00e5 bra for fisken, men Aure kommune sin beste lokalitet for padder var kanskje ikkje der lenger.<\/p>\n","protected":false},"author":38,"featured_media":0,"comment_status":"closed","ping_status":"closed","sticky":false,"template":"","format":"standard","meta":{"_relevanssi_hide_post":"","_relevanssi_hide_content":"","_relevanssi_pin_for_all":"","_relevanssi_pin_keywords":"","_relevanssi_unpin_keywords":"","_relevanssi_related_keywords":"","_relevanssi_related_include_ids":"","_relevanssi_related_exclude_ids":"","_relevanssi_related_no_append":"","_relevanssi_related_not_related":"","_relevanssi_related_posts":"","_relevanssi_noindex_reason":"","hide_logo":false,"footnotes":""},"categories":[13],"tags":[],"local":[],"class_list":["post-2460","post","type-post","status-publish","format-standard","hentry","category-vasskraft"],"acf":[],"yoast_head":"<!-- This site is optimized with the Yoast SEO plugin v24.9 - https:\/\/yoast.com\/wordpress\/plugins\/seo\/ -->\n<title>Kalking av paddelokalitet i Aure: Naturvernforbundet melder ikkje saka til politiet - M\u00f8re og Romsdal<\/title>\n<meta name=\"robots\" content=\"index, follow, max-snippet:-1, max-image-preview:large, max-video-preview:-1\" \/>\n<link rel=\"canonical\" href=\"https:\/\/naturvernforbundet.no\/moreogromsdal\/kalking-av-paddelokalitet-i-aure-naturvernforbundet-melder-ikkje-saka-til-politiet\/\" \/>\n<meta property=\"og:locale\" content=\"nb_NO\" \/>\n<meta property=\"og:type\" content=\"article\" \/>\n<meta property=\"og:title\" content=\"Kalking av paddelokalitet i Aure: Naturvernforbundet melder ikkje saka til politiet - M\u00f8re og Romsdal\" \/>\n<meta property=\"og:description\" content=\"I slutten av april kom det inn melding til Naturvernforbundet om at Holbekken ved Vinsternesvatnet p\u00e5 Ertv\u00e5g\u00f8ya i Aure kommune gjekk kvit. Med f\u00f8lgde eit bilete som kunne stadfeste det heile. Dette kan ikkje akkurat reknast som normalt, og \u00e5rsaka var helst kalktilsetting utf\u00f8rt av fiskeoppdrettsinteressene. Det er sikkert vel \u00e5 bra for fisken, men Aure kommune sin beste lokalitet for padder var kanskje ikkje der lenger.\" \/>\n<meta property=\"og:url\" content=\"https:\/\/naturvernforbundet.no\/moreogromsdal\/kalking-av-paddelokalitet-i-aure-naturvernforbundet-melder-ikkje-saka-til-politiet\/\" \/>\n<meta property=\"og:site_name\" content=\"M\u00f8re og Romsdal\" \/>\n<meta property=\"article:published_time\" content=\"2007-05-20T15:11:00+00:00\" \/>\n<meta name=\"author\" content=\"Artikkelimport\u00f8r\" \/>\n<meta name=\"twitter:card\" content=\"summary_large_image\" \/>\n<meta name=\"twitter:label1\" content=\"Skrevet av\" \/>\n\t<meta name=\"twitter:data1\" content=\"Artikkelimport\u00f8r\" \/>\n\t<meta name=\"twitter:label2\" content=\"Ansl. lesetid\" \/>\n\t<meta name=\"twitter:data2\" content=\"2 minutter\" \/>\n<script type=\"application\/ld+json\" class=\"yoast-schema-graph\">{\"@context\":\"https:\/\/schema.org\",\"@graph\":[{\"@type\":\"WebPage\",\"@id\":\"https:\/\/naturvernforbundet.no\/moreogromsdal\/kalking-av-paddelokalitet-i-aure-naturvernforbundet-melder-ikkje-saka-til-politiet\/\",\"url\":\"https:\/\/naturvernforbundet.no\/moreogromsdal\/kalking-av-paddelokalitet-i-aure-naturvernforbundet-melder-ikkje-saka-til-politiet\/\",\"name\":\"Kalking av paddelokalitet i Aure: Naturvernforbundet melder ikkje saka til politiet - M\u00f8re og Romsdal\",\"isPartOf\":{\"@id\":\"https:\/\/naturvernforbundet.no\/moreogromsdal\/#website\"},\"datePublished\":\"2007-05-20T15:11:00+00:00\",\"author\":{\"@id\":\"https:\/\/naturvernforbundet.no\/moreogromsdal\/#\/schema\/person\/c72f198205979084bf071deedb6205f4\"},\"breadcrumb\":{\"@id\":\"https:\/\/naturvernforbundet.no\/moreogromsdal\/kalking-av-paddelokalitet-i-aure-naturvernforbundet-melder-ikkje-saka-til-politiet\/#breadcrumb\"},\"inLanguage\":\"nb-NO\",\"potentialAction\":[{\"@type\":\"ReadAction\",\"target\":[\"https:\/\/naturvernforbundet.no\/moreogromsdal\/kalking-av-paddelokalitet-i-aure-naturvernforbundet-melder-ikkje-saka-til-politiet\/\"]}]},{\"@type\":\"BreadcrumbList\",\"@id\":\"https:\/\/naturvernforbundet.no\/moreogromsdal\/kalking-av-paddelokalitet-i-aure-naturvernforbundet-melder-ikkje-saka-til-politiet\/#breadcrumb\",\"itemListElement\":[{\"@type\":\"ListItem\",\"position\":1,\"name\":\"Till naturvernforbundet.no\",\"item\":\"https:\/\/naturvernforbundet.no\/\"},{\"@type\":\"ListItem\",\"position\":2,\"name\":\"M\u00f8re og Romsdal\",\"item\":\"https:\/\/naturvernforbundet.no\/moreogromsdal\/\"},{\"@type\":\"ListItem\",\"position\":3,\"name\":\"Kalking av paddelokalitet i Aure: Naturvernforbundet melder ikkje saka til politiet\"}]},{\"@type\":\"WebSite\",\"@id\":\"https:\/\/naturvernforbundet.no\/moreogromsdal\/#website\",\"url\":\"https:\/\/naturvernforbundet.no\/moreogromsdal\/\",\"name\":\"M\u00f8re og Romsdal\",\"description\":\"Bare enda et Naturvernforbundet Sites-nettsted\",\"potentialAction\":[{\"@type\":\"SearchAction\",\"target\":{\"@type\":\"EntryPoint\",\"urlTemplate\":\"https:\/\/naturvernforbundet.no\/moreogromsdal\/?s={search_term_string}\"},\"query-input\":{\"@type\":\"PropertyValueSpecification\",\"valueRequired\":true,\"valueName\":\"search_term_string\"}}],\"inLanguage\":\"nb-NO\"},{\"@type\":\"Person\",\"@id\":\"https:\/\/naturvernforbundet.no\/moreogromsdal\/#\/schema\/person\/c72f198205979084bf071deedb6205f4\",\"name\":\"Artikkelimport\u00f8r\",\"image\":{\"@type\":\"ImageObject\",\"inLanguage\":\"nb-NO\",\"@id\":\"https:\/\/naturvernforbundet.no\/moreogromsdal\/#\/schema\/person\/image\/\",\"url\":\"https:\/\/secure.gravatar.com\/avatar\/015fa491b9ed1c823ef16a5c930294d1?s=96&d=mm&r=g\",\"contentUrl\":\"https:\/\/secure.gravatar.com\/avatar\/015fa491b9ed1c823ef16a5c930294d1?s=96&d=mm&r=g\",\"caption\":\"Artikkelimport\u00f8r\"},\"url\":\"https:\/\/naturvernforbundet.no\/moreogromsdal\/author\/artikkelimportor\/\"}]}<\/script>\n<!-- \/ Yoast SEO plugin. -->","yoast_head_json":{"title":"Kalking av paddelokalitet i Aure: Naturvernforbundet melder ikkje saka til politiet - M\u00f8re og Romsdal","robots":{"index":"index","follow":"follow","max-snippet":"max-snippet:-1","max-image-preview":"max-image-preview:large","max-video-preview":"max-video-preview:-1"},"canonical":"https:\/\/naturvernforbundet.no\/moreogromsdal\/kalking-av-paddelokalitet-i-aure-naturvernforbundet-melder-ikkje-saka-til-politiet\/","og_locale":"nb_NO","og_type":"article","og_title":"Kalking av paddelokalitet i Aure: Naturvernforbundet melder ikkje saka til politiet - M\u00f8re og Romsdal","og_description":"I slutten av april kom det inn melding til Naturvernforbundet om at Holbekken ved Vinsternesvatnet p\u00e5 Ertv\u00e5g\u00f8ya i Aure kommune gjekk kvit. Med f\u00f8lgde eit bilete som kunne stadfeste det heile. Dette kan ikkje akkurat reknast som normalt, og \u00e5rsaka var helst kalktilsetting utf\u00f8rt av fiskeoppdrettsinteressene. Det er sikkert vel \u00e5 bra for fisken, men Aure kommune sin beste lokalitet for padder var kanskje ikkje der lenger.","og_url":"https:\/\/naturvernforbundet.no\/moreogromsdal\/kalking-av-paddelokalitet-i-aure-naturvernforbundet-melder-ikkje-saka-til-politiet\/","og_site_name":"M\u00f8re og Romsdal","article_published_time":"2007-05-20T15:11:00+00:00","author":"Artikkelimport\u00f8r","twitter_card":"summary_large_image","twitter_misc":{"Skrevet av":"Artikkelimport\u00f8r","Ansl. lesetid":"2 minutter"},"schema":{"@context":"https:\/\/schema.org","@graph":[{"@type":"WebPage","@id":"https:\/\/naturvernforbundet.no\/moreogromsdal\/kalking-av-paddelokalitet-i-aure-naturvernforbundet-melder-ikkje-saka-til-politiet\/","url":"https:\/\/naturvernforbundet.no\/moreogromsdal\/kalking-av-paddelokalitet-i-aure-naturvernforbundet-melder-ikkje-saka-til-politiet\/","name":"Kalking av paddelokalitet i Aure: Naturvernforbundet melder ikkje saka til politiet - M\u00f8re og Romsdal","isPartOf":{"@id":"https:\/\/naturvernforbundet.no\/moreogromsdal\/#website"},"datePublished":"2007-05-20T15:11:00+00:00","author":{"@id":"https:\/\/naturvernforbundet.no\/moreogromsdal\/#\/schema\/person\/c72f198205979084bf071deedb6205f4"},"breadcrumb":{"@id":"https:\/\/naturvernforbundet.no\/moreogromsdal\/kalking-av-paddelokalitet-i-aure-naturvernforbundet-melder-ikkje-saka-til-politiet\/#breadcrumb"},"inLanguage":"nb-NO","potentialAction":[{"@type":"ReadAction","target":["https:\/\/naturvernforbundet.no\/moreogromsdal\/kalking-av-paddelokalitet-i-aure-naturvernforbundet-melder-ikkje-saka-til-politiet\/"]}]},{"@type":"BreadcrumbList","@id":"https:\/\/naturvernforbundet.no\/moreogromsdal\/kalking-av-paddelokalitet-i-aure-naturvernforbundet-melder-ikkje-saka-til-politiet\/#breadcrumb","itemListElement":[{"@type":"ListItem","position":1,"name":"Till naturvernforbundet.no","item":"https:\/\/naturvernforbundet.no\/"},{"@type":"ListItem","position":2,"name":"M\u00f8re og Romsdal","item":"https:\/\/naturvernforbundet.no\/moreogromsdal\/"},{"@type":"ListItem","position":3,"name":"Kalking av paddelokalitet i Aure: Naturvernforbundet melder ikkje saka til politiet"}]},{"@type":"WebSite","@id":"https:\/\/naturvernforbundet.no\/moreogromsdal\/#website","url":"https:\/\/naturvernforbundet.no\/moreogromsdal\/","name":"M\u00f8re og Romsdal","description":"Bare enda et Naturvernforbundet Sites-nettsted","potentialAction":[{"@type":"SearchAction","target":{"@type":"EntryPoint","urlTemplate":"https:\/\/naturvernforbundet.no\/moreogromsdal\/?s={search_term_string}"},"query-input":{"@type":"PropertyValueSpecification","valueRequired":true,"valueName":"search_term_string"}}],"inLanguage":"nb-NO"},{"@type":"Person","@id":"https:\/\/naturvernforbundet.no\/moreogromsdal\/#\/schema\/person\/c72f198205979084bf071deedb6205f4","name":"Artikkelimport\u00f8r","image":{"@type":"ImageObject","inLanguage":"nb-NO","@id":"https:\/\/naturvernforbundet.no\/moreogromsdal\/#\/schema\/person\/image\/","url":"https:\/\/secure.gravatar.com\/avatar\/015fa491b9ed1c823ef16a5c930294d1?s=96&d=mm&r=g","contentUrl":"https:\/\/secure.gravatar.com\/avatar\/015fa491b9ed1c823ef16a5c930294d1?s=96&d=mm&r=g","caption":"Artikkelimport\u00f8r"},"url":"https:\/\/naturvernforbundet.no\/moreogromsdal\/author\/artikkelimportor\/"}]}},"_links":{"self":[{"href":"https:\/\/naturvernforbundet.no\/moreogromsdal\/wp-json\/wp\/v2\/posts\/2460","targetHints":{"allow":["GET"]}}],"collection":[{"href":"https:\/\/naturvernforbundet.no\/moreogromsdal\/wp-json\/wp\/v2\/posts"}],"about":[{"href":"https:\/\/naturvernforbundet.no\/moreogromsdal\/wp-json\/wp\/v2\/types\/post"}],"author":[{"embeddable":true,"href":"https:\/\/naturvernforbundet.no\/moreogromsdal\/wp-json\/wp\/v2\/users\/38"}],"replies":[{"embeddable":true,"href":"https:\/\/naturvernforbundet.no\/moreogromsdal\/wp-json\/wp\/v2\/comments?post=2460"}],"version-history":[{"count":0,"href":"https:\/\/naturvernforbundet.no\/moreogromsdal\/wp-json\/wp\/v2\/posts\/2460\/revisions"}],"wp:attachment":[{"href":"https:\/\/naturvernforbundet.no\/moreogromsdal\/wp-json\/wp\/v2\/media?parent=2460"}],"wp:term":[{"taxonomy":"category","embeddable":true,"href":"https:\/\/naturvernforbundet.no\/moreogromsdal\/wp-json\/wp\/v2\/categories?post=2460"},{"taxonomy":"post_tag","embeddable":true,"href":"https:\/\/naturvernforbundet.no\/moreogromsdal\/wp-json\/wp\/v2\/tags?post=2460"},{"taxonomy":"local","embeddable":true,"href":"https:\/\/naturvernforbundet.no\/moreogromsdal\/wp-json\/wp\/v2\/local?post=2460"}],"curies":[{"name":"wp","href":"https:\/\/api.w.org\/{rel}","templated":true}]}}