{"id":2463,"date":"2006-07-11T07:12:00","date_gmt":"2006-07-11T05:12:00","guid":{"rendered":"https:\/\/naturvernforbundet.no\/moreogromsdal\/svar-til-reinset-naturvernforbundet-tenkjer\/"},"modified":"2006-07-11T07:12:00","modified_gmt":"2006-07-11T05:12:00","slug":"svar-til-reinset-naturvernforbundet-tenkjer","status":"publish","type":"post","link":"https:\/\/naturvernforbundet.no\/moreogromsdal\/svar-til-reinset-naturvernforbundet-tenkjer\/","title":{"rendered":"Svar til Reinset: Naturvernforbundet tenkjer"},"content":{"rendered":"\t<div class=\"template-post alignfull wp-block-naturvern-hero\">\n\t\t<div class=\"hero__inner\">\n\t\t\t<div class=\"hero__inner_blocks\">\n\t\t\t\t\t\t\t\t\n\t\t\t\t\t<h1 class=\"wp-block-post-title\">Svar til Reinset: Naturvernforbundet tenkjer<\/h1>\n\n\t\t\t\t\t<div class=\"wp-block-post-excerpt\"><p class=\"wp-block-post-excerpt__excerpt\">Ordf\u00f8rar Reinset er klar i si tale. S\u00e5 veit vi i alle fall kva han meiner. Naturvernforbundet har hatt gleda av \u00e5 h\u00f8yre grunngjevinga han har for sitt syn. Vi er sv\u00e6rt langt p\u00e5 veg samde, men n\u00e5r konklusjonen skal trekkast, kjem vi heilt ulikt ut. Det er interessant. <\/p><\/div>\n\n\t\t\t\t\t\n\n\t\t\t\t\t<div class=\"wp-block-naturvern-byline\">\n\t\t\t<div class=\"authors\">By <span class=\"t2-byline__author-link\">Artikkelimport\u00f8r<\/span><\/div>\n\t\t\t<small class=\"entry-date\">11.07.2006 07:12<\/small>\n\t\t<\/div>\n\t\t\t\t\t\t\t\t<\/div>\n\t\t\t\t\t<\/div>\n\t\t\t<\/div>\n\t\n<p>Av etterd\u00f8nningane etter kommunestyrem\u00f8tevedtaket i Sunndal nyleg kan det sj\u00e5 ut til at Naturvernforbundet \u00f8nskjer \u00e5 l\u00f8yse energiproblemet med gass. Dette m\u00e5 skuldast ei mistyding ein eller annan plass. Vi har rett nok ytra oss positivt til gasskraftverk med reinsing, men det er ikkje fordi vi \u00f8nskjer gasskraftverk. Skal det byggast gasskraftverk er det v\u00e5rt \u00f8nskje at det i det minste m\u00e5 vere med reinsing. \n<\/p>\n\n\n\n<p>Oppfordringa fr\u00e5 Reinset om at Naturvernforbundet b\u00f8r tenkje over konsekvensane av sine eigne standpunkt har vi alt gjort noko med. Til no er det berre Naturvernforbundet som har g\u00e5tt gjennom kraftsituasjonen i Midt-Noreg og vist til l\u00f8ysingar som hjelper mot det kraftunderskotet samfunnet v\u00e5rt har vedtatt oss til, nokre med opne, andre med attlatne auga. Andre har l\u00f8ysingar, men f\u00f8rst fleire \u00e5r fram i tid. Det ligg ogs\u00e5 ofte store negative milj\u00f8konsekvensar i desse l\u00f8ysingane. Naturvernforbundet sin rapport viser at det er mogleg \u00e5 l\u00f8yse problemet utan dei heilt store negative konsekvensane for milj\u00f8et. V\u00e5r l\u00f8ysing er utan gasskraftverk og utan dei fleste av vindm\u00f8lleprosjekta. Kraftlina det er tale om fr\u00e5 Sogn er heller ikkje n\u00f8dvendig. Til no har vi ikkje registrert ei einaste utsegn om at dei l\u00f8ysingane som vi her har peika p\u00e5 ikkje kan gjennomf\u00f8rast. Fleire m\u00e5 gjerne g\u00e5 gjennom rapporten som ligg p\u00e5 www.naturvern.no\/moreromsdal \n<\/p>\n\n\n\n<p>Det ligg inne noko vasskraft, omlag tilsvarande det vi har uttalt oss til dei siste par \u00e5ra. Som kjent har Naturvernforbundet sagt nei til omlag halvparten av s\u00f8knadene p\u00e5 indre Nordm\u00f8re. Den andre halvparten har vi ikkje hatt avgjerande merknader til. Dette er langt meir nyansert enn det Reinset held p\u00e5 med. \n<\/p>\n\n\n\n<p>Naturvernforbundet har brukt mykje tid p\u00e5 \u00e5 finne dei gode kraftl\u00f8ysingane, sj\u00f8lv om vi i mindre grad enn dei fleste har ivra for nye prosjekt som skal bruke mykje straum. N\u00e5r Sunndalsordf\u00f8raren framstiller det som \u00e5 ta ansvar at Sunndal som bruker s\u00e5 mykje kraft skal bygge ut meir vasskraft i eigen kommune og no alts\u00e5 i andre kommunar, s\u00e5 er det eit underleg ansvar. Naturvernforbundet trur menneske i Sunndal og andre kommunar vil ha sv\u00e6rt godt av nokre pusterom i form av natur \u2013 vill og vakker \u2013 og s\u00e5 n\u00e6r oss at vi ikkje treng \u00e5 sleppe ut farlege klimagassar for \u00e5 kome oss dit. \n<\/p>\n\n\n\n<p>\u00d8ystein Folden \n<\/p>\n\n\n\n<p>Leiar, Naturvernforbundet i M\u00f8re og Romsdal \n<\/p>\n\n\n\n<p>Telefon 91 81 25 42 \n<a>Ja, dette er viktig. Eg vil bli medlem i Naturvernforbundet<\/a><br><\/p>\n\n\n\n\n\n<p><a>Eg vil gjerne st\u00f8tte arbeidet Naturvernforbundets gj\u00f8r for \u00e5 redusere energibruk og klimaendringar<\/a><\/p>\n\n\n\n\n\n<figure class=\"wp-block-image\"><img decoding=\"async\" src=\"\/imakerdata\/b\/0\/88\/56\/8_2701_0.jpg\" alt=\"\"\/><\/figure>\n\n\n\n<p>Reinset p\u00e5 ville vegar i svar til Naturvernforbundet<\/p>\n","protected":false},"excerpt":{"rendered":"<p>Ordf\u00f8rar Reinset er klar i si tale. S\u00e5 veit vi i alle fall kva han meiner. Naturvernforbundet har hatt gleda av \u00e5 h\u00f8yre grunngjevinga han har for sitt syn. Vi er sv\u00e6rt langt p\u00e5 veg samde, men n\u00e5r konklusjonen skal trekkast, kjem vi heilt ulikt ut. Det er interessant.<\/p>\n","protected":false},"author":38,"featured_media":0,"comment_status":"closed","ping_status":"closed","sticky":false,"template":"","format":"standard","meta":{"_relevanssi_hide_post":"","_relevanssi_hide_content":"","_relevanssi_pin_for_all":"","_relevanssi_pin_keywords":"","_relevanssi_unpin_keywords":"","_relevanssi_related_keywords":"","_relevanssi_related_include_ids":"","_relevanssi_related_exclude_ids":"","_relevanssi_related_no_append":"","_relevanssi_related_not_related":"","_relevanssi_related_posts":"","_relevanssi_noindex_reason":"","hide_logo":false,"footnotes":""},"categories":[13],"tags":[],"local":[],"class_list":["post-2463","post","type-post","status-publish","format-standard","hentry","category-vasskraft"],"acf":[],"yoast_head":"<!-- This site is optimized with the Yoast SEO plugin v24.9 - https:\/\/yoast.com\/wordpress\/plugins\/seo\/ -->\n<title>Svar til Reinset: Naturvernforbundet tenkjer - M\u00f8re og Romsdal<\/title>\n<meta name=\"robots\" content=\"index, follow, max-snippet:-1, max-image-preview:large, max-video-preview:-1\" \/>\n<link rel=\"canonical\" href=\"https:\/\/naturvernforbundet.no\/moreogromsdal\/svar-til-reinset-naturvernforbundet-tenkjer\/\" \/>\n<meta property=\"og:locale\" content=\"nb_NO\" \/>\n<meta property=\"og:type\" content=\"article\" \/>\n<meta property=\"og:title\" content=\"Svar til Reinset: Naturvernforbundet tenkjer - M\u00f8re og Romsdal\" \/>\n<meta property=\"og:description\" content=\"Ordf\u00f8rar Reinset er klar i si tale. S\u00e5 veit vi i alle fall kva han meiner. Naturvernforbundet har hatt gleda av \u00e5 h\u00f8yre grunngjevinga han har for sitt syn. Vi er sv\u00e6rt langt p\u00e5 veg samde, men n\u00e5r konklusjonen skal trekkast, kjem vi heilt ulikt ut. Det er interessant.\" \/>\n<meta property=\"og:url\" content=\"https:\/\/naturvernforbundet.no\/moreogromsdal\/svar-til-reinset-naturvernforbundet-tenkjer\/\" \/>\n<meta property=\"og:site_name\" content=\"M\u00f8re og Romsdal\" \/>\n<meta property=\"article:published_time\" content=\"2006-07-11T05:12:00+00:00\" \/>\n<meta name=\"author\" content=\"Artikkelimport\u00f8r\" \/>\n<meta name=\"twitter:card\" content=\"summary_large_image\" \/>\n<meta name=\"twitter:label1\" content=\"Skrevet av\" \/>\n\t<meta name=\"twitter:data1\" content=\"Artikkelimport\u00f8r\" \/>\n\t<meta name=\"twitter:label2\" content=\"Ansl. lesetid\" \/>\n\t<meta name=\"twitter:data2\" content=\"2 minutter\" \/>\n<script type=\"application\/ld+json\" class=\"yoast-schema-graph\">{\"@context\":\"https:\/\/schema.org\",\"@graph\":[{\"@type\":\"WebPage\",\"@id\":\"https:\/\/naturvernforbundet.no\/moreogromsdal\/svar-til-reinset-naturvernforbundet-tenkjer\/\",\"url\":\"https:\/\/naturvernforbundet.no\/moreogromsdal\/svar-til-reinset-naturvernforbundet-tenkjer\/\",\"name\":\"Svar til Reinset: Naturvernforbundet tenkjer - M\u00f8re og Romsdal\",\"isPartOf\":{\"@id\":\"https:\/\/naturvernforbundet.no\/moreogromsdal\/#website\"},\"datePublished\":\"2006-07-11T05:12:00+00:00\",\"author\":{\"@id\":\"https:\/\/naturvernforbundet.no\/moreogromsdal\/#\/schema\/person\/c72f198205979084bf071deedb6205f4\"},\"breadcrumb\":{\"@id\":\"https:\/\/naturvernforbundet.no\/moreogromsdal\/svar-til-reinset-naturvernforbundet-tenkjer\/#breadcrumb\"},\"inLanguage\":\"nb-NO\",\"potentialAction\":[{\"@type\":\"ReadAction\",\"target\":[\"https:\/\/naturvernforbundet.no\/moreogromsdal\/svar-til-reinset-naturvernforbundet-tenkjer\/\"]}]},{\"@type\":\"BreadcrumbList\",\"@id\":\"https:\/\/naturvernforbundet.no\/moreogromsdal\/svar-til-reinset-naturvernforbundet-tenkjer\/#breadcrumb\",\"itemListElement\":[{\"@type\":\"ListItem\",\"position\":1,\"name\":\"Till naturvernforbundet.no\",\"item\":\"https:\/\/naturvernforbundet.no\/\"},{\"@type\":\"ListItem\",\"position\":2,\"name\":\"M\u00f8re og Romsdal\",\"item\":\"https:\/\/naturvernforbundet.no\/moreogromsdal\/\"},{\"@type\":\"ListItem\",\"position\":3,\"name\":\"Svar til Reinset: Naturvernforbundet tenkjer\"}]},{\"@type\":\"WebSite\",\"@id\":\"https:\/\/naturvernforbundet.no\/moreogromsdal\/#website\",\"url\":\"https:\/\/naturvernforbundet.no\/moreogromsdal\/\",\"name\":\"M\u00f8re og Romsdal\",\"description\":\"Bare enda et Naturvernforbundet Sites-nettsted\",\"potentialAction\":[{\"@type\":\"SearchAction\",\"target\":{\"@type\":\"EntryPoint\",\"urlTemplate\":\"https:\/\/naturvernforbundet.no\/moreogromsdal\/?s={search_term_string}\"},\"query-input\":{\"@type\":\"PropertyValueSpecification\",\"valueRequired\":true,\"valueName\":\"search_term_string\"}}],\"inLanguage\":\"nb-NO\"},{\"@type\":\"Person\",\"@id\":\"https:\/\/naturvernforbundet.no\/moreogromsdal\/#\/schema\/person\/c72f198205979084bf071deedb6205f4\",\"name\":\"Artikkelimport\u00f8r\",\"image\":{\"@type\":\"ImageObject\",\"inLanguage\":\"nb-NO\",\"@id\":\"https:\/\/naturvernforbundet.no\/moreogromsdal\/#\/schema\/person\/image\/\",\"url\":\"https:\/\/secure.gravatar.com\/avatar\/015fa491b9ed1c823ef16a5c930294d1?s=96&d=mm&r=g\",\"contentUrl\":\"https:\/\/secure.gravatar.com\/avatar\/015fa491b9ed1c823ef16a5c930294d1?s=96&d=mm&r=g\",\"caption\":\"Artikkelimport\u00f8r\"},\"url\":\"https:\/\/naturvernforbundet.no\/moreogromsdal\/author\/artikkelimportor\/\"}]}<\/script>\n<!-- \/ Yoast SEO plugin. -->","yoast_head_json":{"title":"Svar til Reinset: Naturvernforbundet tenkjer - M\u00f8re og Romsdal","robots":{"index":"index","follow":"follow","max-snippet":"max-snippet:-1","max-image-preview":"max-image-preview:large","max-video-preview":"max-video-preview:-1"},"canonical":"https:\/\/naturvernforbundet.no\/moreogromsdal\/svar-til-reinset-naturvernforbundet-tenkjer\/","og_locale":"nb_NO","og_type":"article","og_title":"Svar til Reinset: Naturvernforbundet tenkjer - M\u00f8re og Romsdal","og_description":"Ordf\u00f8rar Reinset er klar i si tale. S\u00e5 veit vi i alle fall kva han meiner. Naturvernforbundet har hatt gleda av \u00e5 h\u00f8yre grunngjevinga han har for sitt syn. Vi er sv\u00e6rt langt p\u00e5 veg samde, men n\u00e5r konklusjonen skal trekkast, kjem vi heilt ulikt ut. Det er interessant.","og_url":"https:\/\/naturvernforbundet.no\/moreogromsdal\/svar-til-reinset-naturvernforbundet-tenkjer\/","og_site_name":"M\u00f8re og Romsdal","article_published_time":"2006-07-11T05:12:00+00:00","author":"Artikkelimport\u00f8r","twitter_card":"summary_large_image","twitter_misc":{"Skrevet av":"Artikkelimport\u00f8r","Ansl. lesetid":"2 minutter"},"schema":{"@context":"https:\/\/schema.org","@graph":[{"@type":"WebPage","@id":"https:\/\/naturvernforbundet.no\/moreogromsdal\/svar-til-reinset-naturvernforbundet-tenkjer\/","url":"https:\/\/naturvernforbundet.no\/moreogromsdal\/svar-til-reinset-naturvernforbundet-tenkjer\/","name":"Svar til Reinset: Naturvernforbundet tenkjer - M\u00f8re og Romsdal","isPartOf":{"@id":"https:\/\/naturvernforbundet.no\/moreogromsdal\/#website"},"datePublished":"2006-07-11T05:12:00+00:00","author":{"@id":"https:\/\/naturvernforbundet.no\/moreogromsdal\/#\/schema\/person\/c72f198205979084bf071deedb6205f4"},"breadcrumb":{"@id":"https:\/\/naturvernforbundet.no\/moreogromsdal\/svar-til-reinset-naturvernforbundet-tenkjer\/#breadcrumb"},"inLanguage":"nb-NO","potentialAction":[{"@type":"ReadAction","target":["https:\/\/naturvernforbundet.no\/moreogromsdal\/svar-til-reinset-naturvernforbundet-tenkjer\/"]}]},{"@type":"BreadcrumbList","@id":"https:\/\/naturvernforbundet.no\/moreogromsdal\/svar-til-reinset-naturvernforbundet-tenkjer\/#breadcrumb","itemListElement":[{"@type":"ListItem","position":1,"name":"Till naturvernforbundet.no","item":"https:\/\/naturvernforbundet.no\/"},{"@type":"ListItem","position":2,"name":"M\u00f8re og Romsdal","item":"https:\/\/naturvernforbundet.no\/moreogromsdal\/"},{"@type":"ListItem","position":3,"name":"Svar til Reinset: Naturvernforbundet tenkjer"}]},{"@type":"WebSite","@id":"https:\/\/naturvernforbundet.no\/moreogromsdal\/#website","url":"https:\/\/naturvernforbundet.no\/moreogromsdal\/","name":"M\u00f8re og Romsdal","description":"Bare enda et Naturvernforbundet Sites-nettsted","potentialAction":[{"@type":"SearchAction","target":{"@type":"EntryPoint","urlTemplate":"https:\/\/naturvernforbundet.no\/moreogromsdal\/?s={search_term_string}"},"query-input":{"@type":"PropertyValueSpecification","valueRequired":true,"valueName":"search_term_string"}}],"inLanguage":"nb-NO"},{"@type":"Person","@id":"https:\/\/naturvernforbundet.no\/moreogromsdal\/#\/schema\/person\/c72f198205979084bf071deedb6205f4","name":"Artikkelimport\u00f8r","image":{"@type":"ImageObject","inLanguage":"nb-NO","@id":"https:\/\/naturvernforbundet.no\/moreogromsdal\/#\/schema\/person\/image\/","url":"https:\/\/secure.gravatar.com\/avatar\/015fa491b9ed1c823ef16a5c930294d1?s=96&d=mm&r=g","contentUrl":"https:\/\/secure.gravatar.com\/avatar\/015fa491b9ed1c823ef16a5c930294d1?s=96&d=mm&r=g","caption":"Artikkelimport\u00f8r"},"url":"https:\/\/naturvernforbundet.no\/moreogromsdal\/author\/artikkelimportor\/"}]}},"_links":{"self":[{"href":"https:\/\/naturvernforbundet.no\/moreogromsdal\/wp-json\/wp\/v2\/posts\/2463","targetHints":{"allow":["GET"]}}],"collection":[{"href":"https:\/\/naturvernforbundet.no\/moreogromsdal\/wp-json\/wp\/v2\/posts"}],"about":[{"href":"https:\/\/naturvernforbundet.no\/moreogromsdal\/wp-json\/wp\/v2\/types\/post"}],"author":[{"embeddable":true,"href":"https:\/\/naturvernforbundet.no\/moreogromsdal\/wp-json\/wp\/v2\/users\/38"}],"replies":[{"embeddable":true,"href":"https:\/\/naturvernforbundet.no\/moreogromsdal\/wp-json\/wp\/v2\/comments?post=2463"}],"version-history":[{"count":0,"href":"https:\/\/naturvernforbundet.no\/moreogromsdal\/wp-json\/wp\/v2\/posts\/2463\/revisions"}],"wp:attachment":[{"href":"https:\/\/naturvernforbundet.no\/moreogromsdal\/wp-json\/wp\/v2\/media?parent=2463"}],"wp:term":[{"taxonomy":"category","embeddable":true,"href":"https:\/\/naturvernforbundet.no\/moreogromsdal\/wp-json\/wp\/v2\/categories?post=2463"},{"taxonomy":"post_tag","embeddable":true,"href":"https:\/\/naturvernforbundet.no\/moreogromsdal\/wp-json\/wp\/v2\/tags?post=2463"},{"taxonomy":"local","embeddable":true,"href":"https:\/\/naturvernforbundet.no\/moreogromsdal\/wp-json\/wp\/v2\/local?post=2463"}],"curies":[{"name":"wp","href":"https:\/\/api.w.org\/{rel}","templated":true}]}}