{"id":2492,"date":"2006-03-14T11:23:00","date_gmt":"2006-03-14T10:23:00","guid":{"rendered":"https:\/\/naturvernforbundet.no\/moreogromsdal\/borgundfjorden-og-strandsona-blir-hovedsaker-for-naturvernforbundet\/"},"modified":"2006-03-14T11:23:00","modified_gmt":"2006-03-14T10:23:00","slug":"borgundfjorden-og-strandsona-blir-hovedsaker-for-naturvernforbundet","status":"publish","type":"post","link":"https:\/\/naturvernforbundet.no\/moreogromsdal\/borgundfjorden-og-strandsona-blir-hovedsaker-for-naturvernforbundet\/","title":{"rendered":"Borgundfjorden og strandsona blir hovedsaker for Naturvernforbundet"},"content":{"rendered":"\t<div class=\"template-post alignfull wp-block-naturvern-hero\">\n\t\t<div class=\"hero__inner\">\n\t\t\t<div class=\"hero__inner_blocks\">\n\t\t\t\t\t\t\t\t\n\t\t\t\t\t<h1 class=\"wp-block-post-title\">Borgundfjorden og strandsona blir hovedsaker for Naturvernforbundet<\/h1>\n\n\t\t\t\t\t<div class=\"wp-block-post-excerpt\"><p class=\"wp-block-post-excerpt__excerpt\">Naturvernforbundet i \u00c5lesund og omegn hadde \u00e5rsm\u00f8te p\u00e5 Fagerlia vgs. mandag 6. mars. Det var bred enighet om at lokallaget skal satse p\u00e5 flere aktiviteter til medlemmene. Etter \u00e5rsm\u00f8tet var det \u00e5pent m\u00f8te om opprydding av milj\u00f8gifter i Borgundfjorden. <\/p><\/div>\n\n\t\t\t\t\t\n\n\t\t\t\t\t<div class=\"wp-block-naturvern-byline\">\n\t\t\t<div class=\"authors\">By <span class=\"t2-byline__author-link\">Artikkelimport\u00f8r<\/span><\/div>\n\t\t\t<small class=\"entry-date\">14.03.2006 11:23<\/small>\n\t\t<\/div>\n\t\t\t\t\t\t\t\t<\/div>\n\t\t\t\t\t<\/div>\n\t\t\t<\/div>\n\t\n<p>\u00c5rsm\u00f8tet valgte nytt styre. P\u00e5 konstituerende styrem\u00f8te 13. mars 2006 ble styret konstituert: \n<\/p>\n\n\n\n<p>Kjersti Finholt: leder \n<\/p>\n\n\n\n<p>Hildur R\u00f8dst\u00f8l: nestleder \n<\/p>\n\n\n\n<p>Geir Ole S\u00e6tremyr: kasserer \n<\/p>\n\n\n\n<p>Christine R\u00f8rvik: sekret\u00e6r \n<\/p>\n\n\n\n<p>Maren Meyer: styremedlem \n<\/p>\n\n\n\n<p>May Kristin Brekke: styremedlem \n<\/p>\n\n\n\n<p>Torbj\u00f8rn Nerland: styremedlem \n<\/p>\n\n\n\n<p>Aktuelle aktiviteter f\u00f8r og i l\u00f8pet av sommeren er: \n<\/p>\n\n\n\n<p>&#8211;     Familiedag i Byparken \n<\/p>\n\n\n\n<p>&#8211;     Blomsterdag i Eikenosen \n<\/p>\n\n\n\n<p>&#8211;     Fuglevandring med Alv Ottar Folkestad \n<\/p>\n\n\n\n<p>&#8211;     Flaggermusvandring \n<\/p>\n\n\n\n<p>Sakene som ble tatt opp p\u00e5 \u00e5rsm\u00f8tet var: \n<\/p>\n\n\n\n<p>Sak 1 Valg av ordstyrer \n<\/p>\n\n\n\n<p>Sak 2 Styrets \u00e5rsmelding \n<\/p>\n\n\n\n<p>Sak 3 Revidert regnskap \n<\/p>\n\n\n\n<p>Sak 4 Saker fra styret: Forslag til arbeidsplan \n<\/p>\n\n\n\n<p>Sak 5 Saker framlagt av medlemmene. \n<\/p>\n\n\n\n<p>Sak 6 Valg \n<\/p>\n\n\n\n<p>Referatet fra \u00e5rsm\u00f8tet ligger under. \n<\/p>\n\n\n\n<p><b>\u00c5PENT M\u00d8TE OM MILJ\u00d8GIFTER I BORGUNDFJORDEN<\/b> \n<\/p>\n\n\n\n<p>Det er nettopp framlagt flere rapporter om milj\u00f8tilstanden i Borgundfjorden. Tema for det \u00e5pne m\u00f8tet var de milj\u00f8giftforurensete sedimentene flere steder i Borgundfjorden. Vi fikk vite mer om hva som finnes av slike milj\u00f8gifter, faren ved disse og vi diskuterte hvordan dette kan ryddes opp i. \n<\/p>\n\n\n\n<p>Kolbj\u00f8rn Meg\u00e5rd som er seksjonsleiar for forurensingsseksjonen i M\u00f8re og Romsdal fylke innledet. \n<\/p>\n\n\n\n<p>Kjersti Finholt har telefon 92 29 97 38 og epost alesund(a)naturvern.no.<\/p>\n\n\n\n<p><a href=\"\/imakerdata\/f\/0\/81\/55\/1_2401_0\/Forurensa_sediment.pdf\">Foredraget til seksjonssjef Kolbj\u00f8rn Meg\u00e5rd<\/a><\/p>\n\n\n\n<p><a href=\"\/imakerdata\/f\/0\/81\/64\/3_2401_0\/ref_arsmote.pdf\">Referat fra \u00e5rsm\u00f8tet i Naturvernforbundet i \u00c5lesund<\/a><\/p>\n\n\n\n<p><a href=\"\/imakerdata\/f\/0\/80\/16\/5_2401_0\/innkalling_2006.pdf\">Invitasjonsbrev<\/a><\/p>\n\n\n\n<p><a href=\"\/imakerdata\/f\/0\/80\/16\/6_2401_0\/AArsmelding_2005_for_Naturvernforbundet_i_AAlesund_og_omeg.pdf\">\u00c5rsmelding 2005<\/a><\/p>\n\n\n\n<p><a href=\"\/imakerdata\/f\/0\/80\/16\/7_2401_0\/Dok1.doc\">Oversikt over saker i 2005<\/a><\/p>\n\n\n\n<p><a href=\"\/imakerdata\/f\/0\/80\/16\/8_2401_0\/Arbeidsplan_2006.pdf\">Forslag til arbeidsplan for 2006<\/a><\/p>\n","protected":false},"excerpt":{"rendered":"<p>Naturvernforbundet i \u00c5lesund og omegn hadde \u00e5rsm\u00f8te p\u00e5 Fagerlia vgs. mandag 6. mars. Det var bred enighet om at lokallaget skal satse p\u00e5 flere aktiviteter til medlemmene. Etter \u00e5rsm\u00f8tet var det \u00e5pent m\u00f8te om opprydding av milj\u00f8gifter i Borgundfjorden.<\/p>\n","protected":false},"author":38,"featured_media":0,"comment_status":"closed","ping_status":"closed","sticky":false,"template":"","format":"standard","meta":{"_relevanssi_hide_post":"","_relevanssi_hide_content":"","_relevanssi_pin_for_all":"","_relevanssi_pin_keywords":"","_relevanssi_unpin_keywords":"","_relevanssi_related_keywords":"","_relevanssi_related_include_ids":"","_relevanssi_related_exclude_ids":"","_relevanssi_related_no_append":"","_relevanssi_related_not_related":"","_relevanssi_related_posts":"","_relevanssi_noindex_reason":"","hide_logo":false,"footnotes":""},"categories":[45],"tags":[],"local":[],"class_list":["post-2492","post","type-post","status-publish","format-standard","hentry","category-naturvernforbundet"],"acf":[],"yoast_head":"<!-- This site is optimized with the Yoast SEO plugin v24.9 - https:\/\/yoast.com\/wordpress\/plugins\/seo\/ -->\n<title>Borgundfjorden og strandsona blir hovedsaker for Naturvernforbundet - M\u00f8re og Romsdal<\/title>\n<meta name=\"robots\" content=\"index, follow, max-snippet:-1, max-image-preview:large, max-video-preview:-1\" \/>\n<link rel=\"canonical\" href=\"https:\/\/naturvernforbundet.no\/moreogromsdal\/borgundfjorden-og-strandsona-blir-hovedsaker-for-naturvernforbundet\/\" \/>\n<meta property=\"og:locale\" content=\"nb_NO\" \/>\n<meta property=\"og:type\" content=\"article\" \/>\n<meta property=\"og:title\" content=\"Borgundfjorden og strandsona blir hovedsaker for Naturvernforbundet - M\u00f8re og Romsdal\" \/>\n<meta property=\"og:description\" content=\"Naturvernforbundet i \u00c5lesund og omegn hadde \u00e5rsm\u00f8te p\u00e5 Fagerlia vgs. mandag 6. mars. Det var bred enighet om at lokallaget skal satse p\u00e5 flere aktiviteter til medlemmene. Etter \u00e5rsm\u00f8tet var det \u00e5pent m\u00f8te om opprydding av milj\u00f8gifter i Borgundfjorden.\" \/>\n<meta property=\"og:url\" content=\"https:\/\/naturvernforbundet.no\/moreogromsdal\/borgundfjorden-og-strandsona-blir-hovedsaker-for-naturvernforbundet\/\" \/>\n<meta property=\"og:site_name\" content=\"M\u00f8re og Romsdal\" \/>\n<meta property=\"article:published_time\" content=\"2006-03-14T10:23:00+00:00\" \/>\n<meta name=\"author\" content=\"Artikkelimport\u00f8r\" \/>\n<meta name=\"twitter:card\" content=\"summary_large_image\" \/>\n<meta name=\"twitter:label1\" content=\"Skrevet av\" \/>\n\t<meta name=\"twitter:data1\" content=\"Artikkelimport\u00f8r\" \/>\n\t<meta name=\"twitter:label2\" content=\"Ansl. lesetid\" \/>\n\t<meta name=\"twitter:data2\" content=\"1 minutt\" \/>\n<script type=\"application\/ld+json\" class=\"yoast-schema-graph\">{\"@context\":\"https:\/\/schema.org\",\"@graph\":[{\"@type\":\"WebPage\",\"@id\":\"https:\/\/naturvernforbundet.no\/moreogromsdal\/borgundfjorden-og-strandsona-blir-hovedsaker-for-naturvernforbundet\/\",\"url\":\"https:\/\/naturvernforbundet.no\/moreogromsdal\/borgundfjorden-og-strandsona-blir-hovedsaker-for-naturvernforbundet\/\",\"name\":\"Borgundfjorden og strandsona blir hovedsaker for Naturvernforbundet - M\u00f8re og Romsdal\",\"isPartOf\":{\"@id\":\"https:\/\/naturvernforbundet.no\/moreogromsdal\/#website\"},\"datePublished\":\"2006-03-14T10:23:00+00:00\",\"author\":{\"@id\":\"https:\/\/naturvernforbundet.no\/moreogromsdal\/#\/schema\/person\/c72f198205979084bf071deedb6205f4\"},\"breadcrumb\":{\"@id\":\"https:\/\/naturvernforbundet.no\/moreogromsdal\/borgundfjorden-og-strandsona-blir-hovedsaker-for-naturvernforbundet\/#breadcrumb\"},\"inLanguage\":\"nb-NO\",\"potentialAction\":[{\"@type\":\"ReadAction\",\"target\":[\"https:\/\/naturvernforbundet.no\/moreogromsdal\/borgundfjorden-og-strandsona-blir-hovedsaker-for-naturvernforbundet\/\"]}]},{\"@type\":\"BreadcrumbList\",\"@id\":\"https:\/\/naturvernforbundet.no\/moreogromsdal\/borgundfjorden-og-strandsona-blir-hovedsaker-for-naturvernforbundet\/#breadcrumb\",\"itemListElement\":[{\"@type\":\"ListItem\",\"position\":1,\"name\":\"Till naturvernforbundet.no\",\"item\":\"https:\/\/naturvernforbundet.no\/\"},{\"@type\":\"ListItem\",\"position\":2,\"name\":\"M\u00f8re og Romsdal\",\"item\":\"https:\/\/naturvernforbundet.no\/moreogromsdal\/\"},{\"@type\":\"ListItem\",\"position\":3,\"name\":\"Borgundfjorden og strandsona blir hovedsaker for Naturvernforbundet\"}]},{\"@type\":\"WebSite\",\"@id\":\"https:\/\/naturvernforbundet.no\/moreogromsdal\/#website\",\"url\":\"https:\/\/naturvernforbundet.no\/moreogromsdal\/\",\"name\":\"M\u00f8re og Romsdal\",\"description\":\"Bare enda et Naturvernforbundet Sites-nettsted\",\"potentialAction\":[{\"@type\":\"SearchAction\",\"target\":{\"@type\":\"EntryPoint\",\"urlTemplate\":\"https:\/\/naturvernforbundet.no\/moreogromsdal\/?s={search_term_string}\"},\"query-input\":{\"@type\":\"PropertyValueSpecification\",\"valueRequired\":true,\"valueName\":\"search_term_string\"}}],\"inLanguage\":\"nb-NO\"},{\"@type\":\"Person\",\"@id\":\"https:\/\/naturvernforbundet.no\/moreogromsdal\/#\/schema\/person\/c72f198205979084bf071deedb6205f4\",\"name\":\"Artikkelimport\u00f8r\",\"image\":{\"@type\":\"ImageObject\",\"inLanguage\":\"nb-NO\",\"@id\":\"https:\/\/naturvernforbundet.no\/moreogromsdal\/#\/schema\/person\/image\/\",\"url\":\"https:\/\/secure.gravatar.com\/avatar\/015fa491b9ed1c823ef16a5c930294d1?s=96&d=mm&r=g\",\"contentUrl\":\"https:\/\/secure.gravatar.com\/avatar\/015fa491b9ed1c823ef16a5c930294d1?s=96&d=mm&r=g\",\"caption\":\"Artikkelimport\u00f8r\"},\"url\":\"https:\/\/naturvernforbundet.no\/moreogromsdal\/author\/artikkelimportor\/\"}]}<\/script>\n<!-- \/ Yoast SEO plugin. -->","yoast_head_json":{"title":"Borgundfjorden og strandsona blir hovedsaker for Naturvernforbundet - M\u00f8re og Romsdal","robots":{"index":"index","follow":"follow","max-snippet":"max-snippet:-1","max-image-preview":"max-image-preview:large","max-video-preview":"max-video-preview:-1"},"canonical":"https:\/\/naturvernforbundet.no\/moreogromsdal\/borgundfjorden-og-strandsona-blir-hovedsaker-for-naturvernforbundet\/","og_locale":"nb_NO","og_type":"article","og_title":"Borgundfjorden og strandsona blir hovedsaker for Naturvernforbundet - M\u00f8re og Romsdal","og_description":"Naturvernforbundet i \u00c5lesund og omegn hadde \u00e5rsm\u00f8te p\u00e5 Fagerlia vgs. mandag 6. mars. Det var bred enighet om at lokallaget skal satse p\u00e5 flere aktiviteter til medlemmene. Etter \u00e5rsm\u00f8tet var det \u00e5pent m\u00f8te om opprydding av milj\u00f8gifter i Borgundfjorden.","og_url":"https:\/\/naturvernforbundet.no\/moreogromsdal\/borgundfjorden-og-strandsona-blir-hovedsaker-for-naturvernforbundet\/","og_site_name":"M\u00f8re og Romsdal","article_published_time":"2006-03-14T10:23:00+00:00","author":"Artikkelimport\u00f8r","twitter_card":"summary_large_image","twitter_misc":{"Skrevet av":"Artikkelimport\u00f8r","Ansl. lesetid":"1 minutt"},"schema":{"@context":"https:\/\/schema.org","@graph":[{"@type":"WebPage","@id":"https:\/\/naturvernforbundet.no\/moreogromsdal\/borgundfjorden-og-strandsona-blir-hovedsaker-for-naturvernforbundet\/","url":"https:\/\/naturvernforbundet.no\/moreogromsdal\/borgundfjorden-og-strandsona-blir-hovedsaker-for-naturvernforbundet\/","name":"Borgundfjorden og strandsona blir hovedsaker for Naturvernforbundet - M\u00f8re og Romsdal","isPartOf":{"@id":"https:\/\/naturvernforbundet.no\/moreogromsdal\/#website"},"datePublished":"2006-03-14T10:23:00+00:00","author":{"@id":"https:\/\/naturvernforbundet.no\/moreogromsdal\/#\/schema\/person\/c72f198205979084bf071deedb6205f4"},"breadcrumb":{"@id":"https:\/\/naturvernforbundet.no\/moreogromsdal\/borgundfjorden-og-strandsona-blir-hovedsaker-for-naturvernforbundet\/#breadcrumb"},"inLanguage":"nb-NO","potentialAction":[{"@type":"ReadAction","target":["https:\/\/naturvernforbundet.no\/moreogromsdal\/borgundfjorden-og-strandsona-blir-hovedsaker-for-naturvernforbundet\/"]}]},{"@type":"BreadcrumbList","@id":"https:\/\/naturvernforbundet.no\/moreogromsdal\/borgundfjorden-og-strandsona-blir-hovedsaker-for-naturvernforbundet\/#breadcrumb","itemListElement":[{"@type":"ListItem","position":1,"name":"Till naturvernforbundet.no","item":"https:\/\/naturvernforbundet.no\/"},{"@type":"ListItem","position":2,"name":"M\u00f8re og Romsdal","item":"https:\/\/naturvernforbundet.no\/moreogromsdal\/"},{"@type":"ListItem","position":3,"name":"Borgundfjorden og strandsona blir hovedsaker for Naturvernforbundet"}]},{"@type":"WebSite","@id":"https:\/\/naturvernforbundet.no\/moreogromsdal\/#website","url":"https:\/\/naturvernforbundet.no\/moreogromsdal\/","name":"M\u00f8re og Romsdal","description":"Bare enda et Naturvernforbundet Sites-nettsted","potentialAction":[{"@type":"SearchAction","target":{"@type":"EntryPoint","urlTemplate":"https:\/\/naturvernforbundet.no\/moreogromsdal\/?s={search_term_string}"},"query-input":{"@type":"PropertyValueSpecification","valueRequired":true,"valueName":"search_term_string"}}],"inLanguage":"nb-NO"},{"@type":"Person","@id":"https:\/\/naturvernforbundet.no\/moreogromsdal\/#\/schema\/person\/c72f198205979084bf071deedb6205f4","name":"Artikkelimport\u00f8r","image":{"@type":"ImageObject","inLanguage":"nb-NO","@id":"https:\/\/naturvernforbundet.no\/moreogromsdal\/#\/schema\/person\/image\/","url":"https:\/\/secure.gravatar.com\/avatar\/015fa491b9ed1c823ef16a5c930294d1?s=96&d=mm&r=g","contentUrl":"https:\/\/secure.gravatar.com\/avatar\/015fa491b9ed1c823ef16a5c930294d1?s=96&d=mm&r=g","caption":"Artikkelimport\u00f8r"},"url":"https:\/\/naturvernforbundet.no\/moreogromsdal\/author\/artikkelimportor\/"}]}},"_links":{"self":[{"href":"https:\/\/naturvernforbundet.no\/moreogromsdal\/wp-json\/wp\/v2\/posts\/2492","targetHints":{"allow":["GET"]}}],"collection":[{"href":"https:\/\/naturvernforbundet.no\/moreogromsdal\/wp-json\/wp\/v2\/posts"}],"about":[{"href":"https:\/\/naturvernforbundet.no\/moreogromsdal\/wp-json\/wp\/v2\/types\/post"}],"author":[{"embeddable":true,"href":"https:\/\/naturvernforbundet.no\/moreogromsdal\/wp-json\/wp\/v2\/users\/38"}],"replies":[{"embeddable":true,"href":"https:\/\/naturvernforbundet.no\/moreogromsdal\/wp-json\/wp\/v2\/comments?post=2492"}],"version-history":[{"count":0,"href":"https:\/\/naturvernforbundet.no\/moreogromsdal\/wp-json\/wp\/v2\/posts\/2492\/revisions"}],"wp:attachment":[{"href":"https:\/\/naturvernforbundet.no\/moreogromsdal\/wp-json\/wp\/v2\/media?parent=2492"}],"wp:term":[{"taxonomy":"category","embeddable":true,"href":"https:\/\/naturvernforbundet.no\/moreogromsdal\/wp-json\/wp\/v2\/categories?post=2492"},{"taxonomy":"post_tag","embeddable":true,"href":"https:\/\/naturvernforbundet.no\/moreogromsdal\/wp-json\/wp\/v2\/tags?post=2492"},{"taxonomy":"local","embeddable":true,"href":"https:\/\/naturvernforbundet.no\/moreogromsdal\/wp-json\/wp\/v2\/local?post=2492"}],"curies":[{"name":"wp","href":"https:\/\/api.w.org\/{rel}","templated":true}]}}