{"id":2504,"date":"2006-10-10T09:53:00","date_gmt":"2006-10-10T07:53:00","guid":{"rendered":"https:\/\/naturvernforbundet.no\/moreogromsdal\/stopp-fraena-havornhakkematlaboratorium\/"},"modified":"2006-10-10T09:53:00","modified_gmt":"2006-10-10T07:53:00","slug":"stopp-fraena-havornhakkematlaboratorium","status":"publish","type":"post","link":"https:\/\/naturvernforbundet.no\/moreogromsdal\/stopp-fraena-havornhakkematlaboratorium\/","title":{"rendered":"Stopp Fr\u00e6na hav\u00f8rnhakkematlaboratorium!"},"content":{"rendered":"\t<div class=\"template-post alignfull wp-block-naturvern-hero\">\n\t\t<div class=\"hero__inner\">\n\t\t\t<div class=\"hero__inner_blocks\">\n\t\t\t\t\t\t\t\t\n\t\t\t\t\t<h1 class=\"wp-block-post-title\">Stopp Fr\u00e6na hav\u00f8rnhakkematlaboratorium!<\/h1>\n\n\t\t\t\t\t<div class=\"wp-block-post-excerpt\"><p class=\"wp-block-post-excerpt__excerpt\">&#8211; Det er utidig oppf\u00f8rsel av Statkraft Development \u00e5 sende ein ny s\u00f8knad om utbygging av Fr\u00e6na vindpark. Dette er berre eigna til \u00e5 hefte bort b\u00e5de den eine og den andre med \u00e5 skrive fr\u00e5segner og anna arbeid for \u00e5 stoppe galskapen. Naturvernforbundet er sv\u00e6rt negative til planane. <\/p><\/div>\n\n\t\t\t\t\t\n\n\t\t\t\t\t<div class=\"wp-block-naturvern-byline\">\n\t\t\t<div class=\"authors\">By <span class=\"t2-byline__author-link\">Artikkelimport\u00f8r<\/span><\/div>\n\t\t\t<small class=\"entry-date\">10.10.2006 09:53<\/small>\n\t\t<\/div>\n\t\t\t\t\t\t\t\t<\/div>\n\t\t\t\t\t<\/div>\n\t\t\t<\/div>\n\t\n<p>I uttalen til Norges vassdrags- og energidirektorat (NVE) peiker Naturvernforbundet ogs\u00e5 p\u00e5 at hav\u00f8rnhakkematlaboratoriet p\u00e5 Sm\u00f8la er tilstrekkeleg til \u00e5 kunne forske ut korleis vindm\u00f8ller tar livet av ein hav\u00f8rnbestand. Naturvernforbundet kan ikkje sj\u00e5 at Statkraft eller nokon annan har bruk for ytterlegare eit laboratorium for \u00e5 finne ut dette. \n<\/p>\n\n\n\n<p>S\u00e5 lenge berghyllene i Skaltenomr\u00e5det finst og likeeins at det kan finnast hav\u00f8rnmat iHustadvikaomr\u00e5det, vil det vere potensiell konflikt mellom hav\u00f8rn og vindm\u00f8ller i oms\u00f8kte omr\u00e5de. Tabben som blei gjort p\u00e5 Sm\u00f8la med omsyn til hav\u00f8rn skjedde til tross for at problemstillinga var kjent p\u00e5 f\u00f8rehand. Det er meir enn ille nok. \u00c5 gjere same type tabbe ein gong til er idiotisk og b\u00f8r kunne straffast, meiner Naturvernforbundet, som har ein klar konklusjon: \n<\/p>\n\n\n\n<p>Dette vindkraftprosjektet skal ikkje byggast. \n<\/p>\n\n\n\n<p><em> \n<\/em><\/p>\n\n\n\n<p><em><em>Kontakt fylkesleiar \u00d8ystein Folden p\u00e5 91 81 25 42 for meir informasjon.<\/em> \n<\/em><em><a>Ja, dette er ein viktig sak! Eg vil bli medlem i Naturvernforbundet<\/a><br><\/em><\/p>\n\n\n\n\n\n<p><em><br>\n<a>Eg vil gjerne st\u00f8tte arbeidet Naturvernforbundet gj\u00f8r for \u00e5 ta vare p\u00e5 naturen<\/a><\/em><\/p>\n\n\n\n\n\n<em><\/em>\n\n\n\n<p><\/p>\n\n\n\n<p><a href=\"\/imakerdata\/f\/0\/94\/06\/4_2401_0\/Fraasegn_til_versjon_3_av_Fraena_vindpark.pdf\">Les heile uttalen fr\u00e5 Naturvernforbundet til NVE<\/a><\/p>\n\n\n\n<p><a href=\"\/imakerdata\/f\/0\/94\/20\/1_2401_0\/Fraena_3_Hustadvikas_venner.pdf\">Les uttalen fr\u00e5 Hustadvikas venner<\/a><\/p>\n\n\n\n<p><a href=\"\/imakerdata\/f\/0\/94\/31\/2_2401_0\/0193_001.pdf\">Invitasjon til folkem\u00f8te 17. oktober 2006<\/a><\/p>\n\n\n\n<p><a href=\"\/imakerdata\/f\/1\/24\/41\/2_2401_0\/Fraena_ny_soknad.pdf\">Ny s\u00f8knad om utbygging<\/a><\/p>\n\n\n\n<p><a href=\"\/imakerdata\/f\/1\/24\/41\/3_2401_0\/Fraena_tilleggsutredning.pdf\">Tilleggsutredninger<\/a><\/p>\n\n\n\n<p><a href=\"\/imakerdata\/f\/1\/24\/41\/4_2401_0\/Fraena_tilleggsutredningskrav.pdf\">Krav om tilleggsutredninger<\/a><\/p>\n\n\n\n<p><a href=\"\/imakerdata\/f\/1\/24\/41\/5_2401_0\/Fraena_anmodning_om_endret_utbyggingslosning.pdf\">Anmodning om endret utbyggingsl\u00f8sning<\/a><\/p>\n\n\n\n<p><a href=\"\/imakerdata\/f\/1\/24\/41\/6_2401_0\/Fraena_utredningsprogram.pdf\">Utredningsprogram<\/a><\/p>\n\n\n\n<p><a href=\"\/imakerdata\/f\/1\/24\/41\/7_2401_0\/Fraena_soknda.pdf\">S\u00f8knad om konsesjon<\/a><\/p>\n","protected":false},"excerpt":{"rendered":"<p>&#8211; Det er utidig oppf\u00f8rsel av Statkraft Development \u00e5 sende ein ny s\u00f8knad om utbygging av Fr\u00e6na vindpark. Dette er berre eigna til \u00e5 hefte bort b\u00e5de den eine og den andre med \u00e5 skrive fr\u00e5segner og anna arbeid for \u00e5 stoppe galskapen. Naturvernforbundet er sv\u00e6rt negative til planane.<\/p>\n","protected":false},"author":38,"featured_media":0,"comment_status":"closed","ping_status":"closed","sticky":false,"template":"","format":"standard","meta":{"_relevanssi_hide_post":"","_relevanssi_hide_content":"","_relevanssi_pin_for_all":"","_relevanssi_pin_keywords":"","_relevanssi_unpin_keywords":"","_relevanssi_related_keywords":"","_relevanssi_related_include_ids":"","_relevanssi_related_exclude_ids":"","_relevanssi_related_no_append":"","_relevanssi_related_not_related":"","_relevanssi_related_posts":"","_relevanssi_noindex_reason":"","hide_logo":false,"footnotes":""},"categories":[16],"tags":[],"local":[],"class_list":["post-2504","post","type-post","status-publish","format-standard","hentry","category-naturmangfold"],"acf":[],"yoast_head":"<!-- This site is optimized with the Yoast SEO plugin v24.9 - https:\/\/yoast.com\/wordpress\/plugins\/seo\/ -->\n<title>Stopp Fr\u00e6na hav\u00f8rnhakkematlaboratorium! - M\u00f8re og Romsdal<\/title>\n<meta name=\"robots\" content=\"index, follow, max-snippet:-1, max-image-preview:large, max-video-preview:-1\" \/>\n<link rel=\"canonical\" href=\"https:\/\/naturvernforbundet.no\/moreogromsdal\/stopp-fraena-havornhakkematlaboratorium\/\" \/>\n<meta property=\"og:locale\" content=\"nb_NO\" \/>\n<meta property=\"og:type\" content=\"article\" \/>\n<meta property=\"og:title\" content=\"Stopp Fr\u00e6na hav\u00f8rnhakkematlaboratorium! - M\u00f8re og Romsdal\" \/>\n<meta property=\"og:description\" content=\"- Det er utidig oppf\u00f8rsel av Statkraft Development \u00e5 sende ein ny s\u00f8knad om utbygging av Fr\u00e6na vindpark. Dette er berre eigna til \u00e5 hefte bort b\u00e5de den eine og den andre med \u00e5 skrive fr\u00e5segner og anna arbeid for \u00e5 stoppe galskapen. Naturvernforbundet er sv\u00e6rt negative til planane.\" \/>\n<meta property=\"og:url\" content=\"https:\/\/naturvernforbundet.no\/moreogromsdal\/stopp-fraena-havornhakkematlaboratorium\/\" \/>\n<meta property=\"og:site_name\" content=\"M\u00f8re og Romsdal\" \/>\n<meta property=\"article:published_time\" content=\"2006-10-10T07:53:00+00:00\" \/>\n<meta name=\"author\" content=\"Artikkelimport\u00f8r\" \/>\n<meta name=\"twitter:card\" content=\"summary_large_image\" \/>\n<meta name=\"twitter:label1\" content=\"Skrevet av\" \/>\n\t<meta name=\"twitter:data1\" content=\"Artikkelimport\u00f8r\" \/>\n\t<meta name=\"twitter:label2\" content=\"Ansl. lesetid\" \/>\n\t<meta name=\"twitter:data2\" content=\"1 minutt\" \/>\n<script type=\"application\/ld+json\" class=\"yoast-schema-graph\">{\"@context\":\"https:\/\/schema.org\",\"@graph\":[{\"@type\":\"WebPage\",\"@id\":\"https:\/\/naturvernforbundet.no\/moreogromsdal\/stopp-fraena-havornhakkematlaboratorium\/\",\"url\":\"https:\/\/naturvernforbundet.no\/moreogromsdal\/stopp-fraena-havornhakkematlaboratorium\/\",\"name\":\"Stopp Fr\u00e6na hav\u00f8rnhakkematlaboratorium! - M\u00f8re og Romsdal\",\"isPartOf\":{\"@id\":\"https:\/\/naturvernforbundet.no\/moreogromsdal\/#website\"},\"datePublished\":\"2006-10-10T07:53:00+00:00\",\"author\":{\"@id\":\"https:\/\/naturvernforbundet.no\/moreogromsdal\/#\/schema\/person\/c72f198205979084bf071deedb6205f4\"},\"breadcrumb\":{\"@id\":\"https:\/\/naturvernforbundet.no\/moreogromsdal\/stopp-fraena-havornhakkematlaboratorium\/#breadcrumb\"},\"inLanguage\":\"nb-NO\",\"potentialAction\":[{\"@type\":\"ReadAction\",\"target\":[\"https:\/\/naturvernforbundet.no\/moreogromsdal\/stopp-fraena-havornhakkematlaboratorium\/\"]}]},{\"@type\":\"BreadcrumbList\",\"@id\":\"https:\/\/naturvernforbundet.no\/moreogromsdal\/stopp-fraena-havornhakkematlaboratorium\/#breadcrumb\",\"itemListElement\":[{\"@type\":\"ListItem\",\"position\":1,\"name\":\"Till naturvernforbundet.no\",\"item\":\"https:\/\/naturvernforbundet.no\/\"},{\"@type\":\"ListItem\",\"position\":2,\"name\":\"M\u00f8re og Romsdal\",\"item\":\"https:\/\/naturvernforbundet.no\/moreogromsdal\/\"},{\"@type\":\"ListItem\",\"position\":3,\"name\":\"Stopp Fr\u00e6na hav\u00f8rnhakkematlaboratorium!\"}]},{\"@type\":\"WebSite\",\"@id\":\"https:\/\/naturvernforbundet.no\/moreogromsdal\/#website\",\"url\":\"https:\/\/naturvernforbundet.no\/moreogromsdal\/\",\"name\":\"M\u00f8re og Romsdal\",\"description\":\"Bare enda et Naturvernforbundet Sites-nettsted\",\"potentialAction\":[{\"@type\":\"SearchAction\",\"target\":{\"@type\":\"EntryPoint\",\"urlTemplate\":\"https:\/\/naturvernforbundet.no\/moreogromsdal\/?s={search_term_string}\"},\"query-input\":{\"@type\":\"PropertyValueSpecification\",\"valueRequired\":true,\"valueName\":\"search_term_string\"}}],\"inLanguage\":\"nb-NO\"},{\"@type\":\"Person\",\"@id\":\"https:\/\/naturvernforbundet.no\/moreogromsdal\/#\/schema\/person\/c72f198205979084bf071deedb6205f4\",\"name\":\"Artikkelimport\u00f8r\",\"image\":{\"@type\":\"ImageObject\",\"inLanguage\":\"nb-NO\",\"@id\":\"https:\/\/naturvernforbundet.no\/moreogromsdal\/#\/schema\/person\/image\/\",\"url\":\"https:\/\/secure.gravatar.com\/avatar\/015fa491b9ed1c823ef16a5c930294d1?s=96&d=mm&r=g\",\"contentUrl\":\"https:\/\/secure.gravatar.com\/avatar\/015fa491b9ed1c823ef16a5c930294d1?s=96&d=mm&r=g\",\"caption\":\"Artikkelimport\u00f8r\"},\"url\":\"https:\/\/naturvernforbundet.no\/moreogromsdal\/author\/artikkelimportor\/\"}]}<\/script>\n<!-- \/ Yoast SEO plugin. -->","yoast_head_json":{"title":"Stopp Fr\u00e6na hav\u00f8rnhakkematlaboratorium! - M\u00f8re og Romsdal","robots":{"index":"index","follow":"follow","max-snippet":"max-snippet:-1","max-image-preview":"max-image-preview:large","max-video-preview":"max-video-preview:-1"},"canonical":"https:\/\/naturvernforbundet.no\/moreogromsdal\/stopp-fraena-havornhakkematlaboratorium\/","og_locale":"nb_NO","og_type":"article","og_title":"Stopp Fr\u00e6na hav\u00f8rnhakkematlaboratorium! - M\u00f8re og Romsdal","og_description":"- Det er utidig oppf\u00f8rsel av Statkraft Development \u00e5 sende ein ny s\u00f8knad om utbygging av Fr\u00e6na vindpark. Dette er berre eigna til \u00e5 hefte bort b\u00e5de den eine og den andre med \u00e5 skrive fr\u00e5segner og anna arbeid for \u00e5 stoppe galskapen. Naturvernforbundet er sv\u00e6rt negative til planane.","og_url":"https:\/\/naturvernforbundet.no\/moreogromsdal\/stopp-fraena-havornhakkematlaboratorium\/","og_site_name":"M\u00f8re og Romsdal","article_published_time":"2006-10-10T07:53:00+00:00","author":"Artikkelimport\u00f8r","twitter_card":"summary_large_image","twitter_misc":{"Skrevet av":"Artikkelimport\u00f8r","Ansl. lesetid":"1 minutt"},"schema":{"@context":"https:\/\/schema.org","@graph":[{"@type":"WebPage","@id":"https:\/\/naturvernforbundet.no\/moreogromsdal\/stopp-fraena-havornhakkematlaboratorium\/","url":"https:\/\/naturvernforbundet.no\/moreogromsdal\/stopp-fraena-havornhakkematlaboratorium\/","name":"Stopp Fr\u00e6na hav\u00f8rnhakkematlaboratorium! - M\u00f8re og Romsdal","isPartOf":{"@id":"https:\/\/naturvernforbundet.no\/moreogromsdal\/#website"},"datePublished":"2006-10-10T07:53:00+00:00","author":{"@id":"https:\/\/naturvernforbundet.no\/moreogromsdal\/#\/schema\/person\/c72f198205979084bf071deedb6205f4"},"breadcrumb":{"@id":"https:\/\/naturvernforbundet.no\/moreogromsdal\/stopp-fraena-havornhakkematlaboratorium\/#breadcrumb"},"inLanguage":"nb-NO","potentialAction":[{"@type":"ReadAction","target":["https:\/\/naturvernforbundet.no\/moreogromsdal\/stopp-fraena-havornhakkematlaboratorium\/"]}]},{"@type":"BreadcrumbList","@id":"https:\/\/naturvernforbundet.no\/moreogromsdal\/stopp-fraena-havornhakkematlaboratorium\/#breadcrumb","itemListElement":[{"@type":"ListItem","position":1,"name":"Till naturvernforbundet.no","item":"https:\/\/naturvernforbundet.no\/"},{"@type":"ListItem","position":2,"name":"M\u00f8re og Romsdal","item":"https:\/\/naturvernforbundet.no\/moreogromsdal\/"},{"@type":"ListItem","position":3,"name":"Stopp Fr\u00e6na hav\u00f8rnhakkematlaboratorium!"}]},{"@type":"WebSite","@id":"https:\/\/naturvernforbundet.no\/moreogromsdal\/#website","url":"https:\/\/naturvernforbundet.no\/moreogromsdal\/","name":"M\u00f8re og Romsdal","description":"Bare enda et Naturvernforbundet Sites-nettsted","potentialAction":[{"@type":"SearchAction","target":{"@type":"EntryPoint","urlTemplate":"https:\/\/naturvernforbundet.no\/moreogromsdal\/?s={search_term_string}"},"query-input":{"@type":"PropertyValueSpecification","valueRequired":true,"valueName":"search_term_string"}}],"inLanguage":"nb-NO"},{"@type":"Person","@id":"https:\/\/naturvernforbundet.no\/moreogromsdal\/#\/schema\/person\/c72f198205979084bf071deedb6205f4","name":"Artikkelimport\u00f8r","image":{"@type":"ImageObject","inLanguage":"nb-NO","@id":"https:\/\/naturvernforbundet.no\/moreogromsdal\/#\/schema\/person\/image\/","url":"https:\/\/secure.gravatar.com\/avatar\/015fa491b9ed1c823ef16a5c930294d1?s=96&d=mm&r=g","contentUrl":"https:\/\/secure.gravatar.com\/avatar\/015fa491b9ed1c823ef16a5c930294d1?s=96&d=mm&r=g","caption":"Artikkelimport\u00f8r"},"url":"https:\/\/naturvernforbundet.no\/moreogromsdal\/author\/artikkelimportor\/"}]}},"_links":{"self":[{"href":"https:\/\/naturvernforbundet.no\/moreogromsdal\/wp-json\/wp\/v2\/posts\/2504","targetHints":{"allow":["GET"]}}],"collection":[{"href":"https:\/\/naturvernforbundet.no\/moreogromsdal\/wp-json\/wp\/v2\/posts"}],"about":[{"href":"https:\/\/naturvernforbundet.no\/moreogromsdal\/wp-json\/wp\/v2\/types\/post"}],"author":[{"embeddable":true,"href":"https:\/\/naturvernforbundet.no\/moreogromsdal\/wp-json\/wp\/v2\/users\/38"}],"replies":[{"embeddable":true,"href":"https:\/\/naturvernforbundet.no\/moreogromsdal\/wp-json\/wp\/v2\/comments?post=2504"}],"version-history":[{"count":0,"href":"https:\/\/naturvernforbundet.no\/moreogromsdal\/wp-json\/wp\/v2\/posts\/2504\/revisions"}],"wp:attachment":[{"href":"https:\/\/naturvernforbundet.no\/moreogromsdal\/wp-json\/wp\/v2\/media?parent=2504"}],"wp:term":[{"taxonomy":"category","embeddable":true,"href":"https:\/\/naturvernforbundet.no\/moreogromsdal\/wp-json\/wp\/v2\/categories?post=2504"},{"taxonomy":"post_tag","embeddable":true,"href":"https:\/\/naturvernforbundet.no\/moreogromsdal\/wp-json\/wp\/v2\/tags?post=2504"},{"taxonomy":"local","embeddable":true,"href":"https:\/\/naturvernforbundet.no\/moreogromsdal\/wp-json\/wp\/v2\/local?post=2504"}],"curies":[{"name":"wp","href":"https:\/\/api.w.org\/{rel}","templated":true}]}}