{"id":2524,"date":"2005-10-07T07:43:00","date_gmt":"2005-10-07T05:43:00","guid":{"rendered":"https:\/\/naturvernforbundet.no\/moreogromsdal\/demokrati-miljo-og-long-island\/"},"modified":"2005-10-07T07:43:00","modified_gmt":"2005-10-07T05:43:00","slug":"demokrati-miljo-og-long-island","status":"publish","type":"post","link":"https:\/\/naturvernforbundet.no\/moreogromsdal\/demokrati-miljo-og-long-island\/","title":{"rendered":"Demokrati, milj\u00f8 og Long Island"},"content":{"rendered":"\t<div class=\"template-post alignfull wp-block-naturvern-hero\">\n\t\t<div class=\"hero__inner\">\n\t\t\t<div class=\"hero__inner_blocks\">\n\t\t\t\t\t\t\t\t\n\t\t\t\t\t<h1 class=\"wp-block-post-title\">Demokrati, milj\u00f8 og Long Island<\/h1>\n\n\t\t\t\t\t<div class=\"wp-block-post-excerpt\"><p class=\"wp-block-post-excerpt__excerpt\">Lesarinnlegg fr\u00e5 Naturvernforbundet i Tingvoll. <\/p><\/div>\n\n\t\t\t\t\t\n\n\t\t\t\t\t<div class=\"wp-block-naturvern-byline\">\n\t\t\t<div class=\"authors\">By <span class=\"t2-byline__author-link\">Artikkelimport\u00f8r<\/span><\/div>\n\t\t\t<small class=\"entry-date\">07.10.2005 07:43<\/small>\n\t\t<\/div>\n\t\t\t\t\t\t\t\t<\/div>\n\t\t\t\t\t<\/div>\n\t\t\t<\/div>\n\t\n<p>Tingvoll kommune har p\u00e5 nettsida si presentert saka om Lang\u00f8ya slik at det for dei som kan lese er r\u00e5d \u00e5 bli kloke. Naturvernforbundet i Tingvoll har ogs\u00e5 lest fylket si uttale til meldinga om oppstart av reguleringsarbeid. Prosjektet slik skissene no er vil ta fr\u00e5 \u00e5lmenta viktige rettar og er ikkje akseptable.<br><br>Viss Long Island AS sine planar blir realisert, skal det brukast meir pengar p\u00e5 dette prosjektet enn det elles blir brukt i kommunen p\u00e5 mange \u00e5r. N\u00e5r utbyggarane tykker det er merkeleg at kommunen krev meir enn skisser for \u00e5 kunne godkjenne hovudtrekka i opplegget, d\u00e5 seier dette sv\u00e6rt mykje om utbyggarane. Sj\u00f8lv kongen og forsvaret m\u00e5 f\u00f8lgje prosedyrane i plan- og bygningslova.<br><br>Naturvernforbundet i Tingvoll trur at vi kan tilf\u00f8re mellom anna slike prosjekter kvalitetar som er viktige for dei som bur i kommunen no og seinare. N\u00e5r Simonsen inviterer nokre fr\u00e5 kommunen p\u00e5 tur til Lang\u00f8ya, slik at kommunen kan f\u00e5 eit raskt grunnlag for \u00e5 gje lovnader om utbygging tilbake, liknar det ikkje s\u00e5 lite p\u00e5 eit fors\u00f8k p\u00e5 korrupsjon. Tingvoll kommune let seg heldigvis ikkje kj\u00f8pe, og dei offentleggjer det som r\u00f8rer seg i saka s\u00e5 vi alle kan f\u00e5 sj\u00e5. Slike saker skal ikkje avgjerast med fire epostar og ein b\u00e5ttur. N\u00e5r vi f\u00e5r sj\u00e5 slikt som dette, viser det kor viktig det er at det finst visse spelereglar i arealforvaltninga. <br><br>Elles var det interessant \u00e5 h\u00f8yre Dagfin Simonsen sitt foredrag p\u00e5 hyttekonferansen p\u00e5 Tingvoll. Vi merka oss spesielt det som blei sagt om at prosjektet var milj\u00f8vennleg og \u00f8kologisk. Kva som er milj\u00f8vennleg og \u00f8kologisk med \u00e5 bruke kledning fr\u00e5 Paraguay veit ikkje vi. Ein transportide der kundane kjem med fly til Kvernberget og derifr\u00e5 med hurtigb\u00e5t blir vanlegvis ikkje nemnt i positive ordelag i \u00f8kologi- og milj\u00f8samanheng. Det reparerer ingenting \u00e5 lage botanisk hage med palmar som ein del av prosjektet. Prosjektet manglar totalt truverde n\u00e5r det gjeld \u00f8kologi og milj\u00f8.<br><br>Skal Long Island ha noko for seg p\u00e5 Lang\u00f8ya i Tingvoll, er det nok berre \u00e5 bruke nokre millionar til p\u00e5 planlegging. D\u00e5 er det like greitt f\u00f8rst som sist \u00e5 hente inn \u00f8kologar og biologar som kan tilf\u00f8re prosjektet heilt vesentlege kvalitetar i denne retninga. Dette r\u00e5det fr\u00e5 Naturvernforbundet i Tingvoll er heilt gratis, faktura f\u00f8lgjer ikkje, sj\u00f8lv om vi til no har arbeidd eit par dagar med saka.<br><br>\n\u00d8ystein Folden\nLeiar, Naturvernforbundet i Tingvoll\n<\/p>\n","protected":false},"excerpt":{"rendered":"<p>Lesarinnlegg fr\u00e5 Naturvernforbundet i Tingvoll.<\/p>\n","protected":false},"author":38,"featured_media":0,"comment_status":"closed","ping_status":"closed","sticky":false,"template":"","format":"standard","meta":{"_relevanssi_hide_post":"","_relevanssi_hide_content":"","_relevanssi_pin_for_all":"","_relevanssi_pin_keywords":"","_relevanssi_unpin_keywords":"","_relevanssi_related_keywords":"","_relevanssi_related_include_ids":"","_relevanssi_related_exclude_ids":"","_relevanssi_related_no_append":"","_relevanssi_related_not_related":"","_relevanssi_related_posts":"","_relevanssi_noindex_reason":"","hide_logo":false,"footnotes":""},"categories":[16],"tags":[],"local":[],"class_list":["post-2524","post","type-post","status-publish","format-standard","hentry","category-naturmangfold"],"acf":[],"yoast_head":"<!-- This site is optimized with the Yoast SEO plugin v24.9 - https:\/\/yoast.com\/wordpress\/plugins\/seo\/ -->\n<title>Demokrati, milj\u00f8 og Long Island - M\u00f8re og Romsdal<\/title>\n<meta name=\"robots\" content=\"index, follow, max-snippet:-1, max-image-preview:large, max-video-preview:-1\" \/>\n<link rel=\"canonical\" href=\"https:\/\/naturvernforbundet.no\/moreogromsdal\/demokrati-miljo-og-long-island\/\" \/>\n<meta property=\"og:locale\" content=\"nb_NO\" \/>\n<meta property=\"og:type\" content=\"article\" \/>\n<meta property=\"og:title\" content=\"Demokrati, milj\u00f8 og Long Island - M\u00f8re og Romsdal\" \/>\n<meta property=\"og:description\" content=\"Lesarinnlegg fr\u00e5 Naturvernforbundet i Tingvoll.\" \/>\n<meta property=\"og:url\" content=\"https:\/\/naturvernforbundet.no\/moreogromsdal\/demokrati-miljo-og-long-island\/\" \/>\n<meta property=\"og:site_name\" content=\"M\u00f8re og Romsdal\" \/>\n<meta property=\"article:published_time\" content=\"2005-10-07T05:43:00+00:00\" \/>\n<meta name=\"author\" content=\"Artikkelimport\u00f8r\" \/>\n<meta name=\"twitter:card\" content=\"summary_large_image\" \/>\n<meta name=\"twitter:label1\" content=\"Skrevet av\" \/>\n\t<meta name=\"twitter:data1\" content=\"Artikkelimport\u00f8r\" \/>\n\t<meta name=\"twitter:label2\" content=\"Ansl. lesetid\" \/>\n\t<meta name=\"twitter:data2\" content=\"2 minutter\" \/>\n<script type=\"application\/ld+json\" class=\"yoast-schema-graph\">{\"@context\":\"https:\/\/schema.org\",\"@graph\":[{\"@type\":\"WebPage\",\"@id\":\"https:\/\/naturvernforbundet.no\/moreogromsdal\/demokrati-miljo-og-long-island\/\",\"url\":\"https:\/\/naturvernforbundet.no\/moreogromsdal\/demokrati-miljo-og-long-island\/\",\"name\":\"Demokrati, milj\u00f8 og Long Island - M\u00f8re og Romsdal\",\"isPartOf\":{\"@id\":\"https:\/\/naturvernforbundet.no\/moreogromsdal\/#website\"},\"datePublished\":\"2005-10-07T05:43:00+00:00\",\"author\":{\"@id\":\"https:\/\/naturvernforbundet.no\/moreogromsdal\/#\/schema\/person\/c72f198205979084bf071deedb6205f4\"},\"breadcrumb\":{\"@id\":\"https:\/\/naturvernforbundet.no\/moreogromsdal\/demokrati-miljo-og-long-island\/#breadcrumb\"},\"inLanguage\":\"nb-NO\",\"potentialAction\":[{\"@type\":\"ReadAction\",\"target\":[\"https:\/\/naturvernforbundet.no\/moreogromsdal\/demokrati-miljo-og-long-island\/\"]}]},{\"@type\":\"BreadcrumbList\",\"@id\":\"https:\/\/naturvernforbundet.no\/moreogromsdal\/demokrati-miljo-og-long-island\/#breadcrumb\",\"itemListElement\":[{\"@type\":\"ListItem\",\"position\":1,\"name\":\"Till naturvernforbundet.no\",\"item\":\"https:\/\/naturvernforbundet.no\/\"},{\"@type\":\"ListItem\",\"position\":2,\"name\":\"M\u00f8re og Romsdal\",\"item\":\"https:\/\/naturvernforbundet.no\/moreogromsdal\/\"},{\"@type\":\"ListItem\",\"position\":3,\"name\":\"Demokrati, milj\u00f8 og Long Island\"}]},{\"@type\":\"WebSite\",\"@id\":\"https:\/\/naturvernforbundet.no\/moreogromsdal\/#website\",\"url\":\"https:\/\/naturvernforbundet.no\/moreogromsdal\/\",\"name\":\"M\u00f8re og Romsdal\",\"description\":\"Bare enda et Naturvernforbundet Sites-nettsted\",\"potentialAction\":[{\"@type\":\"SearchAction\",\"target\":{\"@type\":\"EntryPoint\",\"urlTemplate\":\"https:\/\/naturvernforbundet.no\/moreogromsdal\/?s={search_term_string}\"},\"query-input\":{\"@type\":\"PropertyValueSpecification\",\"valueRequired\":true,\"valueName\":\"search_term_string\"}}],\"inLanguage\":\"nb-NO\"},{\"@type\":\"Person\",\"@id\":\"https:\/\/naturvernforbundet.no\/moreogromsdal\/#\/schema\/person\/c72f198205979084bf071deedb6205f4\",\"name\":\"Artikkelimport\u00f8r\",\"image\":{\"@type\":\"ImageObject\",\"inLanguage\":\"nb-NO\",\"@id\":\"https:\/\/naturvernforbundet.no\/moreogromsdal\/#\/schema\/person\/image\/\",\"url\":\"https:\/\/secure.gravatar.com\/avatar\/015fa491b9ed1c823ef16a5c930294d1?s=96&d=mm&r=g\",\"contentUrl\":\"https:\/\/secure.gravatar.com\/avatar\/015fa491b9ed1c823ef16a5c930294d1?s=96&d=mm&r=g\",\"caption\":\"Artikkelimport\u00f8r\"},\"url\":\"https:\/\/naturvernforbundet.no\/moreogromsdal\/author\/artikkelimportor\/\"}]}<\/script>\n<!-- \/ Yoast SEO plugin. -->","yoast_head_json":{"title":"Demokrati, milj\u00f8 og Long Island - M\u00f8re og Romsdal","robots":{"index":"index","follow":"follow","max-snippet":"max-snippet:-1","max-image-preview":"max-image-preview:large","max-video-preview":"max-video-preview:-1"},"canonical":"https:\/\/naturvernforbundet.no\/moreogromsdal\/demokrati-miljo-og-long-island\/","og_locale":"nb_NO","og_type":"article","og_title":"Demokrati, milj\u00f8 og Long Island - M\u00f8re og Romsdal","og_description":"Lesarinnlegg fr\u00e5 Naturvernforbundet i Tingvoll.","og_url":"https:\/\/naturvernforbundet.no\/moreogromsdal\/demokrati-miljo-og-long-island\/","og_site_name":"M\u00f8re og Romsdal","article_published_time":"2005-10-07T05:43:00+00:00","author":"Artikkelimport\u00f8r","twitter_card":"summary_large_image","twitter_misc":{"Skrevet av":"Artikkelimport\u00f8r","Ansl. lesetid":"2 minutter"},"schema":{"@context":"https:\/\/schema.org","@graph":[{"@type":"WebPage","@id":"https:\/\/naturvernforbundet.no\/moreogromsdal\/demokrati-miljo-og-long-island\/","url":"https:\/\/naturvernforbundet.no\/moreogromsdal\/demokrati-miljo-og-long-island\/","name":"Demokrati, milj\u00f8 og Long Island - M\u00f8re og Romsdal","isPartOf":{"@id":"https:\/\/naturvernforbundet.no\/moreogromsdal\/#website"},"datePublished":"2005-10-07T05:43:00+00:00","author":{"@id":"https:\/\/naturvernforbundet.no\/moreogromsdal\/#\/schema\/person\/c72f198205979084bf071deedb6205f4"},"breadcrumb":{"@id":"https:\/\/naturvernforbundet.no\/moreogromsdal\/demokrati-miljo-og-long-island\/#breadcrumb"},"inLanguage":"nb-NO","potentialAction":[{"@type":"ReadAction","target":["https:\/\/naturvernforbundet.no\/moreogromsdal\/demokrati-miljo-og-long-island\/"]}]},{"@type":"BreadcrumbList","@id":"https:\/\/naturvernforbundet.no\/moreogromsdal\/demokrati-miljo-og-long-island\/#breadcrumb","itemListElement":[{"@type":"ListItem","position":1,"name":"Till naturvernforbundet.no","item":"https:\/\/naturvernforbundet.no\/"},{"@type":"ListItem","position":2,"name":"M\u00f8re og Romsdal","item":"https:\/\/naturvernforbundet.no\/moreogromsdal\/"},{"@type":"ListItem","position":3,"name":"Demokrati, milj\u00f8 og Long Island"}]},{"@type":"WebSite","@id":"https:\/\/naturvernforbundet.no\/moreogromsdal\/#website","url":"https:\/\/naturvernforbundet.no\/moreogromsdal\/","name":"M\u00f8re og Romsdal","description":"Bare enda et Naturvernforbundet Sites-nettsted","potentialAction":[{"@type":"SearchAction","target":{"@type":"EntryPoint","urlTemplate":"https:\/\/naturvernforbundet.no\/moreogromsdal\/?s={search_term_string}"},"query-input":{"@type":"PropertyValueSpecification","valueRequired":true,"valueName":"search_term_string"}}],"inLanguage":"nb-NO"},{"@type":"Person","@id":"https:\/\/naturvernforbundet.no\/moreogromsdal\/#\/schema\/person\/c72f198205979084bf071deedb6205f4","name":"Artikkelimport\u00f8r","image":{"@type":"ImageObject","inLanguage":"nb-NO","@id":"https:\/\/naturvernforbundet.no\/moreogromsdal\/#\/schema\/person\/image\/","url":"https:\/\/secure.gravatar.com\/avatar\/015fa491b9ed1c823ef16a5c930294d1?s=96&d=mm&r=g","contentUrl":"https:\/\/secure.gravatar.com\/avatar\/015fa491b9ed1c823ef16a5c930294d1?s=96&d=mm&r=g","caption":"Artikkelimport\u00f8r"},"url":"https:\/\/naturvernforbundet.no\/moreogromsdal\/author\/artikkelimportor\/"}]}},"_links":{"self":[{"href":"https:\/\/naturvernforbundet.no\/moreogromsdal\/wp-json\/wp\/v2\/posts\/2524","targetHints":{"allow":["GET"]}}],"collection":[{"href":"https:\/\/naturvernforbundet.no\/moreogromsdal\/wp-json\/wp\/v2\/posts"}],"about":[{"href":"https:\/\/naturvernforbundet.no\/moreogromsdal\/wp-json\/wp\/v2\/types\/post"}],"author":[{"embeddable":true,"href":"https:\/\/naturvernforbundet.no\/moreogromsdal\/wp-json\/wp\/v2\/users\/38"}],"replies":[{"embeddable":true,"href":"https:\/\/naturvernforbundet.no\/moreogromsdal\/wp-json\/wp\/v2\/comments?post=2524"}],"version-history":[{"count":0,"href":"https:\/\/naturvernforbundet.no\/moreogromsdal\/wp-json\/wp\/v2\/posts\/2524\/revisions"}],"wp:attachment":[{"href":"https:\/\/naturvernforbundet.no\/moreogromsdal\/wp-json\/wp\/v2\/media?parent=2524"}],"wp:term":[{"taxonomy":"category","embeddable":true,"href":"https:\/\/naturvernforbundet.no\/moreogromsdal\/wp-json\/wp\/v2\/categories?post=2524"},{"taxonomy":"post_tag","embeddable":true,"href":"https:\/\/naturvernforbundet.no\/moreogromsdal\/wp-json\/wp\/v2\/tags?post=2524"},{"taxonomy":"local","embeddable":true,"href":"https:\/\/naturvernforbundet.no\/moreogromsdal\/wp-json\/wp\/v2\/local?post=2524"}],"curies":[{"name":"wp","href":"https:\/\/api.w.org\/{rel}","templated":true}]}}