{"id":2539,"date":"2006-08-10T14:05:00","date_gmt":"2006-08-10T12:05:00","guid":{"rendered":"https:\/\/naturvernforbundet.no\/moreogromsdal\/rammedirektivet-for-vatn\/"},"modified":"2006-08-10T14:05:00","modified_gmt":"2006-08-10T12:05:00","slug":"rammedirektivet-for-vatn","status":"publish","type":"post","link":"https:\/\/naturvernforbundet.no\/moreogromsdal\/rammedirektivet-for-vatn\/","title":{"rendered":"Rammedirektivet for vatn"},"content":{"rendered":"\t<div class=\"template-post alignfull wp-block-naturvern-hero\">\n\t\t<div class=\"hero__inner\">\n\t\t\t<div class=\"hero__inner_blocks\">\n\t\t\t\t\t\t\t\t\n\t\t\t\t\t<h1 class=\"wp-block-post-title\">Rammedirektivet for vatn<\/h1>\n\n\t\t\t\t\t<div class=\"wp-block-post-excerpt\"><p class=\"wp-block-post-excerpt__excerpt\">Epostkorrespondanse med Statens forureiningstilsyn. <\/p><\/div>\n\n\t\t\t\t\t\n\n\t\t\t\t\t<div class=\"wp-block-naturvern-byline\">\n\t\t\t<div class=\"authors\">By <span class=\"t2-byline__author-link\">Artikkelimport\u00f8r<\/span><\/div>\n\t\t\t<small class=\"entry-date\">10.08.2006 14:05<\/small>\n\t\t<\/div>\n\t\t\t\t\t\t\t\t<\/div>\n\t\t\t\t\t<\/div>\n\t\t\t<\/div>\n\t\n<p><u>Epost fr\u00e5 Naturvernforbundet:<\/u>\nNaturvernforbundet i Tingvoll har hatt ein runde med Tingvoll kommune i samband med at ein vassf\u00f8rekomst, Bergemsvatnet, er sv\u00e6rt forureina. \n \nVi har merka oss at det blir arbeidd med gjennomf\u00f8ringa av vanndirektivet i norsk lov, utan at vi veit s\u00e5 mykje om korleis det g\u00e5r.\n \nVil det med nye reglar vere mogleg for Naturvernforbundet \u00e5 ta opp tilstanden til Bergemsvatnet med styresmaktene og vil styresmaktene f\u00e5 eit krav om \u00e5 m\u00e5tte reagere dersom tilstanden er for d\u00e5rleg?\n \n<u>Svar fr\u00e5 Kristin Kinck Rannem i Statens forurensningstilsyn:<\/u><u><\/u> \n\nHei\n \nDet arbeides for \u00e5 implementere EUs rammedirektiv for vann inn i norsk lov i l\u00f8pet av h\u00f8sten. Et forslag til implementeringsforskrift ligger p\u00e5 <a title=\"http:\/\/www.vannportalen.no\/\" href=\"http:\/\/www.vannportalen.no\/\">http:\/\/www.vannportalen.no<\/a>. Direktivet og forskriften utl\u00f8ser et systematisk arbeid med \u00e5 avklare tilstand og behov for og gjennomf\u00f8ring av tiltak i alle vannforekomster. Tidsfristen kan imidlertid oppfattes som ganske romslig. Mer konkret informasjon om og forst\u00e5else for hvordan direktivet og forskriften vil virke f\u00e5r dere ved \u00e5 g\u00e5 inn p\u00e5 det ovennevnte nettstedet.\n \nFor \u00f8vrig er det en mulighet \u00e5 ta kontakt med represtentantene fra milj\u00f8organisasjonene som deltar i den nasjonale referansegruppa, for n\u00e6rmere dr\u00f8fting. Navnene p\u00e5 disse finnes her:\n<a href=\"http:\/\/www.vannportalen.no\/fmt_enkel.asp?g31138=x&amp;g31134=x&amp;gid=31148&amp;tgid=31134#referansegruppe\">http:\/\/www.vannportalen.no\/fmt_enkel.asp?g31138=x&amp;g31134=x&amp;gid=31148&amp;tgid=31134#referansegruppe<\/a>\n \nHilsen \n\n<\/p>\n\n\n\n<p>Kristin Kinck Rannem <br>kommunikasjonsr\u00e5dgiver, Statens forurensningstilsyn (SFT)\n<\/p>\n\n\n\n<p>E-post: kristin-kinck.rannem(a)sft.no <br>Telefon: 22 57 35 23 &#8211; Faks: 22 67 67 06 &#8211; Mobil: 952 73 258 <br>Postboks 8100 Dep, 0032 Oslo (Str\u00f8msveien 96) <\/p>\n","protected":false},"excerpt":{"rendered":"<p>Epostkorrespondanse med Statens forureiningstilsyn.<\/p>\n","protected":false},"author":38,"featured_media":0,"comment_status":"closed","ping_status":"closed","sticky":false,"template":"","format":"standard","meta":{"_relevanssi_hide_post":"","_relevanssi_hide_content":"","_relevanssi_pin_for_all":"","_relevanssi_pin_keywords":"","_relevanssi_unpin_keywords":"","_relevanssi_related_keywords":"","_relevanssi_related_include_ids":"","_relevanssi_related_exclude_ids":"","_relevanssi_related_no_append":"","_relevanssi_related_not_related":"","_relevanssi_related_posts":"","_relevanssi_noindex_reason":"","hide_logo":false,"footnotes":""},"categories":[17],"tags":[],"local":[],"class_list":["post-2539","post","type-post","status-publish","format-standard","hentry","category-more-og-romsdal"],"acf":[],"yoast_head":"<!-- This site is optimized with the Yoast SEO plugin v24.9 - https:\/\/yoast.com\/wordpress\/plugins\/seo\/ -->\n<title>Rammedirektivet for vatn - M\u00f8re og Romsdal<\/title>\n<meta name=\"robots\" content=\"index, follow, max-snippet:-1, max-image-preview:large, max-video-preview:-1\" \/>\n<link rel=\"canonical\" href=\"https:\/\/naturvernforbundet.no\/moreogromsdal\/rammedirektivet-for-vatn\/\" \/>\n<meta property=\"og:locale\" content=\"nb_NO\" \/>\n<meta property=\"og:type\" content=\"article\" \/>\n<meta property=\"og:title\" content=\"Rammedirektivet for vatn - M\u00f8re og Romsdal\" \/>\n<meta property=\"og:description\" content=\"Epostkorrespondanse med Statens forureiningstilsyn.\" \/>\n<meta property=\"og:url\" content=\"https:\/\/naturvernforbundet.no\/moreogromsdal\/rammedirektivet-for-vatn\/\" \/>\n<meta property=\"og:site_name\" content=\"M\u00f8re og Romsdal\" \/>\n<meta property=\"article:published_time\" content=\"2006-08-10T12:05:00+00:00\" \/>\n<meta name=\"author\" content=\"Artikkelimport\u00f8r\" \/>\n<meta name=\"twitter:card\" content=\"summary_large_image\" \/>\n<meta name=\"twitter:label1\" content=\"Skrevet av\" \/>\n\t<meta name=\"twitter:data1\" content=\"Artikkelimport\u00f8r\" \/>\n\t<meta name=\"twitter:label2\" content=\"Ansl. lesetid\" \/>\n\t<meta name=\"twitter:data2\" content=\"1 minutt\" \/>\n<script type=\"application\/ld+json\" class=\"yoast-schema-graph\">{\"@context\":\"https:\/\/schema.org\",\"@graph\":[{\"@type\":\"WebPage\",\"@id\":\"https:\/\/naturvernforbundet.no\/moreogromsdal\/rammedirektivet-for-vatn\/\",\"url\":\"https:\/\/naturvernforbundet.no\/moreogromsdal\/rammedirektivet-for-vatn\/\",\"name\":\"Rammedirektivet for vatn - M\u00f8re og Romsdal\",\"isPartOf\":{\"@id\":\"https:\/\/naturvernforbundet.no\/moreogromsdal\/#website\"},\"datePublished\":\"2006-08-10T12:05:00+00:00\",\"author\":{\"@id\":\"https:\/\/naturvernforbundet.no\/moreogromsdal\/#\/schema\/person\/c72f198205979084bf071deedb6205f4\"},\"breadcrumb\":{\"@id\":\"https:\/\/naturvernforbundet.no\/moreogromsdal\/rammedirektivet-for-vatn\/#breadcrumb\"},\"inLanguage\":\"nb-NO\",\"potentialAction\":[{\"@type\":\"ReadAction\",\"target\":[\"https:\/\/naturvernforbundet.no\/moreogromsdal\/rammedirektivet-for-vatn\/\"]}]},{\"@type\":\"BreadcrumbList\",\"@id\":\"https:\/\/naturvernforbundet.no\/moreogromsdal\/rammedirektivet-for-vatn\/#breadcrumb\",\"itemListElement\":[{\"@type\":\"ListItem\",\"position\":1,\"name\":\"Till naturvernforbundet.no\",\"item\":\"https:\/\/naturvernforbundet.no\/\"},{\"@type\":\"ListItem\",\"position\":2,\"name\":\"M\u00f8re og Romsdal\",\"item\":\"https:\/\/naturvernforbundet.no\/moreogromsdal\/\"},{\"@type\":\"ListItem\",\"position\":3,\"name\":\"Rammedirektivet for vatn\"}]},{\"@type\":\"WebSite\",\"@id\":\"https:\/\/naturvernforbundet.no\/moreogromsdal\/#website\",\"url\":\"https:\/\/naturvernforbundet.no\/moreogromsdal\/\",\"name\":\"M\u00f8re og Romsdal\",\"description\":\"Bare enda et Naturvernforbundet Sites-nettsted\",\"potentialAction\":[{\"@type\":\"SearchAction\",\"target\":{\"@type\":\"EntryPoint\",\"urlTemplate\":\"https:\/\/naturvernforbundet.no\/moreogromsdal\/?s={search_term_string}\"},\"query-input\":{\"@type\":\"PropertyValueSpecification\",\"valueRequired\":true,\"valueName\":\"search_term_string\"}}],\"inLanguage\":\"nb-NO\"},{\"@type\":\"Person\",\"@id\":\"https:\/\/naturvernforbundet.no\/moreogromsdal\/#\/schema\/person\/c72f198205979084bf071deedb6205f4\",\"name\":\"Artikkelimport\u00f8r\",\"image\":{\"@type\":\"ImageObject\",\"inLanguage\":\"nb-NO\",\"@id\":\"https:\/\/naturvernforbundet.no\/moreogromsdal\/#\/schema\/person\/image\/\",\"url\":\"https:\/\/secure.gravatar.com\/avatar\/015fa491b9ed1c823ef16a5c930294d1?s=96&d=mm&r=g\",\"contentUrl\":\"https:\/\/secure.gravatar.com\/avatar\/015fa491b9ed1c823ef16a5c930294d1?s=96&d=mm&r=g\",\"caption\":\"Artikkelimport\u00f8r\"},\"url\":\"https:\/\/naturvernforbundet.no\/moreogromsdal\/author\/artikkelimportor\/\"}]}<\/script>\n<!-- \/ Yoast SEO plugin. -->","yoast_head_json":{"title":"Rammedirektivet for vatn - M\u00f8re og Romsdal","robots":{"index":"index","follow":"follow","max-snippet":"max-snippet:-1","max-image-preview":"max-image-preview:large","max-video-preview":"max-video-preview:-1"},"canonical":"https:\/\/naturvernforbundet.no\/moreogromsdal\/rammedirektivet-for-vatn\/","og_locale":"nb_NO","og_type":"article","og_title":"Rammedirektivet for vatn - M\u00f8re og Romsdal","og_description":"Epostkorrespondanse med Statens forureiningstilsyn.","og_url":"https:\/\/naturvernforbundet.no\/moreogromsdal\/rammedirektivet-for-vatn\/","og_site_name":"M\u00f8re og Romsdal","article_published_time":"2006-08-10T12:05:00+00:00","author":"Artikkelimport\u00f8r","twitter_card":"summary_large_image","twitter_misc":{"Skrevet av":"Artikkelimport\u00f8r","Ansl. lesetid":"1 minutt"},"schema":{"@context":"https:\/\/schema.org","@graph":[{"@type":"WebPage","@id":"https:\/\/naturvernforbundet.no\/moreogromsdal\/rammedirektivet-for-vatn\/","url":"https:\/\/naturvernforbundet.no\/moreogromsdal\/rammedirektivet-for-vatn\/","name":"Rammedirektivet for vatn - M\u00f8re og Romsdal","isPartOf":{"@id":"https:\/\/naturvernforbundet.no\/moreogromsdal\/#website"},"datePublished":"2006-08-10T12:05:00+00:00","author":{"@id":"https:\/\/naturvernforbundet.no\/moreogromsdal\/#\/schema\/person\/c72f198205979084bf071deedb6205f4"},"breadcrumb":{"@id":"https:\/\/naturvernforbundet.no\/moreogromsdal\/rammedirektivet-for-vatn\/#breadcrumb"},"inLanguage":"nb-NO","potentialAction":[{"@type":"ReadAction","target":["https:\/\/naturvernforbundet.no\/moreogromsdal\/rammedirektivet-for-vatn\/"]}]},{"@type":"BreadcrumbList","@id":"https:\/\/naturvernforbundet.no\/moreogromsdal\/rammedirektivet-for-vatn\/#breadcrumb","itemListElement":[{"@type":"ListItem","position":1,"name":"Till naturvernforbundet.no","item":"https:\/\/naturvernforbundet.no\/"},{"@type":"ListItem","position":2,"name":"M\u00f8re og Romsdal","item":"https:\/\/naturvernforbundet.no\/moreogromsdal\/"},{"@type":"ListItem","position":3,"name":"Rammedirektivet for vatn"}]},{"@type":"WebSite","@id":"https:\/\/naturvernforbundet.no\/moreogromsdal\/#website","url":"https:\/\/naturvernforbundet.no\/moreogromsdal\/","name":"M\u00f8re og Romsdal","description":"Bare enda et Naturvernforbundet Sites-nettsted","potentialAction":[{"@type":"SearchAction","target":{"@type":"EntryPoint","urlTemplate":"https:\/\/naturvernforbundet.no\/moreogromsdal\/?s={search_term_string}"},"query-input":{"@type":"PropertyValueSpecification","valueRequired":true,"valueName":"search_term_string"}}],"inLanguage":"nb-NO"},{"@type":"Person","@id":"https:\/\/naturvernforbundet.no\/moreogromsdal\/#\/schema\/person\/c72f198205979084bf071deedb6205f4","name":"Artikkelimport\u00f8r","image":{"@type":"ImageObject","inLanguage":"nb-NO","@id":"https:\/\/naturvernforbundet.no\/moreogromsdal\/#\/schema\/person\/image\/","url":"https:\/\/secure.gravatar.com\/avatar\/015fa491b9ed1c823ef16a5c930294d1?s=96&d=mm&r=g","contentUrl":"https:\/\/secure.gravatar.com\/avatar\/015fa491b9ed1c823ef16a5c930294d1?s=96&d=mm&r=g","caption":"Artikkelimport\u00f8r"},"url":"https:\/\/naturvernforbundet.no\/moreogromsdal\/author\/artikkelimportor\/"}]}},"_links":{"self":[{"href":"https:\/\/naturvernforbundet.no\/moreogromsdal\/wp-json\/wp\/v2\/posts\/2539","targetHints":{"allow":["GET"]}}],"collection":[{"href":"https:\/\/naturvernforbundet.no\/moreogromsdal\/wp-json\/wp\/v2\/posts"}],"about":[{"href":"https:\/\/naturvernforbundet.no\/moreogromsdal\/wp-json\/wp\/v2\/types\/post"}],"author":[{"embeddable":true,"href":"https:\/\/naturvernforbundet.no\/moreogromsdal\/wp-json\/wp\/v2\/users\/38"}],"replies":[{"embeddable":true,"href":"https:\/\/naturvernforbundet.no\/moreogromsdal\/wp-json\/wp\/v2\/comments?post=2539"}],"version-history":[{"count":0,"href":"https:\/\/naturvernforbundet.no\/moreogromsdal\/wp-json\/wp\/v2\/posts\/2539\/revisions"}],"wp:attachment":[{"href":"https:\/\/naturvernforbundet.no\/moreogromsdal\/wp-json\/wp\/v2\/media?parent=2539"}],"wp:term":[{"taxonomy":"category","embeddable":true,"href":"https:\/\/naturvernforbundet.no\/moreogromsdal\/wp-json\/wp\/v2\/categories?post=2539"},{"taxonomy":"post_tag","embeddable":true,"href":"https:\/\/naturvernforbundet.no\/moreogromsdal\/wp-json\/wp\/v2\/tags?post=2539"},{"taxonomy":"local","embeddable":true,"href":"https:\/\/naturvernforbundet.no\/moreogromsdal\/wp-json\/wp\/v2\/local?post=2539"}],"curies":[{"name":"wp","href":"https:\/\/api.w.org\/{rel}","templated":true}]}}