{"id":2540,"date":"2005-12-19T07:54:00","date_gmt":"2005-12-19T06:54:00","guid":{"rendered":"https:\/\/naturvernforbundet.no\/moreogromsdal\/ei-oppleving-til-jul\/"},"modified":"2005-12-19T07:54:00","modified_gmt":"2005-12-19T06:54:00","slug":"ei-oppleving-til-jul","status":"publish","type":"post","link":"https:\/\/naturvernforbundet.no\/moreogromsdal\/ei-oppleving-til-jul\/","title":{"rendered":"Ei oppleving til jul?"},"content":{"rendered":"\t<div class=\"template-post alignfull wp-block-naturvern-hero\">\n\t\t<div class=\"hero__inner\">\n\t\t\t<div class=\"hero__inner_blocks\">\n\t\t\t\t\t\t\t\t\n\t\t\t\t\t<h1 class=\"wp-block-post-title\">Ei oppleving til jul?<\/h1>\n\n\t\t\t\t\t<div class=\"wp-block-post-excerpt\"><p class=\"wp-block-post-excerpt__excerpt\">Lesarinnlegg fr\u00e5 Naturververnforbundet i M\u00f8re og Romsdal <\/p><\/div>\n\n\t\t\t\t\t\n\n\t\t\t\t\t<div class=\"wp-block-naturvern-byline\">\n\t\t\t<div class=\"authors\">By <span class=\"t2-byline__author-link\">Artikkelimport\u00f8r<\/span><\/div>\n\t\t\t<small class=\"entry-date\">19.12.2005 07:54<\/small>\n\t\t<\/div>\n\t\t\t\t\t\t\t\t<\/div>\n\t\t\t\t\t<\/div>\n\t\t\t<\/div>\n\t\n<p><strong>Ei oppleving til jul?<\/strong> \n<\/p>\n\n\n\n<p>Det er for seint for nokre, men ikkje for alle. Dei som alt har kj\u00f8pt alle juleg\u00e5vene kan slutte \u00e5 lese viss dei ikkje alt har byrja planlegginga for jula om eit \u00e5r. \n<\/p>\n\n\n\n<p>Det er ikkje n\u00f8dvendig \u00e5 g\u00e5 innom butikkane ein gong for \u00e5 sp\u00f8rje seg om vi treng alle desse tinga nokon vil selje oss. Blir vi lukkelege av dei? Er det bra for andre i verda om eg kj\u00f8per dei? \n<\/p>\n\n\n\n<p>Det finst mange som har alt fr\u00e5 f\u00f8r. Men det er likevel fullt mogleg \u00e5 gje dei noko til jul. Kvifor ikkje lage eit kort med middagsinnbyding til ny\u00e5ret. Det kan vere b\u00e5de hyggeleg og nyttig, og kortet treng ikkje plass p\u00e5 peishylla. Det treng ikkje vere noko sjeldsynt at det skjer, og d\u00e5 kan ein jo heller fyre med kortet n\u00e5r middagen er over. \n<\/p>\n\n\n\n<p>Naturvernforbundet veit ikkje s\u00e5 n\u00f8ye om drosjen\u00e6ringa har g\u00e5vekort til sals. Men det finst i alle fall dei som gjerne ville tatt i mot eit g\u00e5vekort p\u00e5 nokre drosjeturar i nabolaget n\u00e5r dei ikkje f\u00e5r til \u00e5 ta bussen lenger. \n<\/p>\n\n\n\n<p>Unge h\u00e5pefulle som har konstant pengemangel har ogs\u00e5 sjansen. Eit g\u00e5vekort til dei heime med 5 timar p\u00e5 veggen med m\u00e5larkosten til sommaren blir tatt vel imot. Finst det nokre kroner, s\u00e5 kan jo ei oppleving gjere nytta. Ei innbyding til ein handballkamp eller ei kinoframsyning kan bli ei fin sosial oppleving. \n<\/p>\n\n\n\n<p>Naturvernforbundet har ogs\u00e5 sine tilbod. G\u00e5r du inn p\u00e5 <a href=\"\/\">www.naturvern.no<\/a> finn du oppskrifta p\u00e5 g\u00e5vemedlemsskap i Naturvernforbundet. D\u00e5 vil b\u00e5de nye medlemmer, Naturvernforbundet og dei som druknar av s\u00f8ppel og klimautslepp bli glade. Avsendaren p\u00e5 \u201dpakkelappen\u201d kan og glede seg over \u00e5 ha gjort noko nyttig og godt. \n<\/p>\n\n\n\n<p>\u00d8ystein Folden \n<\/p>\n\n\n\n<p>Leiar, Naturvernforbundet i M\u00f8re og Romsdal<\/p>\n","protected":false},"excerpt":{"rendered":"<p>Lesarinnlegg fr\u00e5 Naturververnforbundet i M\u00f8re og Romsdal<\/p>\n","protected":false},"author":38,"featured_media":0,"comment_status":"closed","ping_status":"closed","sticky":false,"template":"","format":"standard","meta":{"_relevanssi_hide_post":"","_relevanssi_hide_content":"","_relevanssi_pin_for_all":"","_relevanssi_pin_keywords":"","_relevanssi_unpin_keywords":"","_relevanssi_related_keywords":"","_relevanssi_related_include_ids":"","_relevanssi_related_exclude_ids":"","_relevanssi_related_no_append":"","_relevanssi_related_not_related":"","_relevanssi_related_posts":"","_relevanssi_noindex_reason":"","hide_logo":false,"footnotes":""},"categories":[27],"tags":[],"local":[],"class_list":["post-2540","post","type-post","status-publish","format-standard","hentry","category-avfall-og-forbruk"],"acf":[],"yoast_head":"<!-- This site is optimized with the Yoast SEO plugin v24.9 - https:\/\/yoast.com\/wordpress\/plugins\/seo\/ -->\n<title>Ei oppleving til jul? - M\u00f8re og Romsdal<\/title>\n<meta name=\"robots\" content=\"index, follow, max-snippet:-1, max-image-preview:large, max-video-preview:-1\" \/>\n<link rel=\"canonical\" href=\"https:\/\/naturvernforbundet.no\/moreogromsdal\/ei-oppleving-til-jul\/\" \/>\n<meta property=\"og:locale\" content=\"nb_NO\" \/>\n<meta property=\"og:type\" content=\"article\" \/>\n<meta property=\"og:title\" content=\"Ei oppleving til jul? - M\u00f8re og Romsdal\" \/>\n<meta property=\"og:description\" content=\"Lesarinnlegg fr\u00e5 Naturververnforbundet i M\u00f8re og Romsdal\" \/>\n<meta property=\"og:url\" content=\"https:\/\/naturvernforbundet.no\/moreogromsdal\/ei-oppleving-til-jul\/\" \/>\n<meta property=\"og:site_name\" content=\"M\u00f8re og Romsdal\" \/>\n<meta property=\"article:published_time\" content=\"2005-12-19T06:54:00+00:00\" \/>\n<meta name=\"author\" content=\"Artikkelimport\u00f8r\" \/>\n<meta name=\"twitter:card\" content=\"summary_large_image\" \/>\n<meta name=\"twitter:label1\" content=\"Skrevet av\" \/>\n\t<meta name=\"twitter:data1\" content=\"Artikkelimport\u00f8r\" \/>\n\t<meta name=\"twitter:label2\" content=\"Ansl. lesetid\" \/>\n\t<meta name=\"twitter:data2\" content=\"2 minutter\" \/>\n<script type=\"application\/ld+json\" class=\"yoast-schema-graph\">{\"@context\":\"https:\/\/schema.org\",\"@graph\":[{\"@type\":\"WebPage\",\"@id\":\"https:\/\/naturvernforbundet.no\/moreogromsdal\/ei-oppleving-til-jul\/\",\"url\":\"https:\/\/naturvernforbundet.no\/moreogromsdal\/ei-oppleving-til-jul\/\",\"name\":\"Ei oppleving til jul? - M\u00f8re og Romsdal\",\"isPartOf\":{\"@id\":\"https:\/\/naturvernforbundet.no\/moreogromsdal\/#website\"},\"datePublished\":\"2005-12-19T06:54:00+00:00\",\"author\":{\"@id\":\"https:\/\/naturvernforbundet.no\/moreogromsdal\/#\/schema\/person\/c72f198205979084bf071deedb6205f4\"},\"breadcrumb\":{\"@id\":\"https:\/\/naturvernforbundet.no\/moreogromsdal\/ei-oppleving-til-jul\/#breadcrumb\"},\"inLanguage\":\"nb-NO\",\"potentialAction\":[{\"@type\":\"ReadAction\",\"target\":[\"https:\/\/naturvernforbundet.no\/moreogromsdal\/ei-oppleving-til-jul\/\"]}]},{\"@type\":\"BreadcrumbList\",\"@id\":\"https:\/\/naturvernforbundet.no\/moreogromsdal\/ei-oppleving-til-jul\/#breadcrumb\",\"itemListElement\":[{\"@type\":\"ListItem\",\"position\":1,\"name\":\"Till naturvernforbundet.no\",\"item\":\"https:\/\/naturvernforbundet.no\/\"},{\"@type\":\"ListItem\",\"position\":2,\"name\":\"M\u00f8re og Romsdal\",\"item\":\"https:\/\/naturvernforbundet.no\/moreogromsdal\/\"},{\"@type\":\"ListItem\",\"position\":3,\"name\":\"Ei oppleving til jul?\"}]},{\"@type\":\"WebSite\",\"@id\":\"https:\/\/naturvernforbundet.no\/moreogromsdal\/#website\",\"url\":\"https:\/\/naturvernforbundet.no\/moreogromsdal\/\",\"name\":\"M\u00f8re og Romsdal\",\"description\":\"Bare enda et Naturvernforbundet Sites-nettsted\",\"potentialAction\":[{\"@type\":\"SearchAction\",\"target\":{\"@type\":\"EntryPoint\",\"urlTemplate\":\"https:\/\/naturvernforbundet.no\/moreogromsdal\/?s={search_term_string}\"},\"query-input\":{\"@type\":\"PropertyValueSpecification\",\"valueRequired\":true,\"valueName\":\"search_term_string\"}}],\"inLanguage\":\"nb-NO\"},{\"@type\":\"Person\",\"@id\":\"https:\/\/naturvernforbundet.no\/moreogromsdal\/#\/schema\/person\/c72f198205979084bf071deedb6205f4\",\"name\":\"Artikkelimport\u00f8r\",\"image\":{\"@type\":\"ImageObject\",\"inLanguage\":\"nb-NO\",\"@id\":\"https:\/\/naturvernforbundet.no\/moreogromsdal\/#\/schema\/person\/image\/\",\"url\":\"https:\/\/secure.gravatar.com\/avatar\/015fa491b9ed1c823ef16a5c930294d1?s=96&d=mm&r=g\",\"contentUrl\":\"https:\/\/secure.gravatar.com\/avatar\/015fa491b9ed1c823ef16a5c930294d1?s=96&d=mm&r=g\",\"caption\":\"Artikkelimport\u00f8r\"},\"url\":\"https:\/\/naturvernforbundet.no\/moreogromsdal\/author\/artikkelimportor\/\"}]}<\/script>\n<!-- \/ Yoast SEO plugin. -->","yoast_head_json":{"title":"Ei oppleving til jul? - M\u00f8re og Romsdal","robots":{"index":"index","follow":"follow","max-snippet":"max-snippet:-1","max-image-preview":"max-image-preview:large","max-video-preview":"max-video-preview:-1"},"canonical":"https:\/\/naturvernforbundet.no\/moreogromsdal\/ei-oppleving-til-jul\/","og_locale":"nb_NO","og_type":"article","og_title":"Ei oppleving til jul? - M\u00f8re og Romsdal","og_description":"Lesarinnlegg fr\u00e5 Naturververnforbundet i M\u00f8re og Romsdal","og_url":"https:\/\/naturvernforbundet.no\/moreogromsdal\/ei-oppleving-til-jul\/","og_site_name":"M\u00f8re og Romsdal","article_published_time":"2005-12-19T06:54:00+00:00","author":"Artikkelimport\u00f8r","twitter_card":"summary_large_image","twitter_misc":{"Skrevet av":"Artikkelimport\u00f8r","Ansl. lesetid":"2 minutter"},"schema":{"@context":"https:\/\/schema.org","@graph":[{"@type":"WebPage","@id":"https:\/\/naturvernforbundet.no\/moreogromsdal\/ei-oppleving-til-jul\/","url":"https:\/\/naturvernforbundet.no\/moreogromsdal\/ei-oppleving-til-jul\/","name":"Ei oppleving til jul? - M\u00f8re og Romsdal","isPartOf":{"@id":"https:\/\/naturvernforbundet.no\/moreogromsdal\/#website"},"datePublished":"2005-12-19T06:54:00+00:00","author":{"@id":"https:\/\/naturvernforbundet.no\/moreogromsdal\/#\/schema\/person\/c72f198205979084bf071deedb6205f4"},"breadcrumb":{"@id":"https:\/\/naturvernforbundet.no\/moreogromsdal\/ei-oppleving-til-jul\/#breadcrumb"},"inLanguage":"nb-NO","potentialAction":[{"@type":"ReadAction","target":["https:\/\/naturvernforbundet.no\/moreogromsdal\/ei-oppleving-til-jul\/"]}]},{"@type":"BreadcrumbList","@id":"https:\/\/naturvernforbundet.no\/moreogromsdal\/ei-oppleving-til-jul\/#breadcrumb","itemListElement":[{"@type":"ListItem","position":1,"name":"Till naturvernforbundet.no","item":"https:\/\/naturvernforbundet.no\/"},{"@type":"ListItem","position":2,"name":"M\u00f8re og Romsdal","item":"https:\/\/naturvernforbundet.no\/moreogromsdal\/"},{"@type":"ListItem","position":3,"name":"Ei oppleving til jul?"}]},{"@type":"WebSite","@id":"https:\/\/naturvernforbundet.no\/moreogromsdal\/#website","url":"https:\/\/naturvernforbundet.no\/moreogromsdal\/","name":"M\u00f8re og Romsdal","description":"Bare enda et Naturvernforbundet Sites-nettsted","potentialAction":[{"@type":"SearchAction","target":{"@type":"EntryPoint","urlTemplate":"https:\/\/naturvernforbundet.no\/moreogromsdal\/?s={search_term_string}"},"query-input":{"@type":"PropertyValueSpecification","valueRequired":true,"valueName":"search_term_string"}}],"inLanguage":"nb-NO"},{"@type":"Person","@id":"https:\/\/naturvernforbundet.no\/moreogromsdal\/#\/schema\/person\/c72f198205979084bf071deedb6205f4","name":"Artikkelimport\u00f8r","image":{"@type":"ImageObject","inLanguage":"nb-NO","@id":"https:\/\/naturvernforbundet.no\/moreogromsdal\/#\/schema\/person\/image\/","url":"https:\/\/secure.gravatar.com\/avatar\/015fa491b9ed1c823ef16a5c930294d1?s=96&d=mm&r=g","contentUrl":"https:\/\/secure.gravatar.com\/avatar\/015fa491b9ed1c823ef16a5c930294d1?s=96&d=mm&r=g","caption":"Artikkelimport\u00f8r"},"url":"https:\/\/naturvernforbundet.no\/moreogromsdal\/author\/artikkelimportor\/"}]}},"_links":{"self":[{"href":"https:\/\/naturvernforbundet.no\/moreogromsdal\/wp-json\/wp\/v2\/posts\/2540","targetHints":{"allow":["GET"]}}],"collection":[{"href":"https:\/\/naturvernforbundet.no\/moreogromsdal\/wp-json\/wp\/v2\/posts"}],"about":[{"href":"https:\/\/naturvernforbundet.no\/moreogromsdal\/wp-json\/wp\/v2\/types\/post"}],"author":[{"embeddable":true,"href":"https:\/\/naturvernforbundet.no\/moreogromsdal\/wp-json\/wp\/v2\/users\/38"}],"replies":[{"embeddable":true,"href":"https:\/\/naturvernforbundet.no\/moreogromsdal\/wp-json\/wp\/v2\/comments?post=2540"}],"version-history":[{"count":0,"href":"https:\/\/naturvernforbundet.no\/moreogromsdal\/wp-json\/wp\/v2\/posts\/2540\/revisions"}],"wp:attachment":[{"href":"https:\/\/naturvernforbundet.no\/moreogromsdal\/wp-json\/wp\/v2\/media?parent=2540"}],"wp:term":[{"taxonomy":"category","embeddable":true,"href":"https:\/\/naturvernforbundet.no\/moreogromsdal\/wp-json\/wp\/v2\/categories?post=2540"},{"taxonomy":"post_tag","embeddable":true,"href":"https:\/\/naturvernforbundet.no\/moreogromsdal\/wp-json\/wp\/v2\/tags?post=2540"},{"taxonomy":"local","embeddable":true,"href":"https:\/\/naturvernforbundet.no\/moreogromsdal\/wp-json\/wp\/v2\/local?post=2540"}],"curies":[{"name":"wp","href":"https:\/\/api.w.org\/{rel}","templated":true}]}}