{"id":2562,"date":"2006-04-05T11:42:00","date_gmt":"2006-04-05T09:42:00","guid":{"rendered":"https:\/\/naturvernforbundet.no\/moreogromsdal\/volvoloysinga-i-gent-og-fossilloysinga-i-more-og-romsdal\/"},"modified":"2006-04-05T11:42:00","modified_gmt":"2006-04-05T09:42:00","slug":"volvoloysinga-i-gent-og-fossilloysinga-i-more-og-romsdal","status":"publish","type":"post","link":"https:\/\/naturvernforbundet.no\/moreogromsdal\/volvoloysinga-i-gent-og-fossilloysinga-i-more-og-romsdal\/","title":{"rendered":"Volvol\u00f8ysinga i Gent og fossill\u00f8ysinga i M\u00f8re og Romsdal"},"content":{"rendered":"\t<div class=\"template-post alignfull wp-block-naturvern-hero\">\n\t\t<div class=\"hero__inner\">\n\t\t\t<div class=\"hero__inner_blocks\">\n\t\t\t\t\t\t\t\t\n\t\t\t\t\t<h1 class=\"wp-block-post-title\">Volvol\u00f8ysinga i Gent og fossill\u00f8ysinga i M\u00f8re og Romsdal<\/h1>\n\n\t\t\t\t\t<div class=\"wp-block-post-excerpt\"><p class=\"wp-block-post-excerpt__excerpt\">Sj\u00f8lv om temaet for lesarbrevet er energi denne gongen ogs\u00e5, s\u00e5 kjem det i alle fall med ein heilt ny vinkel. Viss nokon \u00f8nskjer \u00e5 sj\u00e5 n\u00e6rare p\u00e5 Volvo si l\u00f8ysing, s\u00e5 skal eg vel kunne formidle det. Send meg ein epost, s\u00e5 skal de i alle fall f\u00e5 ein kontaktperson med epostadresse. <\/p><\/div>\n\n\t\t\t\t\t\n\n\t\t\t\t\t<div class=\"wp-block-naturvern-byline\">\n\t\t\t<div class=\"authors\">By <span class=\"t2-byline__author-link\">Artikkelimport\u00f8r<\/span><\/div>\n\t\t\t<small class=\"entry-date\">05.04.2006 11:42<\/small>\n\t\t<\/div>\n\t\t\t\t\t\t\t\t<\/div>\n\t\t\t\t\t<\/div>\n\t\t\t<\/div>\n\t\n<p><strong>Volvol\u00f8ysinga i Gent og fossill\u00f8ysinga i M\u00f8re og Romsdal<\/strong> \n<\/p>\n\n\n\n<p>Volvofabrikken i Gent i Belgia har til no bruka ein del naturgass, men var ikkje heilt n\u00f8gde med energil\u00f8ysinga si. Deira argument var f\u00f8lgjande: \u201dEttersom naturgass er fossilt, dvs. bidrar til drivhuseffekten og er ein ikkje-fornybar ressurs, er det inga haldbar l\u00f8ysing. Vi har difor valt \u00e5 investere i fornybare enegikjelder, dvs. vindkraft og biobrensel.\u201d Dette if\u00f8lge Lars M\u00e5rtensson, sjef for energisatsinga ved Volvo sine lastebilfabrikkar. M\u00e5lsettinga er \u00e5 gjere fabrikken CO2-fri. \n<\/p>\n\n\n\n<p>Biobrensel for \u00e5 lage varme er milj\u00f8messig ei grei sak, men kva med vindm\u00f8llene? Jo, dei skal st\u00e5 p\u00e5 Volvo sitt eige industriomr\u00e5de. Den krafta dei ikkje f\u00e5r brukt sj\u00f8lve blir levert til forbrukarar i omr\u00e5det. \n<\/p>\n\n\n\n<p>Dette er noko ganske anna enn det vi held p\u00e5 med i v\u00e5rt fylke. Her er m\u00e5lsettinga \u00e5 erstatte importstraum med gasskraft \u2013 ambisjonane er ikkje st\u00f8rre. Og vindm\u00f8llel\u00f8ysingar p\u00e5 eigedomane til industrien som skal bruke krafta er uaktuelt. Her skal dei plasserast i hutaheiti eller der omkring, midt i naturen, med store kraftliner til. \n<\/p>\n\n\n\n<p>Vi som trur vi er verdsmeistarar i det meste har vel gjerne noko \u00e5 l\u00e6re. \n<\/p>\n\n\n\n<p>\u00d8ystein Folden \n<\/p>\n\n\n\n<p>Leiar, Naturvernforbundet i M\u00f8re og Romsdal \n<a>Ja, dette er viktig. Eg vil bli medlem i Naturvernforbundet<\/a><br><\/p>\n\n\n\n\n\n<p><a>Eg vil gjerne st\u00f8tte arbeidet Naturvernforbundets gj\u00f8r for \u00e5 redusere energibruk og klimaendringar<\/a><\/p>\n\n\n","protected":false},"excerpt":{"rendered":"<p>Sj\u00f8lv om temaet for lesarbrevet er energi denne gongen ogs\u00e5, s\u00e5 kjem det i alle fall med ein heilt ny vinkel. Viss nokon \u00f8nskjer \u00e5 sj\u00e5 n\u00e6rare p\u00e5 Volvo si l\u00f8ysing, s\u00e5 skal eg vel kunne formidle det. Send meg ein epost, s\u00e5 skal de i alle fall f\u00e5 ein kontaktperson med epostadresse.<\/p>\n","protected":false},"author":38,"featured_media":0,"comment_status":"closed","ping_status":"closed","sticky":false,"template":"","format":"standard","meta":{"_relevanssi_hide_post":"","_relevanssi_hide_content":"","_relevanssi_pin_for_all":"","_relevanssi_pin_keywords":"","_relevanssi_unpin_keywords":"","_relevanssi_related_keywords":"","_relevanssi_related_include_ids":"","_relevanssi_related_exclude_ids":"","_relevanssi_related_no_append":"","_relevanssi_related_not_related":"","_relevanssi_related_posts":"","_relevanssi_noindex_reason":"","hide_logo":false,"footnotes":""},"categories":[19],"tags":[],"local":[],"class_list":["post-2562","post","type-post","status-publish","format-standard","hentry","category-klima"],"acf":[],"yoast_head":"<!-- This site is optimized with the Yoast SEO plugin v24.9 - https:\/\/yoast.com\/wordpress\/plugins\/seo\/ -->\n<title>Volvol\u00f8ysinga i Gent og fossill\u00f8ysinga i M\u00f8re og Romsdal - M\u00f8re og Romsdal<\/title>\n<meta name=\"robots\" content=\"index, follow, max-snippet:-1, max-image-preview:large, max-video-preview:-1\" \/>\n<link rel=\"canonical\" href=\"https:\/\/naturvernforbundet.no\/moreogromsdal\/volvoloysinga-i-gent-og-fossilloysinga-i-more-og-romsdal\/\" \/>\n<meta property=\"og:locale\" content=\"nb_NO\" \/>\n<meta property=\"og:type\" content=\"article\" \/>\n<meta property=\"og:title\" content=\"Volvol\u00f8ysinga i Gent og fossill\u00f8ysinga i M\u00f8re og Romsdal - M\u00f8re og Romsdal\" \/>\n<meta property=\"og:description\" content=\"Sj\u00f8lv om temaet for lesarbrevet er energi denne gongen ogs\u00e5, s\u00e5 kjem det i alle fall med ein heilt ny vinkel. Viss nokon \u00f8nskjer \u00e5 sj\u00e5 n\u00e6rare p\u00e5 Volvo si l\u00f8ysing, s\u00e5 skal eg vel kunne formidle det. Send meg ein epost, s\u00e5 skal de i alle fall f\u00e5 ein kontaktperson med epostadresse.\" \/>\n<meta property=\"og:url\" content=\"https:\/\/naturvernforbundet.no\/moreogromsdal\/volvoloysinga-i-gent-og-fossilloysinga-i-more-og-romsdal\/\" \/>\n<meta property=\"og:site_name\" content=\"M\u00f8re og Romsdal\" \/>\n<meta property=\"article:published_time\" content=\"2006-04-05T09:42:00+00:00\" \/>\n<meta name=\"author\" content=\"Artikkelimport\u00f8r\" \/>\n<meta name=\"twitter:card\" content=\"summary_large_image\" \/>\n<meta name=\"twitter:label1\" content=\"Skrevet av\" \/>\n\t<meta name=\"twitter:data1\" content=\"Artikkelimport\u00f8r\" \/>\n\t<meta name=\"twitter:label2\" content=\"Ansl. lesetid\" \/>\n\t<meta name=\"twitter:data2\" content=\"1 minutt\" \/>\n<script type=\"application\/ld+json\" class=\"yoast-schema-graph\">{\"@context\":\"https:\/\/schema.org\",\"@graph\":[{\"@type\":\"WebPage\",\"@id\":\"https:\/\/naturvernforbundet.no\/moreogromsdal\/volvoloysinga-i-gent-og-fossilloysinga-i-more-og-romsdal\/\",\"url\":\"https:\/\/naturvernforbundet.no\/moreogromsdal\/volvoloysinga-i-gent-og-fossilloysinga-i-more-og-romsdal\/\",\"name\":\"Volvol\u00f8ysinga i Gent og fossill\u00f8ysinga i M\u00f8re og Romsdal - M\u00f8re og Romsdal\",\"isPartOf\":{\"@id\":\"https:\/\/naturvernforbundet.no\/moreogromsdal\/#website\"},\"datePublished\":\"2006-04-05T09:42:00+00:00\",\"author\":{\"@id\":\"https:\/\/naturvernforbundet.no\/moreogromsdal\/#\/schema\/person\/c72f198205979084bf071deedb6205f4\"},\"breadcrumb\":{\"@id\":\"https:\/\/naturvernforbundet.no\/moreogromsdal\/volvoloysinga-i-gent-og-fossilloysinga-i-more-og-romsdal\/#breadcrumb\"},\"inLanguage\":\"nb-NO\",\"potentialAction\":[{\"@type\":\"ReadAction\",\"target\":[\"https:\/\/naturvernforbundet.no\/moreogromsdal\/volvoloysinga-i-gent-og-fossilloysinga-i-more-og-romsdal\/\"]}]},{\"@type\":\"BreadcrumbList\",\"@id\":\"https:\/\/naturvernforbundet.no\/moreogromsdal\/volvoloysinga-i-gent-og-fossilloysinga-i-more-og-romsdal\/#breadcrumb\",\"itemListElement\":[{\"@type\":\"ListItem\",\"position\":1,\"name\":\"Till naturvernforbundet.no\",\"item\":\"https:\/\/naturvernforbundet.no\/\"},{\"@type\":\"ListItem\",\"position\":2,\"name\":\"M\u00f8re og Romsdal\",\"item\":\"https:\/\/naturvernforbundet.no\/moreogromsdal\/\"},{\"@type\":\"ListItem\",\"position\":3,\"name\":\"Volvol\u00f8ysinga i Gent og fossill\u00f8ysinga i M\u00f8re og Romsdal\"}]},{\"@type\":\"WebSite\",\"@id\":\"https:\/\/naturvernforbundet.no\/moreogromsdal\/#website\",\"url\":\"https:\/\/naturvernforbundet.no\/moreogromsdal\/\",\"name\":\"M\u00f8re og Romsdal\",\"description\":\"Bare enda et Naturvernforbundet Sites-nettsted\",\"potentialAction\":[{\"@type\":\"SearchAction\",\"target\":{\"@type\":\"EntryPoint\",\"urlTemplate\":\"https:\/\/naturvernforbundet.no\/moreogromsdal\/?s={search_term_string}\"},\"query-input\":{\"@type\":\"PropertyValueSpecification\",\"valueRequired\":true,\"valueName\":\"search_term_string\"}}],\"inLanguage\":\"nb-NO\"},{\"@type\":\"Person\",\"@id\":\"https:\/\/naturvernforbundet.no\/moreogromsdal\/#\/schema\/person\/c72f198205979084bf071deedb6205f4\",\"name\":\"Artikkelimport\u00f8r\",\"image\":{\"@type\":\"ImageObject\",\"inLanguage\":\"nb-NO\",\"@id\":\"https:\/\/naturvernforbundet.no\/moreogromsdal\/#\/schema\/person\/image\/\",\"url\":\"https:\/\/secure.gravatar.com\/avatar\/015fa491b9ed1c823ef16a5c930294d1?s=96&d=mm&r=g\",\"contentUrl\":\"https:\/\/secure.gravatar.com\/avatar\/015fa491b9ed1c823ef16a5c930294d1?s=96&d=mm&r=g\",\"caption\":\"Artikkelimport\u00f8r\"},\"url\":\"https:\/\/naturvernforbundet.no\/moreogromsdal\/author\/artikkelimportor\/\"}]}<\/script>\n<!-- \/ Yoast SEO plugin. -->","yoast_head_json":{"title":"Volvol\u00f8ysinga i Gent og fossill\u00f8ysinga i M\u00f8re og Romsdal - M\u00f8re og Romsdal","robots":{"index":"index","follow":"follow","max-snippet":"max-snippet:-1","max-image-preview":"max-image-preview:large","max-video-preview":"max-video-preview:-1"},"canonical":"https:\/\/naturvernforbundet.no\/moreogromsdal\/volvoloysinga-i-gent-og-fossilloysinga-i-more-og-romsdal\/","og_locale":"nb_NO","og_type":"article","og_title":"Volvol\u00f8ysinga i Gent og fossill\u00f8ysinga i M\u00f8re og Romsdal - M\u00f8re og Romsdal","og_description":"Sj\u00f8lv om temaet for lesarbrevet er energi denne gongen ogs\u00e5, s\u00e5 kjem det i alle fall med ein heilt ny vinkel. Viss nokon \u00f8nskjer \u00e5 sj\u00e5 n\u00e6rare p\u00e5 Volvo si l\u00f8ysing, s\u00e5 skal eg vel kunne formidle det. Send meg ein epost, s\u00e5 skal de i alle fall f\u00e5 ein kontaktperson med epostadresse.","og_url":"https:\/\/naturvernforbundet.no\/moreogromsdal\/volvoloysinga-i-gent-og-fossilloysinga-i-more-og-romsdal\/","og_site_name":"M\u00f8re og Romsdal","article_published_time":"2006-04-05T09:42:00+00:00","author":"Artikkelimport\u00f8r","twitter_card":"summary_large_image","twitter_misc":{"Skrevet av":"Artikkelimport\u00f8r","Ansl. lesetid":"1 minutt"},"schema":{"@context":"https:\/\/schema.org","@graph":[{"@type":"WebPage","@id":"https:\/\/naturvernforbundet.no\/moreogromsdal\/volvoloysinga-i-gent-og-fossilloysinga-i-more-og-romsdal\/","url":"https:\/\/naturvernforbundet.no\/moreogromsdal\/volvoloysinga-i-gent-og-fossilloysinga-i-more-og-romsdal\/","name":"Volvol\u00f8ysinga i Gent og fossill\u00f8ysinga i M\u00f8re og Romsdal - M\u00f8re og Romsdal","isPartOf":{"@id":"https:\/\/naturvernforbundet.no\/moreogromsdal\/#website"},"datePublished":"2006-04-05T09:42:00+00:00","author":{"@id":"https:\/\/naturvernforbundet.no\/moreogromsdal\/#\/schema\/person\/c72f198205979084bf071deedb6205f4"},"breadcrumb":{"@id":"https:\/\/naturvernforbundet.no\/moreogromsdal\/volvoloysinga-i-gent-og-fossilloysinga-i-more-og-romsdal\/#breadcrumb"},"inLanguage":"nb-NO","potentialAction":[{"@type":"ReadAction","target":["https:\/\/naturvernforbundet.no\/moreogromsdal\/volvoloysinga-i-gent-og-fossilloysinga-i-more-og-romsdal\/"]}]},{"@type":"BreadcrumbList","@id":"https:\/\/naturvernforbundet.no\/moreogromsdal\/volvoloysinga-i-gent-og-fossilloysinga-i-more-og-romsdal\/#breadcrumb","itemListElement":[{"@type":"ListItem","position":1,"name":"Till naturvernforbundet.no","item":"https:\/\/naturvernforbundet.no\/"},{"@type":"ListItem","position":2,"name":"M\u00f8re og Romsdal","item":"https:\/\/naturvernforbundet.no\/moreogromsdal\/"},{"@type":"ListItem","position":3,"name":"Volvol\u00f8ysinga i Gent og fossill\u00f8ysinga i M\u00f8re og Romsdal"}]},{"@type":"WebSite","@id":"https:\/\/naturvernforbundet.no\/moreogromsdal\/#website","url":"https:\/\/naturvernforbundet.no\/moreogromsdal\/","name":"M\u00f8re og Romsdal","description":"Bare enda et Naturvernforbundet Sites-nettsted","potentialAction":[{"@type":"SearchAction","target":{"@type":"EntryPoint","urlTemplate":"https:\/\/naturvernforbundet.no\/moreogromsdal\/?s={search_term_string}"},"query-input":{"@type":"PropertyValueSpecification","valueRequired":true,"valueName":"search_term_string"}}],"inLanguage":"nb-NO"},{"@type":"Person","@id":"https:\/\/naturvernforbundet.no\/moreogromsdal\/#\/schema\/person\/c72f198205979084bf071deedb6205f4","name":"Artikkelimport\u00f8r","image":{"@type":"ImageObject","inLanguage":"nb-NO","@id":"https:\/\/naturvernforbundet.no\/moreogromsdal\/#\/schema\/person\/image\/","url":"https:\/\/secure.gravatar.com\/avatar\/015fa491b9ed1c823ef16a5c930294d1?s=96&d=mm&r=g","contentUrl":"https:\/\/secure.gravatar.com\/avatar\/015fa491b9ed1c823ef16a5c930294d1?s=96&d=mm&r=g","caption":"Artikkelimport\u00f8r"},"url":"https:\/\/naturvernforbundet.no\/moreogromsdal\/author\/artikkelimportor\/"}]}},"_links":{"self":[{"href":"https:\/\/naturvernforbundet.no\/moreogromsdal\/wp-json\/wp\/v2\/posts\/2562","targetHints":{"allow":["GET"]}}],"collection":[{"href":"https:\/\/naturvernforbundet.no\/moreogromsdal\/wp-json\/wp\/v2\/posts"}],"about":[{"href":"https:\/\/naturvernforbundet.no\/moreogromsdal\/wp-json\/wp\/v2\/types\/post"}],"author":[{"embeddable":true,"href":"https:\/\/naturvernforbundet.no\/moreogromsdal\/wp-json\/wp\/v2\/users\/38"}],"replies":[{"embeddable":true,"href":"https:\/\/naturvernforbundet.no\/moreogromsdal\/wp-json\/wp\/v2\/comments?post=2562"}],"version-history":[{"count":0,"href":"https:\/\/naturvernforbundet.no\/moreogromsdal\/wp-json\/wp\/v2\/posts\/2562\/revisions"}],"wp:attachment":[{"href":"https:\/\/naturvernforbundet.no\/moreogromsdal\/wp-json\/wp\/v2\/media?parent=2562"}],"wp:term":[{"taxonomy":"category","embeddable":true,"href":"https:\/\/naturvernforbundet.no\/moreogromsdal\/wp-json\/wp\/v2\/categories?post=2562"},{"taxonomy":"post_tag","embeddable":true,"href":"https:\/\/naturvernforbundet.no\/moreogromsdal\/wp-json\/wp\/v2\/tags?post=2562"},{"taxonomy":"local","embeddable":true,"href":"https:\/\/naturvernforbundet.no\/moreogromsdal\/wp-json\/wp\/v2\/local?post=2562"}],"curies":[{"name":"wp","href":"https:\/\/api.w.org\/{rel}","templated":true}]}}