{"id":2591,"date":"2005-03-22T14:07:00","date_gmt":"2005-03-22T13:07:00","guid":{"rendered":"https:\/\/naturvernforbundet.no\/moreogromsdal\/vindkraft-i-fraena-og-aukra\/"},"modified":"2005-03-22T14:07:00","modified_gmt":"2005-03-22T13:07:00","slug":"vindkraft-i-fraena-og-aukra","status":"publish","type":"post","link":"https:\/\/naturvernforbundet.no\/moreogromsdal\/vindkraft-i-fraena-og-aukra\/","title":{"rendered":"Vindkraft i Fr\u00e6na? Og Aukra?"},"content":{"rendered":"\t<div class=\"template-post alignfull wp-block-naturvern-hero\">\n\t\t<div class=\"hero__inner\">\n\t\t\t<div class=\"hero__inner_blocks\">\n\t\t\t\t\t\t\t\t\n\t\t\t\t\t<h1 class=\"wp-block-post-title\">Vindkraft i Fr\u00e6na? Og Aukra?<\/h1>\n\n\t\t\t\t\t<div class=\"wp-block-post-excerpt\"><p class=\"wp-block-post-excerpt__excerpt\">Leserinnlegg om vindkraftplanlegging. <\/p><\/div>\n\n\t\t\t\t\t\n\n\t\t\t\t\t<div class=\"wp-block-naturvern-byline\">\n\t\t\t<div class=\"authors\">By <span class=\"t2-byline__author-link\">Artikkelimport\u00f8r<\/span><\/div>\n\t\t\t<small class=\"entry-date\">22.03.2005 14:07<\/small>\n\t\t<\/div>\n\t\t\t\t\t\t\t\t<\/div>\n\t\t\t\t\t<\/div>\n\t\t\t<\/div>\n\t\n<p>Vindkraft i Fr\u00e6na? Og Aukra?<br><br>Ordf\u00f8rar i Fr\u00e6na seier den 15. mars seg lei for at Fr\u00e6na bruker meir energi enn dei produserer, i samband med at kommunestyret vende tommelen ned for b\u00e5de Statkraft sitt landbaserte vindm\u00f8lleprosjekt og meldinga for havanlegget fr\u00e5 Havgul.<br><br>Naturvernforbundet deler ikkje ordf\u00f8raren sitt engasjement for \u00e5 f\u00e5 bygd Statkraft sin vindpark, sidan naturverdiane i det omr\u00e5det er p\u00e5vist \u00e5 vere b\u00e5de store og viktige. Men det er viktig at dei som har glede av \u00e5 vere storforbrukare av kraft ogs\u00e5 kan ta ansvar for \u00e5 produsere meir kraft utan at andre f\u00e5r ulempene. <br><br>Naturvernforbundet vil difor utfordre Fr\u00e6na kommune til \u00e5 vurdere areala i sin kommune med omsyn til om dei er eigna til vindkraft eller ikkje. Men det er viktig \u00e5 byrje i andre enden enn det vindkraftprodusentane har gjort. Kommunen f\u00e5r ta fram kartet, fargelegge areal som er verdifulle i andre samanhengar (kultur, natur, friluftsliv, n\u00e6ringar som ikkje kan kombinerast med vindkraft osb.). Dei bitane av kartet som ikkje er fargelagde er dei omr\u00e5da som kanskje kan nyttast til vindkraft. Kartet har ikkje status som noko som helst, men er rett og slett ein grovsil. S\u00f8knader om vindkraft i desse omr\u00e5da m\u00e5 sj\u00f8lvsagt gjennom dei vanlege vurderingane som melding, konsekvensutgreiing og konsesjonsvedtak.<br><br>Sj\u00f8lv om Naturvernforbundet gjerne skulle ha sett at dette sorteringsarbeidet blei gjort grundig, meiner vi at sj\u00f8lv eit ganske enkelt sorteringsarbeid gjer stor nytte. N\u00e5r ein sakshandsamar har samla saman opplysningar i to veker og fargelagt kartet etter det, og s\u00e5 ei kunngjering slik at andre kan kome med ytterlegare opplysningar ein m\u00e5nads tid, d\u00e5 har kommunen f\u00e5tt eit godt grunnlag for kanalisering av nye s\u00f8knader.<br><br>Ordf\u00f8rar p\u00e5 Aukra kan ogs\u00e5 f\u00e5 utfordringa. B\u00e5de Fr\u00e6na og Aukra har (f\u00e5r) vel overskot p\u00e5 varmvatn til fjernvarme, s\u00e5 den andre b\u00e6rekraftige energikjelda for flate landskap, bioenergi, skal andre f\u00e5 utfordringar om.<br><br>\n\u00d8ystein Folden\nLeiar, Naturvernforbundet i M\u00f8re og Romsdal\n<\/p>\n","protected":false},"excerpt":{"rendered":"<p>Leserinnlegg om vindkraftplanlegging.<\/p>\n","protected":false},"author":38,"featured_media":0,"comment_status":"closed","ping_status":"closed","sticky":false,"template":"","format":"standard","meta":{"_relevanssi_hide_post":"","_relevanssi_hide_content":"","_relevanssi_pin_for_all":"","_relevanssi_pin_keywords":"","_relevanssi_unpin_keywords":"","_relevanssi_related_keywords":"","_relevanssi_related_include_ids":"","_relevanssi_related_exclude_ids":"","_relevanssi_related_no_append":"","_relevanssi_related_not_related":"","_relevanssi_related_posts":"","_relevanssi_noindex_reason":"","hide_logo":false,"footnotes":""},"categories":[25],"tags":[],"local":[],"class_list":["post-2591","post","type-post","status-publish","format-standard","hentry","category-vindkraft"],"acf":[],"yoast_head":"<!-- This site is optimized with the Yoast SEO plugin v24.9 - https:\/\/yoast.com\/wordpress\/plugins\/seo\/ -->\n<title>Vindkraft i Fr\u00e6na? Og Aukra? - M\u00f8re og Romsdal<\/title>\n<meta name=\"robots\" content=\"index, follow, max-snippet:-1, max-image-preview:large, max-video-preview:-1\" \/>\n<link rel=\"canonical\" href=\"https:\/\/naturvernforbundet.no\/moreogromsdal\/vindkraft-i-fraena-og-aukra\/\" \/>\n<meta property=\"og:locale\" content=\"nb_NO\" \/>\n<meta property=\"og:type\" content=\"article\" \/>\n<meta property=\"og:title\" content=\"Vindkraft i Fr\u00e6na? Og Aukra? - M\u00f8re og Romsdal\" \/>\n<meta property=\"og:description\" content=\"Leserinnlegg om vindkraftplanlegging.\" \/>\n<meta property=\"og:url\" content=\"https:\/\/naturvernforbundet.no\/moreogromsdal\/vindkraft-i-fraena-og-aukra\/\" \/>\n<meta property=\"og:site_name\" content=\"M\u00f8re og Romsdal\" \/>\n<meta property=\"article:published_time\" content=\"2005-03-22T13:07:00+00:00\" \/>\n<meta name=\"author\" content=\"Artikkelimport\u00f8r\" \/>\n<meta name=\"twitter:card\" content=\"summary_large_image\" \/>\n<meta name=\"twitter:label1\" content=\"Skrevet av\" \/>\n\t<meta name=\"twitter:data1\" content=\"Artikkelimport\u00f8r\" \/>\n\t<meta name=\"twitter:label2\" content=\"Ansl. lesetid\" \/>\n\t<meta name=\"twitter:data2\" content=\"2 minutter\" \/>\n<script type=\"application\/ld+json\" class=\"yoast-schema-graph\">{\"@context\":\"https:\/\/schema.org\",\"@graph\":[{\"@type\":\"WebPage\",\"@id\":\"https:\/\/naturvernforbundet.no\/moreogromsdal\/vindkraft-i-fraena-og-aukra\/\",\"url\":\"https:\/\/naturvernforbundet.no\/moreogromsdal\/vindkraft-i-fraena-og-aukra\/\",\"name\":\"Vindkraft i Fr\u00e6na? Og Aukra? - M\u00f8re og Romsdal\",\"isPartOf\":{\"@id\":\"https:\/\/naturvernforbundet.no\/moreogromsdal\/#website\"},\"datePublished\":\"2005-03-22T13:07:00+00:00\",\"author\":{\"@id\":\"https:\/\/naturvernforbundet.no\/moreogromsdal\/#\/schema\/person\/c72f198205979084bf071deedb6205f4\"},\"breadcrumb\":{\"@id\":\"https:\/\/naturvernforbundet.no\/moreogromsdal\/vindkraft-i-fraena-og-aukra\/#breadcrumb\"},\"inLanguage\":\"nb-NO\",\"potentialAction\":[{\"@type\":\"ReadAction\",\"target\":[\"https:\/\/naturvernforbundet.no\/moreogromsdal\/vindkraft-i-fraena-og-aukra\/\"]}]},{\"@type\":\"BreadcrumbList\",\"@id\":\"https:\/\/naturvernforbundet.no\/moreogromsdal\/vindkraft-i-fraena-og-aukra\/#breadcrumb\",\"itemListElement\":[{\"@type\":\"ListItem\",\"position\":1,\"name\":\"Till naturvernforbundet.no\",\"item\":\"https:\/\/naturvernforbundet.no\/\"},{\"@type\":\"ListItem\",\"position\":2,\"name\":\"M\u00f8re og Romsdal\",\"item\":\"https:\/\/naturvernforbundet.no\/moreogromsdal\/\"},{\"@type\":\"ListItem\",\"position\":3,\"name\":\"Vindkraft i Fr\u00e6na? Og Aukra?\"}]},{\"@type\":\"WebSite\",\"@id\":\"https:\/\/naturvernforbundet.no\/moreogromsdal\/#website\",\"url\":\"https:\/\/naturvernforbundet.no\/moreogromsdal\/\",\"name\":\"M\u00f8re og Romsdal\",\"description\":\"Bare enda et Naturvernforbundet Sites-nettsted\",\"potentialAction\":[{\"@type\":\"SearchAction\",\"target\":{\"@type\":\"EntryPoint\",\"urlTemplate\":\"https:\/\/naturvernforbundet.no\/moreogromsdal\/?s={search_term_string}\"},\"query-input\":{\"@type\":\"PropertyValueSpecification\",\"valueRequired\":true,\"valueName\":\"search_term_string\"}}],\"inLanguage\":\"nb-NO\"},{\"@type\":\"Person\",\"@id\":\"https:\/\/naturvernforbundet.no\/moreogromsdal\/#\/schema\/person\/c72f198205979084bf071deedb6205f4\",\"name\":\"Artikkelimport\u00f8r\",\"image\":{\"@type\":\"ImageObject\",\"inLanguage\":\"nb-NO\",\"@id\":\"https:\/\/naturvernforbundet.no\/moreogromsdal\/#\/schema\/person\/image\/\",\"url\":\"https:\/\/secure.gravatar.com\/avatar\/015fa491b9ed1c823ef16a5c930294d1?s=96&d=mm&r=g\",\"contentUrl\":\"https:\/\/secure.gravatar.com\/avatar\/015fa491b9ed1c823ef16a5c930294d1?s=96&d=mm&r=g\",\"caption\":\"Artikkelimport\u00f8r\"},\"url\":\"https:\/\/naturvernforbundet.no\/moreogromsdal\/author\/artikkelimportor\/\"}]}<\/script>\n<!-- \/ Yoast SEO plugin. -->","yoast_head_json":{"title":"Vindkraft i Fr\u00e6na? Og Aukra? - M\u00f8re og Romsdal","robots":{"index":"index","follow":"follow","max-snippet":"max-snippet:-1","max-image-preview":"max-image-preview:large","max-video-preview":"max-video-preview:-1"},"canonical":"https:\/\/naturvernforbundet.no\/moreogromsdal\/vindkraft-i-fraena-og-aukra\/","og_locale":"nb_NO","og_type":"article","og_title":"Vindkraft i Fr\u00e6na? Og Aukra? - M\u00f8re og Romsdal","og_description":"Leserinnlegg om vindkraftplanlegging.","og_url":"https:\/\/naturvernforbundet.no\/moreogromsdal\/vindkraft-i-fraena-og-aukra\/","og_site_name":"M\u00f8re og Romsdal","article_published_time":"2005-03-22T13:07:00+00:00","author":"Artikkelimport\u00f8r","twitter_card":"summary_large_image","twitter_misc":{"Skrevet av":"Artikkelimport\u00f8r","Ansl. lesetid":"2 minutter"},"schema":{"@context":"https:\/\/schema.org","@graph":[{"@type":"WebPage","@id":"https:\/\/naturvernforbundet.no\/moreogromsdal\/vindkraft-i-fraena-og-aukra\/","url":"https:\/\/naturvernforbundet.no\/moreogromsdal\/vindkraft-i-fraena-og-aukra\/","name":"Vindkraft i Fr\u00e6na? Og Aukra? - M\u00f8re og Romsdal","isPartOf":{"@id":"https:\/\/naturvernforbundet.no\/moreogromsdal\/#website"},"datePublished":"2005-03-22T13:07:00+00:00","author":{"@id":"https:\/\/naturvernforbundet.no\/moreogromsdal\/#\/schema\/person\/c72f198205979084bf071deedb6205f4"},"breadcrumb":{"@id":"https:\/\/naturvernforbundet.no\/moreogromsdal\/vindkraft-i-fraena-og-aukra\/#breadcrumb"},"inLanguage":"nb-NO","potentialAction":[{"@type":"ReadAction","target":["https:\/\/naturvernforbundet.no\/moreogromsdal\/vindkraft-i-fraena-og-aukra\/"]}]},{"@type":"BreadcrumbList","@id":"https:\/\/naturvernforbundet.no\/moreogromsdal\/vindkraft-i-fraena-og-aukra\/#breadcrumb","itemListElement":[{"@type":"ListItem","position":1,"name":"Till naturvernforbundet.no","item":"https:\/\/naturvernforbundet.no\/"},{"@type":"ListItem","position":2,"name":"M\u00f8re og Romsdal","item":"https:\/\/naturvernforbundet.no\/moreogromsdal\/"},{"@type":"ListItem","position":3,"name":"Vindkraft i Fr\u00e6na? Og Aukra?"}]},{"@type":"WebSite","@id":"https:\/\/naturvernforbundet.no\/moreogromsdal\/#website","url":"https:\/\/naturvernforbundet.no\/moreogromsdal\/","name":"M\u00f8re og Romsdal","description":"Bare enda et Naturvernforbundet Sites-nettsted","potentialAction":[{"@type":"SearchAction","target":{"@type":"EntryPoint","urlTemplate":"https:\/\/naturvernforbundet.no\/moreogromsdal\/?s={search_term_string}"},"query-input":{"@type":"PropertyValueSpecification","valueRequired":true,"valueName":"search_term_string"}}],"inLanguage":"nb-NO"},{"@type":"Person","@id":"https:\/\/naturvernforbundet.no\/moreogromsdal\/#\/schema\/person\/c72f198205979084bf071deedb6205f4","name":"Artikkelimport\u00f8r","image":{"@type":"ImageObject","inLanguage":"nb-NO","@id":"https:\/\/naturvernforbundet.no\/moreogromsdal\/#\/schema\/person\/image\/","url":"https:\/\/secure.gravatar.com\/avatar\/015fa491b9ed1c823ef16a5c930294d1?s=96&d=mm&r=g","contentUrl":"https:\/\/secure.gravatar.com\/avatar\/015fa491b9ed1c823ef16a5c930294d1?s=96&d=mm&r=g","caption":"Artikkelimport\u00f8r"},"url":"https:\/\/naturvernforbundet.no\/moreogromsdal\/author\/artikkelimportor\/"}]}},"_links":{"self":[{"href":"https:\/\/naturvernforbundet.no\/moreogromsdal\/wp-json\/wp\/v2\/posts\/2591","targetHints":{"allow":["GET"]}}],"collection":[{"href":"https:\/\/naturvernforbundet.no\/moreogromsdal\/wp-json\/wp\/v2\/posts"}],"about":[{"href":"https:\/\/naturvernforbundet.no\/moreogromsdal\/wp-json\/wp\/v2\/types\/post"}],"author":[{"embeddable":true,"href":"https:\/\/naturvernforbundet.no\/moreogromsdal\/wp-json\/wp\/v2\/users\/38"}],"replies":[{"embeddable":true,"href":"https:\/\/naturvernforbundet.no\/moreogromsdal\/wp-json\/wp\/v2\/comments?post=2591"}],"version-history":[{"count":0,"href":"https:\/\/naturvernforbundet.no\/moreogromsdal\/wp-json\/wp\/v2\/posts\/2591\/revisions"}],"wp:attachment":[{"href":"https:\/\/naturvernforbundet.no\/moreogromsdal\/wp-json\/wp\/v2\/media?parent=2591"}],"wp:term":[{"taxonomy":"category","embeddable":true,"href":"https:\/\/naturvernforbundet.no\/moreogromsdal\/wp-json\/wp\/v2\/categories?post=2591"},{"taxonomy":"post_tag","embeddable":true,"href":"https:\/\/naturvernforbundet.no\/moreogromsdal\/wp-json\/wp\/v2\/tags?post=2591"},{"taxonomy":"local","embeddable":true,"href":"https:\/\/naturvernforbundet.no\/moreogromsdal\/wp-json\/wp\/v2\/local?post=2591"}],"curies":[{"name":"wp","href":"https:\/\/api.w.org\/{rel}","templated":true}]}}