{"id":2594,"date":"2006-01-06T08:56:00","date_gmt":"2006-01-06T07:56:00","guid":{"rendered":"https:\/\/naturvernforbundet.no\/moreogromsdal\/haram-vindpark\/"},"modified":"2006-01-06T08:56:00","modified_gmt":"2006-01-06T07:56:00","slug":"haram-vindpark","status":"publish","type":"post","link":"https:\/\/naturvernforbundet.no\/moreogromsdal\/haram-vindpark\/","title":{"rendered":"Haram vindpark"},"content":{"rendered":"\t<div class=\"template-post alignfull wp-block-naturvern-hero\">\n\t\t<div class=\"hero__inner\">\n\t\t\t<div class=\"hero__inner_blocks\">\n\t\t\t\t\t\t\t\t\n\t\t\t\t\t<h1 class=\"wp-block-post-title\">Haram vindpark<\/h1>\n\n\t\t\t\t\t<div class=\"wp-block-post-excerpt\"><p class=\"wp-block-post-excerpt__excerpt\">Her er meir informasjon om Haram vindpark. <\/p><\/div>\n\n\t\t\t\t\t\n\n\t\t\t\t\t<div class=\"wp-block-naturvern-byline\">\n\t\t\t<div class=\"authors\">By <span class=\"t2-byline__author-link\">Artikkelimport\u00f8r<\/span><\/div>\n\t\t\t<small class=\"entry-date\">06.01.2006 08:56<\/small>\n\t\t<\/div>\n\t\t\t\t\t\t\t\t<\/div>\n\t\t\t\t\t<\/div>\n\t\t\t<\/div>\n\t\n<p><strong>Tiltakshaver<\/strong>\n\t\t\t&nbsp;\n\t\t\tHARAM KRAFT AS\n\t\t\n\t\t\n\t\t\t<strong>Fylke<\/strong>\n\t\t\t&nbsp;\n\t\t\tM\u00d8RE OG ROMSDAL\n\t\t\n\t\t\n\t\t\t<strong>Kommune<\/strong>\n\t\t\t&nbsp;\n\t\t\tHARAM\n\t\t\n\t\t\n\t\t\t<strong>Ytelse<\/strong>\n\t\t\t&nbsp;\n\t\t\t66 MW\n\t\t\n\t\t\n\t\t\t<strong>\u00c5rsproduksjon<\/strong>\n\t\t\t&nbsp;\n\t\t\t200 GWh\n\t\t\n\t\t\n\t\t\t<strong>Antall m\u00f8ller<\/strong>\n\t\t\t&nbsp;\n\t\t\t24 stk\n\t\t\n\t\t\n\t\t\t<strong>Saksnummer i NVE <\/strong>\n\t\t\t&nbsp;\n\t\t\t200202714\n\t\t\n\t\t\n\t\t\t<strong>Status<\/strong>\n\t\t\t&nbsp;\n\t\t\tKonsesjon er s\u00f8kt\n\t\t\n\t\n<\/p>\n\n\n\n\n\n<p>NVE har mottatt konsesjonss\u00f8knad og konsekvensutredning for Haram vindpark og for en 132 kV kraftledning fra vindparken til Alvestad.<br>\nHaram Kraft AS har s\u00f8kt om \u00e5 bygge og drive en vindpark med inntil 33<br>\nvindturbiner og en installert effekt p\u00e5 66 MW. Vindparken er tenkt lokalisert<br>\np\u00e5 Harams\u00f8ya og Flems\u00f8ya. Vindturbinene vil kunne f\u00e5 en totalh\u00f8yde p\u00e5 inntil 135 meter, og vil hver kunne ha en installert effekt p\u00e5 2 til 3 MW.<\/p>\n\n\n\n<p><u>Nettilknytning:<\/u><br>\nTafjord Kraftnett AS s\u00f8ker om konsesjon for \u00e5 bygge og drive en 22 kV<br>\nkraftledning fra vindparken p\u00e5 Flems\u00f8ya til ny transformatorstasjon i<br>\nvindparken p\u00e5 Harams\u00f8ya, samt en 132 kV kraftledning fra ny<br>\ntransformatorstasjon p\u00e5 Harams\u00f8ya til Alvestad transformatorstasjon. Den<br>\noms\u00f8kte nettl\u00f8sningen best\u00e5r b\u00e5de luftledning, jordkabel og sj\u00f8kabel.<\/p>\n\n\n\n<p>NVE holdt offentlig m\u00f8te om saken p\u00e5 Harams\u00f8y skole<br>\ntirsdag 25. januar 2005 kl 1900. Fristen for \u00e5 komme med merknader til s\u00f8knaden og konsekvensutredningen var satt til 18. mars 2005.<\/p>\n\n\n\n<p>NVE ba i brev av 2. juni 2005 om tilleggsutredninger i saken. Haram Kraft AS<br>\noversendte tilleggsutredningen 9. desember 2005. Tilleggsutredningen ble sendt p\u00e5 h\u00f8ring 14. desember 2005, og eventuelle merknader til denne m\u00e5 sendes NVE innen <strong>31. januar 2006<\/strong><\/p>\n\n\n\n<p><strong>Norges vassdrags- og energidirektorat<\/strong><br>\nPostboks 5091 Majorstua<br>\n0301 OSLO<\/p>\n","protected":false},"excerpt":{"rendered":"<p>Her er meir informasjon om Haram vindpark.<\/p>\n","protected":false},"author":38,"featured_media":0,"comment_status":"closed","ping_status":"closed","sticky":false,"template":"","format":"standard","meta":{"_relevanssi_hide_post":"","_relevanssi_hide_content":"","_relevanssi_pin_for_all":"","_relevanssi_pin_keywords":"","_relevanssi_unpin_keywords":"","_relevanssi_related_keywords":"","_relevanssi_related_include_ids":"","_relevanssi_related_exclude_ids":"","_relevanssi_related_no_append":"","_relevanssi_related_not_related":"","_relevanssi_related_posts":"","_relevanssi_noindex_reason":"","hide_logo":false,"footnotes":""},"categories":[17],"tags":[],"local":[],"class_list":["post-2594","post","type-post","status-publish","format-standard","hentry","category-more-og-romsdal"],"acf":[],"yoast_head":"<!-- This site is optimized with the Yoast SEO plugin v24.9 - https:\/\/yoast.com\/wordpress\/plugins\/seo\/ -->\n<title>Haram vindpark - M\u00f8re og Romsdal<\/title>\n<meta name=\"robots\" content=\"index, follow, max-snippet:-1, max-image-preview:large, max-video-preview:-1\" \/>\n<link rel=\"canonical\" href=\"https:\/\/naturvernforbundet.no\/moreogromsdal\/haram-vindpark\/\" \/>\n<meta property=\"og:locale\" content=\"nb_NO\" \/>\n<meta property=\"og:type\" content=\"article\" \/>\n<meta property=\"og:title\" content=\"Haram vindpark - M\u00f8re og Romsdal\" \/>\n<meta property=\"og:description\" content=\"Her er meir informasjon om Haram vindpark.\" \/>\n<meta property=\"og:url\" content=\"https:\/\/naturvernforbundet.no\/moreogromsdal\/haram-vindpark\/\" \/>\n<meta property=\"og:site_name\" content=\"M\u00f8re og Romsdal\" \/>\n<meta property=\"article:published_time\" content=\"2006-01-06T07:56:00+00:00\" \/>\n<meta name=\"author\" content=\"Artikkelimport\u00f8r\" \/>\n<meta name=\"twitter:card\" content=\"summary_large_image\" \/>\n<meta name=\"twitter:label1\" content=\"Skrevet av\" \/>\n\t<meta name=\"twitter:data1\" content=\"Artikkelimport\u00f8r\" \/>\n\t<meta name=\"twitter:label2\" content=\"Ansl. lesetid\" \/>\n\t<meta name=\"twitter:data2\" content=\"1 minutt\" \/>\n<script type=\"application\/ld+json\" class=\"yoast-schema-graph\">{\"@context\":\"https:\/\/schema.org\",\"@graph\":[{\"@type\":\"WebPage\",\"@id\":\"https:\/\/naturvernforbundet.no\/moreogromsdal\/haram-vindpark\/\",\"url\":\"https:\/\/naturvernforbundet.no\/moreogromsdal\/haram-vindpark\/\",\"name\":\"Haram vindpark - M\u00f8re og Romsdal\",\"isPartOf\":{\"@id\":\"https:\/\/naturvernforbundet.no\/moreogromsdal\/#website\"},\"datePublished\":\"2006-01-06T07:56:00+00:00\",\"author\":{\"@id\":\"https:\/\/naturvernforbundet.no\/moreogromsdal\/#\/schema\/person\/c72f198205979084bf071deedb6205f4\"},\"breadcrumb\":{\"@id\":\"https:\/\/naturvernforbundet.no\/moreogromsdal\/haram-vindpark\/#breadcrumb\"},\"inLanguage\":\"nb-NO\",\"potentialAction\":[{\"@type\":\"ReadAction\",\"target\":[\"https:\/\/naturvernforbundet.no\/moreogromsdal\/haram-vindpark\/\"]}]},{\"@type\":\"BreadcrumbList\",\"@id\":\"https:\/\/naturvernforbundet.no\/moreogromsdal\/haram-vindpark\/#breadcrumb\",\"itemListElement\":[{\"@type\":\"ListItem\",\"position\":1,\"name\":\"Till naturvernforbundet.no\",\"item\":\"https:\/\/naturvernforbundet.no\/\"},{\"@type\":\"ListItem\",\"position\":2,\"name\":\"M\u00f8re og Romsdal\",\"item\":\"https:\/\/naturvernforbundet.no\/moreogromsdal\/\"},{\"@type\":\"ListItem\",\"position\":3,\"name\":\"Haram vindpark\"}]},{\"@type\":\"WebSite\",\"@id\":\"https:\/\/naturvernforbundet.no\/moreogromsdal\/#website\",\"url\":\"https:\/\/naturvernforbundet.no\/moreogromsdal\/\",\"name\":\"M\u00f8re og Romsdal\",\"description\":\"Bare enda et Naturvernforbundet Sites-nettsted\",\"potentialAction\":[{\"@type\":\"SearchAction\",\"target\":{\"@type\":\"EntryPoint\",\"urlTemplate\":\"https:\/\/naturvernforbundet.no\/moreogromsdal\/?s={search_term_string}\"},\"query-input\":{\"@type\":\"PropertyValueSpecification\",\"valueRequired\":true,\"valueName\":\"search_term_string\"}}],\"inLanguage\":\"nb-NO\"},{\"@type\":\"Person\",\"@id\":\"https:\/\/naturvernforbundet.no\/moreogromsdal\/#\/schema\/person\/c72f198205979084bf071deedb6205f4\",\"name\":\"Artikkelimport\u00f8r\",\"image\":{\"@type\":\"ImageObject\",\"inLanguage\":\"nb-NO\",\"@id\":\"https:\/\/naturvernforbundet.no\/moreogromsdal\/#\/schema\/person\/image\/\",\"url\":\"https:\/\/secure.gravatar.com\/avatar\/015fa491b9ed1c823ef16a5c930294d1?s=96&d=mm&r=g\",\"contentUrl\":\"https:\/\/secure.gravatar.com\/avatar\/015fa491b9ed1c823ef16a5c930294d1?s=96&d=mm&r=g\",\"caption\":\"Artikkelimport\u00f8r\"},\"url\":\"https:\/\/naturvernforbundet.no\/moreogromsdal\/author\/artikkelimportor\/\"}]}<\/script>\n<!-- \/ Yoast SEO plugin. -->","yoast_head_json":{"title":"Haram vindpark - M\u00f8re og Romsdal","robots":{"index":"index","follow":"follow","max-snippet":"max-snippet:-1","max-image-preview":"max-image-preview:large","max-video-preview":"max-video-preview:-1"},"canonical":"https:\/\/naturvernforbundet.no\/moreogromsdal\/haram-vindpark\/","og_locale":"nb_NO","og_type":"article","og_title":"Haram vindpark - M\u00f8re og Romsdal","og_description":"Her er meir informasjon om Haram vindpark.","og_url":"https:\/\/naturvernforbundet.no\/moreogromsdal\/haram-vindpark\/","og_site_name":"M\u00f8re og Romsdal","article_published_time":"2006-01-06T07:56:00+00:00","author":"Artikkelimport\u00f8r","twitter_card":"summary_large_image","twitter_misc":{"Skrevet av":"Artikkelimport\u00f8r","Ansl. lesetid":"1 minutt"},"schema":{"@context":"https:\/\/schema.org","@graph":[{"@type":"WebPage","@id":"https:\/\/naturvernforbundet.no\/moreogromsdal\/haram-vindpark\/","url":"https:\/\/naturvernforbundet.no\/moreogromsdal\/haram-vindpark\/","name":"Haram vindpark - M\u00f8re og Romsdal","isPartOf":{"@id":"https:\/\/naturvernforbundet.no\/moreogromsdal\/#website"},"datePublished":"2006-01-06T07:56:00+00:00","author":{"@id":"https:\/\/naturvernforbundet.no\/moreogromsdal\/#\/schema\/person\/c72f198205979084bf071deedb6205f4"},"breadcrumb":{"@id":"https:\/\/naturvernforbundet.no\/moreogromsdal\/haram-vindpark\/#breadcrumb"},"inLanguage":"nb-NO","potentialAction":[{"@type":"ReadAction","target":["https:\/\/naturvernforbundet.no\/moreogromsdal\/haram-vindpark\/"]}]},{"@type":"BreadcrumbList","@id":"https:\/\/naturvernforbundet.no\/moreogromsdal\/haram-vindpark\/#breadcrumb","itemListElement":[{"@type":"ListItem","position":1,"name":"Till naturvernforbundet.no","item":"https:\/\/naturvernforbundet.no\/"},{"@type":"ListItem","position":2,"name":"M\u00f8re og Romsdal","item":"https:\/\/naturvernforbundet.no\/moreogromsdal\/"},{"@type":"ListItem","position":3,"name":"Haram vindpark"}]},{"@type":"WebSite","@id":"https:\/\/naturvernforbundet.no\/moreogromsdal\/#website","url":"https:\/\/naturvernforbundet.no\/moreogromsdal\/","name":"M\u00f8re og Romsdal","description":"Bare enda et Naturvernforbundet Sites-nettsted","potentialAction":[{"@type":"SearchAction","target":{"@type":"EntryPoint","urlTemplate":"https:\/\/naturvernforbundet.no\/moreogromsdal\/?s={search_term_string}"},"query-input":{"@type":"PropertyValueSpecification","valueRequired":true,"valueName":"search_term_string"}}],"inLanguage":"nb-NO"},{"@type":"Person","@id":"https:\/\/naturvernforbundet.no\/moreogromsdal\/#\/schema\/person\/c72f198205979084bf071deedb6205f4","name":"Artikkelimport\u00f8r","image":{"@type":"ImageObject","inLanguage":"nb-NO","@id":"https:\/\/naturvernforbundet.no\/moreogromsdal\/#\/schema\/person\/image\/","url":"https:\/\/secure.gravatar.com\/avatar\/015fa491b9ed1c823ef16a5c930294d1?s=96&d=mm&r=g","contentUrl":"https:\/\/secure.gravatar.com\/avatar\/015fa491b9ed1c823ef16a5c930294d1?s=96&d=mm&r=g","caption":"Artikkelimport\u00f8r"},"url":"https:\/\/naturvernforbundet.no\/moreogromsdal\/author\/artikkelimportor\/"}]}},"_links":{"self":[{"href":"https:\/\/naturvernforbundet.no\/moreogromsdal\/wp-json\/wp\/v2\/posts\/2594","targetHints":{"allow":["GET"]}}],"collection":[{"href":"https:\/\/naturvernforbundet.no\/moreogromsdal\/wp-json\/wp\/v2\/posts"}],"about":[{"href":"https:\/\/naturvernforbundet.no\/moreogromsdal\/wp-json\/wp\/v2\/types\/post"}],"author":[{"embeddable":true,"href":"https:\/\/naturvernforbundet.no\/moreogromsdal\/wp-json\/wp\/v2\/users\/38"}],"replies":[{"embeddable":true,"href":"https:\/\/naturvernforbundet.no\/moreogromsdal\/wp-json\/wp\/v2\/comments?post=2594"}],"version-history":[{"count":0,"href":"https:\/\/naturvernforbundet.no\/moreogromsdal\/wp-json\/wp\/v2\/posts\/2594\/revisions"}],"wp:attachment":[{"href":"https:\/\/naturvernforbundet.no\/moreogromsdal\/wp-json\/wp\/v2\/media?parent=2594"}],"wp:term":[{"taxonomy":"category","embeddable":true,"href":"https:\/\/naturvernforbundet.no\/moreogromsdal\/wp-json\/wp\/v2\/categories?post=2594"},{"taxonomy":"post_tag","embeddable":true,"href":"https:\/\/naturvernforbundet.no\/moreogromsdal\/wp-json\/wp\/v2\/tags?post=2594"},{"taxonomy":"local","embeddable":true,"href":"https:\/\/naturvernforbundet.no\/moreogromsdal\/wp-json\/wp\/v2\/local?post=2594"}],"curies":[{"name":"wp","href":"https:\/\/api.w.org\/{rel}","templated":true}]}}