{"id":2608,"date":"2006-03-13T21:25:00","date_gmt":"2006-03-13T20:25:00","guid":{"rendered":"https:\/\/naturvernforbundet.no\/moreogromsdal\/sto-kurs-mot-morklegging\/"},"modified":"2006-03-13T21:25:00","modified_gmt":"2006-03-13T20:25:00","slug":"sto-kurs-mot-morklegging","status":"publish","type":"post","link":"https:\/\/naturvernforbundet.no\/moreogromsdal\/sto-kurs-mot-morklegging\/","title":{"rendered":"St\u00f8 kurs mot m\u00f8rklegging?"},"content":{"rendered":"\t<div class=\"template-post alignfull wp-block-naturvern-hero\">\n\t\t<div class=\"hero__inner\">\n\t\t\t<div class=\"hero__inner_blocks\">\n\t\t\t\t\t\t\t\t\n\t\t\t\t\t<h1 class=\"wp-block-post-title\">St\u00f8 kurs mot m\u00f8rklegging?<\/h1>\n\n\t\t\t\t\t<div class=\"wp-block-post-excerpt\"><p class=\"wp-block-post-excerpt__excerpt\">Den stadig mer anstrengte kraftsituasjonen i Midt-Norge har blitt et hett tema, aktualisert av et \u00f8kende gap mellom tilgangen p\u00e5 kraft og forbruket. Gapet vil bli ytterligere forsterket gjennom utvidet produksjon av aluminium i Sunndals\u00f8ra, Ormen Lange-utbygging p\u00e5 Aukra og \u00f8kt produksjon ved Hustadmarmor i Fr\u00e6na. Ordene &laquo;m\u00f8rklegging&raquo; og &laquo;kraftkrise&raquo; dukker stadig oftere opp n\u00e5r&hellip; <\/p><\/div>\n\n\t\t\t\t\t\n\n\t\t\t\t\t<div class=\"wp-block-naturvern-byline\">\n\t\t\t<div class=\"authors\">By <span class=\"t2-byline__author-link\">Artikkelimport\u00f8r<\/span><\/div>\n\t\t\t<small class=\"entry-date\">13.03.2006 21:25<\/small>\n\t\t<\/div>\n\t\t\t\t\t\t\t\t<\/div>\n\t\t\t\t\t<\/div>\n\t\t\t<\/div>\n\t\n<p>Midt-Norge har lenge v\u00e6rt et omr\u00e5de med underskudd p\u00e5 kraft, men de nyeste industriplanene har aktualisert og vil forsterke problemene. Energiproduksjon og -distribusjon har konsekvenser for natur og milj\u00f8. Flere alternativ har v\u00e6rt oppe i debatten. Et av de verste, forurensende gasskraftverk er heldigvis avvist av milj\u00f8vernministeren. \n<\/p>\n\n\n\n<p>For lite kraft i et omr\u00e5de inneb\u00e6rer at produksjons- og forbrukssiden ikke er sett i sammenheng. Til tross for at det er p\u00e5 forbrukssiden mange av de billigste tiltakene finnes, dreier diskusjonen om kraftbalansen i Midt-Norge seg f\u00f8rst og fremst om hvordan vi skal skaffe til veie mer kraft i regionen. Naturvernforbundet utfordrer derfor Statnett og andre til \u00e5 tenke nytt om virkemidler og fokusere p\u00e5 \u00e5 redusere kraftforbruket. \n<\/p>\n\n\n\n<p>I den grad ordet krise kan brukes til \u00e5 beskrive energisituasjonen i Norge, m\u00e5 det v\u00e6re om satsingen p\u00e5 fornuftige oppvarmingsl\u00f8sninger. Det er en varmekrise vi har, ikke en kraftkrise. Avhengigheten av elektrisitet til oppvarming er en viktig forklaring p\u00e5 at vi har verdens h\u00f8yeste forbruk av elektrisitet per innbygger. Myndighetenes innsats for \u00e5 endre dette har v\u00e6rt og er fortsatt for d\u00e5rlig. Opprettelsen av Enova har v\u00e6rt positiv, men det trengs mye mer penger til energiomlegging for \u00e5 f\u00e5 til den n\u00f8dvendige reduksjonen i bruk av str\u00f8m til oppvarming. \n<\/p>\n\n\n\n<p>P\u00e5 forbrukssiden finnes de billigste tiltakene for \u00e5 skape balanse i kraftregnskapet. N\u00e5r vi vet at disse er uten milj\u00f8konsekvenser, er det her hovedinnsatsen m\u00e5 settes inn. Naturvernforbundet har derfor utfordret myndighetene til \u00e5 gj\u00f8re Midt-Norge til en pilotregion for satsing p\u00e5 energiomlegging, blant annet gjennom tilskuddsordninger for fornybare varmekilder som pelletskamin og varmepumper og andre energisparetiltak. \n<\/p>\n\n\n\n<p>\u00d8kt satsing p\u00e5 bioenergi har ogs\u00e5 et stort potensial, og kan redusere forbruket av elektrisitet til oppvarming. Det er store muligheter for \u00e5 produsere fornybar varme basert p\u00e5 rivingsavfall, gjengroingsvirke og skogsressurser. P\u00e5 den m\u00e5ten oppn\u00e5s milj\u00f8gevinster b\u00e5de i form av redusert str\u00f8mforbruk, redusert klimaforurensing, pleie av kulturlandskapet og fornuftig utnyttelse av avfallsressurser. \n<\/p>\n\n\n\n<p>Paradoksalt nok utvikles noen av verdens mest effektive varmepumper i Norge, men n\u00e5r vi kommer til bruken av dem er vi fortsatt s\u00f8rgelig langt etter for eksempel Sverige. Forholdene for \u00e5 bruke varmepumper er imidlertid sv\u00e6rt gunstige b\u00e5de i Midt-Norge og resten av landet. Det er tilgjengelig store mengder varme i omgivelsene i form av blant annet sj\u00f8varme, jordvarme og mild kystluft, og vi har en relativt lang fyringssesong. N\u00e5r varmeenergien som kommer ut fra varmepumpa er tre-fire ganger st\u00f8rre enn den elektriske energien som puttes inn, er det \u00e5penbart at vi har mye \u00e5 hente her. \n<\/p>\n\n\n\n<p>Ogs\u00e5 en satsing p\u00e5 vindkraft kan gi et betydelig positivt bidrag til energiforsyningen \u2013 uten klimaforurensing. Det er imidlertid viktig at utbyggingen ikke skjer p\u00e5 bekostning av viktige naturverdier. Derfor m\u00e5 myndighetene og utbyggerne s\u00f8rge for \u00e5 plassere vindparkene riktig, slik at naturmangfoldet ikke blir truet. \n<\/p>\n\n\n\n<p>Statnett er i gang med \u00e5 se p\u00e5 muligheten av \u00e5 hente kraft inn i regionen fra andre deler av landet via nye kraftlinjer. Disse vil skape store s\u00e5r i verdifull natur. Linjen som tegnes gjennom Sogn og Fjordane til M\u00f8re og Romsdal har en bredde p\u00e5 40 meter og med master som er like h\u00f8ye vil et areal tilsvarende anslagsvis 1400 fotballbaner bli direkte beslaglagt. Kraftlinjen kan ogs\u00e5 komme i sterk konflikt med blant annet verdensarvomr\u00e5det i Geirangerfjorden. Det arbeides dessuten med \u00f8kt overf\u00f8ringskapasitet fra Nordland, noe som ogs\u00e5 vil f\u00f8re til store naturinngrep. Ved bruk av sj\u00f8- eller jordkabel blir milj\u00f8konsekvensene vesentlig mindre, selv om en slik l\u00f8sning vil koste mer. \n<\/p>\n\n\n\n<p>Mye kan sies om kraftsituasjonen i Midt-Norge, men ikke at den preges av god samfunnsplanlegging. Det er lite tegn til samordning n\u00e5r store industribedrifter f\u00e5r lov til \u00e5 \u00f8ke sin kraftkrevende produksjon i en region som allerede har et kraftunderskudd. Samtidig som Hydro avvikler aluminiumsproduksjonen i \u00c5rdal i Sogn \u2013 der det er god krafttilgang \u2013 utvider de produksjonen sin p\u00e5 Sunndals\u00f8ra, der det er underskudd p\u00e5 kraft. Kostnadene ved \u00e5 f\u00e5 dette til \u00e5 g\u00e5 i hop, b\u00e5de \u00f8konomisk og milj\u00f8messig, slipper Hydro unna. Riktignok har olje- og energiminister Odd Roger Enoksen sagt at Hydro har et ansvar for \u00e5 bidra til \u00e5 f\u00e5 balanse i kraftregnskapet, men det er d\u00e5rlig med virkemidler. \n<\/p>\n\n\n\n<p>Statnett har ogs\u00e5 lansert mobile gasskraftverk som et akuttiltak for \u00e5 skaffe til veie str\u00f8m i en krisesituasjon. P\u00e5skuddet for \u00e5 lansere den mest forurensende kraftproduksjonen i landet i nyere tid er faren for m\u00f8rklegging og annen elendighet. Det er ogs\u00e5 verdt \u00e5 merke seg at m\u00f8rklegging og industrid\u00f8d har v\u00e6rt brukt som pressmiddel for milj\u00f8fiendtlige kraftutbygginger gjentatte ganger. Et n\u00e6rliggende eksempel er p\u00e5standene om nedlegging av Norske Skog p\u00e5 Skogn uten et gasskraftverk p\u00e5 plass. \n<\/p>\n\n\n\n<p>Naturvernforbundet forst\u00e5r bekymringen for kraftmangel i Midt-Norge, men det er verken n\u00f8dvendig eller akseptabelt at natur og milj\u00f8 skal ofres. N\u00e5 har vi tvert imot en anledning til \u00e5 gj\u00f8re regionen til et utstillingsvindu for milj\u00f8vennlig energiproduksjon og -forbruk. Mulighetene finnes. Finnes det ogs\u00e5 politisk mot og vilje? \n<\/p>\n\n\n\n<p>Kronikk av Lars Haltbrekken, leder i Norges Naturvernforbund. \n<a title=\"\/cgi-bin\/naturvern\/imaker?id=32&amp;visdybde=1&amp;aktiv=32\" href=\"\/cgi-bin\/naturvern\/imaker?id=32&amp;visdybde=1&amp;aktiv=32\" target=\"linkvindu\" rel=\"noopener\">Ja, dette er ein viktig sak! Eg vil bli medlem i Naturvernforbundet<\/a><br><\/p>\n\n\n\n\n\n<p><a title=\"\/cgi-bin\/naturvern\/imaker?id=25252\" href=\"\/cgi-bin\/naturvern\/imaker?id=25252\" target=\"linkvindu\" rel=\"noopener\">Eg vil gjerne st\u00f8tte arbeidet Naturvernforbundet gj\u00f8r for \u00e5 ta vare p\u00e5 naturen<\/a><\/p>\n\n\n","protected":false},"excerpt":{"rendered":"<p>Den stadig mer anstrengte kraftsituasjonen i Midt-Norge har blitt et hett tema, aktualisert av et \u00f8kende gap mellom tilgangen p\u00e5 kraft og forbruket. Gapet vil bli ytterligere forsterket gjennom utvidet produksjon av aluminium i Sunndals\u00f8ra, Ormen Lange-utbygging p\u00e5 Aukra og \u00f8kt produksjon ved Hustadmarmor i Fr\u00e6na. Ordene &laquo;m\u00f8rklegging&raquo; og &laquo;kraftkrise&raquo; dukker stadig oftere opp n\u00e5r situasjonen i regionen skal beskrives. Er l\u00f8sningen dermed ny krafttilgang &#8211; koste hva det koste vil?<\/p>\n","protected":false},"author":38,"featured_media":0,"comment_status":"closed","ping_status":"closed","sticky":false,"template":"","format":"standard","meta":{"_relevanssi_hide_post":"","_relevanssi_hide_content":"","_relevanssi_pin_for_all":"","_relevanssi_pin_keywords":"","_relevanssi_unpin_keywords":"","_relevanssi_related_keywords":"","_relevanssi_related_include_ids":"","_relevanssi_related_exclude_ids":"","_relevanssi_related_no_append":"","_relevanssi_related_not_related":"","_relevanssi_related_posts":"","_relevanssi_noindex_reason":"","hide_logo":false,"footnotes":""},"categories":[19],"tags":[],"local":[],"class_list":["post-2608","post","type-post","status-publish","format-standard","hentry","category-klima"],"acf":[],"yoast_head":"<!-- This site is optimized with the Yoast SEO plugin v24.9 - https:\/\/yoast.com\/wordpress\/plugins\/seo\/ -->\n<title>St\u00f8 kurs mot m\u00f8rklegging? - M\u00f8re og Romsdal<\/title>\n<meta name=\"robots\" content=\"index, follow, max-snippet:-1, max-image-preview:large, max-video-preview:-1\" \/>\n<link rel=\"canonical\" href=\"https:\/\/naturvernforbundet.no\/moreogromsdal\/sto-kurs-mot-morklegging\/\" \/>\n<meta property=\"og:locale\" content=\"nb_NO\" \/>\n<meta property=\"og:type\" content=\"article\" \/>\n<meta property=\"og:title\" content=\"St\u00f8 kurs mot m\u00f8rklegging? - M\u00f8re og Romsdal\" \/>\n<meta property=\"og:description\" content=\"Den stadig mer anstrengte kraftsituasjonen i Midt-Norge har blitt et hett tema, aktualisert av et \u00f8kende gap mellom tilgangen p\u00e5 kraft og forbruket. Gapet vil bli ytterligere forsterket gjennom utvidet produksjon av aluminium i Sunndals\u00f8ra, Ormen Lange-utbygging p\u00e5 Aukra og \u00f8kt produksjon ved Hustadmarmor i Fr\u00e6na. Ordene &quot;m\u00f8rklegging&quot; og &quot;kraftkrise&quot; dukker stadig oftere opp n\u00e5r situasjonen i regionen skal beskrives. Er l\u00f8sningen dermed ny krafttilgang - koste hva det koste vil?\" \/>\n<meta property=\"og:url\" content=\"https:\/\/naturvernforbundet.no\/moreogromsdal\/sto-kurs-mot-morklegging\/\" \/>\n<meta property=\"og:site_name\" content=\"M\u00f8re og Romsdal\" \/>\n<meta property=\"article:published_time\" content=\"2006-03-13T20:25:00+00:00\" \/>\n<meta name=\"author\" content=\"Artikkelimport\u00f8r\" \/>\n<meta name=\"twitter:card\" content=\"summary_large_image\" \/>\n<meta name=\"twitter:label1\" content=\"Skrevet av\" \/>\n\t<meta name=\"twitter:data1\" content=\"Artikkelimport\u00f8r\" \/>\n\t<meta name=\"twitter:label2\" content=\"Ansl. lesetid\" \/>\n\t<meta name=\"twitter:data2\" content=\"4 minutter\" \/>\n<script type=\"application\/ld+json\" class=\"yoast-schema-graph\">{\"@context\":\"https:\/\/schema.org\",\"@graph\":[{\"@type\":\"WebPage\",\"@id\":\"https:\/\/naturvernforbundet.no\/moreogromsdal\/sto-kurs-mot-morklegging\/\",\"url\":\"https:\/\/naturvernforbundet.no\/moreogromsdal\/sto-kurs-mot-morklegging\/\",\"name\":\"St\u00f8 kurs mot m\u00f8rklegging? - M\u00f8re og Romsdal\",\"isPartOf\":{\"@id\":\"https:\/\/naturvernforbundet.no\/moreogromsdal\/#website\"},\"datePublished\":\"2006-03-13T20:25:00+00:00\",\"author\":{\"@id\":\"https:\/\/naturvernforbundet.no\/moreogromsdal\/#\/schema\/person\/c72f198205979084bf071deedb6205f4\"},\"breadcrumb\":{\"@id\":\"https:\/\/naturvernforbundet.no\/moreogromsdal\/sto-kurs-mot-morklegging\/#breadcrumb\"},\"inLanguage\":\"nb-NO\",\"potentialAction\":[{\"@type\":\"ReadAction\",\"target\":[\"https:\/\/naturvernforbundet.no\/moreogromsdal\/sto-kurs-mot-morklegging\/\"]}]},{\"@type\":\"BreadcrumbList\",\"@id\":\"https:\/\/naturvernforbundet.no\/moreogromsdal\/sto-kurs-mot-morklegging\/#breadcrumb\",\"itemListElement\":[{\"@type\":\"ListItem\",\"position\":1,\"name\":\"Till naturvernforbundet.no\",\"item\":\"https:\/\/naturvernforbundet.no\/\"},{\"@type\":\"ListItem\",\"position\":2,\"name\":\"M\u00f8re og Romsdal\",\"item\":\"https:\/\/naturvernforbundet.no\/moreogromsdal\/\"},{\"@type\":\"ListItem\",\"position\":3,\"name\":\"St\u00f8 kurs mot m\u00f8rklegging?\"}]},{\"@type\":\"WebSite\",\"@id\":\"https:\/\/naturvernforbundet.no\/moreogromsdal\/#website\",\"url\":\"https:\/\/naturvernforbundet.no\/moreogromsdal\/\",\"name\":\"M\u00f8re og Romsdal\",\"description\":\"Bare enda et Naturvernforbundet Sites-nettsted\",\"potentialAction\":[{\"@type\":\"SearchAction\",\"target\":{\"@type\":\"EntryPoint\",\"urlTemplate\":\"https:\/\/naturvernforbundet.no\/moreogromsdal\/?s={search_term_string}\"},\"query-input\":{\"@type\":\"PropertyValueSpecification\",\"valueRequired\":true,\"valueName\":\"search_term_string\"}}],\"inLanguage\":\"nb-NO\"},{\"@type\":\"Person\",\"@id\":\"https:\/\/naturvernforbundet.no\/moreogromsdal\/#\/schema\/person\/c72f198205979084bf071deedb6205f4\",\"name\":\"Artikkelimport\u00f8r\",\"image\":{\"@type\":\"ImageObject\",\"inLanguage\":\"nb-NO\",\"@id\":\"https:\/\/naturvernforbundet.no\/moreogromsdal\/#\/schema\/person\/image\/\",\"url\":\"https:\/\/secure.gravatar.com\/avatar\/015fa491b9ed1c823ef16a5c930294d1?s=96&d=mm&r=g\",\"contentUrl\":\"https:\/\/secure.gravatar.com\/avatar\/015fa491b9ed1c823ef16a5c930294d1?s=96&d=mm&r=g\",\"caption\":\"Artikkelimport\u00f8r\"},\"url\":\"https:\/\/naturvernforbundet.no\/moreogromsdal\/author\/artikkelimportor\/\"}]}<\/script>\n<!-- \/ Yoast SEO plugin. -->","yoast_head_json":{"title":"St\u00f8 kurs mot m\u00f8rklegging? - M\u00f8re og Romsdal","robots":{"index":"index","follow":"follow","max-snippet":"max-snippet:-1","max-image-preview":"max-image-preview:large","max-video-preview":"max-video-preview:-1"},"canonical":"https:\/\/naturvernforbundet.no\/moreogromsdal\/sto-kurs-mot-morklegging\/","og_locale":"nb_NO","og_type":"article","og_title":"St\u00f8 kurs mot m\u00f8rklegging? - M\u00f8re og Romsdal","og_description":"Den stadig mer anstrengte kraftsituasjonen i Midt-Norge har blitt et hett tema, aktualisert av et \u00f8kende gap mellom tilgangen p\u00e5 kraft og forbruket. Gapet vil bli ytterligere forsterket gjennom utvidet produksjon av aluminium i Sunndals\u00f8ra, Ormen Lange-utbygging p\u00e5 Aukra og \u00f8kt produksjon ved Hustadmarmor i Fr\u00e6na. Ordene \"m\u00f8rklegging\" og \"kraftkrise\" dukker stadig oftere opp n\u00e5r situasjonen i regionen skal beskrives. Er l\u00f8sningen dermed ny krafttilgang - koste hva det koste vil?","og_url":"https:\/\/naturvernforbundet.no\/moreogromsdal\/sto-kurs-mot-morklegging\/","og_site_name":"M\u00f8re og Romsdal","article_published_time":"2006-03-13T20:25:00+00:00","author":"Artikkelimport\u00f8r","twitter_card":"summary_large_image","twitter_misc":{"Skrevet av":"Artikkelimport\u00f8r","Ansl. lesetid":"4 minutter"},"schema":{"@context":"https:\/\/schema.org","@graph":[{"@type":"WebPage","@id":"https:\/\/naturvernforbundet.no\/moreogromsdal\/sto-kurs-mot-morklegging\/","url":"https:\/\/naturvernforbundet.no\/moreogromsdal\/sto-kurs-mot-morklegging\/","name":"St\u00f8 kurs mot m\u00f8rklegging? - M\u00f8re og Romsdal","isPartOf":{"@id":"https:\/\/naturvernforbundet.no\/moreogromsdal\/#website"},"datePublished":"2006-03-13T20:25:00+00:00","author":{"@id":"https:\/\/naturvernforbundet.no\/moreogromsdal\/#\/schema\/person\/c72f198205979084bf071deedb6205f4"},"breadcrumb":{"@id":"https:\/\/naturvernforbundet.no\/moreogromsdal\/sto-kurs-mot-morklegging\/#breadcrumb"},"inLanguage":"nb-NO","potentialAction":[{"@type":"ReadAction","target":["https:\/\/naturvernforbundet.no\/moreogromsdal\/sto-kurs-mot-morklegging\/"]}]},{"@type":"BreadcrumbList","@id":"https:\/\/naturvernforbundet.no\/moreogromsdal\/sto-kurs-mot-morklegging\/#breadcrumb","itemListElement":[{"@type":"ListItem","position":1,"name":"Till naturvernforbundet.no","item":"https:\/\/naturvernforbundet.no\/"},{"@type":"ListItem","position":2,"name":"M\u00f8re og Romsdal","item":"https:\/\/naturvernforbundet.no\/moreogromsdal\/"},{"@type":"ListItem","position":3,"name":"St\u00f8 kurs mot m\u00f8rklegging?"}]},{"@type":"WebSite","@id":"https:\/\/naturvernforbundet.no\/moreogromsdal\/#website","url":"https:\/\/naturvernforbundet.no\/moreogromsdal\/","name":"M\u00f8re og Romsdal","description":"Bare enda et Naturvernforbundet Sites-nettsted","potentialAction":[{"@type":"SearchAction","target":{"@type":"EntryPoint","urlTemplate":"https:\/\/naturvernforbundet.no\/moreogromsdal\/?s={search_term_string}"},"query-input":{"@type":"PropertyValueSpecification","valueRequired":true,"valueName":"search_term_string"}}],"inLanguage":"nb-NO"},{"@type":"Person","@id":"https:\/\/naturvernforbundet.no\/moreogromsdal\/#\/schema\/person\/c72f198205979084bf071deedb6205f4","name":"Artikkelimport\u00f8r","image":{"@type":"ImageObject","inLanguage":"nb-NO","@id":"https:\/\/naturvernforbundet.no\/moreogromsdal\/#\/schema\/person\/image\/","url":"https:\/\/secure.gravatar.com\/avatar\/015fa491b9ed1c823ef16a5c930294d1?s=96&d=mm&r=g","contentUrl":"https:\/\/secure.gravatar.com\/avatar\/015fa491b9ed1c823ef16a5c930294d1?s=96&d=mm&r=g","caption":"Artikkelimport\u00f8r"},"url":"https:\/\/naturvernforbundet.no\/moreogromsdal\/author\/artikkelimportor\/"}]}},"_links":{"self":[{"href":"https:\/\/naturvernforbundet.no\/moreogromsdal\/wp-json\/wp\/v2\/posts\/2608","targetHints":{"allow":["GET"]}}],"collection":[{"href":"https:\/\/naturvernforbundet.no\/moreogromsdal\/wp-json\/wp\/v2\/posts"}],"about":[{"href":"https:\/\/naturvernforbundet.no\/moreogromsdal\/wp-json\/wp\/v2\/types\/post"}],"author":[{"embeddable":true,"href":"https:\/\/naturvernforbundet.no\/moreogromsdal\/wp-json\/wp\/v2\/users\/38"}],"replies":[{"embeddable":true,"href":"https:\/\/naturvernforbundet.no\/moreogromsdal\/wp-json\/wp\/v2\/comments?post=2608"}],"version-history":[{"count":0,"href":"https:\/\/naturvernforbundet.no\/moreogromsdal\/wp-json\/wp\/v2\/posts\/2608\/revisions"}],"wp:attachment":[{"href":"https:\/\/naturvernforbundet.no\/moreogromsdal\/wp-json\/wp\/v2\/media?parent=2608"}],"wp:term":[{"taxonomy":"category","embeddable":true,"href":"https:\/\/naturvernforbundet.no\/moreogromsdal\/wp-json\/wp\/v2\/categories?post=2608"},{"taxonomy":"post_tag","embeddable":true,"href":"https:\/\/naturvernforbundet.no\/moreogromsdal\/wp-json\/wp\/v2\/tags?post=2608"},{"taxonomy":"local","embeddable":true,"href":"https:\/\/naturvernforbundet.no\/moreogromsdal\/wp-json\/wp\/v2\/local?post=2608"}],"curies":[{"name":"wp","href":"https:\/\/api.w.org\/{rel}","templated":true}]}}