{"id":2609,"date":"2007-04-14T05:02:00","date_gmt":"2007-04-14T03:02:00","guid":{"rendered":"https:\/\/naturvernforbundet.no\/moreogromsdal\/naturvernforbundet-ber-om-miljoinformasjon-fra-refa-i-heroy\/"},"modified":"2007-04-14T05:02:00","modified_gmt":"2007-04-14T03:02:00","slug":"naturvernforbundet-ber-om-miljoinformasjon-fra-refa-i-heroy","status":"publish","type":"post","link":"https:\/\/naturvernforbundet.no\/moreogromsdal\/naturvernforbundet-ber-om-miljoinformasjon-fra-refa-i-heroy\/","title":{"rendered":"Naturvernforbundet ber om milj\u00f8informasjon fr\u00e5 Refa i Her\u00f8y"},"content":{"rendered":"\t<div class=\"template-post alignfull wp-block-naturvern-hero\">\n\t\t<div class=\"hero__inner\">\n\t\t\t<div class=\"hero__inner_blocks\">\n\t\t\t\t\t\t\t\t\n\t\t\t\t\t<h1 class=\"wp-block-post-title\">Naturvernforbundet ber om milj\u00f8informasjon fr\u00e5 Refa i Her\u00f8y<\/h1>\n\n\t\t\t\t\t<div class=\"wp-block-post-excerpt\"><p class=\"wp-block-post-excerpt__excerpt\">Naturvernforbundet har bede om informasjon om ulike tilh\u00f8ve ved anlegget til Refa Fr\u00f8ystad Group i Her\u00f8y. <\/p><\/div>\n\n\t\t\t\t\t\n\n\t\t\t\t\t<div class=\"wp-block-naturvern-byline\">\n\t\t\t<div class=\"authors\">By <span class=\"t2-byline__author-link\">Artikkelimport\u00f8r<\/span><\/div>\n\t\t\t<small class=\"entry-date\">14.04.2007 05:02<\/small>\n\t\t<\/div>\n\t\t\t\t\t\t\t\t<\/div>\n\t\t\t\t\t<\/div>\n\t\t\t<\/div>\n\t\n<p>Milj\u00f8informasjonslova gir Naturvernforbundet rett til \u00e5 f\u00e5 svar p\u00e5 v\u00e5re sp\u00f8rsm\u00e5l til verksemder om ulike milj\u00f8tilh\u00f8ve. Naturvernforbundet har f\u00e5tt tips om at det kan skje utlekking av milj\u00f8farlege stoff fr\u00e5 anlegget til Refa i Her\u00f8y. &#8211; Sidan vi ikkje har f\u00e5tt unders\u00f8kt innhaldet i desse tipsa sj\u00f8lve, har vi bede verksemda om informasjon, seier leiar \u00d8ystein Folden i Naturvernforbundet i M\u00f8re og Romsdal. \n<\/p>\n\n\n\n<p>&#8211; Vi var ikkje n\u00f8gde med dei svara vi fekk fr\u00e5 verksemda f\u00f8rste gangen vi spurte dei, og difor har vi no sendt nye, meir konkrete sp\u00f8rsm\u00e5l, seier Folden. Naturvernforbundet har ogs\u00e5 h\u00f8ve til \u00e5 klage manglande svar inn for klagenemnda for milj\u00f8informasjon. \n<\/p>\n\n\n\n<p><em>\u00d8ystein Folden har telefon 91 81 25 42.<\/em> \n<a>Ja, dette er viktig. Eg vil bli medlem i Naturvernforbundet<\/a><br><\/p>\n\n\n\n\n\n<p><a>Eg vil gjerne st\u00f8tte arbeidet til Naturvernforbundet<\/a><\/p>\n\n\n\n\n\n<p><a href=\"\/imakerdata\/f\/1\/02\/68\/2_2401_0\/Til_Refa_-_oppfolging_-_krav_om_miljoinformasjon.pdf\">Brev til Refa Fr\u00f8ystad Group 2. april 2007<\/a><\/p>\n\n\n\n<p><a href=\"\/imakerdata\/f\/1\/02\/68\/7_2401_0\/Svar_Refa.pdf\">Svar fr\u00e5 Refa til M\u00f8re og Romsdal fylke 1. desember 2007<\/a><\/p>\n\n\n\n<p><a href=\"\/imakerdata\/f\/1\/02\/68\/8_2401_0\/Til_Refa_-_krav_om_miljoinformasjon.pdf\">Brev til Refa 16. januar 2007<\/a><\/p>\n\n\n\n<p><a href=\"\/imakerdata\/f\/1\/02\/68\/9_2401_0\/brev.19.02.07.pdf\">Svar fr\u00e5 Refa til Naturvernforbundet 19. februar 2007<\/a><\/p>\n\n\n\n<p><a href=\"\/imakerdata\/f\/1\/02\/69\/0_2401_0\/REFA.pdf\">Brev fr\u00e5 Naturvernforbundet til M\u00f8re og Romsdal fylke<\/a><\/p>\n\n\n\n<p><a href=\"\/imakerdata\/f\/1\/02\/69\/1_2401_0\/Brev_Refa_fylket.pdf\">Brev fr\u00e5 M\u00f8re og Romsdal fylke til Refa Fr\u00f8ystad Group AS 22. november 2006<\/a><\/p>\n\n\n\n<p><a href=\"\/imakerdata\/f\/1\/06\/14\/3_2401_0\/Til_Refa_-_oppsummering.pdf\">Oppsummering fr\u00e5 Naturvernforbundet 8. juni 2007<\/a><\/p>\n\n\n\n<p><a href=\"\/imakerdata\/f\/1\/12\/35\/9_2401_0\/Refa_januar_2008.pdf\">S\u00f8knad fr\u00e5 Refa i januar 2008<\/a><\/p>\n","protected":false},"excerpt":{"rendered":"<p>Naturvernforbundet har bede om informasjon om ulike tilh\u00f8ve ved anlegget til Refa Fr\u00f8ystad Group i Her\u00f8y.<\/p>\n","protected":false},"author":38,"featured_media":0,"comment_status":"closed","ping_status":"closed","sticky":false,"template":"","format":"standard","meta":{"_relevanssi_hide_post":"","_relevanssi_hide_content":"","_relevanssi_pin_for_all":"","_relevanssi_pin_keywords":"","_relevanssi_unpin_keywords":"","_relevanssi_related_keywords":"","_relevanssi_related_include_ids":"","_relevanssi_related_exclude_ids":"","_relevanssi_related_no_append":"","_relevanssi_related_not_related":"","_relevanssi_related_posts":"","_relevanssi_noindex_reason":"","hide_logo":false,"footnotes":""},"categories":[30],"tags":[],"local":[],"class_list":["post-2609","post","type-post","status-publish","format-standard","hentry","category-miljogifter"],"acf":[],"yoast_head":"<!-- This site is optimized with the Yoast SEO plugin v24.9 - https:\/\/yoast.com\/wordpress\/plugins\/seo\/ -->\n<title>Naturvernforbundet ber om milj\u00f8informasjon fr\u00e5 Refa i Her\u00f8y - M\u00f8re og Romsdal<\/title>\n<meta name=\"robots\" content=\"index, follow, max-snippet:-1, max-image-preview:large, max-video-preview:-1\" \/>\n<link rel=\"canonical\" href=\"https:\/\/naturvernforbundet.no\/moreogromsdal\/naturvernforbundet-ber-om-miljoinformasjon-fra-refa-i-heroy\/\" \/>\n<meta property=\"og:locale\" content=\"nb_NO\" \/>\n<meta property=\"og:type\" content=\"article\" \/>\n<meta property=\"og:title\" content=\"Naturvernforbundet ber om milj\u00f8informasjon fr\u00e5 Refa i Her\u00f8y - M\u00f8re og Romsdal\" \/>\n<meta property=\"og:description\" content=\"Naturvernforbundet har bede om informasjon om ulike tilh\u00f8ve ved anlegget til Refa Fr\u00f8ystad Group i Her\u00f8y.\" \/>\n<meta property=\"og:url\" content=\"https:\/\/naturvernforbundet.no\/moreogromsdal\/naturvernforbundet-ber-om-miljoinformasjon-fra-refa-i-heroy\/\" \/>\n<meta property=\"og:site_name\" content=\"M\u00f8re og Romsdal\" \/>\n<meta property=\"article:published_time\" content=\"2007-04-14T03:02:00+00:00\" \/>\n<meta name=\"author\" content=\"Artikkelimport\u00f8r\" \/>\n<meta name=\"twitter:card\" content=\"summary_large_image\" \/>\n<meta name=\"twitter:label1\" content=\"Skrevet av\" \/>\n\t<meta name=\"twitter:data1\" content=\"Artikkelimport\u00f8r\" \/>\n\t<meta name=\"twitter:label2\" content=\"Ansl. lesetid\" \/>\n\t<meta name=\"twitter:data2\" content=\"1 minutt\" \/>\n<script type=\"application\/ld+json\" class=\"yoast-schema-graph\">{\"@context\":\"https:\/\/schema.org\",\"@graph\":[{\"@type\":\"WebPage\",\"@id\":\"https:\/\/naturvernforbundet.no\/moreogromsdal\/naturvernforbundet-ber-om-miljoinformasjon-fra-refa-i-heroy\/\",\"url\":\"https:\/\/naturvernforbundet.no\/moreogromsdal\/naturvernforbundet-ber-om-miljoinformasjon-fra-refa-i-heroy\/\",\"name\":\"Naturvernforbundet ber om milj\u00f8informasjon fr\u00e5 Refa i Her\u00f8y - M\u00f8re og Romsdal\",\"isPartOf\":{\"@id\":\"https:\/\/naturvernforbundet.no\/moreogromsdal\/#website\"},\"datePublished\":\"2007-04-14T03:02:00+00:00\",\"author\":{\"@id\":\"https:\/\/naturvernforbundet.no\/moreogromsdal\/#\/schema\/person\/c72f198205979084bf071deedb6205f4\"},\"breadcrumb\":{\"@id\":\"https:\/\/naturvernforbundet.no\/moreogromsdal\/naturvernforbundet-ber-om-miljoinformasjon-fra-refa-i-heroy\/#breadcrumb\"},\"inLanguage\":\"nb-NO\",\"potentialAction\":[{\"@type\":\"ReadAction\",\"target\":[\"https:\/\/naturvernforbundet.no\/moreogromsdal\/naturvernforbundet-ber-om-miljoinformasjon-fra-refa-i-heroy\/\"]}]},{\"@type\":\"BreadcrumbList\",\"@id\":\"https:\/\/naturvernforbundet.no\/moreogromsdal\/naturvernforbundet-ber-om-miljoinformasjon-fra-refa-i-heroy\/#breadcrumb\",\"itemListElement\":[{\"@type\":\"ListItem\",\"position\":1,\"name\":\"Till naturvernforbundet.no\",\"item\":\"https:\/\/naturvernforbundet.no\/\"},{\"@type\":\"ListItem\",\"position\":2,\"name\":\"M\u00f8re og Romsdal\",\"item\":\"https:\/\/naturvernforbundet.no\/moreogromsdal\/\"},{\"@type\":\"ListItem\",\"position\":3,\"name\":\"Naturvernforbundet ber om milj\u00f8informasjon fr\u00e5 Refa i Her\u00f8y\"}]},{\"@type\":\"WebSite\",\"@id\":\"https:\/\/naturvernforbundet.no\/moreogromsdal\/#website\",\"url\":\"https:\/\/naturvernforbundet.no\/moreogromsdal\/\",\"name\":\"M\u00f8re og Romsdal\",\"description\":\"Bare enda et Naturvernforbundet Sites-nettsted\",\"potentialAction\":[{\"@type\":\"SearchAction\",\"target\":{\"@type\":\"EntryPoint\",\"urlTemplate\":\"https:\/\/naturvernforbundet.no\/moreogromsdal\/?s={search_term_string}\"},\"query-input\":{\"@type\":\"PropertyValueSpecification\",\"valueRequired\":true,\"valueName\":\"search_term_string\"}}],\"inLanguage\":\"nb-NO\"},{\"@type\":\"Person\",\"@id\":\"https:\/\/naturvernforbundet.no\/moreogromsdal\/#\/schema\/person\/c72f198205979084bf071deedb6205f4\",\"name\":\"Artikkelimport\u00f8r\",\"image\":{\"@type\":\"ImageObject\",\"inLanguage\":\"nb-NO\",\"@id\":\"https:\/\/naturvernforbundet.no\/moreogromsdal\/#\/schema\/person\/image\/\",\"url\":\"https:\/\/secure.gravatar.com\/avatar\/015fa491b9ed1c823ef16a5c930294d1?s=96&d=mm&r=g\",\"contentUrl\":\"https:\/\/secure.gravatar.com\/avatar\/015fa491b9ed1c823ef16a5c930294d1?s=96&d=mm&r=g\",\"caption\":\"Artikkelimport\u00f8r\"},\"url\":\"https:\/\/naturvernforbundet.no\/moreogromsdal\/author\/artikkelimportor\/\"}]}<\/script>\n<!-- \/ Yoast SEO plugin. -->","yoast_head_json":{"title":"Naturvernforbundet ber om milj\u00f8informasjon fr\u00e5 Refa i Her\u00f8y - M\u00f8re og Romsdal","robots":{"index":"index","follow":"follow","max-snippet":"max-snippet:-1","max-image-preview":"max-image-preview:large","max-video-preview":"max-video-preview:-1"},"canonical":"https:\/\/naturvernforbundet.no\/moreogromsdal\/naturvernforbundet-ber-om-miljoinformasjon-fra-refa-i-heroy\/","og_locale":"nb_NO","og_type":"article","og_title":"Naturvernforbundet ber om milj\u00f8informasjon fr\u00e5 Refa i Her\u00f8y - M\u00f8re og Romsdal","og_description":"Naturvernforbundet har bede om informasjon om ulike tilh\u00f8ve ved anlegget til Refa Fr\u00f8ystad Group i Her\u00f8y.","og_url":"https:\/\/naturvernforbundet.no\/moreogromsdal\/naturvernforbundet-ber-om-miljoinformasjon-fra-refa-i-heroy\/","og_site_name":"M\u00f8re og Romsdal","article_published_time":"2007-04-14T03:02:00+00:00","author":"Artikkelimport\u00f8r","twitter_card":"summary_large_image","twitter_misc":{"Skrevet av":"Artikkelimport\u00f8r","Ansl. lesetid":"1 minutt"},"schema":{"@context":"https:\/\/schema.org","@graph":[{"@type":"WebPage","@id":"https:\/\/naturvernforbundet.no\/moreogromsdal\/naturvernforbundet-ber-om-miljoinformasjon-fra-refa-i-heroy\/","url":"https:\/\/naturvernforbundet.no\/moreogromsdal\/naturvernforbundet-ber-om-miljoinformasjon-fra-refa-i-heroy\/","name":"Naturvernforbundet ber om milj\u00f8informasjon fr\u00e5 Refa i Her\u00f8y - M\u00f8re og Romsdal","isPartOf":{"@id":"https:\/\/naturvernforbundet.no\/moreogromsdal\/#website"},"datePublished":"2007-04-14T03:02:00+00:00","author":{"@id":"https:\/\/naturvernforbundet.no\/moreogromsdal\/#\/schema\/person\/c72f198205979084bf071deedb6205f4"},"breadcrumb":{"@id":"https:\/\/naturvernforbundet.no\/moreogromsdal\/naturvernforbundet-ber-om-miljoinformasjon-fra-refa-i-heroy\/#breadcrumb"},"inLanguage":"nb-NO","potentialAction":[{"@type":"ReadAction","target":["https:\/\/naturvernforbundet.no\/moreogromsdal\/naturvernforbundet-ber-om-miljoinformasjon-fra-refa-i-heroy\/"]}]},{"@type":"BreadcrumbList","@id":"https:\/\/naturvernforbundet.no\/moreogromsdal\/naturvernforbundet-ber-om-miljoinformasjon-fra-refa-i-heroy\/#breadcrumb","itemListElement":[{"@type":"ListItem","position":1,"name":"Till naturvernforbundet.no","item":"https:\/\/naturvernforbundet.no\/"},{"@type":"ListItem","position":2,"name":"M\u00f8re og Romsdal","item":"https:\/\/naturvernforbundet.no\/moreogromsdal\/"},{"@type":"ListItem","position":3,"name":"Naturvernforbundet ber om milj\u00f8informasjon fr\u00e5 Refa i Her\u00f8y"}]},{"@type":"WebSite","@id":"https:\/\/naturvernforbundet.no\/moreogromsdal\/#website","url":"https:\/\/naturvernforbundet.no\/moreogromsdal\/","name":"M\u00f8re og Romsdal","description":"Bare enda et Naturvernforbundet Sites-nettsted","potentialAction":[{"@type":"SearchAction","target":{"@type":"EntryPoint","urlTemplate":"https:\/\/naturvernforbundet.no\/moreogromsdal\/?s={search_term_string}"},"query-input":{"@type":"PropertyValueSpecification","valueRequired":true,"valueName":"search_term_string"}}],"inLanguage":"nb-NO"},{"@type":"Person","@id":"https:\/\/naturvernforbundet.no\/moreogromsdal\/#\/schema\/person\/c72f198205979084bf071deedb6205f4","name":"Artikkelimport\u00f8r","image":{"@type":"ImageObject","inLanguage":"nb-NO","@id":"https:\/\/naturvernforbundet.no\/moreogromsdal\/#\/schema\/person\/image\/","url":"https:\/\/secure.gravatar.com\/avatar\/015fa491b9ed1c823ef16a5c930294d1?s=96&d=mm&r=g","contentUrl":"https:\/\/secure.gravatar.com\/avatar\/015fa491b9ed1c823ef16a5c930294d1?s=96&d=mm&r=g","caption":"Artikkelimport\u00f8r"},"url":"https:\/\/naturvernforbundet.no\/moreogromsdal\/author\/artikkelimportor\/"}]}},"_links":{"self":[{"href":"https:\/\/naturvernforbundet.no\/moreogromsdal\/wp-json\/wp\/v2\/posts\/2609","targetHints":{"allow":["GET"]}}],"collection":[{"href":"https:\/\/naturvernforbundet.no\/moreogromsdal\/wp-json\/wp\/v2\/posts"}],"about":[{"href":"https:\/\/naturvernforbundet.no\/moreogromsdal\/wp-json\/wp\/v2\/types\/post"}],"author":[{"embeddable":true,"href":"https:\/\/naturvernforbundet.no\/moreogromsdal\/wp-json\/wp\/v2\/users\/38"}],"replies":[{"embeddable":true,"href":"https:\/\/naturvernforbundet.no\/moreogromsdal\/wp-json\/wp\/v2\/comments?post=2609"}],"version-history":[{"count":0,"href":"https:\/\/naturvernforbundet.no\/moreogromsdal\/wp-json\/wp\/v2\/posts\/2609\/revisions"}],"wp:attachment":[{"href":"https:\/\/naturvernforbundet.no\/moreogromsdal\/wp-json\/wp\/v2\/media?parent=2609"}],"wp:term":[{"taxonomy":"category","embeddable":true,"href":"https:\/\/naturvernforbundet.no\/moreogromsdal\/wp-json\/wp\/v2\/categories?post=2609"},{"taxonomy":"post_tag","embeddable":true,"href":"https:\/\/naturvernforbundet.no\/moreogromsdal\/wp-json\/wp\/v2\/tags?post=2609"},{"taxonomy":"local","embeddable":true,"href":"https:\/\/naturvernforbundet.no\/moreogromsdal\/wp-json\/wp\/v2\/local?post=2609"}],"curies":[{"name":"wp","href":"https:\/\/api.w.org\/{rel}","templated":true}]}}