{"id":2643,"date":"2006-07-31T07:59:00","date_gmt":"2006-07-31T05:59:00","guid":{"rendered":"https:\/\/naturvernforbundet.no\/moreogromsdal\/kvanndola-i-rauma-fleire-argument-for-vern\/"},"modified":"2006-07-31T07:59:00","modified_gmt":"2006-07-31T05:59:00","slug":"kvanndola-i-rauma-fleire-argument-for-vern","status":"publish","type":"post","link":"https:\/\/naturvernforbundet.no\/moreogromsdal\/kvanndola-i-rauma-fleire-argument-for-vern\/","title":{"rendered":"Kvannd\u00f8la i Rauma &#8211; fleire argument for vern"},"content":{"rendered":"\t<div class=\"template-post alignfull wp-block-naturvern-hero\">\n\t\t<div class=\"hero__inner\">\n\t\t\t<div class=\"hero__inner_blocks\">\n\t\t\t\t\t\t\t\t\n\t\t\t\t\t<h1 class=\"wp-block-post-title\">Kvannd\u00f8la i Rauma &#8211; fleire argument for vern<\/h1>\n\n\t\t\t\t\t<div class=\"wp-block-post-excerpt\"><p class=\"wp-block-post-excerpt__excerpt\">Naturvernforbundet i M\u00f8re og Romsdal har tidlegare klaga over konsesjonsvedtak gitt av Norges vassdrags- og energidirektorat n\u00e5r det gjeld s\u00f8knad fr\u00e5 Kvannkraft AS til \u00e5 bygge kraftverk i Kvannd\u00f8la i Rauma kommune. No er det fleire gode grunnar til \u00e5 stoppe utbygginga. <\/p><\/div>\n\n\t\t\t\t\t\n\n\t\t\t\t\t<div class=\"wp-block-naturvern-byline\">\n\t\t\t<div class=\"authors\">By <span class=\"t2-byline__author-link\">Artikkelimport\u00f8r<\/span><\/div>\n\t\t\t<small class=\"entry-date\">31.07.2006 07:59<\/small>\n\t\t<\/div>\n\t\t\t\t\t\t\t\t<\/div>\n\t\t\t\t\t<\/div>\n\t\t\t<\/div>\n\t\n<p>Rauma kommune har no vedtatt kommunedelplan for vassdrag. I denne plana er ein vesentleg del av utbyggingsstrekninga plassert i raud sone. Dette st\u00e5r i motsetning til den fr\u00e5segna Rauma kommune gav til s\u00f8knaden for nokre \u00e5r tilbake.\n<\/p>\n\n\n\n<p>Naturvernforbundet meiner dette er eit vedtak som departementet m\u00e5 vere kjent med n\u00e5r klagesaka blir avgjort. Naturvernforbundet reknar med at Rauma kommune etter dette m\u00e5 seie nei til dispensasjon fr\u00e5 arealdelsplan i kommunen viss sp\u00f8rsm\u00e5let om dispensasjon fr\u00e5 LNF-omr\u00e5de kjem opp.\n<\/p>\n\n\n\n<p>Leiar \u00d8ystein Folden i Naturvernforbundet i M\u00f8re og Romsdal har telefon 91 81 25 42.\n<a>Ja, dette er viktig. Eg vil bli medlem i Naturvernforbundet<\/a><\/p>\n\n\n\n\n\n<p><a>Eg vil gjerne st\u00f8tte Naturvernforbundets arbeid for bevaring av vassdraga v\u00e5re<\/a><\/p>\n\n\n\n\n\n<p><a href=\"\/imakerdata\/f\/0\/88\/69\/1_2401_0\/Til_OED_om_vedtatt_vassdragsplan.pdf\">Les brevet til Olje- og energidepartementet<\/a><\/p>\n\n\n\n<p><a href=\"\/imakerdata\/f\/0\/88\/69\/2_2401_0\/Vassdragplan270606-regler_2_.pdf\">Regelverk for vassdrag i Rauma<\/a><\/p>\n\n\n\n<p><a href=\"\/imakerdata\/f\/0\/88\/69\/3_2401_0\/Vassdragplan270606_2_.pdf\">Kart over vassdraga i Rauma<\/a><\/p>\n","protected":false},"excerpt":{"rendered":"<p>Naturvernforbundet i M\u00f8re og Romsdal har tidlegare klaga over konsesjonsvedtak gitt av Norges vassdrags- og energidirektorat n\u00e5r det gjeld s\u00f8knad fr\u00e5 Kvannkraft AS til \u00e5 bygge kraftverk i Kvannd\u00f8la i Rauma kommune. No er det fleire gode grunnar til \u00e5 stoppe utbygginga.<\/p>\n","protected":false},"author":38,"featured_media":0,"comment_status":"closed","ping_status":"closed","sticky":false,"template":"","format":"standard","meta":{"_relevanssi_hide_post":"","_relevanssi_hide_content":"","_relevanssi_pin_for_all":"","_relevanssi_pin_keywords":"","_relevanssi_unpin_keywords":"","_relevanssi_related_keywords":"","_relevanssi_related_include_ids":"","_relevanssi_related_exclude_ids":"","_relevanssi_related_no_append":"","_relevanssi_related_not_related":"","_relevanssi_related_posts":"","_relevanssi_noindex_reason":"","hide_logo":false,"footnotes":""},"categories":[13],"tags":[],"local":[],"class_list":["post-2643","post","type-post","status-publish","format-standard","hentry","category-vasskraft"],"acf":[],"yoast_head":"<!-- This site is optimized with the Yoast SEO plugin v24.9 - https:\/\/yoast.com\/wordpress\/plugins\/seo\/ -->\n<title>Kvannd\u00f8la i Rauma - fleire argument for vern - M\u00f8re og Romsdal<\/title>\n<meta name=\"robots\" content=\"index, follow, max-snippet:-1, max-image-preview:large, max-video-preview:-1\" \/>\n<link rel=\"canonical\" href=\"https:\/\/naturvernforbundet.no\/moreogromsdal\/kvanndola-i-rauma-fleire-argument-for-vern\/\" \/>\n<meta property=\"og:locale\" content=\"nb_NO\" \/>\n<meta property=\"og:type\" content=\"article\" \/>\n<meta property=\"og:title\" content=\"Kvannd\u00f8la i Rauma - fleire argument for vern - M\u00f8re og Romsdal\" \/>\n<meta property=\"og:description\" content=\"Naturvernforbundet i M\u00f8re og Romsdal har tidlegare klaga over konsesjonsvedtak gitt av Norges vassdrags- og energidirektorat n\u00e5r det gjeld s\u00f8knad fr\u00e5 Kvannkraft AS til \u00e5 bygge kraftverk i Kvannd\u00f8la i Rauma kommune. No er det fleire gode grunnar til \u00e5 stoppe utbygginga.\" \/>\n<meta property=\"og:url\" content=\"https:\/\/naturvernforbundet.no\/moreogromsdal\/kvanndola-i-rauma-fleire-argument-for-vern\/\" \/>\n<meta property=\"og:site_name\" content=\"M\u00f8re og Romsdal\" \/>\n<meta property=\"article:published_time\" content=\"2006-07-31T05:59:00+00:00\" \/>\n<meta name=\"author\" content=\"Artikkelimport\u00f8r\" \/>\n<meta name=\"twitter:card\" content=\"summary_large_image\" \/>\n<meta name=\"twitter:label1\" content=\"Skrevet av\" \/>\n\t<meta name=\"twitter:data1\" content=\"Artikkelimport\u00f8r\" \/>\n\t<meta name=\"twitter:label2\" content=\"Ansl. lesetid\" \/>\n\t<meta name=\"twitter:data2\" content=\"1 minutt\" \/>\n<script type=\"application\/ld+json\" class=\"yoast-schema-graph\">{\"@context\":\"https:\/\/schema.org\",\"@graph\":[{\"@type\":\"WebPage\",\"@id\":\"https:\/\/naturvernforbundet.no\/moreogromsdal\/kvanndola-i-rauma-fleire-argument-for-vern\/\",\"url\":\"https:\/\/naturvernforbundet.no\/moreogromsdal\/kvanndola-i-rauma-fleire-argument-for-vern\/\",\"name\":\"Kvannd\u00f8la i Rauma - fleire argument for vern - M\u00f8re og Romsdal\",\"isPartOf\":{\"@id\":\"https:\/\/naturvernforbundet.no\/moreogromsdal\/#website\"},\"datePublished\":\"2006-07-31T05:59:00+00:00\",\"author\":{\"@id\":\"https:\/\/naturvernforbundet.no\/moreogromsdal\/#\/schema\/person\/c72f198205979084bf071deedb6205f4\"},\"breadcrumb\":{\"@id\":\"https:\/\/naturvernforbundet.no\/moreogromsdal\/kvanndola-i-rauma-fleire-argument-for-vern\/#breadcrumb\"},\"inLanguage\":\"nb-NO\",\"potentialAction\":[{\"@type\":\"ReadAction\",\"target\":[\"https:\/\/naturvernforbundet.no\/moreogromsdal\/kvanndola-i-rauma-fleire-argument-for-vern\/\"]}]},{\"@type\":\"BreadcrumbList\",\"@id\":\"https:\/\/naturvernforbundet.no\/moreogromsdal\/kvanndola-i-rauma-fleire-argument-for-vern\/#breadcrumb\",\"itemListElement\":[{\"@type\":\"ListItem\",\"position\":1,\"name\":\"Till naturvernforbundet.no\",\"item\":\"https:\/\/naturvernforbundet.no\/\"},{\"@type\":\"ListItem\",\"position\":2,\"name\":\"M\u00f8re og Romsdal\",\"item\":\"https:\/\/naturvernforbundet.no\/moreogromsdal\/\"},{\"@type\":\"ListItem\",\"position\":3,\"name\":\"Kvannd\u00f8la i Rauma &#8211; fleire argument for vern\"}]},{\"@type\":\"WebSite\",\"@id\":\"https:\/\/naturvernforbundet.no\/moreogromsdal\/#website\",\"url\":\"https:\/\/naturvernforbundet.no\/moreogromsdal\/\",\"name\":\"M\u00f8re og Romsdal\",\"description\":\"Bare enda et Naturvernforbundet Sites-nettsted\",\"potentialAction\":[{\"@type\":\"SearchAction\",\"target\":{\"@type\":\"EntryPoint\",\"urlTemplate\":\"https:\/\/naturvernforbundet.no\/moreogromsdal\/?s={search_term_string}\"},\"query-input\":{\"@type\":\"PropertyValueSpecification\",\"valueRequired\":true,\"valueName\":\"search_term_string\"}}],\"inLanguage\":\"nb-NO\"},{\"@type\":\"Person\",\"@id\":\"https:\/\/naturvernforbundet.no\/moreogromsdal\/#\/schema\/person\/c72f198205979084bf071deedb6205f4\",\"name\":\"Artikkelimport\u00f8r\",\"image\":{\"@type\":\"ImageObject\",\"inLanguage\":\"nb-NO\",\"@id\":\"https:\/\/naturvernforbundet.no\/moreogromsdal\/#\/schema\/person\/image\/\",\"url\":\"https:\/\/secure.gravatar.com\/avatar\/015fa491b9ed1c823ef16a5c930294d1?s=96&d=mm&r=g\",\"contentUrl\":\"https:\/\/secure.gravatar.com\/avatar\/015fa491b9ed1c823ef16a5c930294d1?s=96&d=mm&r=g\",\"caption\":\"Artikkelimport\u00f8r\"},\"url\":\"https:\/\/naturvernforbundet.no\/moreogromsdal\/author\/artikkelimportor\/\"}]}<\/script>\n<!-- \/ Yoast SEO plugin. -->","yoast_head_json":{"title":"Kvannd\u00f8la i Rauma - fleire argument for vern - M\u00f8re og Romsdal","robots":{"index":"index","follow":"follow","max-snippet":"max-snippet:-1","max-image-preview":"max-image-preview:large","max-video-preview":"max-video-preview:-1"},"canonical":"https:\/\/naturvernforbundet.no\/moreogromsdal\/kvanndola-i-rauma-fleire-argument-for-vern\/","og_locale":"nb_NO","og_type":"article","og_title":"Kvannd\u00f8la i Rauma - fleire argument for vern - M\u00f8re og Romsdal","og_description":"Naturvernforbundet i M\u00f8re og Romsdal har tidlegare klaga over konsesjonsvedtak gitt av Norges vassdrags- og energidirektorat n\u00e5r det gjeld s\u00f8knad fr\u00e5 Kvannkraft AS til \u00e5 bygge kraftverk i Kvannd\u00f8la i Rauma kommune. No er det fleire gode grunnar til \u00e5 stoppe utbygginga.","og_url":"https:\/\/naturvernforbundet.no\/moreogromsdal\/kvanndola-i-rauma-fleire-argument-for-vern\/","og_site_name":"M\u00f8re og Romsdal","article_published_time":"2006-07-31T05:59:00+00:00","author":"Artikkelimport\u00f8r","twitter_card":"summary_large_image","twitter_misc":{"Skrevet av":"Artikkelimport\u00f8r","Ansl. lesetid":"1 minutt"},"schema":{"@context":"https:\/\/schema.org","@graph":[{"@type":"WebPage","@id":"https:\/\/naturvernforbundet.no\/moreogromsdal\/kvanndola-i-rauma-fleire-argument-for-vern\/","url":"https:\/\/naturvernforbundet.no\/moreogromsdal\/kvanndola-i-rauma-fleire-argument-for-vern\/","name":"Kvannd\u00f8la i Rauma - fleire argument for vern - M\u00f8re og Romsdal","isPartOf":{"@id":"https:\/\/naturvernforbundet.no\/moreogromsdal\/#website"},"datePublished":"2006-07-31T05:59:00+00:00","author":{"@id":"https:\/\/naturvernforbundet.no\/moreogromsdal\/#\/schema\/person\/c72f198205979084bf071deedb6205f4"},"breadcrumb":{"@id":"https:\/\/naturvernforbundet.no\/moreogromsdal\/kvanndola-i-rauma-fleire-argument-for-vern\/#breadcrumb"},"inLanguage":"nb-NO","potentialAction":[{"@type":"ReadAction","target":["https:\/\/naturvernforbundet.no\/moreogromsdal\/kvanndola-i-rauma-fleire-argument-for-vern\/"]}]},{"@type":"BreadcrumbList","@id":"https:\/\/naturvernforbundet.no\/moreogromsdal\/kvanndola-i-rauma-fleire-argument-for-vern\/#breadcrumb","itemListElement":[{"@type":"ListItem","position":1,"name":"Till naturvernforbundet.no","item":"https:\/\/naturvernforbundet.no\/"},{"@type":"ListItem","position":2,"name":"M\u00f8re og Romsdal","item":"https:\/\/naturvernforbundet.no\/moreogromsdal\/"},{"@type":"ListItem","position":3,"name":"Kvannd\u00f8la i Rauma &#8211; fleire argument for vern"}]},{"@type":"WebSite","@id":"https:\/\/naturvernforbundet.no\/moreogromsdal\/#website","url":"https:\/\/naturvernforbundet.no\/moreogromsdal\/","name":"M\u00f8re og Romsdal","description":"Bare enda et Naturvernforbundet Sites-nettsted","potentialAction":[{"@type":"SearchAction","target":{"@type":"EntryPoint","urlTemplate":"https:\/\/naturvernforbundet.no\/moreogromsdal\/?s={search_term_string}"},"query-input":{"@type":"PropertyValueSpecification","valueRequired":true,"valueName":"search_term_string"}}],"inLanguage":"nb-NO"},{"@type":"Person","@id":"https:\/\/naturvernforbundet.no\/moreogromsdal\/#\/schema\/person\/c72f198205979084bf071deedb6205f4","name":"Artikkelimport\u00f8r","image":{"@type":"ImageObject","inLanguage":"nb-NO","@id":"https:\/\/naturvernforbundet.no\/moreogromsdal\/#\/schema\/person\/image\/","url":"https:\/\/secure.gravatar.com\/avatar\/015fa491b9ed1c823ef16a5c930294d1?s=96&d=mm&r=g","contentUrl":"https:\/\/secure.gravatar.com\/avatar\/015fa491b9ed1c823ef16a5c930294d1?s=96&d=mm&r=g","caption":"Artikkelimport\u00f8r"},"url":"https:\/\/naturvernforbundet.no\/moreogromsdal\/author\/artikkelimportor\/"}]}},"_links":{"self":[{"href":"https:\/\/naturvernforbundet.no\/moreogromsdal\/wp-json\/wp\/v2\/posts\/2643","targetHints":{"allow":["GET"]}}],"collection":[{"href":"https:\/\/naturvernforbundet.no\/moreogromsdal\/wp-json\/wp\/v2\/posts"}],"about":[{"href":"https:\/\/naturvernforbundet.no\/moreogromsdal\/wp-json\/wp\/v2\/types\/post"}],"author":[{"embeddable":true,"href":"https:\/\/naturvernforbundet.no\/moreogromsdal\/wp-json\/wp\/v2\/users\/38"}],"replies":[{"embeddable":true,"href":"https:\/\/naturvernforbundet.no\/moreogromsdal\/wp-json\/wp\/v2\/comments?post=2643"}],"version-history":[{"count":0,"href":"https:\/\/naturvernforbundet.no\/moreogromsdal\/wp-json\/wp\/v2\/posts\/2643\/revisions"}],"wp:attachment":[{"href":"https:\/\/naturvernforbundet.no\/moreogromsdal\/wp-json\/wp\/v2\/media?parent=2643"}],"wp:term":[{"taxonomy":"category","embeddable":true,"href":"https:\/\/naturvernforbundet.no\/moreogromsdal\/wp-json\/wp\/v2\/categories?post=2643"},{"taxonomy":"post_tag","embeddable":true,"href":"https:\/\/naturvernforbundet.no\/moreogromsdal\/wp-json\/wp\/v2\/tags?post=2643"},{"taxonomy":"local","embeddable":true,"href":"https:\/\/naturvernforbundet.no\/moreogromsdal\/wp-json\/wp\/v2\/local?post=2643"}],"curies":[{"name":"wp","href":"https:\/\/api.w.org\/{rel}","templated":true}]}}