{"id":2652,"date":"2005-06-25T08:57:00","date_gmt":"2005-06-25T06:57:00","guid":{"rendered":"https:\/\/naturvernforbundet.no\/moreogromsdal\/takk-for-langoya-vedtaket-tingvoll-kommune\/"},"modified":"2005-06-25T08:57:00","modified_gmt":"2005-06-25T06:57:00","slug":"takk-for-langoya-vedtaket-tingvoll-kommune","status":"publish","type":"post","link":"https:\/\/naturvernforbundet.no\/moreogromsdal\/takk-for-langoya-vedtaket-tingvoll-kommune\/","title":{"rendered":"Takk for Lang\u00f8ya-vedtaket, Tingvoll kommune"},"content":{"rendered":"\t<div class=\"template-post alignfull wp-block-naturvern-hero\">\n\t\t<div class=\"hero__inner\">\n\t\t\t<div class=\"hero__inner_blocks\">\n\t\t\t\t\t\t\t\t\n\t\t\t\t\t<h1 class=\"wp-block-post-title\">Takk for Lang\u00f8ya-vedtaket, Tingvoll kommune<\/h1>\n\n\t\t\t\t\t<div class=\"wp-block-post-excerpt\"><p class=\"wp-block-post-excerpt__excerpt\">Lesarinnlegg fr\u00e5 \u00d8ystein Folden, leiar i Naturvernforbundet i Tingvoll. <\/p><\/div>\n\n\t\t\t\t\t\n\n\t\t\t\t\t<div class=\"wp-block-naturvern-byline\">\n\t\t\t<div class=\"authors\">By <span class=\"t2-byline__author-link\">Artikkelimport\u00f8r<\/span><\/div>\n\t\t\t<small class=\"entry-date\">25.06.2005 08:57<\/small>\n\t\t<\/div>\n\t\t\t\t\t\t\t\t<\/div>\n\t\t\t\t\t<\/div>\n\t\t\t<\/div>\n\t\n<p>Takk!<br><br>F\u00f8rst av alt vil Naturvernforbundet i Tingvoll gje ros for det vedtaket Tingvoll kommune gjorde vedkomande Lang\u00f8ya no sist veke. Det viser at det framleis er h\u00e5p for andre verdiar enn r\u00e5 pengemakt. Det viser at det g\u00e5r an \u00e5 tenkje p\u00e5 fleire m\u00e5ter n\u00e5r det gjeld n\u00e6ringsutvikling. Verksemd p\u00e5 det jamne med b\u00e6rekraftige kvalitetar held i det lange l\u00f8p.<br><br>Takk til alle som har vore i kontakt med Naturvernforbundet om saka. Det er alltid greitt \u00e5 f\u00e5 tilbakemeldingar om at det vi st\u00e5r for blir forst\u00e5tt. Sj\u00f8lv om vi t\u00f8r \u00e5 seie fr\u00e5 ogs\u00e5 n\u00e5r det berre er naturen som er v\u00e5r venn, s\u00e5 gjer det godt med saker der vi kjenner p\u00e5 at vi st\u00e5r for ei fleirtalsoppfatning.<br><br>Takk til Dagfinn Simonsen. Han har utruleg god nase for \u00e5 finne det mest verdfulle. Gjennom denne saka har mange andre ogs\u00e5 f\u00e5tt auge p\u00e5 desse verdiane. At Simonsen sin konklusjon om kva slike verdiar kan brukast til er heilt andre enn v\u00e5re, det f\u00e5r reknast som ein ekkel biverknad som blir med p\u00e5 kj\u00f8pet n\u00e5r ein har ein s\u00e5 finstilt nase. <br><br>Det er nokre utfordringar ogs\u00e5. I tida framover vil presset p\u00e5 strandomr\u00e5de og friluftsomr\u00e5de i det heile merkast godt. Vi m\u00e5 passe vel p\u00e5 at slike omr\u00e5der blir bruka, ikkje forbruka. Testen er at omr\u00e5da kan brukast av fleire og fleire gongar \u2013 kan dei nyttast av f\u00e5 og berre ein gong, d\u00e5 g\u00e5r dei tapt. Det er no sett ord p\u00e5 kva Lang\u00f8ya har av kvalitetar og at det betyr noko. Det er mange andre perler ogs\u00e5 som har noko av dei same kvalitetane.<br><br>For ei tid sidan leverte Naturvernforbundet i Tingvoll ei uttale til reguleringsplan for N\u00e5lsund grustak. Der er det interesser som vil utvide krateret end\u00e5 meir, og interessene for \u00e5 rydde opp etterp\u00e5 liknar mykje p\u00e5 dei som har vore der f\u00f8r, s\u00e5 langt Naturvernforbundet kan vurdere. N\u00e5r utgangspunktet er \u00f8ydelagd strandline og eit tr\u00f8ysteslaust krater er v\u00e5r tanke at her er rette staden viss kommunen vil ha strandn\u00e6re tomter til hus eller hytter. Om det der blir fylt og sprengt gjer ikkje noko fr\u00e5 eller til for naturen, berre det i ferdig tilstand ser bra ut. Her g\u00e5r det an \u00e5 teikne f\u00f8rst og tilpasse terrenget etterp\u00e5. Her g\u00e5r det an \u00e5 bygge tett, s\u00e5 tett at all ugreie fr\u00e5 f\u00f8r blir bygd ned. Vel \u2013 det var berre ein tanke.<br><br>S\u00e5 til alle dei som var glade for at Naturvernforbundet gjekk inn i Lang\u00f8yasaka. Det er ikkje sj\u00f8lvsagt at Naturvernforbundet er der n\u00e5r de treng det. Vil de sikre dykk at Naturvernforbundet er p\u00e5 banen og har slagkraft, d\u00e5 b\u00f8r de melde dykk inn og betale kontingent, i tillegg til \u00e5 vise engasjement. Ta ein titt p\u00e5 www.naturvern.no, eller kontakt underteikna, anten de bur i Tingvoll eller andre kommunar. Eit Naturvernforbund med mange medlemmer gjer det lettare \u00e5 passe p\u00e5 at viktige naturverdiar ikkje forsvinn inn i kassaapparata.<br><br>\u00d8ystein Folden\nLeiar, Naturvernforbundet i Tingvoll<\/p>\n","protected":false},"excerpt":{"rendered":"<p>Lesarinnlegg fr\u00e5 \u00d8ystein Folden, leiar i Naturvernforbundet i Tingvoll.<\/p>\n","protected":false},"author":38,"featured_media":0,"comment_status":"closed","ping_status":"closed","sticky":false,"template":"","format":"standard","meta":{"_relevanssi_hide_post":"","_relevanssi_hide_content":"","_relevanssi_pin_for_all":"","_relevanssi_pin_keywords":"","_relevanssi_unpin_keywords":"","_relevanssi_related_keywords":"","_relevanssi_related_include_ids":"","_relevanssi_related_exclude_ids":"","_relevanssi_related_no_append":"","_relevanssi_related_not_related":"","_relevanssi_related_posts":"","_relevanssi_noindex_reason":"","hide_logo":false,"footnotes":""},"categories":[16],"tags":[],"local":[],"class_list":["post-2652","post","type-post","status-publish","format-standard","hentry","category-naturmangfold"],"acf":[],"yoast_head":"<!-- This site is optimized with the Yoast SEO plugin v24.9 - https:\/\/yoast.com\/wordpress\/plugins\/seo\/ -->\n<title>Takk for Lang\u00f8ya-vedtaket, Tingvoll kommune - M\u00f8re og Romsdal<\/title>\n<meta name=\"robots\" content=\"index, follow, max-snippet:-1, max-image-preview:large, max-video-preview:-1\" \/>\n<link rel=\"canonical\" href=\"https:\/\/naturvernforbundet.no\/moreogromsdal\/takk-for-langoya-vedtaket-tingvoll-kommune\/\" \/>\n<meta property=\"og:locale\" content=\"nb_NO\" \/>\n<meta property=\"og:type\" content=\"article\" \/>\n<meta property=\"og:title\" content=\"Takk for Lang\u00f8ya-vedtaket, Tingvoll kommune - M\u00f8re og Romsdal\" \/>\n<meta property=\"og:description\" content=\"Lesarinnlegg fr\u00e5 \u00d8ystein Folden, leiar i Naturvernforbundet i Tingvoll.\" \/>\n<meta property=\"og:url\" content=\"https:\/\/naturvernforbundet.no\/moreogromsdal\/takk-for-langoya-vedtaket-tingvoll-kommune\/\" \/>\n<meta property=\"og:site_name\" content=\"M\u00f8re og Romsdal\" \/>\n<meta property=\"article:published_time\" content=\"2005-06-25T06:57:00+00:00\" \/>\n<meta name=\"author\" content=\"Artikkelimport\u00f8r\" \/>\n<meta name=\"twitter:card\" content=\"summary_large_image\" \/>\n<meta name=\"twitter:label1\" content=\"Skrevet av\" \/>\n\t<meta name=\"twitter:data1\" content=\"Artikkelimport\u00f8r\" \/>\n\t<meta name=\"twitter:label2\" content=\"Ansl. lesetid\" \/>\n\t<meta name=\"twitter:data2\" content=\"3 minutter\" \/>\n<script type=\"application\/ld+json\" class=\"yoast-schema-graph\">{\"@context\":\"https:\/\/schema.org\",\"@graph\":[{\"@type\":\"WebPage\",\"@id\":\"https:\/\/naturvernforbundet.no\/moreogromsdal\/takk-for-langoya-vedtaket-tingvoll-kommune\/\",\"url\":\"https:\/\/naturvernforbundet.no\/moreogromsdal\/takk-for-langoya-vedtaket-tingvoll-kommune\/\",\"name\":\"Takk for Lang\u00f8ya-vedtaket, Tingvoll kommune - M\u00f8re og Romsdal\",\"isPartOf\":{\"@id\":\"https:\/\/naturvernforbundet.no\/moreogromsdal\/#website\"},\"datePublished\":\"2005-06-25T06:57:00+00:00\",\"author\":{\"@id\":\"https:\/\/naturvernforbundet.no\/moreogromsdal\/#\/schema\/person\/c72f198205979084bf071deedb6205f4\"},\"breadcrumb\":{\"@id\":\"https:\/\/naturvernforbundet.no\/moreogromsdal\/takk-for-langoya-vedtaket-tingvoll-kommune\/#breadcrumb\"},\"inLanguage\":\"nb-NO\",\"potentialAction\":[{\"@type\":\"ReadAction\",\"target\":[\"https:\/\/naturvernforbundet.no\/moreogromsdal\/takk-for-langoya-vedtaket-tingvoll-kommune\/\"]}]},{\"@type\":\"BreadcrumbList\",\"@id\":\"https:\/\/naturvernforbundet.no\/moreogromsdal\/takk-for-langoya-vedtaket-tingvoll-kommune\/#breadcrumb\",\"itemListElement\":[{\"@type\":\"ListItem\",\"position\":1,\"name\":\"Till naturvernforbundet.no\",\"item\":\"https:\/\/naturvernforbundet.no\/\"},{\"@type\":\"ListItem\",\"position\":2,\"name\":\"M\u00f8re og Romsdal\",\"item\":\"https:\/\/naturvernforbundet.no\/moreogromsdal\/\"},{\"@type\":\"ListItem\",\"position\":3,\"name\":\"Takk for Lang\u00f8ya-vedtaket, Tingvoll kommune\"}]},{\"@type\":\"WebSite\",\"@id\":\"https:\/\/naturvernforbundet.no\/moreogromsdal\/#website\",\"url\":\"https:\/\/naturvernforbundet.no\/moreogromsdal\/\",\"name\":\"M\u00f8re og Romsdal\",\"description\":\"Bare enda et Naturvernforbundet Sites-nettsted\",\"potentialAction\":[{\"@type\":\"SearchAction\",\"target\":{\"@type\":\"EntryPoint\",\"urlTemplate\":\"https:\/\/naturvernforbundet.no\/moreogromsdal\/?s={search_term_string}\"},\"query-input\":{\"@type\":\"PropertyValueSpecification\",\"valueRequired\":true,\"valueName\":\"search_term_string\"}}],\"inLanguage\":\"nb-NO\"},{\"@type\":\"Person\",\"@id\":\"https:\/\/naturvernforbundet.no\/moreogromsdal\/#\/schema\/person\/c72f198205979084bf071deedb6205f4\",\"name\":\"Artikkelimport\u00f8r\",\"image\":{\"@type\":\"ImageObject\",\"inLanguage\":\"nb-NO\",\"@id\":\"https:\/\/naturvernforbundet.no\/moreogromsdal\/#\/schema\/person\/image\/\",\"url\":\"https:\/\/secure.gravatar.com\/avatar\/015fa491b9ed1c823ef16a5c930294d1?s=96&d=mm&r=g\",\"contentUrl\":\"https:\/\/secure.gravatar.com\/avatar\/015fa491b9ed1c823ef16a5c930294d1?s=96&d=mm&r=g\",\"caption\":\"Artikkelimport\u00f8r\"},\"url\":\"https:\/\/naturvernforbundet.no\/moreogromsdal\/author\/artikkelimportor\/\"}]}<\/script>\n<!-- \/ Yoast SEO plugin. -->","yoast_head_json":{"title":"Takk for Lang\u00f8ya-vedtaket, Tingvoll kommune - M\u00f8re og Romsdal","robots":{"index":"index","follow":"follow","max-snippet":"max-snippet:-1","max-image-preview":"max-image-preview:large","max-video-preview":"max-video-preview:-1"},"canonical":"https:\/\/naturvernforbundet.no\/moreogromsdal\/takk-for-langoya-vedtaket-tingvoll-kommune\/","og_locale":"nb_NO","og_type":"article","og_title":"Takk for Lang\u00f8ya-vedtaket, Tingvoll kommune - M\u00f8re og Romsdal","og_description":"Lesarinnlegg fr\u00e5 \u00d8ystein Folden, leiar i Naturvernforbundet i Tingvoll.","og_url":"https:\/\/naturvernforbundet.no\/moreogromsdal\/takk-for-langoya-vedtaket-tingvoll-kommune\/","og_site_name":"M\u00f8re og Romsdal","article_published_time":"2005-06-25T06:57:00+00:00","author":"Artikkelimport\u00f8r","twitter_card":"summary_large_image","twitter_misc":{"Skrevet av":"Artikkelimport\u00f8r","Ansl. lesetid":"3 minutter"},"schema":{"@context":"https:\/\/schema.org","@graph":[{"@type":"WebPage","@id":"https:\/\/naturvernforbundet.no\/moreogromsdal\/takk-for-langoya-vedtaket-tingvoll-kommune\/","url":"https:\/\/naturvernforbundet.no\/moreogromsdal\/takk-for-langoya-vedtaket-tingvoll-kommune\/","name":"Takk for Lang\u00f8ya-vedtaket, Tingvoll kommune - M\u00f8re og Romsdal","isPartOf":{"@id":"https:\/\/naturvernforbundet.no\/moreogromsdal\/#website"},"datePublished":"2005-06-25T06:57:00+00:00","author":{"@id":"https:\/\/naturvernforbundet.no\/moreogromsdal\/#\/schema\/person\/c72f198205979084bf071deedb6205f4"},"breadcrumb":{"@id":"https:\/\/naturvernforbundet.no\/moreogromsdal\/takk-for-langoya-vedtaket-tingvoll-kommune\/#breadcrumb"},"inLanguage":"nb-NO","potentialAction":[{"@type":"ReadAction","target":["https:\/\/naturvernforbundet.no\/moreogromsdal\/takk-for-langoya-vedtaket-tingvoll-kommune\/"]}]},{"@type":"BreadcrumbList","@id":"https:\/\/naturvernforbundet.no\/moreogromsdal\/takk-for-langoya-vedtaket-tingvoll-kommune\/#breadcrumb","itemListElement":[{"@type":"ListItem","position":1,"name":"Till naturvernforbundet.no","item":"https:\/\/naturvernforbundet.no\/"},{"@type":"ListItem","position":2,"name":"M\u00f8re og Romsdal","item":"https:\/\/naturvernforbundet.no\/moreogromsdal\/"},{"@type":"ListItem","position":3,"name":"Takk for Lang\u00f8ya-vedtaket, Tingvoll kommune"}]},{"@type":"WebSite","@id":"https:\/\/naturvernforbundet.no\/moreogromsdal\/#website","url":"https:\/\/naturvernforbundet.no\/moreogromsdal\/","name":"M\u00f8re og Romsdal","description":"Bare enda et Naturvernforbundet Sites-nettsted","potentialAction":[{"@type":"SearchAction","target":{"@type":"EntryPoint","urlTemplate":"https:\/\/naturvernforbundet.no\/moreogromsdal\/?s={search_term_string}"},"query-input":{"@type":"PropertyValueSpecification","valueRequired":true,"valueName":"search_term_string"}}],"inLanguage":"nb-NO"},{"@type":"Person","@id":"https:\/\/naturvernforbundet.no\/moreogromsdal\/#\/schema\/person\/c72f198205979084bf071deedb6205f4","name":"Artikkelimport\u00f8r","image":{"@type":"ImageObject","inLanguage":"nb-NO","@id":"https:\/\/naturvernforbundet.no\/moreogromsdal\/#\/schema\/person\/image\/","url":"https:\/\/secure.gravatar.com\/avatar\/015fa491b9ed1c823ef16a5c930294d1?s=96&d=mm&r=g","contentUrl":"https:\/\/secure.gravatar.com\/avatar\/015fa491b9ed1c823ef16a5c930294d1?s=96&d=mm&r=g","caption":"Artikkelimport\u00f8r"},"url":"https:\/\/naturvernforbundet.no\/moreogromsdal\/author\/artikkelimportor\/"}]}},"_links":{"self":[{"href":"https:\/\/naturvernforbundet.no\/moreogromsdal\/wp-json\/wp\/v2\/posts\/2652","targetHints":{"allow":["GET"]}}],"collection":[{"href":"https:\/\/naturvernforbundet.no\/moreogromsdal\/wp-json\/wp\/v2\/posts"}],"about":[{"href":"https:\/\/naturvernforbundet.no\/moreogromsdal\/wp-json\/wp\/v2\/types\/post"}],"author":[{"embeddable":true,"href":"https:\/\/naturvernforbundet.no\/moreogromsdal\/wp-json\/wp\/v2\/users\/38"}],"replies":[{"embeddable":true,"href":"https:\/\/naturvernforbundet.no\/moreogromsdal\/wp-json\/wp\/v2\/comments?post=2652"}],"version-history":[{"count":0,"href":"https:\/\/naturvernforbundet.no\/moreogromsdal\/wp-json\/wp\/v2\/posts\/2652\/revisions"}],"wp:attachment":[{"href":"https:\/\/naturvernforbundet.no\/moreogromsdal\/wp-json\/wp\/v2\/media?parent=2652"}],"wp:term":[{"taxonomy":"category","embeddable":true,"href":"https:\/\/naturvernforbundet.no\/moreogromsdal\/wp-json\/wp\/v2\/categories?post=2652"},{"taxonomy":"post_tag","embeddable":true,"href":"https:\/\/naturvernforbundet.no\/moreogromsdal\/wp-json\/wp\/v2\/tags?post=2652"},{"taxonomy":"local","embeddable":true,"href":"https:\/\/naturvernforbundet.no\/moreogromsdal\/wp-json\/wp\/v2\/local?post=2652"}],"curies":[{"name":"wp","href":"https:\/\/api.w.org\/{rel}","templated":true}]}}