{"id":2691,"date":"2006-07-12T13:31:00","date_gmt":"2006-07-12T11:31:00","guid":{"rendered":"https:\/\/naturvernforbundet.no\/moreogromsdal\/ikkje-berre-ei-elv-men-eit-landskap\/"},"modified":"2006-07-12T13:31:00","modified_gmt":"2006-07-12T11:31:00","slug":"ikkje-berre-ei-elv-men-eit-landskap","status":"publish","type":"post","link":"https:\/\/naturvernforbundet.no\/moreogromsdal\/ikkje-berre-ei-elv-men-eit-landskap\/","title":{"rendered":"Ikkje berre ei elv, men eit landskap"},"content":{"rendered":"\t<div class=\"template-post alignfull wp-block-naturvern-hero\">\n\t\t<div class=\"hero__inner\">\n\t\t\t<div class=\"hero__inner_blocks\">\n\t\t\t\t\t\t\t\t\n\t\t\t\t\t<h1 class=\"wp-block-post-title\">Ikkje berre ei elv, men eit landskap<\/h1>\n\n\t\t\t\t\t<div class=\"wp-block-post-excerpt\"><p class=\"wp-block-post-excerpt__excerpt\">Naturvernforbundet har utfyllande kommentarar til s\u00f8knaden om bygging av kraftverk i Botnaelva i Volda. <\/p><\/div>\n\n\t\t\t\t\t\n\n\t\t\t\t\t<div class=\"wp-block-naturvern-byline\">\n\t\t\t<div class=\"authors\">By <span class=\"t2-byline__author-link\">Artikkelimport\u00f8r<\/span><\/div>\n\t\t\t<small class=\"entry-date\">12.07.2006 13:31<\/small>\n\t\t<\/div>\n\t\t\t\t\t\t\t\t<\/div>\n\t\t\t\t\t<\/div>\n\t\t\t<\/div>\n\t\n<p>Naturvernforbundet har gitt ein supplerande uttale til planane om utbygging av Botnaelva. Her peikar Naturvernforbundet m.a. p\u00e5 at &laquo;Botnaelva er ein del av eit typisk vassdrag i v\u00e5rt distrikt. Det har ei ubroten kjede av elvar, vatn og stryk fr\u00e5 breane under Mat\u00f8skja og Tverrelvhornet og til badeplassen i Botnavika.&raquo; \n<\/p>\n\n\n\n<p>Naturvernforbundet ber om at s\u00f8knaden om utbygging blir avsl\u00e5tt. Dersom det ikkje er r\u00e5d \u00e5 berge heile elva, ber Naturvernforbundet om dei \u00f8vre delane og utl\u00f8psosen f\u00e5r vere ur\u00f8yvd og at det blir strengare krav til minstevassf\u00f8ring. \n<\/p>\n\n\n\n<p>Knut Fest\u00f8 i Naturvernforbundet i \u00d8rsta og Volda har telefon 97 09 75 73. \n<a>Ja, dette er viktig. Eg vil bli medlem i Naturvernforbundet<\/a><\/p>\n\n\n\n\n\n<p><a>Eg vil gjerne st\u00f8tte Naturvernforbundets arbeid for bevaring av vassdraga v\u00e5re<\/a><\/p>\n\n\n\n\n\n<p><a href=\"\/imakerdata\/f\/0\/88\/51\/8_2401_0\/Ny_kommentar__Botnaelva.pdf\">Les dei utfyllande kommentarane fr\u00e5 Naturvernforbundet<\/a><\/p>\n\n\n\n<p><a href=\"\/imakerdata\/f\/0\/88\/52\/8_2401_0\/Botnaelva10.pdf\">Uttale fr\u00e5 Idar Ola F\u00f8lsvik<\/a><\/p>\n\n\n\n<p><a href=\"\/imakerdata\/f\/0\/88\/52\/9_2401_0\/Fylket_Botnaelva.pdf\">Uttale fr\u00e5 M\u00f8re og Romsdal fylke<\/a><\/p>\n\n\n\n<figure class=\"wp-block-image\"><img decoding=\"async\" src=\"\/imakerdata\/b\/0\/88\/51\/9_2701_0.JPG\" alt=\"\"\/><\/figure>\n\n\n\n<p>Botnaelva i Volda<em>Foto: Naturvernforbundet<\/em><\/p>\n\n\n\n<figure class=\"wp-block-image\"><img decoding=\"async\" src=\"\/imakerdata\/b\/0\/88\/52\/1_2701_0.JPG\" alt=\"\"\/><\/figure>\n\n\n\n<p>Botnaelva i Volda<em>Foto: Naturvernforbundet<\/em><\/p>\n\n\n\n<figure class=\"wp-block-image\"><img decoding=\"async\" src=\"\/imakerdata\/b\/0\/88\/52\/2_2701_0.JPG\" alt=\"\"\/><\/figure>\n\n\n\n<p>Botnaelva i Volda<em>Foto: Naturvernforbundet<\/em><\/p>\n\n\n\n<figure class=\"wp-block-image\"><img decoding=\"async\" src=\"\/imakerdata\/b\/0\/88\/52\/3_2701_0.JPG\" alt=\"\"\/><\/figure>\n\n\n\n<p>Botnaelva i Volda<em>Foto: Naturvernforbundet<\/em><\/p>\n\n\n\n<figure class=\"wp-block-image\"><img decoding=\"async\" src=\"\/imakerdata\/b\/0\/88\/52\/5_2701_0.JPG\" alt=\"\"\/><\/figure>\n\n\n\n<p>Botnaelva i Volda<em>Foto: Naturvernforbundet<\/em><\/p>\n","protected":false},"excerpt":{"rendered":"<p>Naturvernforbundet har utfyllande kommentarar til s\u00f8knaden om bygging av kraftverk i Botnaelva i Volda.<\/p>\n","protected":false},"author":38,"featured_media":0,"comment_status":"closed","ping_status":"closed","sticky":false,"template":"","format":"standard","meta":{"_relevanssi_hide_post":"","_relevanssi_hide_content":"","_relevanssi_pin_for_all":"","_relevanssi_pin_keywords":"","_relevanssi_unpin_keywords":"","_relevanssi_related_keywords":"","_relevanssi_related_include_ids":"","_relevanssi_related_exclude_ids":"","_relevanssi_related_no_append":"","_relevanssi_related_not_related":"","_relevanssi_related_posts":"","_relevanssi_noindex_reason":"","hide_logo":false,"footnotes":""},"categories":[13],"tags":[],"local":[],"class_list":["post-2691","post","type-post","status-publish","format-standard","hentry","category-vasskraft"],"acf":[],"yoast_head":"<!-- This site is optimized with the Yoast SEO plugin v24.9 - https:\/\/yoast.com\/wordpress\/plugins\/seo\/ -->\n<title>Ikkje berre ei elv, men eit landskap - M\u00f8re og Romsdal<\/title>\n<meta name=\"robots\" content=\"index, follow, max-snippet:-1, max-image-preview:large, max-video-preview:-1\" \/>\n<link rel=\"canonical\" href=\"https:\/\/naturvernforbundet.no\/moreogromsdal\/ikkje-berre-ei-elv-men-eit-landskap\/\" \/>\n<meta property=\"og:locale\" content=\"nb_NO\" \/>\n<meta property=\"og:type\" content=\"article\" \/>\n<meta property=\"og:title\" content=\"Ikkje berre ei elv, men eit landskap - M\u00f8re og Romsdal\" \/>\n<meta property=\"og:description\" content=\"Naturvernforbundet har utfyllande kommentarar til s\u00f8knaden om bygging av kraftverk i Botnaelva i Volda.\" \/>\n<meta property=\"og:url\" content=\"https:\/\/naturvernforbundet.no\/moreogromsdal\/ikkje-berre-ei-elv-men-eit-landskap\/\" \/>\n<meta property=\"og:site_name\" content=\"M\u00f8re og Romsdal\" \/>\n<meta property=\"article:published_time\" content=\"2006-07-12T11:31:00+00:00\" \/>\n<meta name=\"author\" content=\"Artikkelimport\u00f8r\" \/>\n<meta name=\"twitter:card\" content=\"summary_large_image\" \/>\n<meta name=\"twitter:label1\" content=\"Skrevet av\" \/>\n\t<meta name=\"twitter:data1\" content=\"Artikkelimport\u00f8r\" \/>\n\t<meta name=\"twitter:label2\" content=\"Ansl. lesetid\" \/>\n\t<meta name=\"twitter:data2\" content=\"1 minutt\" \/>\n<script type=\"application\/ld+json\" class=\"yoast-schema-graph\">{\"@context\":\"https:\/\/schema.org\",\"@graph\":[{\"@type\":\"WebPage\",\"@id\":\"https:\/\/naturvernforbundet.no\/moreogromsdal\/ikkje-berre-ei-elv-men-eit-landskap\/\",\"url\":\"https:\/\/naturvernforbundet.no\/moreogromsdal\/ikkje-berre-ei-elv-men-eit-landskap\/\",\"name\":\"Ikkje berre ei elv, men eit landskap - M\u00f8re og Romsdal\",\"isPartOf\":{\"@id\":\"https:\/\/naturvernforbundet.no\/moreogromsdal\/#website\"},\"datePublished\":\"2006-07-12T11:31:00+00:00\",\"author\":{\"@id\":\"https:\/\/naturvernforbundet.no\/moreogromsdal\/#\/schema\/person\/c72f198205979084bf071deedb6205f4\"},\"breadcrumb\":{\"@id\":\"https:\/\/naturvernforbundet.no\/moreogromsdal\/ikkje-berre-ei-elv-men-eit-landskap\/#breadcrumb\"},\"inLanguage\":\"nb-NO\",\"potentialAction\":[{\"@type\":\"ReadAction\",\"target\":[\"https:\/\/naturvernforbundet.no\/moreogromsdal\/ikkje-berre-ei-elv-men-eit-landskap\/\"]}]},{\"@type\":\"BreadcrumbList\",\"@id\":\"https:\/\/naturvernforbundet.no\/moreogromsdal\/ikkje-berre-ei-elv-men-eit-landskap\/#breadcrumb\",\"itemListElement\":[{\"@type\":\"ListItem\",\"position\":1,\"name\":\"Till naturvernforbundet.no\",\"item\":\"https:\/\/naturvernforbundet.no\/\"},{\"@type\":\"ListItem\",\"position\":2,\"name\":\"M\u00f8re og Romsdal\",\"item\":\"https:\/\/naturvernforbundet.no\/moreogromsdal\/\"},{\"@type\":\"ListItem\",\"position\":3,\"name\":\"Ikkje berre ei elv, men eit landskap\"}]},{\"@type\":\"WebSite\",\"@id\":\"https:\/\/naturvernforbundet.no\/moreogromsdal\/#website\",\"url\":\"https:\/\/naturvernforbundet.no\/moreogromsdal\/\",\"name\":\"M\u00f8re og Romsdal\",\"description\":\"Bare enda et Naturvernforbundet Sites-nettsted\",\"potentialAction\":[{\"@type\":\"SearchAction\",\"target\":{\"@type\":\"EntryPoint\",\"urlTemplate\":\"https:\/\/naturvernforbundet.no\/moreogromsdal\/?s={search_term_string}\"},\"query-input\":{\"@type\":\"PropertyValueSpecification\",\"valueRequired\":true,\"valueName\":\"search_term_string\"}}],\"inLanguage\":\"nb-NO\"},{\"@type\":\"Person\",\"@id\":\"https:\/\/naturvernforbundet.no\/moreogromsdal\/#\/schema\/person\/c72f198205979084bf071deedb6205f4\",\"name\":\"Artikkelimport\u00f8r\",\"image\":{\"@type\":\"ImageObject\",\"inLanguage\":\"nb-NO\",\"@id\":\"https:\/\/naturvernforbundet.no\/moreogromsdal\/#\/schema\/person\/image\/\",\"url\":\"https:\/\/secure.gravatar.com\/avatar\/015fa491b9ed1c823ef16a5c930294d1?s=96&d=mm&r=g\",\"contentUrl\":\"https:\/\/secure.gravatar.com\/avatar\/015fa491b9ed1c823ef16a5c930294d1?s=96&d=mm&r=g\",\"caption\":\"Artikkelimport\u00f8r\"},\"url\":\"https:\/\/naturvernforbundet.no\/moreogromsdal\/author\/artikkelimportor\/\"}]}<\/script>\n<!-- \/ Yoast SEO plugin. -->","yoast_head_json":{"title":"Ikkje berre ei elv, men eit landskap - M\u00f8re og Romsdal","robots":{"index":"index","follow":"follow","max-snippet":"max-snippet:-1","max-image-preview":"max-image-preview:large","max-video-preview":"max-video-preview:-1"},"canonical":"https:\/\/naturvernforbundet.no\/moreogromsdal\/ikkje-berre-ei-elv-men-eit-landskap\/","og_locale":"nb_NO","og_type":"article","og_title":"Ikkje berre ei elv, men eit landskap - M\u00f8re og Romsdal","og_description":"Naturvernforbundet har utfyllande kommentarar til s\u00f8knaden om bygging av kraftverk i Botnaelva i Volda.","og_url":"https:\/\/naturvernforbundet.no\/moreogromsdal\/ikkje-berre-ei-elv-men-eit-landskap\/","og_site_name":"M\u00f8re og Romsdal","article_published_time":"2006-07-12T11:31:00+00:00","author":"Artikkelimport\u00f8r","twitter_card":"summary_large_image","twitter_misc":{"Skrevet av":"Artikkelimport\u00f8r","Ansl. lesetid":"1 minutt"},"schema":{"@context":"https:\/\/schema.org","@graph":[{"@type":"WebPage","@id":"https:\/\/naturvernforbundet.no\/moreogromsdal\/ikkje-berre-ei-elv-men-eit-landskap\/","url":"https:\/\/naturvernforbundet.no\/moreogromsdal\/ikkje-berre-ei-elv-men-eit-landskap\/","name":"Ikkje berre ei elv, men eit landskap - M\u00f8re og Romsdal","isPartOf":{"@id":"https:\/\/naturvernforbundet.no\/moreogromsdal\/#website"},"datePublished":"2006-07-12T11:31:00+00:00","author":{"@id":"https:\/\/naturvernforbundet.no\/moreogromsdal\/#\/schema\/person\/c72f198205979084bf071deedb6205f4"},"breadcrumb":{"@id":"https:\/\/naturvernforbundet.no\/moreogromsdal\/ikkje-berre-ei-elv-men-eit-landskap\/#breadcrumb"},"inLanguage":"nb-NO","potentialAction":[{"@type":"ReadAction","target":["https:\/\/naturvernforbundet.no\/moreogromsdal\/ikkje-berre-ei-elv-men-eit-landskap\/"]}]},{"@type":"BreadcrumbList","@id":"https:\/\/naturvernforbundet.no\/moreogromsdal\/ikkje-berre-ei-elv-men-eit-landskap\/#breadcrumb","itemListElement":[{"@type":"ListItem","position":1,"name":"Till naturvernforbundet.no","item":"https:\/\/naturvernforbundet.no\/"},{"@type":"ListItem","position":2,"name":"M\u00f8re og Romsdal","item":"https:\/\/naturvernforbundet.no\/moreogromsdal\/"},{"@type":"ListItem","position":3,"name":"Ikkje berre ei elv, men eit landskap"}]},{"@type":"WebSite","@id":"https:\/\/naturvernforbundet.no\/moreogromsdal\/#website","url":"https:\/\/naturvernforbundet.no\/moreogromsdal\/","name":"M\u00f8re og Romsdal","description":"Bare enda et Naturvernforbundet Sites-nettsted","potentialAction":[{"@type":"SearchAction","target":{"@type":"EntryPoint","urlTemplate":"https:\/\/naturvernforbundet.no\/moreogromsdal\/?s={search_term_string}"},"query-input":{"@type":"PropertyValueSpecification","valueRequired":true,"valueName":"search_term_string"}}],"inLanguage":"nb-NO"},{"@type":"Person","@id":"https:\/\/naturvernforbundet.no\/moreogromsdal\/#\/schema\/person\/c72f198205979084bf071deedb6205f4","name":"Artikkelimport\u00f8r","image":{"@type":"ImageObject","inLanguage":"nb-NO","@id":"https:\/\/naturvernforbundet.no\/moreogromsdal\/#\/schema\/person\/image\/","url":"https:\/\/secure.gravatar.com\/avatar\/015fa491b9ed1c823ef16a5c930294d1?s=96&d=mm&r=g","contentUrl":"https:\/\/secure.gravatar.com\/avatar\/015fa491b9ed1c823ef16a5c930294d1?s=96&d=mm&r=g","caption":"Artikkelimport\u00f8r"},"url":"https:\/\/naturvernforbundet.no\/moreogromsdal\/author\/artikkelimportor\/"}]}},"_links":{"self":[{"href":"https:\/\/naturvernforbundet.no\/moreogromsdal\/wp-json\/wp\/v2\/posts\/2691","targetHints":{"allow":["GET"]}}],"collection":[{"href":"https:\/\/naturvernforbundet.no\/moreogromsdal\/wp-json\/wp\/v2\/posts"}],"about":[{"href":"https:\/\/naturvernforbundet.no\/moreogromsdal\/wp-json\/wp\/v2\/types\/post"}],"author":[{"embeddable":true,"href":"https:\/\/naturvernforbundet.no\/moreogromsdal\/wp-json\/wp\/v2\/users\/38"}],"replies":[{"embeddable":true,"href":"https:\/\/naturvernforbundet.no\/moreogromsdal\/wp-json\/wp\/v2\/comments?post=2691"}],"version-history":[{"count":0,"href":"https:\/\/naturvernforbundet.no\/moreogromsdal\/wp-json\/wp\/v2\/posts\/2691\/revisions"}],"wp:attachment":[{"href":"https:\/\/naturvernforbundet.no\/moreogromsdal\/wp-json\/wp\/v2\/media?parent=2691"}],"wp:term":[{"taxonomy":"category","embeddable":true,"href":"https:\/\/naturvernforbundet.no\/moreogromsdal\/wp-json\/wp\/v2\/categories?post=2691"},{"taxonomy":"post_tag","embeddable":true,"href":"https:\/\/naturvernforbundet.no\/moreogromsdal\/wp-json\/wp\/v2\/tags?post=2691"},{"taxonomy":"local","embeddable":true,"href":"https:\/\/naturvernforbundet.no\/moreogromsdal\/wp-json\/wp\/v2\/local?post=2691"}],"curies":[{"name":"wp","href":"https:\/\/api.w.org\/{rel}","templated":true}]}}