{"id":2704,"date":"2006-08-17T22:37:00","date_gmt":"2006-08-17T20:37:00","guid":{"rendered":"https:\/\/naturvernforbundet.no\/moreogromsdal\/nullutslepp-pa-langoya\/"},"modified":"2006-08-17T22:37:00","modified_gmt":"2006-08-17T20:37:00","slug":"nullutslepp-pa-langoya","status":"publish","type":"post","link":"https:\/\/naturvernforbundet.no\/moreogromsdal\/nullutslepp-pa-langoya\/","title":{"rendered":"Nullutslepp p\u00e5 Lang\u00f8ya?"},"content":{"rendered":"\t<div class=\"template-post alignfull wp-block-naturvern-hero\">\n\t\t<div class=\"hero__inner\">\n\t\t\t<div class=\"hero__inner_blocks\">\n\t\t\t\t\t\t\t\t\n\t\t\t\t\t<h1 class=\"wp-block-post-title\">Nullutslepp p\u00e5 Lang\u00f8ya?<\/h1>\n\n\t\t\t\t\t<div class=\"wp-block-post-excerpt\"><p class=\"wp-block-post-excerpt__excerpt\">Dagfin Simonsen er p\u00e5 sjarmoffensiv igjen. Det er ikkje alltid lett \u00e5 sj\u00e5 kva slike som han vil og kan f\u00e5 til, men ofte er det viktigare at det kjem inn pengar i eigen pung enn at t.d. milj\u00f8et blir passa p\u00e5 for v\u00e5r eigen og for framtidige generasjonar. Kvar og ein f\u00e5r sp\u00f8rje seg&hellip; <\/p><\/div>\n\n\t\t\t\t\t\n\n\t\t\t\t\t<div class=\"wp-block-naturvern-byline\">\n\t\t\t<div class=\"authors\">By <span class=\"t2-byline__author-link\">Artikkelimport\u00f8r<\/span><\/div>\n\t\t\t<small class=\"entry-date\">17.08.2006 22:37<\/small>\n\t\t<\/div>\n\t\t\t\t\t\t\t\t<\/div>\n\t\t\t\t\t<\/div>\n\t\t\t<\/div>\n\t\n<p>Sidan sist gong denne saka var under handsaming har vi f\u00e5tt nokre svar:\n<\/p>\n\n\n\n<p>&#8211; Det er gjennomf\u00f8rt ei unders\u00f8king av dei biologiske verdiane p\u00e5 Lang\u00f8ya. Oppsummeringa av denne unders\u00f8kinga tilseier at strandenga i omr\u00e5det har betydelege verdiar, og at desse verdiane st\u00e5r i overhengande fare for \u00e5 g\u00e5 tapt ved utbygging.\n<\/p>\n\n\n\n<p>&#8211; Simonsen har funne l\u00f8ysingane som gjev nullutsleppssamfunnet.\n<\/p>\n\n\n\n<p>For eit \u00e5r sidan framstilte Simonsen plana som eit \u00f8kologisk prosjekt. Etter Naturvernforbundet sitt syn var \u00f8kologien i prosjektet n\u00e6rast fr\u00e5verande. No kan vi sj\u00e5 av Aura Avis at prosjektet blir marknadsf\u00f8rt som \u201dverdens kanskje f\u00f8rste nullutslippssamfunn\u201d. Viss innhaldet i dette har like lite hald som \u00f8kologien for eit \u00e5r sidan, er dette falsk marknadsf\u00f8ring for \u00e5 f\u00e5 planane gjennom kommunal handsaming. P\u00e5 f\u00f8respurnad har ikkje Tingvoll kommune f\u00e5tt noko dokument om dette, s\u00e5 dette er heilt i det uvisse. Difor er vi no n\u00f8ydde til \u00e5 gjette kva dette g\u00e5r ut p\u00e5.\n<\/p>\n\n\n\n<p>Det tilseier truleg at turen ut i byrjinga av september skal skje med rob\u00e5t. Rob\u00e5t og seglb\u00e5t er vel einaste tiln\u00e6rma nullutsleppsl\u00f8ysing for transporten. Den kjappe turen fr\u00e5 flyplassen til Lang\u00f8ya vil d\u00e5 krevje ganske mykje b\u00e5tmannskap. D\u00e5 har ogs\u00e5 snakket om 40 arbeidsplassar truverde. Men bygging av 12 store (?) hytter og resten av pakka kan bli ei interessant utfordring. \n<\/p>\n\n\n\n<p>Naturvernforbundet ser fram til at Simonsen si oppskrift p\u00e5 nullutsleppssamfunnet kjem fram offentleg.\n<\/p>\n\n\n\n<p>\u00d8ystein Folden\n<\/p>\n\n\n\n<p>Leiar, Naturvernforbundet i Tingvoll\n<\/p>\n\n\n\n<p>For meir informasjon kan leiar \u00d8ystein Folden i Naturvernforbundet i Tingvoll kontaktast p\u00e5 telefon 91 81 25 42. \n<a>Ja, dette er viktig. Eg vil bli medlem i Naturvernforbundet<\/a><br><\/p>\n\n\n\n\n\n<p><strong><br><\/strong><a>Eg vil gjerne st\u00f8tte arbeidet til Naturvernforbundet<\/a><\/p>\n\n\n","protected":false},"excerpt":{"rendered":"<p>Dagfin Simonsen er p\u00e5 sjarmoffensiv igjen. Det er ikkje alltid lett \u00e5 sj\u00e5 kva slike som han vil og kan f\u00e5 til, men ofte er det viktigare at det kjem inn pengar i eigen pung enn at t.d. milj\u00f8et blir passa p\u00e5 for v\u00e5r eigen og for framtidige generasjonar. Kvar og ein f\u00e5r sp\u00f8rje seg sj\u00f8lv kva dei trur om den saka. Naturvernforbundet har ikkje akkurat sett det store framsteget i dei nye planane.<\/p>\n","protected":false},"author":38,"featured_media":0,"comment_status":"closed","ping_status":"closed","sticky":false,"template":"","format":"standard","meta":{"_relevanssi_hide_post":"","_relevanssi_hide_content":"","_relevanssi_pin_for_all":"","_relevanssi_pin_keywords":"","_relevanssi_unpin_keywords":"","_relevanssi_related_keywords":"","_relevanssi_related_include_ids":"","_relevanssi_related_exclude_ids":"","_relevanssi_related_no_append":"","_relevanssi_related_not_related":"","_relevanssi_related_posts":"","_relevanssi_noindex_reason":"","hide_logo":false,"footnotes":""},"categories":[16],"tags":[],"local":[],"class_list":["post-2704","post","type-post","status-publish","format-standard","hentry","category-naturmangfold"],"acf":[],"yoast_head":"<!-- This site is optimized with the Yoast SEO plugin v24.9 - https:\/\/yoast.com\/wordpress\/plugins\/seo\/ -->\n<title>Nullutslepp p\u00e5 Lang\u00f8ya? - M\u00f8re og Romsdal<\/title>\n<meta name=\"robots\" content=\"index, follow, max-snippet:-1, max-image-preview:large, max-video-preview:-1\" \/>\n<link rel=\"canonical\" href=\"https:\/\/naturvernforbundet.no\/moreogromsdal\/nullutslepp-pa-langoya\/\" \/>\n<meta property=\"og:locale\" content=\"nb_NO\" \/>\n<meta property=\"og:type\" content=\"article\" \/>\n<meta property=\"og:title\" content=\"Nullutslepp p\u00e5 Lang\u00f8ya? - M\u00f8re og Romsdal\" \/>\n<meta property=\"og:description\" content=\"Dagfin Simonsen er p\u00e5 sjarmoffensiv igjen. Det er ikkje alltid lett \u00e5 sj\u00e5 kva slike som han vil og kan f\u00e5 til, men ofte er det viktigare at det kjem inn pengar i eigen pung enn at t.d. milj\u00f8et blir passa p\u00e5 for v\u00e5r eigen og for framtidige generasjonar. Kvar og ein f\u00e5r sp\u00f8rje seg sj\u00f8lv kva dei trur om den saka. Naturvernforbundet har ikkje akkurat sett det store framsteget i dei nye planane.\" \/>\n<meta property=\"og:url\" content=\"https:\/\/naturvernforbundet.no\/moreogromsdal\/nullutslepp-pa-langoya\/\" \/>\n<meta property=\"og:site_name\" content=\"M\u00f8re og Romsdal\" \/>\n<meta property=\"article:published_time\" content=\"2006-08-17T20:37:00+00:00\" \/>\n<meta name=\"author\" content=\"Artikkelimport\u00f8r\" \/>\n<meta name=\"twitter:card\" content=\"summary_large_image\" \/>\n<meta name=\"twitter:label1\" content=\"Skrevet av\" \/>\n\t<meta name=\"twitter:data1\" content=\"Artikkelimport\u00f8r\" \/>\n\t<meta name=\"twitter:label2\" content=\"Ansl. lesetid\" \/>\n\t<meta name=\"twitter:data2\" content=\"1 minutt\" \/>\n<script type=\"application\/ld+json\" class=\"yoast-schema-graph\">{\"@context\":\"https:\/\/schema.org\",\"@graph\":[{\"@type\":\"WebPage\",\"@id\":\"https:\/\/naturvernforbundet.no\/moreogromsdal\/nullutslepp-pa-langoya\/\",\"url\":\"https:\/\/naturvernforbundet.no\/moreogromsdal\/nullutslepp-pa-langoya\/\",\"name\":\"Nullutslepp p\u00e5 Lang\u00f8ya? - M\u00f8re og Romsdal\",\"isPartOf\":{\"@id\":\"https:\/\/naturvernforbundet.no\/moreogromsdal\/#website\"},\"datePublished\":\"2006-08-17T20:37:00+00:00\",\"author\":{\"@id\":\"https:\/\/naturvernforbundet.no\/moreogromsdal\/#\/schema\/person\/c72f198205979084bf071deedb6205f4\"},\"breadcrumb\":{\"@id\":\"https:\/\/naturvernforbundet.no\/moreogromsdal\/nullutslepp-pa-langoya\/#breadcrumb\"},\"inLanguage\":\"nb-NO\",\"potentialAction\":[{\"@type\":\"ReadAction\",\"target\":[\"https:\/\/naturvernforbundet.no\/moreogromsdal\/nullutslepp-pa-langoya\/\"]}]},{\"@type\":\"BreadcrumbList\",\"@id\":\"https:\/\/naturvernforbundet.no\/moreogromsdal\/nullutslepp-pa-langoya\/#breadcrumb\",\"itemListElement\":[{\"@type\":\"ListItem\",\"position\":1,\"name\":\"Till naturvernforbundet.no\",\"item\":\"https:\/\/naturvernforbundet.no\/\"},{\"@type\":\"ListItem\",\"position\":2,\"name\":\"M\u00f8re og Romsdal\",\"item\":\"https:\/\/naturvernforbundet.no\/moreogromsdal\/\"},{\"@type\":\"ListItem\",\"position\":3,\"name\":\"Nullutslepp p\u00e5 Lang\u00f8ya?\"}]},{\"@type\":\"WebSite\",\"@id\":\"https:\/\/naturvernforbundet.no\/moreogromsdal\/#website\",\"url\":\"https:\/\/naturvernforbundet.no\/moreogromsdal\/\",\"name\":\"M\u00f8re og Romsdal\",\"description\":\"Bare enda et Naturvernforbundet Sites-nettsted\",\"potentialAction\":[{\"@type\":\"SearchAction\",\"target\":{\"@type\":\"EntryPoint\",\"urlTemplate\":\"https:\/\/naturvernforbundet.no\/moreogromsdal\/?s={search_term_string}\"},\"query-input\":{\"@type\":\"PropertyValueSpecification\",\"valueRequired\":true,\"valueName\":\"search_term_string\"}}],\"inLanguage\":\"nb-NO\"},{\"@type\":\"Person\",\"@id\":\"https:\/\/naturvernforbundet.no\/moreogromsdal\/#\/schema\/person\/c72f198205979084bf071deedb6205f4\",\"name\":\"Artikkelimport\u00f8r\",\"image\":{\"@type\":\"ImageObject\",\"inLanguage\":\"nb-NO\",\"@id\":\"https:\/\/naturvernforbundet.no\/moreogromsdal\/#\/schema\/person\/image\/\",\"url\":\"https:\/\/secure.gravatar.com\/avatar\/015fa491b9ed1c823ef16a5c930294d1?s=96&d=mm&r=g\",\"contentUrl\":\"https:\/\/secure.gravatar.com\/avatar\/015fa491b9ed1c823ef16a5c930294d1?s=96&d=mm&r=g\",\"caption\":\"Artikkelimport\u00f8r\"},\"url\":\"https:\/\/naturvernforbundet.no\/moreogromsdal\/author\/artikkelimportor\/\"}]}<\/script>\n<!-- \/ Yoast SEO plugin. -->","yoast_head_json":{"title":"Nullutslepp p\u00e5 Lang\u00f8ya? - M\u00f8re og Romsdal","robots":{"index":"index","follow":"follow","max-snippet":"max-snippet:-1","max-image-preview":"max-image-preview:large","max-video-preview":"max-video-preview:-1"},"canonical":"https:\/\/naturvernforbundet.no\/moreogromsdal\/nullutslepp-pa-langoya\/","og_locale":"nb_NO","og_type":"article","og_title":"Nullutslepp p\u00e5 Lang\u00f8ya? - M\u00f8re og Romsdal","og_description":"Dagfin Simonsen er p\u00e5 sjarmoffensiv igjen. Det er ikkje alltid lett \u00e5 sj\u00e5 kva slike som han vil og kan f\u00e5 til, men ofte er det viktigare at det kjem inn pengar i eigen pung enn at t.d. milj\u00f8et blir passa p\u00e5 for v\u00e5r eigen og for framtidige generasjonar. Kvar og ein f\u00e5r sp\u00f8rje seg sj\u00f8lv kva dei trur om den saka. Naturvernforbundet har ikkje akkurat sett det store framsteget i dei nye planane.","og_url":"https:\/\/naturvernforbundet.no\/moreogromsdal\/nullutslepp-pa-langoya\/","og_site_name":"M\u00f8re og Romsdal","article_published_time":"2006-08-17T20:37:00+00:00","author":"Artikkelimport\u00f8r","twitter_card":"summary_large_image","twitter_misc":{"Skrevet av":"Artikkelimport\u00f8r","Ansl. lesetid":"1 minutt"},"schema":{"@context":"https:\/\/schema.org","@graph":[{"@type":"WebPage","@id":"https:\/\/naturvernforbundet.no\/moreogromsdal\/nullutslepp-pa-langoya\/","url":"https:\/\/naturvernforbundet.no\/moreogromsdal\/nullutslepp-pa-langoya\/","name":"Nullutslepp p\u00e5 Lang\u00f8ya? - M\u00f8re og Romsdal","isPartOf":{"@id":"https:\/\/naturvernforbundet.no\/moreogromsdal\/#website"},"datePublished":"2006-08-17T20:37:00+00:00","author":{"@id":"https:\/\/naturvernforbundet.no\/moreogromsdal\/#\/schema\/person\/c72f198205979084bf071deedb6205f4"},"breadcrumb":{"@id":"https:\/\/naturvernforbundet.no\/moreogromsdal\/nullutslepp-pa-langoya\/#breadcrumb"},"inLanguage":"nb-NO","potentialAction":[{"@type":"ReadAction","target":["https:\/\/naturvernforbundet.no\/moreogromsdal\/nullutslepp-pa-langoya\/"]}]},{"@type":"BreadcrumbList","@id":"https:\/\/naturvernforbundet.no\/moreogromsdal\/nullutslepp-pa-langoya\/#breadcrumb","itemListElement":[{"@type":"ListItem","position":1,"name":"Till naturvernforbundet.no","item":"https:\/\/naturvernforbundet.no\/"},{"@type":"ListItem","position":2,"name":"M\u00f8re og Romsdal","item":"https:\/\/naturvernforbundet.no\/moreogromsdal\/"},{"@type":"ListItem","position":3,"name":"Nullutslepp p\u00e5 Lang\u00f8ya?"}]},{"@type":"WebSite","@id":"https:\/\/naturvernforbundet.no\/moreogromsdal\/#website","url":"https:\/\/naturvernforbundet.no\/moreogromsdal\/","name":"M\u00f8re og Romsdal","description":"Bare enda et Naturvernforbundet Sites-nettsted","potentialAction":[{"@type":"SearchAction","target":{"@type":"EntryPoint","urlTemplate":"https:\/\/naturvernforbundet.no\/moreogromsdal\/?s={search_term_string}"},"query-input":{"@type":"PropertyValueSpecification","valueRequired":true,"valueName":"search_term_string"}}],"inLanguage":"nb-NO"},{"@type":"Person","@id":"https:\/\/naturvernforbundet.no\/moreogromsdal\/#\/schema\/person\/c72f198205979084bf071deedb6205f4","name":"Artikkelimport\u00f8r","image":{"@type":"ImageObject","inLanguage":"nb-NO","@id":"https:\/\/naturvernforbundet.no\/moreogromsdal\/#\/schema\/person\/image\/","url":"https:\/\/secure.gravatar.com\/avatar\/015fa491b9ed1c823ef16a5c930294d1?s=96&d=mm&r=g","contentUrl":"https:\/\/secure.gravatar.com\/avatar\/015fa491b9ed1c823ef16a5c930294d1?s=96&d=mm&r=g","caption":"Artikkelimport\u00f8r"},"url":"https:\/\/naturvernforbundet.no\/moreogromsdal\/author\/artikkelimportor\/"}]}},"_links":{"self":[{"href":"https:\/\/naturvernforbundet.no\/moreogromsdal\/wp-json\/wp\/v2\/posts\/2704","targetHints":{"allow":["GET"]}}],"collection":[{"href":"https:\/\/naturvernforbundet.no\/moreogromsdal\/wp-json\/wp\/v2\/posts"}],"about":[{"href":"https:\/\/naturvernforbundet.no\/moreogromsdal\/wp-json\/wp\/v2\/types\/post"}],"author":[{"embeddable":true,"href":"https:\/\/naturvernforbundet.no\/moreogromsdal\/wp-json\/wp\/v2\/users\/38"}],"replies":[{"embeddable":true,"href":"https:\/\/naturvernforbundet.no\/moreogromsdal\/wp-json\/wp\/v2\/comments?post=2704"}],"version-history":[{"count":0,"href":"https:\/\/naturvernforbundet.no\/moreogromsdal\/wp-json\/wp\/v2\/posts\/2704\/revisions"}],"wp:attachment":[{"href":"https:\/\/naturvernforbundet.no\/moreogromsdal\/wp-json\/wp\/v2\/media?parent=2704"}],"wp:term":[{"taxonomy":"category","embeddable":true,"href":"https:\/\/naturvernforbundet.no\/moreogromsdal\/wp-json\/wp\/v2\/categories?post=2704"},{"taxonomy":"post_tag","embeddable":true,"href":"https:\/\/naturvernforbundet.no\/moreogromsdal\/wp-json\/wp\/v2\/tags?post=2704"},{"taxonomy":"local","embeddable":true,"href":"https:\/\/naturvernforbundet.no\/moreogromsdal\/wp-json\/wp\/v2\/local?post=2704"}],"curies":[{"name":"wp","href":"https:\/\/api.w.org\/{rel}","templated":true}]}}