{"id":4012,"date":"2024-07-31T23:47:42","date_gmt":"2024-07-31T21:47:42","guid":{"rendered":"https:\/\/naturvernforbundet.no\/moreogromsdal\/?p=4012"},"modified":"2024-07-31T23:51:46","modified_gmt":"2024-07-31T21:51:46","slug":"sulagondolen-darleg-naturkartlegging","status":"publish","type":"post","link":"https:\/\/naturvernforbundet.no\/moreogromsdal\/sulagondolen-darleg-naturkartlegging\/","title":{"rendered":"Sulagondolen &#8211; d\u00e5rleg naturkartlegging?"},"content":{"rendered":"\t<div class=\"template-post alignnone wp-block-naturvern-hero\">\n\t\t<div class=\"hero__inner\">\n\t\t\t<div class=\"hero__inner_blocks\">\n\t\t\t\t\t\t\t\t\n<h1 class=\"wp-block-post-title\">Sulagondolen &#8211; d\u00e5rleg naturkartlegging?<\/h1>\n\n<div class=\"wp-block-post-excerpt\"><p class=\"wp-block-post-excerpt__excerpt\">Naturvernforbundet p\u00e5 tur fann mange lokalitetar med ein raudlisteart. <\/p><\/div>\n\n<figure class=\"wp-block-post-featured-image\"><img loading=\"lazy\" decoding=\"async\" width=\"2560\" height=\"1920\" src=\"https:\/\/naturvernforbundet.no\/content\/uploads\/sites\/14\/2024\/07\/IMG_9819-scaled.jpg\" class=\"attachment-post-thumbnail size-post-thumbnail wp-post-image\" alt=\"\" style=\"object-fit:cover;\" srcset=\"https:\/\/naturvernforbundet.no\/content\/uploads\/sites\/14\/2024\/07\/IMG_9819-scaled.jpg 2560w, https:\/\/naturvernforbundet.no\/content\/uploads\/sites\/14\/2024\/07\/IMG_9819-300x225.jpg 300w, https:\/\/naturvernforbundet.no\/content\/uploads\/sites\/14\/2024\/07\/IMG_9819-1024x768.jpg 1024w, https:\/\/naturvernforbundet.no\/content\/uploads\/sites\/14\/2024\/07\/IMG_9819-768x576.jpg 768w, https:\/\/naturvernforbundet.no\/content\/uploads\/sites\/14\/2024\/07\/IMG_9819-1536x1152.jpg 1536w, https:\/\/naturvernforbundet.no\/content\/uploads\/sites\/14\/2024\/07\/IMG_9819-2048x1536.jpg 2048w, https:\/\/naturvernforbundet.no\/content\/uploads\/sites\/14\/2024\/07\/IMG_9819-1920x1440.jpg 1920w\" sizes=\"auto, (max-width: 2560px) 100vw, 2560px\" \/><\/figure>\n\n<div class=\"wp-block-naturvern-byline\">\n\t\t\t<div class=\"authors\">By <span class=\"t2-byline__author-link\">\u00d8ystein Folden<\/span><\/div>\n\t\t\t<small class=\"entry-date\">31.07.2024 23:47<\/small>\n\t\t<\/div>\n\t\t\t<\/div>\n\t\t\t\t\t<\/div>\n\t\t\t<\/div>\n\t\n\n\n<p>Det kom nokre nye opplysningar som gjorde at Naturvernforbundet fekk eit behov for \u00e5 sj\u00e5 n\u00e6rare p\u00e5 gondolsaka. P\u00e5 kort varsel blei det tur med 13 deltakarar oppover lia mot Gamlest\u00f8len. Tema var utanlandske treslag. P\u00e5 turen oppdaga ein ogs\u00e5 16 nye f\u00f8rekomstar av heistorr som er rekna som n\u00e6r truga (NT) p\u00e5 raudlista. Mesteparten av desse f\u00f8rekomstane vil bli \u00f8ydelagde om Vonl\u00f8ypa blir utvida med ein meter. Ein av f\u00f8rekomstane ligg n\u00e6r ein tidlegare f\u00f8rekomst som ikkje har vore vurdert i nokon s\u00e6rleg grad i saka tidlegare. <\/p>\n\n\n\n<p>At s\u00e5pass mange f\u00f8rekomstar berre kan bli borte utan vurdering er ugreitt. At desse f\u00f8rekomstane ikkje er oppdaga f\u00f8r, tyder p\u00e5 at botanikken er unders\u00f8kt med harelabb. 2 feltdagar p\u00e5 botanikken er det nemnt i dokumenta. I eit prosjekt til mange millionar. <\/p>\n\n\n\n<p>Naturvernforbundet har sendt innspel\/klage p\u00e5 kommunestyrevedtaket. S\u00e5 f\u00e5r ein h\u00e5pe at kommunestyrevedtaket ikkje blir noko av.<\/p>\n\n\n\n<p>Brevet som blei sendt:<\/p>\n\n\n\n<p> <\/p>\n\n\n<div class=\"t2-files wp-block-t2-files\">\n<div class=\"t2-file-item wp-block-t2-file-item\">\n\t\t<a href=\"https:\/\/naturvernforbundet.no\/content\/uploads\/sites\/14\/2024\/07\/Innspel-etter-kommunestyrevedtak-juni-2024.pdf\" class=\"t2-file-item__link t2-file-item__link--icon-left\" download>\n\t\t\t<span class=\"t2-file-item__icon\"><svg xmlns=\"http:\/\/www.w3.org\/2000\/svg\" viewBox=\"0 0 24 24\" height=\"24\" width=\"24\" class=\"t2-icon t2-icon-filedownload\" aria-hidden=\"true\" focusable=\"false\"><path d=\"M16.59 9H15V4C15 3.45 14.55 3 14 3H10C9.45 3 9 3.45 9 4V9H7.41C6.52 9 6.07 10.08 6.7 10.71L11.29 15.3C11.68 15.69 12.31 15.69 12.7 15.3L17.29 10.71C17.92 10.08 17.48 9 16.59 9ZM5 19C5 19.55 5.45 20 6 20H18C18.55 20 19 19.55 19 19C19 18.45 18.55 18 18 18H6C5.45 18 5 18.45 5 19Z\" \/><\/svg><\/span>\n\t\t\t<span class=\"t2-file-item__info\">\n\t\t\t\t<span class=\"t2-file-item__filename\">Innspel-etter-kommunestyrevedtak-juni-2024<\/span>\n\t\t\t\t\n\t\t\t\t<span class=\"t2-file-item__meta\">pdf \u00b7 208 KB<\/span>\n\t\t\t<\/span>\n\t\t<\/a>\n\t\t<\/div>\n<\/div>","protected":false},"excerpt":{"rendered":"<p>Naturvernforbundet p\u00e5 tur fann mange lokalitetar med ein raudlisteart.<\/p>\n","protected":false},"author":251,"featured_media":4013,"comment_status":"closed","ping_status":"closed","sticky":false,"template":"","format":"standard","meta":{"_relevanssi_hide_post":"","_relevanssi_hide_content":"","_relevanssi_pin_for_all":"","_relevanssi_pin_keywords":"","_relevanssi_unpin_keywords":"","_relevanssi_related_keywords":"","_relevanssi_related_include_ids":"","_relevanssi_related_exclude_ids":"","_relevanssi_related_no_append":"","_relevanssi_related_not_related":"","_relevanssi_related_posts":"2652,128,2097,1657,1352,143","_relevanssi_noindex_reason":"","hide_logo":false,"footnotes":""},"categories":[46,422,16],"tags":[498,499,92,474,496],"local":[6],"class_list":["post-4012","post","type-post","status-publish","format-standard","has-post-thumbnail","hentry","category-naturinngrep","category-naturkartlegging","category-naturmangfold","tag-gamlestolen","tag-heistorr","tag-klage","tag-raudlista","tag-sulagondolen","local-alesund-og-omegn"],"acf":[],"yoast_head":"<!-- This site is optimized with the Yoast SEO plugin v24.9 - https:\/\/yoast.com\/wordpress\/plugins\/seo\/ -->\n<title>Sulagondolen - d\u00e5rleg naturkartlegging? - M\u00f8re og Romsdal<\/title>\n<meta name=\"robots\" content=\"index, follow, max-snippet:-1, max-image-preview:large, max-video-preview:-1\" \/>\n<link rel=\"canonical\" href=\"https:\/\/naturvernforbundet.no\/moreogromsdal\/sulagondolen-darleg-naturkartlegging\/\" \/>\n<meta property=\"og:locale\" content=\"nb_NO\" \/>\n<meta property=\"og:type\" content=\"article\" \/>\n<meta property=\"og:title\" content=\"Sulagondolen - d\u00e5rleg naturkartlegging? - M\u00f8re og Romsdal\" \/>\n<meta property=\"og:description\" content=\"Naturvernforbundet p\u00e5 tur fann mange lokalitetar med ein raudlisteart.\" \/>\n<meta property=\"og:url\" content=\"https:\/\/naturvernforbundet.no\/moreogromsdal\/sulagondolen-darleg-naturkartlegging\/\" \/>\n<meta property=\"og:site_name\" content=\"M\u00f8re og Romsdal\" \/>\n<meta property=\"article:published_time\" content=\"2024-07-31T21:47:42+00:00\" \/>\n<meta property=\"article:modified_time\" content=\"2024-07-31T21:51:46+00:00\" \/>\n<meta property=\"og:image\" content=\"https:\/\/naturvernforbundet.no\/content\/uploads\/sites\/14\/2024\/07\/IMG_9819-scaled.jpg\" \/>\n\t<meta property=\"og:image:width\" content=\"2560\" \/>\n\t<meta property=\"og:image:height\" content=\"1920\" \/>\n\t<meta property=\"og:image:type\" content=\"image\/jpeg\" \/>\n<meta name=\"author\" content=\"\u00d8ystein Folden\" \/>\n<meta name=\"twitter:card\" content=\"summary_large_image\" \/>\n<meta name=\"twitter:label1\" content=\"Skrevet av\" \/>\n\t<meta name=\"twitter:data1\" content=\"\u00d8ystein Folden\" \/>\n\t<meta name=\"twitter:label2\" content=\"Ansl. lesetid\" \/>\n\t<meta name=\"twitter:data2\" content=\"1 minutt\" \/>\n<script type=\"application\/ld+json\" class=\"yoast-schema-graph\">{\"@context\":\"https:\/\/schema.org\",\"@graph\":[{\"@type\":\"WebPage\",\"@id\":\"https:\/\/naturvernforbundet.no\/moreogromsdal\/sulagondolen-darleg-naturkartlegging\/\",\"url\":\"https:\/\/naturvernforbundet.no\/moreogromsdal\/sulagondolen-darleg-naturkartlegging\/\",\"name\":\"Sulagondolen - d\u00e5rleg naturkartlegging? - M\u00f8re og Romsdal\",\"isPartOf\":{\"@id\":\"https:\/\/naturvernforbundet.no\/moreogromsdal\/#website\"},\"primaryImageOfPage\":{\"@id\":\"https:\/\/naturvernforbundet.no\/moreogromsdal\/sulagondolen-darleg-naturkartlegging\/#primaryimage\"},\"image\":{\"@id\":\"https:\/\/naturvernforbundet.no\/moreogromsdal\/sulagondolen-darleg-naturkartlegging\/#primaryimage\"},\"thumbnailUrl\":\"https:\/\/naturvernforbundet.no\/content\/uploads\/sites\/14\/2024\/07\/IMG_9819-scaled.jpg\",\"datePublished\":\"2024-07-31T21:47:42+00:00\",\"dateModified\":\"2024-07-31T21:51:46+00:00\",\"author\":{\"@id\":\"https:\/\/naturvernforbundet.no\/moreogromsdal\/#\/schema\/person\/771b643be806526a6c29b8d3015eeb72\"},\"breadcrumb\":{\"@id\":\"https:\/\/naturvernforbundet.no\/moreogromsdal\/sulagondolen-darleg-naturkartlegging\/#breadcrumb\"},\"inLanguage\":\"nb-NO\",\"potentialAction\":[{\"@type\":\"ReadAction\",\"target\":[\"https:\/\/naturvernforbundet.no\/moreogromsdal\/sulagondolen-darleg-naturkartlegging\/\"]}]},{\"@type\":\"ImageObject\",\"inLanguage\":\"nb-NO\",\"@id\":\"https:\/\/naturvernforbundet.no\/moreogromsdal\/sulagondolen-darleg-naturkartlegging\/#primaryimage\",\"url\":\"https:\/\/naturvernforbundet.no\/content\/uploads\/sites\/14\/2024\/07\/IMG_9819-scaled.jpg\",\"contentUrl\":\"https:\/\/naturvernforbundet.no\/content\/uploads\/sites\/14\/2024\/07\/IMG_9819-scaled.jpg\",\"width\":2560,\"height\":1920},{\"@type\":\"BreadcrumbList\",\"@id\":\"https:\/\/naturvernforbundet.no\/moreogromsdal\/sulagondolen-darleg-naturkartlegging\/#breadcrumb\",\"itemListElement\":[{\"@type\":\"ListItem\",\"position\":1,\"name\":\"Till naturvernforbundet.no\",\"item\":\"https:\/\/naturvernforbundet.no\/\"},{\"@type\":\"ListItem\",\"position\":2,\"name\":\"M\u00f8re og Romsdal\",\"item\":\"https:\/\/naturvernforbundet.no\/moreogromsdal\/\"},{\"@type\":\"ListItem\",\"position\":3,\"name\":\"\u00c5lesund og omegn\",\"item\":\"https:\/\/naturvernforbundet.no\/moreogromsdal\/lokallag\/alesund-og-omegn\/\"},{\"@type\":\"ListItem\",\"position\":4,\"name\":\"Sulagondolen &#8211; d\u00e5rleg naturkartlegging?\"}]},{\"@type\":\"WebSite\",\"@id\":\"https:\/\/naturvernforbundet.no\/moreogromsdal\/#website\",\"url\":\"https:\/\/naturvernforbundet.no\/moreogromsdal\/\",\"name\":\"M\u00f8re og Romsdal\",\"description\":\"Bare enda et Naturvernforbundet Sites-nettsted\",\"potentialAction\":[{\"@type\":\"SearchAction\",\"target\":{\"@type\":\"EntryPoint\",\"urlTemplate\":\"https:\/\/naturvernforbundet.no\/moreogromsdal\/?s={search_term_string}\"},\"query-input\":{\"@type\":\"PropertyValueSpecification\",\"valueRequired\":true,\"valueName\":\"search_term_string\"}}],\"inLanguage\":\"nb-NO\"},{\"@type\":\"Person\",\"@id\":\"https:\/\/naturvernforbundet.no\/moreogromsdal\/#\/schema\/person\/771b643be806526a6c29b8d3015eeb72\",\"name\":\"\u00d8ystein Folden\",\"image\":{\"@type\":\"ImageObject\",\"inLanguage\":\"nb-NO\",\"@id\":\"https:\/\/naturvernforbundet.no\/moreogromsdal\/#\/schema\/person\/image\/\",\"url\":\"https:\/\/secure.gravatar.com\/avatar\/35490d8f13af228d6bf4df35368b49ec?s=96&d=mm&r=g\",\"contentUrl\":\"https:\/\/secure.gravatar.com\/avatar\/35490d8f13af228d6bf4df35368b49ec?s=96&d=mm&r=g\",\"caption\":\"\u00d8ystein Folden\"},\"url\":\"https:\/\/naturvernforbundet.no\/moreogromsdal\/author\/oysteinfolden\/\"}]}<\/script>\n<!-- \/ Yoast SEO plugin. -->","yoast_head_json":{"title":"Sulagondolen - d\u00e5rleg naturkartlegging? - M\u00f8re og Romsdal","robots":{"index":"index","follow":"follow","max-snippet":"max-snippet:-1","max-image-preview":"max-image-preview:large","max-video-preview":"max-video-preview:-1"},"canonical":"https:\/\/naturvernforbundet.no\/moreogromsdal\/sulagondolen-darleg-naturkartlegging\/","og_locale":"nb_NO","og_type":"article","og_title":"Sulagondolen - d\u00e5rleg naturkartlegging? - M\u00f8re og Romsdal","og_description":"Naturvernforbundet p\u00e5 tur fann mange lokalitetar med ein raudlisteart.","og_url":"https:\/\/naturvernforbundet.no\/moreogromsdal\/sulagondolen-darleg-naturkartlegging\/","og_site_name":"M\u00f8re og Romsdal","article_published_time":"2024-07-31T21:47:42+00:00","article_modified_time":"2024-07-31T21:51:46+00:00","og_image":[{"width":2560,"height":1920,"url":"https:\/\/naturvernforbundet.no\/content\/uploads\/sites\/14\/2024\/07\/IMG_9819-scaled.jpg","type":"image\/jpeg"}],"author":"\u00d8ystein Folden","twitter_card":"summary_large_image","twitter_misc":{"Skrevet av":"\u00d8ystein Folden","Ansl. lesetid":"1 minutt"},"schema":{"@context":"https:\/\/schema.org","@graph":[{"@type":"WebPage","@id":"https:\/\/naturvernforbundet.no\/moreogromsdal\/sulagondolen-darleg-naturkartlegging\/","url":"https:\/\/naturvernforbundet.no\/moreogromsdal\/sulagondolen-darleg-naturkartlegging\/","name":"Sulagondolen - d\u00e5rleg naturkartlegging? - M\u00f8re og Romsdal","isPartOf":{"@id":"https:\/\/naturvernforbundet.no\/moreogromsdal\/#website"},"primaryImageOfPage":{"@id":"https:\/\/naturvernforbundet.no\/moreogromsdal\/sulagondolen-darleg-naturkartlegging\/#primaryimage"},"image":{"@id":"https:\/\/naturvernforbundet.no\/moreogromsdal\/sulagondolen-darleg-naturkartlegging\/#primaryimage"},"thumbnailUrl":"https:\/\/naturvernforbundet.no\/content\/uploads\/sites\/14\/2024\/07\/IMG_9819-scaled.jpg","datePublished":"2024-07-31T21:47:42+00:00","dateModified":"2024-07-31T21:51:46+00:00","author":{"@id":"https:\/\/naturvernforbundet.no\/moreogromsdal\/#\/schema\/person\/771b643be806526a6c29b8d3015eeb72"},"breadcrumb":{"@id":"https:\/\/naturvernforbundet.no\/moreogromsdal\/sulagondolen-darleg-naturkartlegging\/#breadcrumb"},"inLanguage":"nb-NO","potentialAction":[{"@type":"ReadAction","target":["https:\/\/naturvernforbundet.no\/moreogromsdal\/sulagondolen-darleg-naturkartlegging\/"]}]},{"@type":"ImageObject","inLanguage":"nb-NO","@id":"https:\/\/naturvernforbundet.no\/moreogromsdal\/sulagondolen-darleg-naturkartlegging\/#primaryimage","url":"https:\/\/naturvernforbundet.no\/content\/uploads\/sites\/14\/2024\/07\/IMG_9819-scaled.jpg","contentUrl":"https:\/\/naturvernforbundet.no\/content\/uploads\/sites\/14\/2024\/07\/IMG_9819-scaled.jpg","width":2560,"height":1920},{"@type":"BreadcrumbList","@id":"https:\/\/naturvernforbundet.no\/moreogromsdal\/sulagondolen-darleg-naturkartlegging\/#breadcrumb","itemListElement":[{"@type":"ListItem","position":1,"name":"Till naturvernforbundet.no","item":"https:\/\/naturvernforbundet.no\/"},{"@type":"ListItem","position":2,"name":"M\u00f8re og Romsdal","item":"https:\/\/naturvernforbundet.no\/moreogromsdal\/"},{"@type":"ListItem","position":3,"name":"\u00c5lesund og omegn","item":"https:\/\/naturvernforbundet.no\/moreogromsdal\/lokallag\/alesund-og-omegn\/"},{"@type":"ListItem","position":4,"name":"Sulagondolen &#8211; d\u00e5rleg naturkartlegging?"}]},{"@type":"WebSite","@id":"https:\/\/naturvernforbundet.no\/moreogromsdal\/#website","url":"https:\/\/naturvernforbundet.no\/moreogromsdal\/","name":"M\u00f8re og Romsdal","description":"Bare enda et Naturvernforbundet Sites-nettsted","potentialAction":[{"@type":"SearchAction","target":{"@type":"EntryPoint","urlTemplate":"https:\/\/naturvernforbundet.no\/moreogromsdal\/?s={search_term_string}"},"query-input":{"@type":"PropertyValueSpecification","valueRequired":true,"valueName":"search_term_string"}}],"inLanguage":"nb-NO"},{"@type":"Person","@id":"https:\/\/naturvernforbundet.no\/moreogromsdal\/#\/schema\/person\/771b643be806526a6c29b8d3015eeb72","name":"\u00d8ystein Folden","image":{"@type":"ImageObject","inLanguage":"nb-NO","@id":"https:\/\/naturvernforbundet.no\/moreogromsdal\/#\/schema\/person\/image\/","url":"https:\/\/secure.gravatar.com\/avatar\/35490d8f13af228d6bf4df35368b49ec?s=96&d=mm&r=g","contentUrl":"https:\/\/secure.gravatar.com\/avatar\/35490d8f13af228d6bf4df35368b49ec?s=96&d=mm&r=g","caption":"\u00d8ystein Folden"},"url":"https:\/\/naturvernforbundet.no\/moreogromsdal\/author\/oysteinfolden\/"}]}},"_links":{"self":[{"href":"https:\/\/naturvernforbundet.no\/moreogromsdal\/wp-json\/wp\/v2\/posts\/4012","targetHints":{"allow":["GET"]}}],"collection":[{"href":"https:\/\/naturvernforbundet.no\/moreogromsdal\/wp-json\/wp\/v2\/posts"}],"about":[{"href":"https:\/\/naturvernforbundet.no\/moreogromsdal\/wp-json\/wp\/v2\/types\/post"}],"author":[{"embeddable":true,"href":"https:\/\/naturvernforbundet.no\/moreogromsdal\/wp-json\/wp\/v2\/users\/251"}],"replies":[{"embeddable":true,"href":"https:\/\/naturvernforbundet.no\/moreogromsdal\/wp-json\/wp\/v2\/comments?post=4012"}],"version-history":[{"count":1,"href":"https:\/\/naturvernforbundet.no\/moreogromsdal\/wp-json\/wp\/v2\/posts\/4012\/revisions"}],"predecessor-version":[{"id":4015,"href":"https:\/\/naturvernforbundet.no\/moreogromsdal\/wp-json\/wp\/v2\/posts\/4012\/revisions\/4015"}],"wp:featuredmedia":[{"embeddable":true,"href":"https:\/\/naturvernforbundet.no\/moreogromsdal\/wp-json\/wp\/v2\/media\/4013"}],"wp:attachment":[{"href":"https:\/\/naturvernforbundet.no\/moreogromsdal\/wp-json\/wp\/v2\/media?parent=4012"}],"wp:term":[{"taxonomy":"category","embeddable":true,"href":"https:\/\/naturvernforbundet.no\/moreogromsdal\/wp-json\/wp\/v2\/categories?post=4012"},{"taxonomy":"post_tag","embeddable":true,"href":"https:\/\/naturvernforbundet.no\/moreogromsdal\/wp-json\/wp\/v2\/tags?post=4012"},{"taxonomy":"local","embeddable":true,"href":"https:\/\/naturvernforbundet.no\/moreogromsdal\/wp-json\/wp\/v2\/local?post=4012"}],"curies":[{"name":"wp","href":"https:\/\/api.w.org\/{rel}","templated":true}]}}