{"id":403,"date":"2007-04-10T12:35:00","date_gmt":"2007-04-10T10:35:00","guid":{"rendered":"https:\/\/naturvernforbundet.no\/moreogromsdal\/naturvernforbundet-spor-samferdselsministeren-om-frimerkeavfall\/"},"modified":"2007-04-10T12:35:00","modified_gmt":"2007-04-10T10:35:00","slug":"naturvernforbundet-spor-samferdselsministeren-om-frimerkeavfall","status":"publish","type":"post","link":"https:\/\/naturvernforbundet.no\/moreogromsdal\/naturvernforbundet-spor-samferdselsministeren-om-frimerkeavfall\/","title":{"rendered":"Naturvernforbundet sp\u00f8r samferdselsministeren om frimerkeavfall"},"content":{"rendered":"\t<div class=\"template-post alignfull wp-block-naturvern-hero\">\n\t\t<div class=\"hero__inner\">\n\t\t\t<div class=\"hero__inner_blocks\">\n\t\t\t\t\t\t\t\t\n\t\t\t\t\t<h1 class=\"wp-block-post-title\">Naturvernforbundet sp\u00f8r samferdselsministeren om frimerkeavfall<\/h1>\n\n\t\t\t\t\t<div class=\"wp-block-post-excerpt\"><p class=\"wp-block-post-excerpt__excerpt\">Sm\u00e5 bekkar sm\u00e5 gj\u00f8r ei stor \u00e5. Naturvernforbundet i Tingvoll har spurd Posten om avfallsreduksjon har vore tema n\u00e5r dei lagar frimerke. Sidan Posten ikkje har svart, sp\u00f8r Naturvernforbundet no samferdselsministeren. <\/p><\/div>\n\n\t\t\t\t\t\n\n\t\t\t\t\t<div class=\"wp-block-naturvern-byline\">\n\t\t\t<div class=\"authors\">By <span class=\"t2-byline__author-link\">Artikkelimport\u00f8r<\/span><\/div>\n\t\t\t<small class=\"entry-date\">10.04.2007 12:35<\/small>\n\t\t<\/div>\n\t\t\t\t\t\t\t\t<\/div>\n\t\t\t\t\t<\/div>\n\t\t\t<\/div>\n\t\n<p>Naturvernforbundet pr\u00f8ver \u00e5 ordne seg slik at vi lagar minst mogleg avfall. Difor spurte Naturvernforbundet i Tingvoll i 2006 posten kor mykje avfallsmateriale det blir av 1 000 000 sj\u00f8lvklebande merke i forhold til kor mykje avfall det blir av 1 000 000 prestekragemerke. \n<\/p>\n\n\n\n<p>Etter purring tidlegare i 2007 kom det framleis ikkje noko svar. Sidan milj\u00f8informasjonslova gir alle rett p\u00e5 svar i slike saker, har Naturvernforbundet no bede Samferdselsdepartementet som overordna departement om eit svar.\n<\/p>\n\n\n\n<p><em>\u00d8ystein Folden har telefon 91 81 25 42.<\/em> \n<a>Ja, dette er viktig. Eg vil bli medlem i Naturvernforbundet<\/a><br><\/p>\n\n\n\n\n\n<p><a>Eg vil gjerne st\u00f8tte arbeidet til Naturvernforbundet<\/a><\/p>\n\n\n\n\n\n<p><a href=\"\/imakerdata\/f\/1\/02\/75\/7_2401_0\/Samferdselsdepartementet_om_frimerkeavfall1.pdf\">Brevet fr\u00e5 Naturvernforbundet til Samferdselsdepartementet<\/a><\/p>\n\n\n\n<p><a href=\"\/imakerdata\/f\/1\/02\/75\/8_2401_0\/Posten_om_frimerkeavfall_-_purring.pdf\">Purring p\u00e5 svar fr\u00e5 Posten<\/a><\/p>\n\n\n\n<p><a href=\"\/imakerdata\/f\/1\/02\/75\/9_2401_0\/Posten_om_frimerkeavfall.pdf\">Sp\u00f8rsm\u00e5let til Posten<\/a><\/p>\n\n\n\n<p><a href=\"\/imakerdata\/f\/1\/05\/00\/5_2401_0\/posten_om_frimerkeavfall_001.tif\">Svar fr\u00e5 Posten mai 2007<\/a><\/p>\n","protected":false},"excerpt":{"rendered":"<p>Sm\u00e5 bekkar sm\u00e5 gj\u00f8r ei stor \u00e5. Naturvernforbundet i Tingvoll har spurd Posten om avfallsreduksjon har vore tema n\u00e5r dei lagar frimerke. Sidan Posten ikkje har svart, sp\u00f8r Naturvernforbundet no samferdselsministeren.<\/p>\n","protected":false},"author":38,"featured_media":0,"comment_status":"closed","ping_status":"closed","sticky":false,"template":"","format":"standard","meta":{"_relevanssi_hide_post":"","_relevanssi_hide_content":"","_relevanssi_pin_for_all":"","_relevanssi_pin_keywords":"","_relevanssi_unpin_keywords":"","_relevanssi_related_keywords":"","_relevanssi_related_include_ids":"","_relevanssi_related_exclude_ids":"","_relevanssi_related_no_append":"","_relevanssi_related_not_related":"","_relevanssi_related_posts":"","_relevanssi_noindex_reason":"","hide_logo":false,"footnotes":""},"categories":[27],"tags":[],"local":[],"class_list":["post-403","post","type-post","status-publish","format-standard","hentry","category-avfall-og-forbruk"],"acf":[],"yoast_head":"<!-- This site is optimized with the Yoast SEO plugin v24.9 - https:\/\/yoast.com\/wordpress\/plugins\/seo\/ -->\n<title>Naturvernforbundet sp\u00f8r samferdselsministeren om frimerkeavfall - M\u00f8re og Romsdal<\/title>\n<meta name=\"robots\" content=\"index, follow, max-snippet:-1, max-image-preview:large, max-video-preview:-1\" \/>\n<link rel=\"canonical\" href=\"https:\/\/naturvernforbundet.no\/moreogromsdal\/naturvernforbundet-spor-samferdselsministeren-om-frimerkeavfall\/\" \/>\n<meta property=\"og:locale\" content=\"nb_NO\" \/>\n<meta property=\"og:type\" content=\"article\" \/>\n<meta property=\"og:title\" content=\"Naturvernforbundet sp\u00f8r samferdselsministeren om frimerkeavfall - M\u00f8re og Romsdal\" \/>\n<meta property=\"og:description\" content=\"Sm\u00e5 bekkar sm\u00e5 gj\u00f8r ei stor \u00e5. Naturvernforbundet i Tingvoll har spurd Posten om avfallsreduksjon har vore tema n\u00e5r dei lagar frimerke. Sidan Posten ikkje har svart, sp\u00f8r Naturvernforbundet no samferdselsministeren.\" \/>\n<meta property=\"og:url\" content=\"https:\/\/naturvernforbundet.no\/moreogromsdal\/naturvernforbundet-spor-samferdselsministeren-om-frimerkeavfall\/\" \/>\n<meta property=\"og:site_name\" content=\"M\u00f8re og Romsdal\" \/>\n<meta property=\"article:published_time\" content=\"2007-04-10T10:35:00+00:00\" \/>\n<meta name=\"author\" content=\"Artikkelimport\u00f8r\" \/>\n<meta name=\"twitter:card\" content=\"summary_large_image\" \/>\n<meta name=\"twitter:label1\" content=\"Skrevet av\" \/>\n\t<meta name=\"twitter:data1\" content=\"Artikkelimport\u00f8r\" \/>\n\t<meta name=\"twitter:label2\" content=\"Ansl. lesetid\" \/>\n\t<meta name=\"twitter:data2\" content=\"1 minutt\" \/>\n<script type=\"application\/ld+json\" class=\"yoast-schema-graph\">{\"@context\":\"https:\/\/schema.org\",\"@graph\":[{\"@type\":\"WebPage\",\"@id\":\"https:\/\/naturvernforbundet.no\/moreogromsdal\/naturvernforbundet-spor-samferdselsministeren-om-frimerkeavfall\/\",\"url\":\"https:\/\/naturvernforbundet.no\/moreogromsdal\/naturvernforbundet-spor-samferdselsministeren-om-frimerkeavfall\/\",\"name\":\"Naturvernforbundet sp\u00f8r samferdselsministeren om frimerkeavfall - M\u00f8re og Romsdal\",\"isPartOf\":{\"@id\":\"https:\/\/naturvernforbundet.no\/moreogromsdal\/#website\"},\"datePublished\":\"2007-04-10T10:35:00+00:00\",\"author\":{\"@id\":\"https:\/\/naturvernforbundet.no\/moreogromsdal\/#\/schema\/person\/c72f198205979084bf071deedb6205f4\"},\"breadcrumb\":{\"@id\":\"https:\/\/naturvernforbundet.no\/moreogromsdal\/naturvernforbundet-spor-samferdselsministeren-om-frimerkeavfall\/#breadcrumb\"},\"inLanguage\":\"nb-NO\",\"potentialAction\":[{\"@type\":\"ReadAction\",\"target\":[\"https:\/\/naturvernforbundet.no\/moreogromsdal\/naturvernforbundet-spor-samferdselsministeren-om-frimerkeavfall\/\"]}]},{\"@type\":\"BreadcrumbList\",\"@id\":\"https:\/\/naturvernforbundet.no\/moreogromsdal\/naturvernforbundet-spor-samferdselsministeren-om-frimerkeavfall\/#breadcrumb\",\"itemListElement\":[{\"@type\":\"ListItem\",\"position\":1,\"name\":\"Till naturvernforbundet.no\",\"item\":\"https:\/\/naturvernforbundet.no\/\"},{\"@type\":\"ListItem\",\"position\":2,\"name\":\"M\u00f8re og Romsdal\",\"item\":\"https:\/\/naturvernforbundet.no\/moreogromsdal\/\"},{\"@type\":\"ListItem\",\"position\":3,\"name\":\"Naturvernforbundet sp\u00f8r samferdselsministeren om frimerkeavfall\"}]},{\"@type\":\"WebSite\",\"@id\":\"https:\/\/naturvernforbundet.no\/moreogromsdal\/#website\",\"url\":\"https:\/\/naturvernforbundet.no\/moreogromsdal\/\",\"name\":\"M\u00f8re og Romsdal\",\"description\":\"Bare enda et Naturvernforbundet Sites-nettsted\",\"potentialAction\":[{\"@type\":\"SearchAction\",\"target\":{\"@type\":\"EntryPoint\",\"urlTemplate\":\"https:\/\/naturvernforbundet.no\/moreogromsdal\/?s={search_term_string}\"},\"query-input\":{\"@type\":\"PropertyValueSpecification\",\"valueRequired\":true,\"valueName\":\"search_term_string\"}}],\"inLanguage\":\"nb-NO\"},{\"@type\":\"Person\",\"@id\":\"https:\/\/naturvernforbundet.no\/moreogromsdal\/#\/schema\/person\/c72f198205979084bf071deedb6205f4\",\"name\":\"Artikkelimport\u00f8r\",\"image\":{\"@type\":\"ImageObject\",\"inLanguage\":\"nb-NO\",\"@id\":\"https:\/\/naturvernforbundet.no\/moreogromsdal\/#\/schema\/person\/image\/\",\"url\":\"https:\/\/secure.gravatar.com\/avatar\/015fa491b9ed1c823ef16a5c930294d1?s=96&d=mm&r=g\",\"contentUrl\":\"https:\/\/secure.gravatar.com\/avatar\/015fa491b9ed1c823ef16a5c930294d1?s=96&d=mm&r=g\",\"caption\":\"Artikkelimport\u00f8r\"},\"url\":\"https:\/\/naturvernforbundet.no\/moreogromsdal\/author\/artikkelimportor\/\"}]}<\/script>\n<!-- \/ Yoast SEO plugin. -->","yoast_head_json":{"title":"Naturvernforbundet sp\u00f8r samferdselsministeren om frimerkeavfall - M\u00f8re og Romsdal","robots":{"index":"index","follow":"follow","max-snippet":"max-snippet:-1","max-image-preview":"max-image-preview:large","max-video-preview":"max-video-preview:-1"},"canonical":"https:\/\/naturvernforbundet.no\/moreogromsdal\/naturvernforbundet-spor-samferdselsministeren-om-frimerkeavfall\/","og_locale":"nb_NO","og_type":"article","og_title":"Naturvernforbundet sp\u00f8r samferdselsministeren om frimerkeavfall - M\u00f8re og Romsdal","og_description":"Sm\u00e5 bekkar sm\u00e5 gj\u00f8r ei stor \u00e5. Naturvernforbundet i Tingvoll har spurd Posten om avfallsreduksjon har vore tema n\u00e5r dei lagar frimerke. Sidan Posten ikkje har svart, sp\u00f8r Naturvernforbundet no samferdselsministeren.","og_url":"https:\/\/naturvernforbundet.no\/moreogromsdal\/naturvernforbundet-spor-samferdselsministeren-om-frimerkeavfall\/","og_site_name":"M\u00f8re og Romsdal","article_published_time":"2007-04-10T10:35:00+00:00","author":"Artikkelimport\u00f8r","twitter_card":"summary_large_image","twitter_misc":{"Skrevet av":"Artikkelimport\u00f8r","Ansl. lesetid":"1 minutt"},"schema":{"@context":"https:\/\/schema.org","@graph":[{"@type":"WebPage","@id":"https:\/\/naturvernforbundet.no\/moreogromsdal\/naturvernforbundet-spor-samferdselsministeren-om-frimerkeavfall\/","url":"https:\/\/naturvernforbundet.no\/moreogromsdal\/naturvernforbundet-spor-samferdselsministeren-om-frimerkeavfall\/","name":"Naturvernforbundet sp\u00f8r samferdselsministeren om frimerkeavfall - M\u00f8re og Romsdal","isPartOf":{"@id":"https:\/\/naturvernforbundet.no\/moreogromsdal\/#website"},"datePublished":"2007-04-10T10:35:00+00:00","author":{"@id":"https:\/\/naturvernforbundet.no\/moreogromsdal\/#\/schema\/person\/c72f198205979084bf071deedb6205f4"},"breadcrumb":{"@id":"https:\/\/naturvernforbundet.no\/moreogromsdal\/naturvernforbundet-spor-samferdselsministeren-om-frimerkeavfall\/#breadcrumb"},"inLanguage":"nb-NO","potentialAction":[{"@type":"ReadAction","target":["https:\/\/naturvernforbundet.no\/moreogromsdal\/naturvernforbundet-spor-samferdselsministeren-om-frimerkeavfall\/"]}]},{"@type":"BreadcrumbList","@id":"https:\/\/naturvernforbundet.no\/moreogromsdal\/naturvernforbundet-spor-samferdselsministeren-om-frimerkeavfall\/#breadcrumb","itemListElement":[{"@type":"ListItem","position":1,"name":"Till naturvernforbundet.no","item":"https:\/\/naturvernforbundet.no\/"},{"@type":"ListItem","position":2,"name":"M\u00f8re og Romsdal","item":"https:\/\/naturvernforbundet.no\/moreogromsdal\/"},{"@type":"ListItem","position":3,"name":"Naturvernforbundet sp\u00f8r samferdselsministeren om frimerkeavfall"}]},{"@type":"WebSite","@id":"https:\/\/naturvernforbundet.no\/moreogromsdal\/#website","url":"https:\/\/naturvernforbundet.no\/moreogromsdal\/","name":"M\u00f8re og Romsdal","description":"Bare enda et Naturvernforbundet Sites-nettsted","potentialAction":[{"@type":"SearchAction","target":{"@type":"EntryPoint","urlTemplate":"https:\/\/naturvernforbundet.no\/moreogromsdal\/?s={search_term_string}"},"query-input":{"@type":"PropertyValueSpecification","valueRequired":true,"valueName":"search_term_string"}}],"inLanguage":"nb-NO"},{"@type":"Person","@id":"https:\/\/naturvernforbundet.no\/moreogromsdal\/#\/schema\/person\/c72f198205979084bf071deedb6205f4","name":"Artikkelimport\u00f8r","image":{"@type":"ImageObject","inLanguage":"nb-NO","@id":"https:\/\/naturvernforbundet.no\/moreogromsdal\/#\/schema\/person\/image\/","url":"https:\/\/secure.gravatar.com\/avatar\/015fa491b9ed1c823ef16a5c930294d1?s=96&d=mm&r=g","contentUrl":"https:\/\/secure.gravatar.com\/avatar\/015fa491b9ed1c823ef16a5c930294d1?s=96&d=mm&r=g","caption":"Artikkelimport\u00f8r"},"url":"https:\/\/naturvernforbundet.no\/moreogromsdal\/author\/artikkelimportor\/"}]}},"_links":{"self":[{"href":"https:\/\/naturvernforbundet.no\/moreogromsdal\/wp-json\/wp\/v2\/posts\/403","targetHints":{"allow":["GET"]}}],"collection":[{"href":"https:\/\/naturvernforbundet.no\/moreogromsdal\/wp-json\/wp\/v2\/posts"}],"about":[{"href":"https:\/\/naturvernforbundet.no\/moreogromsdal\/wp-json\/wp\/v2\/types\/post"}],"author":[{"embeddable":true,"href":"https:\/\/naturvernforbundet.no\/moreogromsdal\/wp-json\/wp\/v2\/users\/38"}],"replies":[{"embeddable":true,"href":"https:\/\/naturvernforbundet.no\/moreogromsdal\/wp-json\/wp\/v2\/comments?post=403"}],"version-history":[{"count":0,"href":"https:\/\/naturvernforbundet.no\/moreogromsdal\/wp-json\/wp\/v2\/posts\/403\/revisions"}],"wp:attachment":[{"href":"https:\/\/naturvernforbundet.no\/moreogromsdal\/wp-json\/wp\/v2\/media?parent=403"}],"wp:term":[{"taxonomy":"category","embeddable":true,"href":"https:\/\/naturvernforbundet.no\/moreogromsdal\/wp-json\/wp\/v2\/categories?post=403"},{"taxonomy":"post_tag","embeddable":true,"href":"https:\/\/naturvernforbundet.no\/moreogromsdal\/wp-json\/wp\/v2\/tags?post=403"},{"taxonomy":"local","embeddable":true,"href":"https:\/\/naturvernforbundet.no\/moreogromsdal\/wp-json\/wp\/v2\/local?post=403"}],"curies":[{"name":"wp","href":"https:\/\/api.w.org\/{rel}","templated":true}]}}