{"id":420,"date":"2006-04-22T21:30:00","date_gmt":"2006-04-22T19:30:00","guid":{"rendered":"https:\/\/naturvernforbundet.no\/moreogromsdal\/sparing-gjor-mobile-gasskraftverk-unodvendige\/"},"modified":"2006-04-22T21:30:00","modified_gmt":"2006-04-22T19:30:00","slug":"sparing-gjor-mobile-gasskraftverk-unodvendige","status":"publish","type":"post","link":"https:\/\/naturvernforbundet.no\/moreogromsdal\/sparing-gjor-mobile-gasskraftverk-unodvendige\/","title":{"rendered":"Sparing gj\u00f8r mobile gasskraftverk un\u00f8dvendige"},"content":{"rendered":"\t<div class=\"template-post alignfull wp-block-naturvern-hero\">\n\t\t<div class=\"hero__inner\">\n\t\t\t<div class=\"hero__inner_blocks\">\n\t\t\t\t\t\t\t\t\n\t\t\t\t\t<h1 class=\"wp-block-post-title\">Sparing gj\u00f8r mobile gasskraftverk un\u00f8dvendige<\/h1>\n\n\t\t\t\t\t<div class=\"wp-block-post-excerpt\"><p class=\"wp-block-post-excerpt__excerpt\">P\u00e5 et seminar fredag la Naturvernforbundet legg fram ferske tall som viser at satsing p\u00e5 energisparing i Midt-Noreg vil kunne hindre mobile gasskraftverk. <\/p><\/div>\n\n\t\t\t\t\t\n\n\t\t\t\t\t<div class=\"wp-block-naturvern-byline\">\n\t\t\t<div class=\"authors\">By <span class=\"t2-byline__author-link\">Artikkelimport\u00f8r<\/span><\/div>\n\t\t\t<small class=\"entry-date\">22.04.2006 21:30<\/small>\n\t\t<\/div>\n\t\t\t\t\t\t\t\t<\/div>\n\t\t\t\t\t<\/div>\n\t\t\t<\/div>\n\t\n<p>Det var M\u00f8re og Romsdal Arbeiderparti som arrangerte energiseminar fredag. Her var Naturvernforbundet invitert som en av innlederne, og det ble en livlig debatt om energi- og klimasp\u00f8rsm\u00e5l. \n<\/p>\n\n\n\n<p>Et viktig tema var forsyningssituasjonen i Midt-Norge fram til 2010, alts\u00e5 fram til det vil v\u00e6re aktuelt med gasskraft, store vindm\u00f8lleparker eller nye store kraftlinjer i regionen. Statnett foresl\u00e5r n\u00e5 bruk av mobile gasskraftverk for \u00e5 dekke opp kraftforsyningen i kritiske perioder. \n<\/p>\n\n\n\n<p>\u00d8ystein Solev\u00e5g fra Naturvernforbundet p\u00e5pekte at dette i tillegg til \u00e5 v\u00e6re en un\u00f8dvendig l\u00f8sning, satsing p\u00e5 energisparing og alternativ energi kan l\u00f8se forsyningssituasjonen, ogs\u00e5 var milj\u00f8messig sv\u00e6rt uheldig. Mobile gasskraftverk forurenser mer enn kullkraftverk. \n<\/p>\n\n\n\n<p>&#8211; Situasjonen er et klassisk eksempel p\u00e5 at ingen har tatt ansvar for \u00e5 finne en b\u00e6rekraftig l\u00f8sning p\u00e5 energisituasjonen i Midt-Norge, mener Naturvernforbundet. Selv om mobile gasskraftverk trolig vil v\u00e6re en dyrere og d\u00e5rligere l\u00f8sning enn energisparing, er Statnetts mandat bare \u00e5 bygge mobile gasskraftverk; energisparing er ikke Statnetts jobb. \n<\/p>\n\n\n\n<p>Naturvernforbundet er forn\u00f8yd med \u00e5 ha f\u00e5tt en dialog med Arbeiderpartiet i denne saken, og p\u00e5pekte at det er betydelige politiske utfordringer p\u00e5 dette feltet. \n<\/p>\n\n\n\n<p><em>Naturvernforbundets deltaker i debatten, \u00d8ystein Solev\u00e5g, har telefon 40 23 47 05.<\/em> \n<\/p>\n\n\n\n<p><em>Fylkesleder \u00d8ystein Folden er hovedansvarlig for vedlagte notat om satsing p\u00e5 energisparing og fornybar energi. Han har telefon 91 81 25 42.<\/em> \n<\/p>\n\n\n\n<p><em>Egil T. Ekhaugen er fylkessekret\u00e6r i M\u00f8re og Romsdal Arbeiderparti. Han har mobil 41 61 52 17.<\/em> \n<strong><a>Ja, dette er viktig. Eg vil bli medlem i Naturvernforbundet<\/a><br><\/strong><\/p>\n\n\n\n\n\n<p><strong><br>\n<a>Eg vil gjerne st\u00f8tte Naturvernforbundets arbeid<\/a><\/strong><\/p>\n\n\n\n\n\n<p><\/p>\n\n\n\n<p><a href=\"\/imakerdata\/f\/0\/83\/72\/5_2401_0\/Arbeiderpartiet.pdf\">Les foredraget til \u00d8ystein Solev\u00e5g fr\u00e5 Naturvernforbundet<\/a><\/p>\n\n\n\n<p><a href=\"\/imakerdata\/f\/0\/83\/72\/6_2401_0\/til2010.pdf\">Naturvernforbundet med alternativet til mobile gasskraftverk<\/a><\/p>\n\n\n\n<p><a href=\"\/imakerdata\/f\/0\/83\/72\/7_2401_0\/Krafbalansen-mot-2020.pdf\">Norges vassdrags- og energidirektorat mener Norge vil v\u00e6re i kraftbalanse i 2020<\/a><\/p>\n\n\n\n<p><a href=\"\/imakerdata\/f\/0\/83\/72\/8_2401_0\/a.pdf\">Les invitasjonen til energiseminaret<\/a><\/p>\n\n\n\n<p><a href=\"\/imakerdata\/f\/0\/84\/86\/8_2401_0\/Endelig_utgave_av_prosjektoppgave_LA21__Romsdal_3.pdf\">Energikrise i M\u00f8re og Romsdal? Prosjektoppg\u00e5ve Naturvernforbundet har gitt innspel til<\/a><\/p>\n\n\n\n<p><a href=\"\/imakerdata\/f\/0\/84\/97\/8_2401_0\/DM-38563-v1-Industrikraft_Moere_1.pdf\">Kraftvarmeverket p\u00e5 Skogn\/Tr\u00f8nderpipe<\/a><\/p>\n\n\n\n<p><a href=\"\/imakerdata\/f\/0\/84\/97\/9_2401_0\/DM-38566-v1-konsekvenser_midt_norge.pdf\">Econ: Konsekvenser av kraftsituasjonen i Midt-Norge<\/a><\/p>\n\n\n\n<p><a href=\"\/imakerdata\/f\/0\/84\/98\/0_2401_0\/Econ_notat_Kraftsituasjonen.pdf\">Econ-rapport om energiforsyningssituasjonen i Midt-Norge<\/a><\/p>\n\n\n\n<p><a href=\"\/imakerdata\/f\/0\/84\/98\/1_2401_0\/DM-38563-v1-Industrikraft_Moere_1.pdf\">Presentasjon av Industrikraft M\u00f8re<\/a><\/p>\n\n\n\n<p><a href=\"\/imakerdata\/f\/0\/84\/98\/2_2401_0\/DM-38565-v1-Kraftkrisen_Svein_Roedal.pdf\">Istad Nett om energiforsyningssituasjonen<\/a><\/p>\n\n\n\n<p><a href=\"\/imakerdata\/f\/0\/84\/98\/3_2401_0\/Hydro_om_kraftkrisa.pdf\">Hydro om energiforsyningssituasjonen<\/a><\/p>\n\n\n\n<p><a href=\"\/imakerdata\/f\/0\/84\/98\/4_2401_0\/DM-38564-v1-Hoelsaeter_Midt_Norge.pdf\">Statnett om energiforsyningssituasjonen<\/a><\/p>\n","protected":false},"excerpt":{"rendered":"<p>P\u00e5 et seminar fredag la Naturvernforbundet legg fram ferske tall som viser at satsing p\u00e5 energisparing i Midt-Noreg vil kunne hindre mobile gasskraftverk.<\/p>\n","protected":false},"author":38,"featured_media":0,"comment_status":"closed","ping_status":"closed","sticky":false,"template":"","format":"standard","meta":{"_relevanssi_hide_post":"","_relevanssi_hide_content":"","_relevanssi_pin_for_all":"","_relevanssi_pin_keywords":"","_relevanssi_unpin_keywords":"","_relevanssi_related_keywords":"","_relevanssi_related_include_ids":"","_relevanssi_related_exclude_ids":"","_relevanssi_related_no_append":"","_relevanssi_related_not_related":"","_relevanssi_related_posts":"","_relevanssi_noindex_reason":"","hide_logo":false,"footnotes":""},"categories":[20],"tags":[],"local":[],"class_list":["post-420","post","type-post","status-publish","format-standard","hentry","category-miljopolitikk"],"acf":[],"yoast_head":"<!-- This site is optimized with the Yoast SEO plugin v24.9 - https:\/\/yoast.com\/wordpress\/plugins\/seo\/ -->\n<title>Sparing gj\u00f8r mobile gasskraftverk un\u00f8dvendige - M\u00f8re og Romsdal<\/title>\n<meta name=\"robots\" content=\"index, follow, max-snippet:-1, max-image-preview:large, max-video-preview:-1\" \/>\n<link rel=\"canonical\" href=\"https:\/\/naturvernforbundet.no\/moreogromsdal\/sparing-gjor-mobile-gasskraftverk-unodvendige\/\" \/>\n<meta property=\"og:locale\" content=\"nb_NO\" \/>\n<meta property=\"og:type\" content=\"article\" \/>\n<meta property=\"og:title\" content=\"Sparing gj\u00f8r mobile gasskraftverk un\u00f8dvendige - M\u00f8re og Romsdal\" \/>\n<meta property=\"og:description\" content=\"P\u00e5 et seminar fredag la Naturvernforbundet legg fram ferske tall som viser at satsing p\u00e5 energisparing i Midt-Noreg vil kunne hindre mobile gasskraftverk.\" \/>\n<meta property=\"og:url\" content=\"https:\/\/naturvernforbundet.no\/moreogromsdal\/sparing-gjor-mobile-gasskraftverk-unodvendige\/\" \/>\n<meta property=\"og:site_name\" content=\"M\u00f8re og Romsdal\" \/>\n<meta property=\"article:published_time\" content=\"2006-04-22T19:30:00+00:00\" \/>\n<meta name=\"author\" content=\"Artikkelimport\u00f8r\" \/>\n<meta name=\"twitter:card\" content=\"summary_large_image\" \/>\n<meta name=\"twitter:label1\" content=\"Skrevet av\" \/>\n\t<meta name=\"twitter:data1\" content=\"Artikkelimport\u00f8r\" \/>\n\t<meta name=\"twitter:label2\" content=\"Ansl. lesetid\" \/>\n\t<meta name=\"twitter:data2\" content=\"2 minutter\" \/>\n<script type=\"application\/ld+json\" class=\"yoast-schema-graph\">{\"@context\":\"https:\/\/schema.org\",\"@graph\":[{\"@type\":\"WebPage\",\"@id\":\"https:\/\/naturvernforbundet.no\/moreogromsdal\/sparing-gjor-mobile-gasskraftverk-unodvendige\/\",\"url\":\"https:\/\/naturvernforbundet.no\/moreogromsdal\/sparing-gjor-mobile-gasskraftverk-unodvendige\/\",\"name\":\"Sparing gj\u00f8r mobile gasskraftverk un\u00f8dvendige - M\u00f8re og Romsdal\",\"isPartOf\":{\"@id\":\"https:\/\/naturvernforbundet.no\/moreogromsdal\/#website\"},\"datePublished\":\"2006-04-22T19:30:00+00:00\",\"author\":{\"@id\":\"https:\/\/naturvernforbundet.no\/moreogromsdal\/#\/schema\/person\/c72f198205979084bf071deedb6205f4\"},\"breadcrumb\":{\"@id\":\"https:\/\/naturvernforbundet.no\/moreogromsdal\/sparing-gjor-mobile-gasskraftverk-unodvendige\/#breadcrumb\"},\"inLanguage\":\"nb-NO\",\"potentialAction\":[{\"@type\":\"ReadAction\",\"target\":[\"https:\/\/naturvernforbundet.no\/moreogromsdal\/sparing-gjor-mobile-gasskraftverk-unodvendige\/\"]}]},{\"@type\":\"BreadcrumbList\",\"@id\":\"https:\/\/naturvernforbundet.no\/moreogromsdal\/sparing-gjor-mobile-gasskraftverk-unodvendige\/#breadcrumb\",\"itemListElement\":[{\"@type\":\"ListItem\",\"position\":1,\"name\":\"Till naturvernforbundet.no\",\"item\":\"https:\/\/naturvernforbundet.no\/\"},{\"@type\":\"ListItem\",\"position\":2,\"name\":\"M\u00f8re og Romsdal\",\"item\":\"https:\/\/naturvernforbundet.no\/moreogromsdal\/\"},{\"@type\":\"ListItem\",\"position\":3,\"name\":\"Sparing gj\u00f8r mobile gasskraftverk un\u00f8dvendige\"}]},{\"@type\":\"WebSite\",\"@id\":\"https:\/\/naturvernforbundet.no\/moreogromsdal\/#website\",\"url\":\"https:\/\/naturvernforbundet.no\/moreogromsdal\/\",\"name\":\"M\u00f8re og Romsdal\",\"description\":\"Bare enda et Naturvernforbundet Sites-nettsted\",\"potentialAction\":[{\"@type\":\"SearchAction\",\"target\":{\"@type\":\"EntryPoint\",\"urlTemplate\":\"https:\/\/naturvernforbundet.no\/moreogromsdal\/?s={search_term_string}\"},\"query-input\":{\"@type\":\"PropertyValueSpecification\",\"valueRequired\":true,\"valueName\":\"search_term_string\"}}],\"inLanguage\":\"nb-NO\"},{\"@type\":\"Person\",\"@id\":\"https:\/\/naturvernforbundet.no\/moreogromsdal\/#\/schema\/person\/c72f198205979084bf071deedb6205f4\",\"name\":\"Artikkelimport\u00f8r\",\"image\":{\"@type\":\"ImageObject\",\"inLanguage\":\"nb-NO\",\"@id\":\"https:\/\/naturvernforbundet.no\/moreogromsdal\/#\/schema\/person\/image\/\",\"url\":\"https:\/\/secure.gravatar.com\/avatar\/015fa491b9ed1c823ef16a5c930294d1?s=96&d=mm&r=g\",\"contentUrl\":\"https:\/\/secure.gravatar.com\/avatar\/015fa491b9ed1c823ef16a5c930294d1?s=96&d=mm&r=g\",\"caption\":\"Artikkelimport\u00f8r\"},\"url\":\"https:\/\/naturvernforbundet.no\/moreogromsdal\/author\/artikkelimportor\/\"}]}<\/script>\n<!-- \/ Yoast SEO plugin. -->","yoast_head_json":{"title":"Sparing gj\u00f8r mobile gasskraftverk un\u00f8dvendige - M\u00f8re og Romsdal","robots":{"index":"index","follow":"follow","max-snippet":"max-snippet:-1","max-image-preview":"max-image-preview:large","max-video-preview":"max-video-preview:-1"},"canonical":"https:\/\/naturvernforbundet.no\/moreogromsdal\/sparing-gjor-mobile-gasskraftverk-unodvendige\/","og_locale":"nb_NO","og_type":"article","og_title":"Sparing gj\u00f8r mobile gasskraftverk un\u00f8dvendige - M\u00f8re og Romsdal","og_description":"P\u00e5 et seminar fredag la Naturvernforbundet legg fram ferske tall som viser at satsing p\u00e5 energisparing i Midt-Noreg vil kunne hindre mobile gasskraftverk.","og_url":"https:\/\/naturvernforbundet.no\/moreogromsdal\/sparing-gjor-mobile-gasskraftverk-unodvendige\/","og_site_name":"M\u00f8re og Romsdal","article_published_time":"2006-04-22T19:30:00+00:00","author":"Artikkelimport\u00f8r","twitter_card":"summary_large_image","twitter_misc":{"Skrevet av":"Artikkelimport\u00f8r","Ansl. lesetid":"2 minutter"},"schema":{"@context":"https:\/\/schema.org","@graph":[{"@type":"WebPage","@id":"https:\/\/naturvernforbundet.no\/moreogromsdal\/sparing-gjor-mobile-gasskraftverk-unodvendige\/","url":"https:\/\/naturvernforbundet.no\/moreogromsdal\/sparing-gjor-mobile-gasskraftverk-unodvendige\/","name":"Sparing gj\u00f8r mobile gasskraftverk un\u00f8dvendige - M\u00f8re og Romsdal","isPartOf":{"@id":"https:\/\/naturvernforbundet.no\/moreogromsdal\/#website"},"datePublished":"2006-04-22T19:30:00+00:00","author":{"@id":"https:\/\/naturvernforbundet.no\/moreogromsdal\/#\/schema\/person\/c72f198205979084bf071deedb6205f4"},"breadcrumb":{"@id":"https:\/\/naturvernforbundet.no\/moreogromsdal\/sparing-gjor-mobile-gasskraftverk-unodvendige\/#breadcrumb"},"inLanguage":"nb-NO","potentialAction":[{"@type":"ReadAction","target":["https:\/\/naturvernforbundet.no\/moreogromsdal\/sparing-gjor-mobile-gasskraftverk-unodvendige\/"]}]},{"@type":"BreadcrumbList","@id":"https:\/\/naturvernforbundet.no\/moreogromsdal\/sparing-gjor-mobile-gasskraftverk-unodvendige\/#breadcrumb","itemListElement":[{"@type":"ListItem","position":1,"name":"Till naturvernforbundet.no","item":"https:\/\/naturvernforbundet.no\/"},{"@type":"ListItem","position":2,"name":"M\u00f8re og Romsdal","item":"https:\/\/naturvernforbundet.no\/moreogromsdal\/"},{"@type":"ListItem","position":3,"name":"Sparing gj\u00f8r mobile gasskraftverk un\u00f8dvendige"}]},{"@type":"WebSite","@id":"https:\/\/naturvernforbundet.no\/moreogromsdal\/#website","url":"https:\/\/naturvernforbundet.no\/moreogromsdal\/","name":"M\u00f8re og Romsdal","description":"Bare enda et Naturvernforbundet Sites-nettsted","potentialAction":[{"@type":"SearchAction","target":{"@type":"EntryPoint","urlTemplate":"https:\/\/naturvernforbundet.no\/moreogromsdal\/?s={search_term_string}"},"query-input":{"@type":"PropertyValueSpecification","valueRequired":true,"valueName":"search_term_string"}}],"inLanguage":"nb-NO"},{"@type":"Person","@id":"https:\/\/naturvernforbundet.no\/moreogromsdal\/#\/schema\/person\/c72f198205979084bf071deedb6205f4","name":"Artikkelimport\u00f8r","image":{"@type":"ImageObject","inLanguage":"nb-NO","@id":"https:\/\/naturvernforbundet.no\/moreogromsdal\/#\/schema\/person\/image\/","url":"https:\/\/secure.gravatar.com\/avatar\/015fa491b9ed1c823ef16a5c930294d1?s=96&d=mm&r=g","contentUrl":"https:\/\/secure.gravatar.com\/avatar\/015fa491b9ed1c823ef16a5c930294d1?s=96&d=mm&r=g","caption":"Artikkelimport\u00f8r"},"url":"https:\/\/naturvernforbundet.no\/moreogromsdal\/author\/artikkelimportor\/"}]}},"_links":{"self":[{"href":"https:\/\/naturvernforbundet.no\/moreogromsdal\/wp-json\/wp\/v2\/posts\/420","targetHints":{"allow":["GET"]}}],"collection":[{"href":"https:\/\/naturvernforbundet.no\/moreogromsdal\/wp-json\/wp\/v2\/posts"}],"about":[{"href":"https:\/\/naturvernforbundet.no\/moreogromsdal\/wp-json\/wp\/v2\/types\/post"}],"author":[{"embeddable":true,"href":"https:\/\/naturvernforbundet.no\/moreogromsdal\/wp-json\/wp\/v2\/users\/38"}],"replies":[{"embeddable":true,"href":"https:\/\/naturvernforbundet.no\/moreogromsdal\/wp-json\/wp\/v2\/comments?post=420"}],"version-history":[{"count":0,"href":"https:\/\/naturvernforbundet.no\/moreogromsdal\/wp-json\/wp\/v2\/posts\/420\/revisions"}],"wp:attachment":[{"href":"https:\/\/naturvernforbundet.no\/moreogromsdal\/wp-json\/wp\/v2\/media?parent=420"}],"wp:term":[{"taxonomy":"category","embeddable":true,"href":"https:\/\/naturvernforbundet.no\/moreogromsdal\/wp-json\/wp\/v2\/categories?post=420"},{"taxonomy":"post_tag","embeddable":true,"href":"https:\/\/naturvernforbundet.no\/moreogromsdal\/wp-json\/wp\/v2\/tags?post=420"},{"taxonomy":"local","embeddable":true,"href":"https:\/\/naturvernforbundet.no\/moreogromsdal\/wp-json\/wp\/v2\/local?post=420"}],"curies":[{"name":"wp","href":"https:\/\/api.w.org\/{rel}","templated":true}]}}