{"id":4978,"date":"2026-08-27T15:04:27","date_gmt":"2026-08-27T13:04:27","guid":{"rendered":"https:\/\/naturvernforbundet.no\/moreogromsdal\/?p=4978"},"modified":"2026-08-27T15:21:58","modified_gmt":"2026-08-27T13:21:58","slug":"laererikt-om-kystlyngheia","status":"publish","type":"post","link":"https:\/\/naturvernforbundet.no\/moreogromsdal\/laererikt-om-kystlyngheia\/","title":{"rendered":"L\u00e6rerikt om kystlyngheia"},"content":{"rendered":"\t<div class=\"template-post alignnone wp-block-naturvern-hero\">\n\t\t<div class=\"hero__inner\">\n\t\t\t<div class=\"hero__inner_blocks\">\n\t\t\t\t\t\t\t\t\n<h1 class=\"wp-block-post-title\">L\u00e6rerikt om kystlyngheia<\/h1>\n\n<div class=\"wp-block-post-excerpt\"><p class=\"wp-block-post-excerpt__excerpt\">Markdagen i kystlyngheia i Sm\u00e5ge naturreservat b\u00f8d p\u00e5 mye kunnskap om kystlyngheia og utfordringene den st\u00e5r overfor. <\/p><\/div>\n\n<figure class=\"wp-block-post-featured-image\"><div class=\"t2-image-credit\"><div class=\"t2-image-credit\"><img loading=\"lazy\" decoding=\"async\" width=\"640\" height=\"480\" src=\"https:\/\/naturvernforbundet.no\/content\/uploads\/sites\/14\/2026\/08\/Kystlynghei4.jpg\" class=\"attachment-post-thumbnail size-post-thumbnail wp-post-image\" alt=\"folk som g\u00e5r ute i naturen\" style=\"object-fit:cover;\" srcset=\"https:\/\/naturvernforbundet.no\/content\/uploads\/sites\/14\/2026\/08\/Kystlynghei4.jpg 640w, https:\/\/naturvernforbundet.no\/content\/uploads\/sites\/14\/2026\/08\/Kystlynghei4-300x225.jpg 300w\" sizes=\"auto, (max-width: 640px) 100vw, 640px\" \/><span class=\"t2-image-credit-name\">Naturvernforbundet i Molde<\/span><\/div><span class=\"t2-image-credit-name\">Naturvernforbundet i Molde<\/span><\/div><\/figure>\n\n<div class=\"wp-block-naturvern-byline\">\n\t\t\t<div class=\"authors\">By <span class=\"t2-byline__author-link\">syhaga<\/span><\/div>\n\t\t\t<small class=\"entry-date\">27.08.2026 15:04<\/small>\n\t\t<\/div>\n\t\t\t<\/div>\n\t\t\t\t\t<\/div>\n\t\t\t<\/div>\n\t\n\n\n<p>Visste du at kystlynghei er en utvalgt og truet naturtype? Den er del av det tradisjonelle jordbrukslandskapet langs kysten v\u00e5r og er formet gjennom flere tusen \u00e5r med jevnlig lyngbrenning, rydding av skog og kratt og dyr som g\u00e5r p\u00e5 beite. En rekke planter, fugler og insekter har tilpasset seg livet i kystlyngheia, men nedbygging av natur og gjenroing p\u00e5 grunn av f\u00e6rre dyr og mindre lyngbrenning er blant truslene heia st\u00e5r overfor.<\/p>\n\n\n\n<p><strong>Sm\u00e5ge naturreservat<\/strong><br>Sm\u00e5gevatnet naturreservat p\u00e5 Gossen best\u00e5r av mye kystlynghei, og forrige helg inviterte LNR (Norsk Landbruksr\u00e5dgivning) og Statsforvalteren til markdag. I omr\u00e5det drives det skj\u00f8tsel med b\u00e5de sauer p\u00e5 beite, rydding og lyngbrenning, og de som deltok fikk se omr\u00e5der som var brent (se bildet over) og l\u00e6rte om planter, beiting, lyngbrenning og annen skj\u00f8tsel.<\/p>\n\n\n\n<figure class=\"wp-block-image size-full\"><img loading=\"lazy\" decoding=\"async\" width=\"640\" height=\"480\" src=\"https:\/\/naturvernforbundet.no\/content\/uploads\/sites\/14\/2026\/08\/Kystlynghei1.jpg\" alt=\"\" class=\"wp-image-4980\" srcset=\"https:\/\/naturvernforbundet.no\/content\/uploads\/sites\/14\/2026\/08\/Kystlynghei1.jpg 640w, https:\/\/naturvernforbundet.no\/content\/uploads\/sites\/14\/2026\/08\/Kystlynghei1-300x225.jpg 300w\" sizes=\"auto, (max-width: 640px) 100vw, 640px\" \/><\/figure>\n","protected":false},"excerpt":{"rendered":"<p>Markdagen i kystlyngheia i Sm\u00e5ge naturreservat b\u00f8d p\u00e5 mye kunnskap om kystlyngheia og utfordringene den st\u00e5r overfor.<\/p>\n","protected":false},"author":406,"featured_media":4979,"comment_status":"closed","ping_status":"closed","sticky":false,"template":"","format":"standard","meta":{"_relevanssi_hide_post":"","_relevanssi_hide_content":"","_relevanssi_pin_for_all":"","_relevanssi_pin_keywords":"","_relevanssi_unpin_keywords":"","_relevanssi_related_keywords":"","_relevanssi_related_include_ids":"","_relevanssi_related_exclude_ids":"","_relevanssi_related_no_append":"","_relevanssi_related_not_related":"","_relevanssi_related_posts":"602,2418,1935,4241,1101,2259","_relevanssi_noindex_reason":"","hide_logo":false,"footnotes":"","_members_access_role":[],"_members_access_error":""},"categories":[133,136,16,36,53],"tags":[],"local":[4],"class_list":["post-4978","post","type-post","status-publish","format-standard","has-post-thumbnail","hentry","category-arealbruk","category-landbruk","category-naturmangfold","category-naturtap","category-naturvernforbundet-i-molde","local-molde"],"acf":[],"yoast_head":"<!-- This site is optimized with the Yoast SEO plugin v24.9 - https:\/\/yoast.com\/wordpress\/plugins\/seo\/ -->\n<title>L\u00e6rerikt om kystlyngheia - M\u00f8re og Romsdal<\/title>\n<meta name=\"robots\" content=\"index, follow, max-snippet:-1, max-image-preview:large, max-video-preview:-1\" \/>\n<link rel=\"canonical\" href=\"https:\/\/naturvernforbundet.no\/moreogromsdal\/laererikt-om-kystlyngheia\/\" \/>\n<meta property=\"og:locale\" content=\"nb_NO\" \/>\n<meta property=\"og:type\" content=\"article\" \/>\n<meta property=\"og:title\" content=\"L\u00e6rerikt om kystlyngheia - M\u00f8re og Romsdal\" \/>\n<meta property=\"og:description\" content=\"Markdagen i kystlyngheia i Sm\u00e5ge naturreservat b\u00f8d p\u00e5 mye kunnskap om kystlyngheia og utfordringene den st\u00e5r overfor.\" \/>\n<meta property=\"og:url\" content=\"https:\/\/naturvernforbundet.no\/moreogromsdal\/laererikt-om-kystlyngheia\/\" \/>\n<meta property=\"og:site_name\" content=\"M\u00f8re og Romsdal\" \/>\n<meta property=\"article:published_time\" content=\"2026-08-27T13:04:27+00:00\" \/>\n<meta property=\"article:modified_time\" content=\"2026-08-27T13:21:58+00:00\" \/>\n<meta property=\"og:image\" content=\"https:\/\/naturvernforbundet.no\/content\/uploads\/sites\/14\/2026\/08\/Kystlynghei4.jpg\" \/>\n\t<meta property=\"og:image:width\" content=\"640\" \/>\n\t<meta property=\"og:image:height\" content=\"480\" \/>\n\t<meta property=\"og:image:type\" content=\"image\/jpeg\" \/>\n<meta name=\"author\" content=\"syhaga\" \/>\n<meta name=\"twitter:card\" content=\"summary_large_image\" \/>\n<meta name=\"twitter:label1\" content=\"Skrevet av\" \/>\n\t<meta name=\"twitter:data1\" content=\"syhaga\" \/>\n\t<meta name=\"twitter:label2\" content=\"Ansl. lesetid\" \/>\n\t<meta name=\"twitter:data2\" content=\"2 minutter\" \/>\n<script type=\"application\/ld+json\" class=\"yoast-schema-graph\">{\"@context\":\"https:\/\/schema.org\",\"@graph\":[{\"@type\":\"WebPage\",\"@id\":\"https:\/\/naturvernforbundet.no\/moreogromsdal\/laererikt-om-kystlyngheia\/\",\"url\":\"https:\/\/naturvernforbundet.no\/moreogromsdal\/laererikt-om-kystlyngheia\/\",\"name\":\"L\u00e6rerikt om kystlyngheia - M\u00f8re og Romsdal\",\"isPartOf\":{\"@id\":\"https:\/\/naturvernforbundet.no\/moreogromsdal\/#website\"},\"primaryImageOfPage\":{\"@id\":\"https:\/\/naturvernforbundet.no\/moreogromsdal\/laererikt-om-kystlyngheia\/#primaryimage\"},\"image\":{\"@id\":\"https:\/\/naturvernforbundet.no\/moreogromsdal\/laererikt-om-kystlyngheia\/#primaryimage\"},\"thumbnailUrl\":\"https:\/\/naturvernforbundet.no\/content\/uploads\/sites\/14\/2026\/08\/Kystlynghei4.jpg\",\"datePublished\":\"2026-08-27T13:04:27+00:00\",\"dateModified\":\"2026-08-27T13:21:58+00:00\",\"author\":{\"@id\":\"https:\/\/naturvernforbundet.no\/moreogromsdal\/#\/schema\/person\/c138813b3cdfa2c3e496ad53e6bd8627\"},\"breadcrumb\":{\"@id\":\"https:\/\/naturvernforbundet.no\/moreogromsdal\/laererikt-om-kystlyngheia\/#breadcrumb\"},\"inLanguage\":\"nb-NO\",\"potentialAction\":[{\"@type\":\"ReadAction\",\"target\":[\"https:\/\/naturvernforbundet.no\/moreogromsdal\/laererikt-om-kystlyngheia\/\"]}]},{\"@type\":\"ImageObject\",\"inLanguage\":\"nb-NO\",\"@id\":\"https:\/\/naturvernforbundet.no\/moreogromsdal\/laererikt-om-kystlyngheia\/#primaryimage\",\"url\":\"https:\/\/naturvernforbundet.no\/content\/uploads\/sites\/14\/2026\/08\/Kystlynghei4.jpg\",\"contentUrl\":\"https:\/\/naturvernforbundet.no\/content\/uploads\/sites\/14\/2026\/08\/Kystlynghei4.jpg\",\"width\":640,\"height\":480,\"caption\":\"Til h\u00f8yre ser man hvordan lyngen blir grent gjennom skj\u00f8tsel.\"},{\"@type\":\"BreadcrumbList\",\"@id\":\"https:\/\/naturvernforbundet.no\/moreogromsdal\/laererikt-om-kystlyngheia\/#breadcrumb\",\"itemListElement\":[{\"@type\":\"ListItem\",\"position\":1,\"name\":\"Till naturvernforbundet.no\",\"item\":\"https:\/\/naturvernforbundet.no\/\"},{\"@type\":\"ListItem\",\"position\":2,\"name\":\"M\u00f8re og Romsdal\",\"item\":\"https:\/\/naturvernforbundet.no\/moreogromsdal\/\"},{\"@type\":\"ListItem\",\"position\":3,\"name\":\"Molde\",\"item\":\"https:\/\/naturvernforbundet.no\/moreogromsdal\/lokallag\/molde\/\"},{\"@type\":\"ListItem\",\"position\":4,\"name\":\"L\u00e6rerikt om kystlyngheia\"}]},{\"@type\":\"WebSite\",\"@id\":\"https:\/\/naturvernforbundet.no\/moreogromsdal\/#website\",\"url\":\"https:\/\/naturvernforbundet.no\/moreogromsdal\/\",\"name\":\"M\u00f8re og Romsdal\",\"description\":\"Bare enda et Naturvernforbundet Sites-nettsted\",\"potentialAction\":[{\"@type\":\"SearchAction\",\"target\":{\"@type\":\"EntryPoint\",\"urlTemplate\":\"https:\/\/naturvernforbundet.no\/moreogromsdal\/?s={search_term_string}\"},\"query-input\":{\"@type\":\"PropertyValueSpecification\",\"valueRequired\":true,\"valueName\":\"search_term_string\"}}],\"inLanguage\":\"nb-NO\"},{\"@type\":\"Person\",\"@id\":\"https:\/\/naturvernforbundet.no\/moreogromsdal\/#\/schema\/person\/c138813b3cdfa2c3e496ad53e6bd8627\",\"name\":\"syhaga\",\"image\":{\"@type\":\"ImageObject\",\"inLanguage\":\"nb-NO\",\"@id\":\"https:\/\/naturvernforbundet.no\/moreogromsdal\/#\/schema\/person\/image\/\",\"url\":\"https:\/\/secure.gravatar.com\/avatar\/34fe9d0ebb2201d5ad1561050f4f13c0?s=96&d=mm&r=g\",\"contentUrl\":\"https:\/\/secure.gravatar.com\/avatar\/34fe9d0ebb2201d5ad1561050f4f13c0?s=96&d=mm&r=g\",\"caption\":\"syhaga\"},\"url\":\"https:\/\/naturvernforbundet.no\/moreogromsdal\/author\/syhaga\/\"}]}<\/script>\n<!-- \/ Yoast SEO plugin. -->","yoast_head_json":{"title":"L\u00e6rerikt om kystlyngheia - M\u00f8re og Romsdal","robots":{"index":"index","follow":"follow","max-snippet":"max-snippet:-1","max-image-preview":"max-image-preview:large","max-video-preview":"max-video-preview:-1"},"canonical":"https:\/\/naturvernforbundet.no\/moreogromsdal\/laererikt-om-kystlyngheia\/","og_locale":"nb_NO","og_type":"article","og_title":"L\u00e6rerikt om kystlyngheia - M\u00f8re og Romsdal","og_description":"Markdagen i kystlyngheia i Sm\u00e5ge naturreservat b\u00f8d p\u00e5 mye kunnskap om kystlyngheia og utfordringene den st\u00e5r overfor.","og_url":"https:\/\/naturvernforbundet.no\/moreogromsdal\/laererikt-om-kystlyngheia\/","og_site_name":"M\u00f8re og Romsdal","article_published_time":"2026-08-27T13:04:27+00:00","article_modified_time":"2026-08-27T13:21:58+00:00","og_image":[{"width":640,"height":480,"url":"https:\/\/naturvernforbundet.no\/content\/uploads\/sites\/14\/2026\/08\/Kystlynghei4.jpg","type":"image\/jpeg"}],"author":"syhaga","twitter_card":"summary_large_image","twitter_misc":{"Skrevet av":"syhaga","Ansl. lesetid":"2 minutter"},"schema":{"@context":"https:\/\/schema.org","@graph":[{"@type":"WebPage","@id":"https:\/\/naturvernforbundet.no\/moreogromsdal\/laererikt-om-kystlyngheia\/","url":"https:\/\/naturvernforbundet.no\/moreogromsdal\/laererikt-om-kystlyngheia\/","name":"L\u00e6rerikt om kystlyngheia - M\u00f8re og Romsdal","isPartOf":{"@id":"https:\/\/naturvernforbundet.no\/moreogromsdal\/#website"},"primaryImageOfPage":{"@id":"https:\/\/naturvernforbundet.no\/moreogromsdal\/laererikt-om-kystlyngheia\/#primaryimage"},"image":{"@id":"https:\/\/naturvernforbundet.no\/moreogromsdal\/laererikt-om-kystlyngheia\/#primaryimage"},"thumbnailUrl":"https:\/\/naturvernforbundet.no\/content\/uploads\/sites\/14\/2026\/08\/Kystlynghei4.jpg","datePublished":"2026-08-27T13:04:27+00:00","dateModified":"2026-08-27T13:21:58+00:00","author":{"@id":"https:\/\/naturvernforbundet.no\/moreogromsdal\/#\/schema\/person\/c138813b3cdfa2c3e496ad53e6bd8627"},"breadcrumb":{"@id":"https:\/\/naturvernforbundet.no\/moreogromsdal\/laererikt-om-kystlyngheia\/#breadcrumb"},"inLanguage":"nb-NO","potentialAction":[{"@type":"ReadAction","target":["https:\/\/naturvernforbundet.no\/moreogromsdal\/laererikt-om-kystlyngheia\/"]}]},{"@type":"ImageObject","inLanguage":"nb-NO","@id":"https:\/\/naturvernforbundet.no\/moreogromsdal\/laererikt-om-kystlyngheia\/#primaryimage","url":"https:\/\/naturvernforbundet.no\/content\/uploads\/sites\/14\/2026\/08\/Kystlynghei4.jpg","contentUrl":"https:\/\/naturvernforbundet.no\/content\/uploads\/sites\/14\/2026\/08\/Kystlynghei4.jpg","width":640,"height":480,"caption":"Til h\u00f8yre ser man hvordan lyngen blir grent gjennom skj\u00f8tsel."},{"@type":"BreadcrumbList","@id":"https:\/\/naturvernforbundet.no\/moreogromsdal\/laererikt-om-kystlyngheia\/#breadcrumb","itemListElement":[{"@type":"ListItem","position":1,"name":"Till naturvernforbundet.no","item":"https:\/\/naturvernforbundet.no\/"},{"@type":"ListItem","position":2,"name":"M\u00f8re og Romsdal","item":"https:\/\/naturvernforbundet.no\/moreogromsdal\/"},{"@type":"ListItem","position":3,"name":"Molde","item":"https:\/\/naturvernforbundet.no\/moreogromsdal\/lokallag\/molde\/"},{"@type":"ListItem","position":4,"name":"L\u00e6rerikt om kystlyngheia"}]},{"@type":"WebSite","@id":"https:\/\/naturvernforbundet.no\/moreogromsdal\/#website","url":"https:\/\/naturvernforbundet.no\/moreogromsdal\/","name":"M\u00f8re og Romsdal","description":"Bare enda et Naturvernforbundet Sites-nettsted","potentialAction":[{"@type":"SearchAction","target":{"@type":"EntryPoint","urlTemplate":"https:\/\/naturvernforbundet.no\/moreogromsdal\/?s={search_term_string}"},"query-input":{"@type":"PropertyValueSpecification","valueRequired":true,"valueName":"search_term_string"}}],"inLanguage":"nb-NO"},{"@type":"Person","@id":"https:\/\/naturvernforbundet.no\/moreogromsdal\/#\/schema\/person\/c138813b3cdfa2c3e496ad53e6bd8627","name":"syhaga","image":{"@type":"ImageObject","inLanguage":"nb-NO","@id":"https:\/\/naturvernforbundet.no\/moreogromsdal\/#\/schema\/person\/image\/","url":"https:\/\/secure.gravatar.com\/avatar\/34fe9d0ebb2201d5ad1561050f4f13c0?s=96&d=mm&r=g","contentUrl":"https:\/\/secure.gravatar.com\/avatar\/34fe9d0ebb2201d5ad1561050f4f13c0?s=96&d=mm&r=g","caption":"syhaga"},"url":"https:\/\/naturvernforbundet.no\/moreogromsdal\/author\/syhaga\/"}]}},"_links":{"self":[{"href":"https:\/\/naturvernforbundet.no\/moreogromsdal\/wp-json\/wp\/v2\/posts\/4978","targetHints":{"allow":["GET"]}}],"collection":[{"href":"https:\/\/naturvernforbundet.no\/moreogromsdal\/wp-json\/wp\/v2\/posts"}],"about":[{"href":"https:\/\/naturvernforbundet.no\/moreogromsdal\/wp-json\/wp\/v2\/types\/post"}],"author":[{"embeddable":true,"href":"https:\/\/naturvernforbundet.no\/moreogromsdal\/wp-json\/wp\/v2\/users\/406"}],"replies":[{"embeddable":true,"href":"https:\/\/naturvernforbundet.no\/moreogromsdal\/wp-json\/wp\/v2\/comments?post=4978"}],"version-history":[{"count":2,"href":"https:\/\/naturvernforbundet.no\/moreogromsdal\/wp-json\/wp\/v2\/posts\/4978\/revisions"}],"predecessor-version":[{"id":4983,"href":"https:\/\/naturvernforbundet.no\/moreogromsdal\/wp-json\/wp\/v2\/posts\/4978\/revisions\/4983"}],"wp:featuredmedia":[{"embeddable":true,"href":"https:\/\/naturvernforbundet.no\/moreogromsdal\/wp-json\/wp\/v2\/media\/4979"}],"wp:attachment":[{"href":"https:\/\/naturvernforbundet.no\/moreogromsdal\/wp-json\/wp\/v2\/media?parent=4978"}],"wp:term":[{"taxonomy":"category","embeddable":true,"href":"https:\/\/naturvernforbundet.no\/moreogromsdal\/wp-json\/wp\/v2\/categories?post=4978"},{"taxonomy":"post_tag","embeddable":true,"href":"https:\/\/naturvernforbundet.no\/moreogromsdal\/wp-json\/wp\/v2\/tags?post=4978"},{"taxonomy":"local","embeddable":true,"href":"https:\/\/naturvernforbundet.no\/moreogromsdal\/wp-json\/wp\/v2\/local?post=4978"}],"curies":[{"name":"wp","href":"https:\/\/api.w.org\/{rel}","templated":true}]}}