{"id":503,"date":"2005-10-28T16:21:00","date_gmt":"2005-10-28T14:21:00","guid":{"rendered":"https:\/\/naturvernforbundet.no\/moreogromsdal\/barn-vil-ha-okologisk-mjolk-kan-tine-levere\/"},"modified":"2005-10-28T16:21:00","modified_gmt":"2005-10-28T14:21:00","slug":"barn-vil-ha-okologisk-mjolk-kan-tine-levere","status":"publish","type":"post","link":"https:\/\/naturvernforbundet.no\/moreogromsdal\/barn-vil-ha-okologisk-mjolk-kan-tine-levere\/","title":{"rendered":"Barn vil ha \u00f8kologisk mj\u00f8lk &#8211; kan Tine levere?"},"content":{"rendered":"\t<div class=\"template-post alignfull wp-block-naturvern-hero\">\n\t\t<div class=\"hero__inner\">\n\t\t\t<div class=\"hero__inner_blocks\">\n\t\t\t\t\t\t\t\t\n\t\t\t\t\t<h1 class=\"wp-block-post-title\">Barn vil ha \u00f8kologisk mj\u00f8lk &#8211; kan Tine levere?<\/h1>\n\n\t\t\t\t\t<div class=\"wp-block-post-excerpt\"><p class=\"wp-block-post-excerpt__excerpt\">Det siste \u00e5ret har barn mange stader f\u00e5tt tilbod om \u00f8kologisk mj\u00f8lk i skule og barnehage, til same pris som den homogeniserte mj\u00f8lka. Valet har for mange vore enkelt &#8211; dei fleste trur at \u00f8kologisk mj\u00f8lk er betre, og vel det. <\/p><\/div>\n\n\t\t\t\t\t\n\n\t\t\t\t\t<div class=\"wp-block-naturvern-byline\">\n\t\t\t<div class=\"authors\">By <span class=\"t2-byline__author-link\">Artikkelimport\u00f8r<\/span><\/div>\n\t\t\t<small class=\"entry-date\">28.10.2005 16:21<\/small>\n\t\t<\/div>\n\t\t\t\t\t\t\t\t<\/div>\n\t\t\t\t\t<\/div>\n\t\t\t<\/div>\n\t\n<p>Naturvernforbundet og Gr\u00f8nn Hverdag arbeidar for sunnare forbrukarar i sunnare milj\u00f8. Vi \u00f8nskjer at forbrukarar skal f\u00e5 tilbod om \u00f8kologiske varer fordi dei inneheld det som naturen har lagt opp til og ikkje er tilsett noko eller un\u00f8dig produsert bort fr\u00e5 grunnlaget. Dessutan har dyra og jorda ein st\u00f8rre garanti for \u00e5 ha det bra \u201dtil evig tid\u201d ved \u00f8kologisk produksjon.<br><br>Etter ein kampanje Gr\u00f8nn Hverdag hadde i haust har mange barnehagar i fylket g\u00e5tt over til \u00f8kologisk mj\u00f8lk. Dette har skapt leveringsproblem for Tine som no m\u00e5 hente \u00f8kologisk mj\u00f8lk fr\u00e5 andre regionar. Nokre barnehagar har opplevd \u00e5 ikkje f\u00e5 mj\u00f8lk i det heile fordi Tine ikkje kan levere \u00f8kologisk. Dette m\u00e5 Tine gjere noko med. Gr\u00f8nn Hverdag har ogs\u00e5 unders\u00f8kt interessa etter \u00f8kologisk mj\u00f8lk i skulane og opplevd ei stor interesse. Vi \u00f8nskjer oss ogs\u00e5 eit tilbod om \u00f8kologisk mj\u00f8lk til alle skulane i fylket. <br><br>\u00d8kologisk mj\u00f8lk blir produsert p\u00e5 gardar i fylket, og ein del stader blanda med anna mj\u00f8lk p\u00e5 veg til meieriet. D\u00e5 blir ekstra verdifull r\u00e5vare redusert til ei ordin\u00e6r r\u00e5vare. Det tykkjer vi er gale n\u00e5r det ser ut til \u00e5 vere etterspurnad etter den \u00f8kologiske mj\u00f8lka.<br><br>Gr\u00f8nn Hverdag og Naturvernforbundet trur tida no er komen for eit l\u00f8ft i etterspurnaden etter \u00f8kologisk mj\u00f8lk. N\u00e5r mange barn er vant med at mj\u00f8lka skal vere \u00f8kologisk, vil dette gjere noko med forbruket av \u00f8kologisk mj\u00f8lk og andre \u00f8kologiske produkt ogs\u00e5 i heimane. St\u00f8rre omsetnad av \u00f8kologisk mj\u00f8lk m\u00e5 f\u00f8re til at meir av den \u00f8kologiske mj\u00f8lka som blir produsert p\u00e5 gardane kjem p\u00e5 bordet som \u00f8kologisk vare. Sidan \u00f8kologisk produksjon er noko meir arbeidskrevjande, tilseier det auka sysselsetjing i landbruket.<br><br>Her er det utsikter til mange vinnarar om Tine vil satse meir p\u00e5 \u00f8kologisk produksjon.\nTine \u2013 n\u00e5r kan ogs\u00e5 skulane f\u00e5 eit tilbod om \u00f8kologisk mj\u00f8lk? N\u00e5r kjem den mj\u00f8lka som heilt fram til gardstanken er \u00f8kologisk ogs\u00e5 fram til forbrukarane som \u00f8kologisk?<br><br>\u00d8ystein Folden, leiar i Naturvernforbundet i M\u00f8re og Romsdal\nMari Melb\u00f8 R\u00f8dst\u00f8l, Milj\u00f8r\u00e5dgiver i Gr\u00f8nn Hverdag, M\u00f8re og Romsdal<br><br><br><br>\nKontaktpersonar: \nMari Melb\u00f8 R\u00f8dst\u00f8l,  Milj\u00f8r\u00e5dgiver i Gr\u00f8nn Hverdag, M\u00f8re og Romsdal, Tlf: 91100829\n\u00d8ystein Folden, leiar i Naturvernforbundet i M\u00f8re og Romsdal, tlf. 918 12 542 <br><br>\n<\/p>\n\n\n\n<p><a href=\"\/imakerdata\/f\/0\/73\/46\/2_2401_0\/Sunnmorsposten_15112005.pdf\">Les svaret fr\u00e5 Tine i Sunnm\u00f8rsposten 15. november 2005<\/a><\/p>\n","protected":false},"excerpt":{"rendered":"<p>Det siste \u00e5ret har barn mange stader f\u00e5tt tilbod om \u00f8kologisk mj\u00f8lk i skule og barnehage, til same pris som den homogeniserte mj\u00f8lka. Valet har for mange vore enkelt &#8211; dei fleste trur at \u00f8kologisk mj\u00f8lk er betre, og vel det.<\/p>\n","protected":false},"author":38,"featured_media":0,"comment_status":"closed","ping_status":"closed","sticky":false,"template":"","format":"standard","meta":{"_relevanssi_hide_post":"","_relevanssi_hide_content":"","_relevanssi_pin_for_all":"","_relevanssi_pin_keywords":"","_relevanssi_unpin_keywords":"","_relevanssi_related_keywords":"","_relevanssi_related_include_ids":"","_relevanssi_related_exclude_ids":"","_relevanssi_related_no_append":"","_relevanssi_related_not_related":"","_relevanssi_related_posts":"","_relevanssi_noindex_reason":"","hide_logo":false,"footnotes":""},"categories":[27],"tags":[],"local":[],"class_list":["post-503","post","type-post","status-publish","format-standard","hentry","category-avfall-og-forbruk"],"acf":[],"yoast_head":"<!-- This site is optimized with the Yoast SEO plugin v24.9 - https:\/\/yoast.com\/wordpress\/plugins\/seo\/ -->\n<title>Barn vil ha \u00f8kologisk mj\u00f8lk - kan Tine levere? - M\u00f8re og Romsdal<\/title>\n<meta name=\"robots\" content=\"index, follow, max-snippet:-1, max-image-preview:large, max-video-preview:-1\" \/>\n<link rel=\"canonical\" href=\"https:\/\/naturvernforbundet.no\/moreogromsdal\/barn-vil-ha-okologisk-mjolk-kan-tine-levere\/\" \/>\n<meta property=\"og:locale\" content=\"nb_NO\" \/>\n<meta property=\"og:type\" content=\"article\" \/>\n<meta property=\"og:title\" content=\"Barn vil ha \u00f8kologisk mj\u00f8lk - kan Tine levere? - M\u00f8re og Romsdal\" \/>\n<meta property=\"og:description\" content=\"Det siste \u00e5ret har barn mange stader f\u00e5tt tilbod om \u00f8kologisk mj\u00f8lk i skule og barnehage, til same pris som den homogeniserte mj\u00f8lka. Valet har for mange vore enkelt - dei fleste trur at \u00f8kologisk mj\u00f8lk er betre, og vel det.\" \/>\n<meta property=\"og:url\" content=\"https:\/\/naturvernforbundet.no\/moreogromsdal\/barn-vil-ha-okologisk-mjolk-kan-tine-levere\/\" \/>\n<meta property=\"og:site_name\" content=\"M\u00f8re og Romsdal\" \/>\n<meta property=\"article:published_time\" content=\"2005-10-28T14:21:00+00:00\" \/>\n<meta name=\"author\" content=\"Artikkelimport\u00f8r\" \/>\n<meta name=\"twitter:card\" content=\"summary_large_image\" \/>\n<meta name=\"twitter:label1\" content=\"Skrevet av\" \/>\n\t<meta name=\"twitter:data1\" content=\"Artikkelimport\u00f8r\" \/>\n\t<meta name=\"twitter:label2\" content=\"Ansl. lesetid\" \/>\n\t<meta name=\"twitter:data2\" content=\"2 minutter\" \/>\n<script type=\"application\/ld+json\" class=\"yoast-schema-graph\">{\"@context\":\"https:\/\/schema.org\",\"@graph\":[{\"@type\":\"WebPage\",\"@id\":\"https:\/\/naturvernforbundet.no\/moreogromsdal\/barn-vil-ha-okologisk-mjolk-kan-tine-levere\/\",\"url\":\"https:\/\/naturvernforbundet.no\/moreogromsdal\/barn-vil-ha-okologisk-mjolk-kan-tine-levere\/\",\"name\":\"Barn vil ha \u00f8kologisk mj\u00f8lk - kan Tine levere? - M\u00f8re og Romsdal\",\"isPartOf\":{\"@id\":\"https:\/\/naturvernforbundet.no\/moreogromsdal\/#website\"},\"datePublished\":\"2005-10-28T14:21:00+00:00\",\"author\":{\"@id\":\"https:\/\/naturvernforbundet.no\/moreogromsdal\/#\/schema\/person\/c72f198205979084bf071deedb6205f4\"},\"breadcrumb\":{\"@id\":\"https:\/\/naturvernforbundet.no\/moreogromsdal\/barn-vil-ha-okologisk-mjolk-kan-tine-levere\/#breadcrumb\"},\"inLanguage\":\"nb-NO\",\"potentialAction\":[{\"@type\":\"ReadAction\",\"target\":[\"https:\/\/naturvernforbundet.no\/moreogromsdal\/barn-vil-ha-okologisk-mjolk-kan-tine-levere\/\"]}]},{\"@type\":\"BreadcrumbList\",\"@id\":\"https:\/\/naturvernforbundet.no\/moreogromsdal\/barn-vil-ha-okologisk-mjolk-kan-tine-levere\/#breadcrumb\",\"itemListElement\":[{\"@type\":\"ListItem\",\"position\":1,\"name\":\"Till naturvernforbundet.no\",\"item\":\"https:\/\/naturvernforbundet.no\/\"},{\"@type\":\"ListItem\",\"position\":2,\"name\":\"M\u00f8re og Romsdal\",\"item\":\"https:\/\/naturvernforbundet.no\/moreogromsdal\/\"},{\"@type\":\"ListItem\",\"position\":3,\"name\":\"Barn vil ha \u00f8kologisk mj\u00f8lk &#8211; kan Tine levere?\"}]},{\"@type\":\"WebSite\",\"@id\":\"https:\/\/naturvernforbundet.no\/moreogromsdal\/#website\",\"url\":\"https:\/\/naturvernforbundet.no\/moreogromsdal\/\",\"name\":\"M\u00f8re og Romsdal\",\"description\":\"Bare enda et Naturvernforbundet Sites-nettsted\",\"potentialAction\":[{\"@type\":\"SearchAction\",\"target\":{\"@type\":\"EntryPoint\",\"urlTemplate\":\"https:\/\/naturvernforbundet.no\/moreogromsdal\/?s={search_term_string}\"},\"query-input\":{\"@type\":\"PropertyValueSpecification\",\"valueRequired\":true,\"valueName\":\"search_term_string\"}}],\"inLanguage\":\"nb-NO\"},{\"@type\":\"Person\",\"@id\":\"https:\/\/naturvernforbundet.no\/moreogromsdal\/#\/schema\/person\/c72f198205979084bf071deedb6205f4\",\"name\":\"Artikkelimport\u00f8r\",\"image\":{\"@type\":\"ImageObject\",\"inLanguage\":\"nb-NO\",\"@id\":\"https:\/\/naturvernforbundet.no\/moreogromsdal\/#\/schema\/person\/image\/\",\"url\":\"https:\/\/secure.gravatar.com\/avatar\/015fa491b9ed1c823ef16a5c930294d1?s=96&d=mm&r=g\",\"contentUrl\":\"https:\/\/secure.gravatar.com\/avatar\/015fa491b9ed1c823ef16a5c930294d1?s=96&d=mm&r=g\",\"caption\":\"Artikkelimport\u00f8r\"},\"url\":\"https:\/\/naturvernforbundet.no\/moreogromsdal\/author\/artikkelimportor\/\"}]}<\/script>\n<!-- \/ Yoast SEO plugin. -->","yoast_head_json":{"title":"Barn vil ha \u00f8kologisk mj\u00f8lk - kan Tine levere? - M\u00f8re og Romsdal","robots":{"index":"index","follow":"follow","max-snippet":"max-snippet:-1","max-image-preview":"max-image-preview:large","max-video-preview":"max-video-preview:-1"},"canonical":"https:\/\/naturvernforbundet.no\/moreogromsdal\/barn-vil-ha-okologisk-mjolk-kan-tine-levere\/","og_locale":"nb_NO","og_type":"article","og_title":"Barn vil ha \u00f8kologisk mj\u00f8lk - kan Tine levere? - M\u00f8re og Romsdal","og_description":"Det siste \u00e5ret har barn mange stader f\u00e5tt tilbod om \u00f8kologisk mj\u00f8lk i skule og barnehage, til same pris som den homogeniserte mj\u00f8lka. Valet har for mange vore enkelt - dei fleste trur at \u00f8kologisk mj\u00f8lk er betre, og vel det.","og_url":"https:\/\/naturvernforbundet.no\/moreogromsdal\/barn-vil-ha-okologisk-mjolk-kan-tine-levere\/","og_site_name":"M\u00f8re og Romsdal","article_published_time":"2005-10-28T14:21:00+00:00","author":"Artikkelimport\u00f8r","twitter_card":"summary_large_image","twitter_misc":{"Skrevet av":"Artikkelimport\u00f8r","Ansl. lesetid":"2 minutter"},"schema":{"@context":"https:\/\/schema.org","@graph":[{"@type":"WebPage","@id":"https:\/\/naturvernforbundet.no\/moreogromsdal\/barn-vil-ha-okologisk-mjolk-kan-tine-levere\/","url":"https:\/\/naturvernforbundet.no\/moreogromsdal\/barn-vil-ha-okologisk-mjolk-kan-tine-levere\/","name":"Barn vil ha \u00f8kologisk mj\u00f8lk - kan Tine levere? - M\u00f8re og Romsdal","isPartOf":{"@id":"https:\/\/naturvernforbundet.no\/moreogromsdal\/#website"},"datePublished":"2005-10-28T14:21:00+00:00","author":{"@id":"https:\/\/naturvernforbundet.no\/moreogromsdal\/#\/schema\/person\/c72f198205979084bf071deedb6205f4"},"breadcrumb":{"@id":"https:\/\/naturvernforbundet.no\/moreogromsdal\/barn-vil-ha-okologisk-mjolk-kan-tine-levere\/#breadcrumb"},"inLanguage":"nb-NO","potentialAction":[{"@type":"ReadAction","target":["https:\/\/naturvernforbundet.no\/moreogromsdal\/barn-vil-ha-okologisk-mjolk-kan-tine-levere\/"]}]},{"@type":"BreadcrumbList","@id":"https:\/\/naturvernforbundet.no\/moreogromsdal\/barn-vil-ha-okologisk-mjolk-kan-tine-levere\/#breadcrumb","itemListElement":[{"@type":"ListItem","position":1,"name":"Till naturvernforbundet.no","item":"https:\/\/naturvernforbundet.no\/"},{"@type":"ListItem","position":2,"name":"M\u00f8re og Romsdal","item":"https:\/\/naturvernforbundet.no\/moreogromsdal\/"},{"@type":"ListItem","position":3,"name":"Barn vil ha \u00f8kologisk mj\u00f8lk &#8211; kan Tine levere?"}]},{"@type":"WebSite","@id":"https:\/\/naturvernforbundet.no\/moreogromsdal\/#website","url":"https:\/\/naturvernforbundet.no\/moreogromsdal\/","name":"M\u00f8re og Romsdal","description":"Bare enda et Naturvernforbundet Sites-nettsted","potentialAction":[{"@type":"SearchAction","target":{"@type":"EntryPoint","urlTemplate":"https:\/\/naturvernforbundet.no\/moreogromsdal\/?s={search_term_string}"},"query-input":{"@type":"PropertyValueSpecification","valueRequired":true,"valueName":"search_term_string"}}],"inLanguage":"nb-NO"},{"@type":"Person","@id":"https:\/\/naturvernforbundet.no\/moreogromsdal\/#\/schema\/person\/c72f198205979084bf071deedb6205f4","name":"Artikkelimport\u00f8r","image":{"@type":"ImageObject","inLanguage":"nb-NO","@id":"https:\/\/naturvernforbundet.no\/moreogromsdal\/#\/schema\/person\/image\/","url":"https:\/\/secure.gravatar.com\/avatar\/015fa491b9ed1c823ef16a5c930294d1?s=96&d=mm&r=g","contentUrl":"https:\/\/secure.gravatar.com\/avatar\/015fa491b9ed1c823ef16a5c930294d1?s=96&d=mm&r=g","caption":"Artikkelimport\u00f8r"},"url":"https:\/\/naturvernforbundet.no\/moreogromsdal\/author\/artikkelimportor\/"}]}},"_links":{"self":[{"href":"https:\/\/naturvernforbundet.no\/moreogromsdal\/wp-json\/wp\/v2\/posts\/503","targetHints":{"allow":["GET"]}}],"collection":[{"href":"https:\/\/naturvernforbundet.no\/moreogromsdal\/wp-json\/wp\/v2\/posts"}],"about":[{"href":"https:\/\/naturvernforbundet.no\/moreogromsdal\/wp-json\/wp\/v2\/types\/post"}],"author":[{"embeddable":true,"href":"https:\/\/naturvernforbundet.no\/moreogromsdal\/wp-json\/wp\/v2\/users\/38"}],"replies":[{"embeddable":true,"href":"https:\/\/naturvernforbundet.no\/moreogromsdal\/wp-json\/wp\/v2\/comments?post=503"}],"version-history":[{"count":0,"href":"https:\/\/naturvernforbundet.no\/moreogromsdal\/wp-json\/wp\/v2\/posts\/503\/revisions"}],"wp:attachment":[{"href":"https:\/\/naturvernforbundet.no\/moreogromsdal\/wp-json\/wp\/v2\/media?parent=503"}],"wp:term":[{"taxonomy":"category","embeddable":true,"href":"https:\/\/naturvernforbundet.no\/moreogromsdal\/wp-json\/wp\/v2\/categories?post=503"},{"taxonomy":"post_tag","embeddable":true,"href":"https:\/\/naturvernforbundet.no\/moreogromsdal\/wp-json\/wp\/v2\/tags?post=503"},{"taxonomy":"local","embeddable":true,"href":"https:\/\/naturvernforbundet.no\/moreogromsdal\/wp-json\/wp\/v2\/local?post=503"}],"curies":[{"name":"wp","href":"https:\/\/api.w.org\/{rel}","templated":true}]}}