{"id":513,"date":"2005-10-17T11:51:00","date_gmt":"2005-10-17T09:51:00","guid":{"rendered":"https:\/\/naturvernforbundet.no\/moreogromsdal\/gronn-hverdag-inviterer-til-samling-pa-tingvoll\/"},"modified":"2005-10-17T11:51:00","modified_gmt":"2005-10-17T09:51:00","slug":"gronn-hverdag-inviterer-til-samling-pa-tingvoll","status":"publish","type":"post","link":"https:\/\/naturvernforbundet.no\/moreogromsdal\/gronn-hverdag-inviterer-til-samling-pa-tingvoll\/","title":{"rendered":"Gr\u00f8nn hverdag inviterer til samling p\u00e5 Tingvoll"},"content":{"rendered":"\t<div class=\"template-post alignfull wp-block-naturvern-hero\">\n\t\t<div class=\"hero__inner\">\n\t\t\t<div class=\"hero__inner_blocks\">\n\t\t\t\t\t\t\t\t\n\t\t\t\t\t<h1 class=\"wp-block-post-title\">Gr\u00f8nn hverdag inviterer til samling p\u00e5 Tingvoll<\/h1>\n\n\t\t\t\t\t<div class=\"wp-block-post-excerpt\"><p class=\"wp-block-post-excerpt__excerpt\">Gr\u00f8nn hverdag inviterer til gratis samling for Gr\u00f8nn Hverdags r\u00e5dsorganisasjoner onsdag 16. november p\u00e5 Tingvoll. <\/p><\/div>\n\n\t\t\t\t\t\n\n\t\t\t\t\t<div class=\"wp-block-naturvern-byline\">\n\t\t\t<div class=\"authors\">By <span class=\"t2-byline__author-link\">Artikkelimport\u00f8r<\/span><\/div>\n\t\t\t<small class=\"entry-date\">17.10.2005 11:51<\/small>\n\t\t<\/div>\n\t\t\t\t\t\t\t\t<\/div>\n\t\t\t\t\t<\/div>\n\t\t\t<\/div>\n\t\n<p>Invitasjon til gratis samling for Gr\u00f8nn Hverdags r\u00e5dsorganisasjoner<br><br>Tid: onsdag 16. november 2005 kl 11.00-18.00 (deretter middag)<br><br>Sted: Tingvoll Gard, Tingvoll (m\u00f8terom p\u00e5 (NORS\u00d8K) norsk senter for \u00f8kologisk landbruk )<br><br>Tema: Milj\u00f8 i hverdagen \u2013 viktigere en noen gang! Dagens fokus: mat og milj\u00f8.<br><br>Da Gr\u00f8nn Hverdag (Milj\u00f8heimevernet) ble opprettet i 1991, var tanken at milj\u00f8dugnaden skulle spres gjennom medlemsmassen til de store folkeorganisasjonene i Norge. Og slik er det heldigvis fortsatt. Mange av de 14 r\u00e5dsorganisasjonene som st\u00e5r bak Gr\u00f8nn Hverdag har v\u00e6rt med fra f\u00f8rste stund!<br><br>Milj\u00f8dugnaden og samarbeidet med r\u00e5dsorganisasjonene er viktigere enn noen gang. Noen milj\u00f8problem har vi funnet l\u00f8sninger p\u00e5, som for eksempel kildesortering av avfall. Andre og nye utfordringer st\u00e5r derimot i k\u00f8. For \u00e5 m\u00f8te dem er v\u00e5rt gamle slagord \u201dIngen kan gj\u00f8re alt, men mange kan gj\u00f8re litt\u201d fortsatt like aktuelt. Siden opprettelsen er Milj\u00f8heimevernet blitt til Gr\u00f8nn Hverdag, og det er n\u00e5 over 100 000 deltagere i Norges st\u00f8rste nettverk av milj\u00f8bevisste forbrukere.<br><br>V\u00e5rt materiell og v\u00e5re redskap er stadig blitt fornyet. Men kontakten med r\u00e5dsorganisasjonene lokalt er ikke alltid like lett \u00e5 holde i en hektisk hverdag som er mer og mer preget av elektronisk kommunikasjon. Mange i organisasjonene er heller ikke kjent med forholdet mellom Gr\u00f8nn Hverdag og sin egen organisasjon. Dette \u00f8nsker vi \u00e5 gj\u00f8re noe med.<br><br>Vi inviterer derfor til en gratis dagssamling, der m\u00e5let er faglig p\u00e5fyll, erfaringsutveksling og inspirasjon til fortsatt milj\u00f8innsats i hverdagen. Tid til uformell prat og god \u00f8kologisk mat skal det ogs\u00e5 bli! Vi viser til vedlagte program.<br><br>P\u00e5melding sendes innen fredag 4 nov p\u00e5 e-post til Gr\u00f8nn Hverdag i M\u00f8re og Romsdal eller til regionkontoret. Adressene er mr@gronnhverdag.no eller midt-norge@gronnhverdag.no<br><br>Du\/dere kan ogs\u00e5 ringe oss p\u00e5 tlf: 911 00 829 (M\u00f8re og Romsdal) eller tlf: 72 87 56 62\/ 951 59 001 (regionkontoret).<br><br>Hjertelig velkommen til en inspirerende og \u201dvelsmakende\u201d dag p\u00e5 Tingvoll!<br><br>Vennlig hilsen for Gr\u00f8nn Hverdag i Midt-Norge,\nMari Melb\u00f8 R\u00f8dst\u00f8l \nIver Olerud \nSigny R. Overbye<\/p>\n\n\n\n<p><a href=\"\/imakerdata\/f\/0\/71\/34\/5_2401_0\/Invitasjon_til_raadsorganisasjoner_i_Gronn_Hverdag.pdf\">Les hele invitasjonen her<\/a><\/p>\n","protected":false},"excerpt":{"rendered":"<p>Gr\u00f8nn hverdag inviterer til gratis samling for Gr\u00f8nn Hverdags r\u00e5dsorganisasjoner onsdag 16. november p\u00e5 Tingvoll.<\/p>\n","protected":false},"author":38,"featured_media":0,"comment_status":"closed","ping_status":"closed","sticky":false,"template":"","format":"standard","meta":{"_relevanssi_hide_post":"","_relevanssi_hide_content":"","_relevanssi_pin_for_all":"","_relevanssi_pin_keywords":"","_relevanssi_unpin_keywords":"","_relevanssi_related_keywords":"","_relevanssi_related_include_ids":"","_relevanssi_related_exclude_ids":"","_relevanssi_related_no_append":"","_relevanssi_related_not_related":"","_relevanssi_related_posts":"","_relevanssi_noindex_reason":"","hide_logo":false,"footnotes":""},"categories":[45],"tags":[],"local":[],"class_list":["post-513","post","type-post","status-publish","format-standard","hentry","category-naturvernforbundet"],"acf":[],"yoast_head":"<!-- This site is optimized with the Yoast SEO plugin v24.9 - https:\/\/yoast.com\/wordpress\/plugins\/seo\/ -->\n<title>Gr\u00f8nn hverdag inviterer til samling p\u00e5 Tingvoll - M\u00f8re og Romsdal<\/title>\n<meta name=\"robots\" content=\"index, follow, max-snippet:-1, max-image-preview:large, max-video-preview:-1\" \/>\n<link rel=\"canonical\" href=\"https:\/\/naturvernforbundet.no\/moreogromsdal\/gronn-hverdag-inviterer-til-samling-pa-tingvoll\/\" \/>\n<meta property=\"og:locale\" content=\"nb_NO\" \/>\n<meta property=\"og:type\" content=\"article\" \/>\n<meta property=\"og:title\" content=\"Gr\u00f8nn hverdag inviterer til samling p\u00e5 Tingvoll - M\u00f8re og Romsdal\" \/>\n<meta property=\"og:description\" content=\"Gr\u00f8nn hverdag inviterer til gratis samling for Gr\u00f8nn Hverdags r\u00e5dsorganisasjoner onsdag 16. november p\u00e5 Tingvoll.\" \/>\n<meta property=\"og:url\" content=\"https:\/\/naturvernforbundet.no\/moreogromsdal\/gronn-hverdag-inviterer-til-samling-pa-tingvoll\/\" \/>\n<meta property=\"og:site_name\" content=\"M\u00f8re og Romsdal\" \/>\n<meta property=\"article:published_time\" content=\"2005-10-17T09:51:00+00:00\" \/>\n<meta name=\"author\" content=\"Artikkelimport\u00f8r\" \/>\n<meta name=\"twitter:card\" content=\"summary_large_image\" \/>\n<meta name=\"twitter:label1\" content=\"Skrevet av\" \/>\n\t<meta name=\"twitter:data1\" content=\"Artikkelimport\u00f8r\" \/>\n\t<meta name=\"twitter:label2\" content=\"Ansl. lesetid\" \/>\n\t<meta name=\"twitter:data2\" content=\"2 minutter\" \/>\n<script type=\"application\/ld+json\" class=\"yoast-schema-graph\">{\"@context\":\"https:\/\/schema.org\",\"@graph\":[{\"@type\":\"WebPage\",\"@id\":\"https:\/\/naturvernforbundet.no\/moreogromsdal\/gronn-hverdag-inviterer-til-samling-pa-tingvoll\/\",\"url\":\"https:\/\/naturvernforbundet.no\/moreogromsdal\/gronn-hverdag-inviterer-til-samling-pa-tingvoll\/\",\"name\":\"Gr\u00f8nn hverdag inviterer til samling p\u00e5 Tingvoll - M\u00f8re og Romsdal\",\"isPartOf\":{\"@id\":\"https:\/\/naturvernforbundet.no\/moreogromsdal\/#website\"},\"datePublished\":\"2005-10-17T09:51:00+00:00\",\"author\":{\"@id\":\"https:\/\/naturvernforbundet.no\/moreogromsdal\/#\/schema\/person\/c72f198205979084bf071deedb6205f4\"},\"breadcrumb\":{\"@id\":\"https:\/\/naturvernforbundet.no\/moreogromsdal\/gronn-hverdag-inviterer-til-samling-pa-tingvoll\/#breadcrumb\"},\"inLanguage\":\"nb-NO\",\"potentialAction\":[{\"@type\":\"ReadAction\",\"target\":[\"https:\/\/naturvernforbundet.no\/moreogromsdal\/gronn-hverdag-inviterer-til-samling-pa-tingvoll\/\"]}]},{\"@type\":\"BreadcrumbList\",\"@id\":\"https:\/\/naturvernforbundet.no\/moreogromsdal\/gronn-hverdag-inviterer-til-samling-pa-tingvoll\/#breadcrumb\",\"itemListElement\":[{\"@type\":\"ListItem\",\"position\":1,\"name\":\"Till naturvernforbundet.no\",\"item\":\"https:\/\/naturvernforbundet.no\/\"},{\"@type\":\"ListItem\",\"position\":2,\"name\":\"M\u00f8re og Romsdal\",\"item\":\"https:\/\/naturvernforbundet.no\/moreogromsdal\/\"},{\"@type\":\"ListItem\",\"position\":3,\"name\":\"Gr\u00f8nn hverdag inviterer til samling p\u00e5 Tingvoll\"}]},{\"@type\":\"WebSite\",\"@id\":\"https:\/\/naturvernforbundet.no\/moreogromsdal\/#website\",\"url\":\"https:\/\/naturvernforbundet.no\/moreogromsdal\/\",\"name\":\"M\u00f8re og Romsdal\",\"description\":\"Bare enda et Naturvernforbundet Sites-nettsted\",\"potentialAction\":[{\"@type\":\"SearchAction\",\"target\":{\"@type\":\"EntryPoint\",\"urlTemplate\":\"https:\/\/naturvernforbundet.no\/moreogromsdal\/?s={search_term_string}\"},\"query-input\":{\"@type\":\"PropertyValueSpecification\",\"valueRequired\":true,\"valueName\":\"search_term_string\"}}],\"inLanguage\":\"nb-NO\"},{\"@type\":\"Person\",\"@id\":\"https:\/\/naturvernforbundet.no\/moreogromsdal\/#\/schema\/person\/c72f198205979084bf071deedb6205f4\",\"name\":\"Artikkelimport\u00f8r\",\"image\":{\"@type\":\"ImageObject\",\"inLanguage\":\"nb-NO\",\"@id\":\"https:\/\/naturvernforbundet.no\/moreogromsdal\/#\/schema\/person\/image\/\",\"url\":\"https:\/\/secure.gravatar.com\/avatar\/015fa491b9ed1c823ef16a5c930294d1?s=96&d=mm&r=g\",\"contentUrl\":\"https:\/\/secure.gravatar.com\/avatar\/015fa491b9ed1c823ef16a5c930294d1?s=96&d=mm&r=g\",\"caption\":\"Artikkelimport\u00f8r\"},\"url\":\"https:\/\/naturvernforbundet.no\/moreogromsdal\/author\/artikkelimportor\/\"}]}<\/script>\n<!-- \/ Yoast SEO plugin. -->","yoast_head_json":{"title":"Gr\u00f8nn hverdag inviterer til samling p\u00e5 Tingvoll - M\u00f8re og Romsdal","robots":{"index":"index","follow":"follow","max-snippet":"max-snippet:-1","max-image-preview":"max-image-preview:large","max-video-preview":"max-video-preview:-1"},"canonical":"https:\/\/naturvernforbundet.no\/moreogromsdal\/gronn-hverdag-inviterer-til-samling-pa-tingvoll\/","og_locale":"nb_NO","og_type":"article","og_title":"Gr\u00f8nn hverdag inviterer til samling p\u00e5 Tingvoll - M\u00f8re og Romsdal","og_description":"Gr\u00f8nn hverdag inviterer til gratis samling for Gr\u00f8nn Hverdags r\u00e5dsorganisasjoner onsdag 16. november p\u00e5 Tingvoll.","og_url":"https:\/\/naturvernforbundet.no\/moreogromsdal\/gronn-hverdag-inviterer-til-samling-pa-tingvoll\/","og_site_name":"M\u00f8re og Romsdal","article_published_time":"2005-10-17T09:51:00+00:00","author":"Artikkelimport\u00f8r","twitter_card":"summary_large_image","twitter_misc":{"Skrevet av":"Artikkelimport\u00f8r","Ansl. lesetid":"2 minutter"},"schema":{"@context":"https:\/\/schema.org","@graph":[{"@type":"WebPage","@id":"https:\/\/naturvernforbundet.no\/moreogromsdal\/gronn-hverdag-inviterer-til-samling-pa-tingvoll\/","url":"https:\/\/naturvernforbundet.no\/moreogromsdal\/gronn-hverdag-inviterer-til-samling-pa-tingvoll\/","name":"Gr\u00f8nn hverdag inviterer til samling p\u00e5 Tingvoll - M\u00f8re og Romsdal","isPartOf":{"@id":"https:\/\/naturvernforbundet.no\/moreogromsdal\/#website"},"datePublished":"2005-10-17T09:51:00+00:00","author":{"@id":"https:\/\/naturvernforbundet.no\/moreogromsdal\/#\/schema\/person\/c72f198205979084bf071deedb6205f4"},"breadcrumb":{"@id":"https:\/\/naturvernforbundet.no\/moreogromsdal\/gronn-hverdag-inviterer-til-samling-pa-tingvoll\/#breadcrumb"},"inLanguage":"nb-NO","potentialAction":[{"@type":"ReadAction","target":["https:\/\/naturvernforbundet.no\/moreogromsdal\/gronn-hverdag-inviterer-til-samling-pa-tingvoll\/"]}]},{"@type":"BreadcrumbList","@id":"https:\/\/naturvernforbundet.no\/moreogromsdal\/gronn-hverdag-inviterer-til-samling-pa-tingvoll\/#breadcrumb","itemListElement":[{"@type":"ListItem","position":1,"name":"Till naturvernforbundet.no","item":"https:\/\/naturvernforbundet.no\/"},{"@type":"ListItem","position":2,"name":"M\u00f8re og Romsdal","item":"https:\/\/naturvernforbundet.no\/moreogromsdal\/"},{"@type":"ListItem","position":3,"name":"Gr\u00f8nn hverdag inviterer til samling p\u00e5 Tingvoll"}]},{"@type":"WebSite","@id":"https:\/\/naturvernforbundet.no\/moreogromsdal\/#website","url":"https:\/\/naturvernforbundet.no\/moreogromsdal\/","name":"M\u00f8re og Romsdal","description":"Bare enda et Naturvernforbundet Sites-nettsted","potentialAction":[{"@type":"SearchAction","target":{"@type":"EntryPoint","urlTemplate":"https:\/\/naturvernforbundet.no\/moreogromsdal\/?s={search_term_string}"},"query-input":{"@type":"PropertyValueSpecification","valueRequired":true,"valueName":"search_term_string"}}],"inLanguage":"nb-NO"},{"@type":"Person","@id":"https:\/\/naturvernforbundet.no\/moreogromsdal\/#\/schema\/person\/c72f198205979084bf071deedb6205f4","name":"Artikkelimport\u00f8r","image":{"@type":"ImageObject","inLanguage":"nb-NO","@id":"https:\/\/naturvernforbundet.no\/moreogromsdal\/#\/schema\/person\/image\/","url":"https:\/\/secure.gravatar.com\/avatar\/015fa491b9ed1c823ef16a5c930294d1?s=96&d=mm&r=g","contentUrl":"https:\/\/secure.gravatar.com\/avatar\/015fa491b9ed1c823ef16a5c930294d1?s=96&d=mm&r=g","caption":"Artikkelimport\u00f8r"},"url":"https:\/\/naturvernforbundet.no\/moreogromsdal\/author\/artikkelimportor\/"}]}},"_links":{"self":[{"href":"https:\/\/naturvernforbundet.no\/moreogromsdal\/wp-json\/wp\/v2\/posts\/513","targetHints":{"allow":["GET"]}}],"collection":[{"href":"https:\/\/naturvernforbundet.no\/moreogromsdal\/wp-json\/wp\/v2\/posts"}],"about":[{"href":"https:\/\/naturvernforbundet.no\/moreogromsdal\/wp-json\/wp\/v2\/types\/post"}],"author":[{"embeddable":true,"href":"https:\/\/naturvernforbundet.no\/moreogromsdal\/wp-json\/wp\/v2\/users\/38"}],"replies":[{"embeddable":true,"href":"https:\/\/naturvernforbundet.no\/moreogromsdal\/wp-json\/wp\/v2\/comments?post=513"}],"version-history":[{"count":0,"href":"https:\/\/naturvernforbundet.no\/moreogromsdal\/wp-json\/wp\/v2\/posts\/513\/revisions"}],"wp:attachment":[{"href":"https:\/\/naturvernforbundet.no\/moreogromsdal\/wp-json\/wp\/v2\/media?parent=513"}],"wp:term":[{"taxonomy":"category","embeddable":true,"href":"https:\/\/naturvernforbundet.no\/moreogromsdal\/wp-json\/wp\/v2\/categories?post=513"},{"taxonomy":"post_tag","embeddable":true,"href":"https:\/\/naturvernforbundet.no\/moreogromsdal\/wp-json\/wp\/v2\/tags?post=513"},{"taxonomy":"local","embeddable":true,"href":"https:\/\/naturvernforbundet.no\/moreogromsdal\/wp-json\/wp\/v2\/local?post=513"}],"curies":[{"name":"wp","href":"https:\/\/api.w.org\/{rel}","templated":true}]}}