{"id":517,"date":"2005-05-18T07:19:00","date_gmt":"2005-05-18T05:19:00","guid":{"rendered":"https:\/\/naturvernforbundet.no\/moreogromsdal\/hurra-for-gassen\/"},"modified":"2005-05-18T07:19:00","modified_gmt":"2005-05-18T05:19:00","slug":"hurra-for-gassen","status":"publish","type":"post","link":"https:\/\/naturvernforbundet.no\/moreogromsdal\/hurra-for-gassen\/","title":{"rendered":"Hurra for gassen!"},"content":{"rendered":"\t<div class=\"template-post alignfull wp-block-naturvern-hero\">\n\t\t<div class=\"hero__inner\">\n\t\t\t<div class=\"hero__inner_blocks\">\n\t\t\t\t\t\t\t\t\n\t\t\t\t\t<h1 class=\"wp-block-post-title\">Hurra for gassen!<\/h1>\n\n\t\t\t\t\t<div class=\"wp-block-post-excerpt\"><p class=\"wp-block-post-excerpt__excerpt\">Lesarinnlegg fr\u00e5 \u00d8ystein Folden, leiar i Naturvernforbundet i M\u00f8re og Romsdal <\/p><\/div>\n\n\t\t\t\t\t\n\n\t\t\t\t\t<div class=\"wp-block-naturvern-byline\">\n\t\t\t<div class=\"authors\">By <span class=\"t2-byline__author-link\">Artikkelimport\u00f8r<\/span><\/div>\n\t\t\t<small class=\"entry-date\">18.05.2005 07:19<\/small>\n\t\t<\/div>\n\t\t\t\t\t\t\t\t<\/div>\n\t\t\t\t\t<\/div>\n\t\t\t<\/div>\n\t\n<p>Sidan vi har gassen, m\u00e5 vi bruke han til noko no med ein gong f\u00f8r det er for seint! Slik er det n\u00e5r ein berre har ein tanke i hovudet p\u00e5 ein gong. Naturvernforbundet tykkjer det er forunderleg at fylkesordf\u00f8raren kan g\u00e5 slik i bresjen for gassbruk. S\u00e5 kortsiktig politikk som g\u00e5r ut over s\u00e5 mange andre som ikkje f\u00e5r lov til \u00e5 seie noko i saka, det skal ein leite lenge etter.  <br><br>Gassen tek til \u00e5 bli eit demokratisk problem. <br><br>&#8211; Noreg har skrive under Kyotoavtala som gjer at vi har eit tak for klimagassutslepp \u00e5 halde oss til. N\u00e5r fylkesordf\u00f8raren let som han ikkje har h\u00f8yrt om avtala og berre gassar p\u00e5, f\u00f8rer det berre til at Noreg ikkje er til \u00e5 stole p\u00e5 i internasjonale avtalar. Det er d\u00e5rleg gjort, og det g\u00e5r ut over Noreg sitt omd\u00f8mme. Noreg er avhengig av at internasjonale avtalar fungerer p\u00e5 andre felt, og kan ikkje berre halde dei avtalene som passer oss best.<br><br>&#8211; Viss fylkesordf\u00f8raren har tenkt \u00e5 overhalde Kyotoavtala, men ikkje vil  fortelje oss om innstrammingane som skal til p\u00e5 andre omr\u00e5de for at det skal bli gasskraftverk, d\u00e5 pr\u00f8ver han \u00e5 lure oss. Det er d\u00e5rleg gjort \u00e5 invitere p\u00e5 betre middag, og s\u00e5 fortelje at gjestene m\u00e5 betale for maten sj\u00f8lve n\u00e5r m\u00e5ltidet er servert.<br><br>&#8211; Det er forresten d\u00e5rleg gjort \u00e5 auke klimagassutsleppa og drukne folket p\u00e5 Maldivene utan at dei f\u00e5r lov til \u00e5 uttale seg til ei sak som gjeld dei minst like mykje som nokon av oss. <br><br>&#8211; Det vil ogs\u00e5 vere d\u00e5rleg gjort av M\u00f8re og Romsdal \u00e5 auke utsleppa og la andre fylke ta reduksjonen.<br><br>M\u00f8re og Romsdal har eit energiproblem. Naturvernforbundet kan ogs\u00e5 sj\u00e5 det. Vi undrar oss p\u00e5 kva som skapte problemet? For \u00e5 f\u00e5 til modernisering av Hydro sitt anlegg p\u00e5 Sunndal m\u00e5tte det utvidast samstundes. Tru om ikkje ein d\u00e5 sa at verknaden av auka energibruk m\u00e5tte sj\u00e5ast p\u00e5 som ei sak for seg? Det er akkurat som det same skjedde d\u00e5 det blei tale om Ormen Lange. Det er tale om \u00e5 planlegge slik at prosjekta blir delt. F\u00f8rst ser ein p\u00e5 fordelane ved tiltaket. N\u00e5r alle ser fordelane, s\u00e5 kjem ulempene p\u00e5 bordet. I festrusen overser ein s\u00e5 desse. Dermed er energiunderskotet i M\u00f8re og Romsdal eit faktum. Og det problemet vil alts\u00e5 fylkesordf\u00f8raren l\u00f8yse ved \u00e5 skape nye problem. <br><br>Rekninga for den l\u00f8ysinga er det folket p\u00e5 Maldivene og mange andre stader med l\u00e5ge kystlandskap som m\u00e5 betale, i tillegg til v\u00e5re barnebarn. Det vil ikkje Naturvernforbundet g\u00e5 med p\u00e5. Kortsiktige og lite b\u00e6rekraftige l\u00f8ysingar har vi nok av. No er det tid for l\u00f8ysingar som ogs\u00e5 vil vere riktige gjennom framtida. S\u00e5 f\u00e5r vi gje oss litt meir tid og heller t\u00e5le nokre problem i tida som kjem, men st\u00e5 rakrygga b\u00e5de for v\u00e5re barnebarn og dei som bur p\u00e5 andre sida av kloden.<\/p>\n","protected":false},"excerpt":{"rendered":"<p>Lesarinnlegg fr\u00e5 \u00d8ystein Folden, leiar i Naturvernforbundet i M\u00f8re og Romsdal<\/p>\n","protected":false},"author":38,"featured_media":0,"comment_status":"closed","ping_status":"closed","sticky":false,"template":"","format":"standard","meta":{"_relevanssi_hide_post":"","_relevanssi_hide_content":"","_relevanssi_pin_for_all":"","_relevanssi_pin_keywords":"","_relevanssi_unpin_keywords":"","_relevanssi_related_keywords":"","_relevanssi_related_include_ids":"","_relevanssi_related_exclude_ids":"","_relevanssi_related_no_append":"","_relevanssi_related_not_related":"","_relevanssi_related_posts":"","_relevanssi_noindex_reason":"","hide_logo":false,"footnotes":""},"categories":[19],"tags":[],"local":[],"class_list":["post-517","post","type-post","status-publish","format-standard","hentry","category-klima"],"acf":[],"yoast_head":"<!-- This site is optimized with the Yoast SEO plugin v24.9 - https:\/\/yoast.com\/wordpress\/plugins\/seo\/ -->\n<title>Hurra for gassen! - M\u00f8re og Romsdal<\/title>\n<meta name=\"robots\" content=\"index, follow, max-snippet:-1, max-image-preview:large, max-video-preview:-1\" \/>\n<link rel=\"canonical\" href=\"https:\/\/naturvernforbundet.no\/moreogromsdal\/hurra-for-gassen\/\" \/>\n<meta property=\"og:locale\" content=\"nb_NO\" \/>\n<meta property=\"og:type\" content=\"article\" \/>\n<meta property=\"og:title\" content=\"Hurra for gassen! - M\u00f8re og Romsdal\" \/>\n<meta property=\"og:description\" content=\"Lesarinnlegg fr\u00e5 \u00d8ystein Folden, leiar i Naturvernforbundet i M\u00f8re og Romsdal\" \/>\n<meta property=\"og:url\" content=\"https:\/\/naturvernforbundet.no\/moreogromsdal\/hurra-for-gassen\/\" \/>\n<meta property=\"og:site_name\" content=\"M\u00f8re og Romsdal\" \/>\n<meta property=\"article:published_time\" content=\"2005-05-18T05:19:00+00:00\" \/>\n<meta name=\"author\" content=\"Artikkelimport\u00f8r\" \/>\n<meta name=\"twitter:card\" content=\"summary_large_image\" \/>\n<meta name=\"twitter:label1\" content=\"Skrevet av\" \/>\n\t<meta name=\"twitter:data1\" content=\"Artikkelimport\u00f8r\" \/>\n\t<meta name=\"twitter:label2\" content=\"Ansl. lesetid\" \/>\n\t<meta name=\"twitter:data2\" content=\"3 minutter\" \/>\n<script type=\"application\/ld+json\" class=\"yoast-schema-graph\">{\"@context\":\"https:\/\/schema.org\",\"@graph\":[{\"@type\":\"WebPage\",\"@id\":\"https:\/\/naturvernforbundet.no\/moreogromsdal\/hurra-for-gassen\/\",\"url\":\"https:\/\/naturvernforbundet.no\/moreogromsdal\/hurra-for-gassen\/\",\"name\":\"Hurra for gassen! - M\u00f8re og Romsdal\",\"isPartOf\":{\"@id\":\"https:\/\/naturvernforbundet.no\/moreogromsdal\/#website\"},\"datePublished\":\"2005-05-18T05:19:00+00:00\",\"author\":{\"@id\":\"https:\/\/naturvernforbundet.no\/moreogromsdal\/#\/schema\/person\/c72f198205979084bf071deedb6205f4\"},\"breadcrumb\":{\"@id\":\"https:\/\/naturvernforbundet.no\/moreogromsdal\/hurra-for-gassen\/#breadcrumb\"},\"inLanguage\":\"nb-NO\",\"potentialAction\":[{\"@type\":\"ReadAction\",\"target\":[\"https:\/\/naturvernforbundet.no\/moreogromsdal\/hurra-for-gassen\/\"]}]},{\"@type\":\"BreadcrumbList\",\"@id\":\"https:\/\/naturvernforbundet.no\/moreogromsdal\/hurra-for-gassen\/#breadcrumb\",\"itemListElement\":[{\"@type\":\"ListItem\",\"position\":1,\"name\":\"Till naturvernforbundet.no\",\"item\":\"https:\/\/naturvernforbundet.no\/\"},{\"@type\":\"ListItem\",\"position\":2,\"name\":\"M\u00f8re og Romsdal\",\"item\":\"https:\/\/naturvernforbundet.no\/moreogromsdal\/\"},{\"@type\":\"ListItem\",\"position\":3,\"name\":\"Hurra for gassen!\"}]},{\"@type\":\"WebSite\",\"@id\":\"https:\/\/naturvernforbundet.no\/moreogromsdal\/#website\",\"url\":\"https:\/\/naturvernforbundet.no\/moreogromsdal\/\",\"name\":\"M\u00f8re og Romsdal\",\"description\":\"Bare enda et Naturvernforbundet Sites-nettsted\",\"potentialAction\":[{\"@type\":\"SearchAction\",\"target\":{\"@type\":\"EntryPoint\",\"urlTemplate\":\"https:\/\/naturvernforbundet.no\/moreogromsdal\/?s={search_term_string}\"},\"query-input\":{\"@type\":\"PropertyValueSpecification\",\"valueRequired\":true,\"valueName\":\"search_term_string\"}}],\"inLanguage\":\"nb-NO\"},{\"@type\":\"Person\",\"@id\":\"https:\/\/naturvernforbundet.no\/moreogromsdal\/#\/schema\/person\/c72f198205979084bf071deedb6205f4\",\"name\":\"Artikkelimport\u00f8r\",\"image\":{\"@type\":\"ImageObject\",\"inLanguage\":\"nb-NO\",\"@id\":\"https:\/\/naturvernforbundet.no\/moreogromsdal\/#\/schema\/person\/image\/\",\"url\":\"https:\/\/secure.gravatar.com\/avatar\/015fa491b9ed1c823ef16a5c930294d1?s=96&d=mm&r=g\",\"contentUrl\":\"https:\/\/secure.gravatar.com\/avatar\/015fa491b9ed1c823ef16a5c930294d1?s=96&d=mm&r=g\",\"caption\":\"Artikkelimport\u00f8r\"},\"url\":\"https:\/\/naturvernforbundet.no\/moreogromsdal\/author\/artikkelimportor\/\"}]}<\/script>\n<!-- \/ Yoast SEO plugin. -->","yoast_head_json":{"title":"Hurra for gassen! - M\u00f8re og Romsdal","robots":{"index":"index","follow":"follow","max-snippet":"max-snippet:-1","max-image-preview":"max-image-preview:large","max-video-preview":"max-video-preview:-1"},"canonical":"https:\/\/naturvernforbundet.no\/moreogromsdal\/hurra-for-gassen\/","og_locale":"nb_NO","og_type":"article","og_title":"Hurra for gassen! - M\u00f8re og Romsdal","og_description":"Lesarinnlegg fr\u00e5 \u00d8ystein Folden, leiar i Naturvernforbundet i M\u00f8re og Romsdal","og_url":"https:\/\/naturvernforbundet.no\/moreogromsdal\/hurra-for-gassen\/","og_site_name":"M\u00f8re og Romsdal","article_published_time":"2005-05-18T05:19:00+00:00","author":"Artikkelimport\u00f8r","twitter_card":"summary_large_image","twitter_misc":{"Skrevet av":"Artikkelimport\u00f8r","Ansl. lesetid":"3 minutter"},"schema":{"@context":"https:\/\/schema.org","@graph":[{"@type":"WebPage","@id":"https:\/\/naturvernforbundet.no\/moreogromsdal\/hurra-for-gassen\/","url":"https:\/\/naturvernforbundet.no\/moreogromsdal\/hurra-for-gassen\/","name":"Hurra for gassen! - M\u00f8re og Romsdal","isPartOf":{"@id":"https:\/\/naturvernforbundet.no\/moreogromsdal\/#website"},"datePublished":"2005-05-18T05:19:00+00:00","author":{"@id":"https:\/\/naturvernforbundet.no\/moreogromsdal\/#\/schema\/person\/c72f198205979084bf071deedb6205f4"},"breadcrumb":{"@id":"https:\/\/naturvernforbundet.no\/moreogromsdal\/hurra-for-gassen\/#breadcrumb"},"inLanguage":"nb-NO","potentialAction":[{"@type":"ReadAction","target":["https:\/\/naturvernforbundet.no\/moreogromsdal\/hurra-for-gassen\/"]}]},{"@type":"BreadcrumbList","@id":"https:\/\/naturvernforbundet.no\/moreogromsdal\/hurra-for-gassen\/#breadcrumb","itemListElement":[{"@type":"ListItem","position":1,"name":"Till naturvernforbundet.no","item":"https:\/\/naturvernforbundet.no\/"},{"@type":"ListItem","position":2,"name":"M\u00f8re og Romsdal","item":"https:\/\/naturvernforbundet.no\/moreogromsdal\/"},{"@type":"ListItem","position":3,"name":"Hurra for gassen!"}]},{"@type":"WebSite","@id":"https:\/\/naturvernforbundet.no\/moreogromsdal\/#website","url":"https:\/\/naturvernforbundet.no\/moreogromsdal\/","name":"M\u00f8re og Romsdal","description":"Bare enda et Naturvernforbundet Sites-nettsted","potentialAction":[{"@type":"SearchAction","target":{"@type":"EntryPoint","urlTemplate":"https:\/\/naturvernforbundet.no\/moreogromsdal\/?s={search_term_string}"},"query-input":{"@type":"PropertyValueSpecification","valueRequired":true,"valueName":"search_term_string"}}],"inLanguage":"nb-NO"},{"@type":"Person","@id":"https:\/\/naturvernforbundet.no\/moreogromsdal\/#\/schema\/person\/c72f198205979084bf071deedb6205f4","name":"Artikkelimport\u00f8r","image":{"@type":"ImageObject","inLanguage":"nb-NO","@id":"https:\/\/naturvernforbundet.no\/moreogromsdal\/#\/schema\/person\/image\/","url":"https:\/\/secure.gravatar.com\/avatar\/015fa491b9ed1c823ef16a5c930294d1?s=96&d=mm&r=g","contentUrl":"https:\/\/secure.gravatar.com\/avatar\/015fa491b9ed1c823ef16a5c930294d1?s=96&d=mm&r=g","caption":"Artikkelimport\u00f8r"},"url":"https:\/\/naturvernforbundet.no\/moreogromsdal\/author\/artikkelimportor\/"}]}},"_links":{"self":[{"href":"https:\/\/naturvernforbundet.no\/moreogromsdal\/wp-json\/wp\/v2\/posts\/517","targetHints":{"allow":["GET"]}}],"collection":[{"href":"https:\/\/naturvernforbundet.no\/moreogromsdal\/wp-json\/wp\/v2\/posts"}],"about":[{"href":"https:\/\/naturvernforbundet.no\/moreogromsdal\/wp-json\/wp\/v2\/types\/post"}],"author":[{"embeddable":true,"href":"https:\/\/naturvernforbundet.no\/moreogromsdal\/wp-json\/wp\/v2\/users\/38"}],"replies":[{"embeddable":true,"href":"https:\/\/naturvernforbundet.no\/moreogromsdal\/wp-json\/wp\/v2\/comments?post=517"}],"version-history":[{"count":0,"href":"https:\/\/naturvernforbundet.no\/moreogromsdal\/wp-json\/wp\/v2\/posts\/517\/revisions"}],"wp:attachment":[{"href":"https:\/\/naturvernforbundet.no\/moreogromsdal\/wp-json\/wp\/v2\/media?parent=517"}],"wp:term":[{"taxonomy":"category","embeddable":true,"href":"https:\/\/naturvernforbundet.no\/moreogromsdal\/wp-json\/wp\/v2\/categories?post=517"},{"taxonomy":"post_tag","embeddable":true,"href":"https:\/\/naturvernforbundet.no\/moreogromsdal\/wp-json\/wp\/v2\/tags?post=517"},{"taxonomy":"local","embeddable":true,"href":"https:\/\/naturvernforbundet.no\/moreogromsdal\/wp-json\/wp\/v2\/local?post=517"}],"curies":[{"name":"wp","href":"https:\/\/api.w.org\/{rel}","templated":true}]}}