{"id":518,"date":"2006-11-02T09:36:00","date_gmt":"2006-11-02T08:36:00","guid":{"rendered":"https:\/\/naturvernforbundet.no\/moreogromsdal\/langoya-klima-og-paradis\/"},"modified":"2006-11-02T09:36:00","modified_gmt":"2006-11-02T08:36:00","slug":"langoya-klima-og-paradis","status":"publish","type":"post","link":"https:\/\/naturvernforbundet.no\/moreogromsdal\/langoya-klima-og-paradis\/","title":{"rendered":"Lang\u00f8ya, klima og paradis"},"content":{"rendered":"\t<div class=\"template-post alignfull wp-block-naturvern-hero\">\n\t\t<div class=\"hero__inner\">\n\t\t\t<div class=\"hero__inner_blocks\">\n\t\t\t\t\t\t\t\t\n\t\t\t\t\t<h1 class=\"wp-block-post-title\">Lang\u00f8ya, klima og paradis<\/h1>\n\n\t\t\t\t\t<div class=\"wp-block-post-excerpt\"><p class=\"wp-block-post-excerpt__excerpt\">Lesarinnlegg fr\u00e5 Naturvernforbundet i M\u00f8re og Romsdal <\/p><\/div>\n\n\t\t\t\t\t\n\n\t\t\t\t\t<div class=\"wp-block-naturvern-byline\">\n\t\t\t<div class=\"authors\">By <span class=\"t2-byline__author-link\">Artikkelimport\u00f8r<\/span><\/div>\n\t\t\t<small class=\"entry-date\">02.11.2006 09:36<\/small>\n\t\t<\/div>\n\t\t\t\t\t\t\t\t<\/div>\n\t\t\t\t\t<\/div>\n\t\t\t<\/div>\n\t\n<p>Debatten g\u00e5r vidare om prosjektet Long Island. Kva skal ein tru og kvar vil det ende? For Naturvernforbundet er det spesielt to sp\u00f8rsm\u00e5l som er viktige i denne saka.\n<\/p>\n\n\n\n<p>1. Klimaverknad av tiltaket\n<\/p>\n\n\n\n<p>Heile f\u00f8resetnaden er at pengesterke folk skal kome til Lang\u00f8ya. Desse kjem med fly.\n<\/p>\n\n\n\n<p>Milj\u00f8vennlege l\u00f8ysingar p\u00e5 sj\u00f8lve Lang\u00f8ya med omsyn til energibruk veg ikkje opp for dette.\n<\/p>\n\n\n\n<p>Kyotoavtala p\u00e5legg Noreg \u00e5 redusere utslepp av klimagassar til 1990-niv\u00e5. Dette er berre byrjinga, neste steg m\u00e5 g\u00e5 lenger. FN seier at innan eit par ti\u00e5r m\u00e5 vi redusere v\u00e5re klimagassutslepp med kring 80% om det ikkje skal bli ei klimakatastrofe for heile v\u00e5r klode.\n<\/p>\n\n\n\n<p>Ein forretningside bygd p\u00e5 auka flytrafikk og auka utslepp er difor sv\u00e6rt kortsiktig og i alle fall ikkje solidarisk med dei som er mest utsett for verknadene av klimaforverringar. Det gjeld b\u00e5de kaffib\u00f8ndene i Uganda som m\u00e5 finne seg nytt arbeid grunna t\u00f8rke, folk i Bangladesh som blir sett under vatn og mange andre som f\u00e5r meir ekstremver.\n<\/p>\n\n\n\n<p>Viss innbyggarane i Tingvoll vil redusere bilbruken sin slik at klimagassutsleppa ikkje aukar med trafikken til Lang\u00f8ya, d\u00e5 f\u00e5r ein dr\u00f8fte prosjektet vidare. Elles er det berre \u00e5 legge det bort.\n<\/p>\n\n\n\n<p>For \u00f8kokommunen Tingvoll m\u00e5 slike samanhengar vere sj\u00f8lvsagte, og dette m\u00e5 vere ein viktig del av vurderinga knytt til prosjektet Long Island.\n<\/p>\n\n\n\n<p>2. Forbruk av naturtypar vi har lite av \n<\/p>\n\n\n\n<p>Ei anna sida av dette prosjektet er korleis vi bruker areal vi har etter m\u00e5ten lite av. Tingvoll har mykje kyststripe, men det er mange stader kyststripa er privatisert p\u00e5 ulike vis. Ein del kyststripe er dessutan lite tilgjengeleg. Resten utgjer ikkje allverda, og det er mange som vil dele p\u00e5 det som er. Alt tyder p\u00e5 at det ikkje er sj\u00f8n\u00e6re hyttetomter og nausttomter til alle som vil ha. Skal berre nokre f\u00e5 tomt? Skal alle f\u00e5 litt tomt kvar? Skal berre dei rike f\u00e5? L\u00f8ysinga er heilt klart at ein del slike areal m\u00e5 f\u00e5 ligge der utan bygging, slik at mange kan f\u00e5 h\u00f8ve til \u00e5 nytte seg av dei. Areal p\u00e5 \u00f8yer, sandstrender, tilgjengelege svaberg og strandenger er mellom dei areala som det er viktigast blir liggande utan \u00e5 byggast ned.\n<\/p>\n\n\n\n<p>S\u00e6rpreget ved nyare hyttebygging er at hyttetomta f\u00e5r eit tydeleg preg av opparbeiding. Hytteeigaren bruker nok ogs\u00e5 sv\u00e6rt mykje av tida si i hytta og p\u00e5 platting rett utanfor. Difor er det ingen grunn til \u00e5 bygge i paradiset. Ved \u00e5 bygge eit stykke unna paradiset, er det framleis paradis ogs\u00e5 etter utbygginga, og paradiset kan nyttast av mange fleire enn berre hytteeigarane. Lang\u00f8ya er heilt klart ikkje staden for hyttebygging eller kva ein skal kalle Long Island-prosjektet.\n<\/p>\n\n\n\n<p>\u00d8ystein Folden\n<\/p>\n\n\n\n<p>Leiar, Naturvernforbundet i M\u00f8re og Romsdal\n<\/p>\n\n\n\n<p><em>\u00d8ystein Folden har telefon 91 81 25 42.<\/em> \n<a>Ja, dette er viktig. Eg vil bli medlem i Naturvernforbundet<\/a><br><\/p>\n\n\n\n\n\n<p><strong><br><\/strong><a>Eg vil gjerne st\u00f8tte arbeidet til Naturvernforbundet<\/a><\/p>\n\n\n","protected":false},"excerpt":{"rendered":"<p>Lesarinnlegg fr\u00e5 Naturvernforbundet i M\u00f8re og Romsdal<\/p>\n","protected":false},"author":38,"featured_media":0,"comment_status":"closed","ping_status":"closed","sticky":false,"template":"","format":"standard","meta":{"_relevanssi_hide_post":"","_relevanssi_hide_content":"","_relevanssi_pin_for_all":"","_relevanssi_pin_keywords":"","_relevanssi_unpin_keywords":"","_relevanssi_related_keywords":"","_relevanssi_related_include_ids":"","_relevanssi_related_exclude_ids":"","_relevanssi_related_no_append":"","_relevanssi_related_not_related":"","_relevanssi_related_posts":"","_relevanssi_noindex_reason":"","hide_logo":false,"footnotes":""},"categories":[16],"tags":[],"local":[],"class_list":["post-518","post","type-post","status-publish","format-standard","hentry","category-naturmangfold"],"acf":[],"yoast_head":"<!-- This site is optimized with the Yoast SEO plugin v24.9 - https:\/\/yoast.com\/wordpress\/plugins\/seo\/ -->\n<title>Lang\u00f8ya, klima og paradis - M\u00f8re og Romsdal<\/title>\n<meta name=\"robots\" content=\"index, follow, max-snippet:-1, max-image-preview:large, max-video-preview:-1\" \/>\n<link rel=\"canonical\" href=\"https:\/\/naturvernforbundet.no\/moreogromsdal\/langoya-klima-og-paradis\/\" \/>\n<meta property=\"og:locale\" content=\"nb_NO\" \/>\n<meta property=\"og:type\" content=\"article\" \/>\n<meta property=\"og:title\" content=\"Lang\u00f8ya, klima og paradis - M\u00f8re og Romsdal\" \/>\n<meta property=\"og:description\" content=\"Lesarinnlegg fr\u00e5 Naturvernforbundet i M\u00f8re og Romsdal\" \/>\n<meta property=\"og:url\" content=\"https:\/\/naturvernforbundet.no\/moreogromsdal\/langoya-klima-og-paradis\/\" \/>\n<meta property=\"og:site_name\" content=\"M\u00f8re og Romsdal\" \/>\n<meta property=\"article:published_time\" content=\"2006-11-02T08:36:00+00:00\" \/>\n<meta name=\"author\" content=\"Artikkelimport\u00f8r\" \/>\n<meta name=\"twitter:card\" content=\"summary_large_image\" \/>\n<meta name=\"twitter:label1\" content=\"Skrevet av\" \/>\n\t<meta name=\"twitter:data1\" content=\"Artikkelimport\u00f8r\" \/>\n\t<meta name=\"twitter:label2\" content=\"Ansl. lesetid\" \/>\n\t<meta name=\"twitter:data2\" content=\"2 minutter\" \/>\n<script type=\"application\/ld+json\" class=\"yoast-schema-graph\">{\"@context\":\"https:\/\/schema.org\",\"@graph\":[{\"@type\":\"WebPage\",\"@id\":\"https:\/\/naturvernforbundet.no\/moreogromsdal\/langoya-klima-og-paradis\/\",\"url\":\"https:\/\/naturvernforbundet.no\/moreogromsdal\/langoya-klima-og-paradis\/\",\"name\":\"Lang\u00f8ya, klima og paradis - M\u00f8re og Romsdal\",\"isPartOf\":{\"@id\":\"https:\/\/naturvernforbundet.no\/moreogromsdal\/#website\"},\"datePublished\":\"2006-11-02T08:36:00+00:00\",\"author\":{\"@id\":\"https:\/\/naturvernforbundet.no\/moreogromsdal\/#\/schema\/person\/c72f198205979084bf071deedb6205f4\"},\"breadcrumb\":{\"@id\":\"https:\/\/naturvernforbundet.no\/moreogromsdal\/langoya-klima-og-paradis\/#breadcrumb\"},\"inLanguage\":\"nb-NO\",\"potentialAction\":[{\"@type\":\"ReadAction\",\"target\":[\"https:\/\/naturvernforbundet.no\/moreogromsdal\/langoya-klima-og-paradis\/\"]}]},{\"@type\":\"BreadcrumbList\",\"@id\":\"https:\/\/naturvernforbundet.no\/moreogromsdal\/langoya-klima-og-paradis\/#breadcrumb\",\"itemListElement\":[{\"@type\":\"ListItem\",\"position\":1,\"name\":\"Till naturvernforbundet.no\",\"item\":\"https:\/\/naturvernforbundet.no\/\"},{\"@type\":\"ListItem\",\"position\":2,\"name\":\"M\u00f8re og Romsdal\",\"item\":\"https:\/\/naturvernforbundet.no\/moreogromsdal\/\"},{\"@type\":\"ListItem\",\"position\":3,\"name\":\"Lang\u00f8ya, klima og paradis\"}]},{\"@type\":\"WebSite\",\"@id\":\"https:\/\/naturvernforbundet.no\/moreogromsdal\/#website\",\"url\":\"https:\/\/naturvernforbundet.no\/moreogromsdal\/\",\"name\":\"M\u00f8re og Romsdal\",\"description\":\"Bare enda et Naturvernforbundet Sites-nettsted\",\"potentialAction\":[{\"@type\":\"SearchAction\",\"target\":{\"@type\":\"EntryPoint\",\"urlTemplate\":\"https:\/\/naturvernforbundet.no\/moreogromsdal\/?s={search_term_string}\"},\"query-input\":{\"@type\":\"PropertyValueSpecification\",\"valueRequired\":true,\"valueName\":\"search_term_string\"}}],\"inLanguage\":\"nb-NO\"},{\"@type\":\"Person\",\"@id\":\"https:\/\/naturvernforbundet.no\/moreogromsdal\/#\/schema\/person\/c72f198205979084bf071deedb6205f4\",\"name\":\"Artikkelimport\u00f8r\",\"image\":{\"@type\":\"ImageObject\",\"inLanguage\":\"nb-NO\",\"@id\":\"https:\/\/naturvernforbundet.no\/moreogromsdal\/#\/schema\/person\/image\/\",\"url\":\"https:\/\/secure.gravatar.com\/avatar\/015fa491b9ed1c823ef16a5c930294d1?s=96&d=mm&r=g\",\"contentUrl\":\"https:\/\/secure.gravatar.com\/avatar\/015fa491b9ed1c823ef16a5c930294d1?s=96&d=mm&r=g\",\"caption\":\"Artikkelimport\u00f8r\"},\"url\":\"https:\/\/naturvernforbundet.no\/moreogromsdal\/author\/artikkelimportor\/\"}]}<\/script>\n<!-- \/ Yoast SEO plugin. -->","yoast_head_json":{"title":"Lang\u00f8ya, klima og paradis - M\u00f8re og Romsdal","robots":{"index":"index","follow":"follow","max-snippet":"max-snippet:-1","max-image-preview":"max-image-preview:large","max-video-preview":"max-video-preview:-1"},"canonical":"https:\/\/naturvernforbundet.no\/moreogromsdal\/langoya-klima-og-paradis\/","og_locale":"nb_NO","og_type":"article","og_title":"Lang\u00f8ya, klima og paradis - M\u00f8re og Romsdal","og_description":"Lesarinnlegg fr\u00e5 Naturvernforbundet i M\u00f8re og Romsdal","og_url":"https:\/\/naturvernforbundet.no\/moreogromsdal\/langoya-klima-og-paradis\/","og_site_name":"M\u00f8re og Romsdal","article_published_time":"2006-11-02T08:36:00+00:00","author":"Artikkelimport\u00f8r","twitter_card":"summary_large_image","twitter_misc":{"Skrevet av":"Artikkelimport\u00f8r","Ansl. lesetid":"2 minutter"},"schema":{"@context":"https:\/\/schema.org","@graph":[{"@type":"WebPage","@id":"https:\/\/naturvernforbundet.no\/moreogromsdal\/langoya-klima-og-paradis\/","url":"https:\/\/naturvernforbundet.no\/moreogromsdal\/langoya-klima-og-paradis\/","name":"Lang\u00f8ya, klima og paradis - M\u00f8re og Romsdal","isPartOf":{"@id":"https:\/\/naturvernforbundet.no\/moreogromsdal\/#website"},"datePublished":"2006-11-02T08:36:00+00:00","author":{"@id":"https:\/\/naturvernforbundet.no\/moreogromsdal\/#\/schema\/person\/c72f198205979084bf071deedb6205f4"},"breadcrumb":{"@id":"https:\/\/naturvernforbundet.no\/moreogromsdal\/langoya-klima-og-paradis\/#breadcrumb"},"inLanguage":"nb-NO","potentialAction":[{"@type":"ReadAction","target":["https:\/\/naturvernforbundet.no\/moreogromsdal\/langoya-klima-og-paradis\/"]}]},{"@type":"BreadcrumbList","@id":"https:\/\/naturvernforbundet.no\/moreogromsdal\/langoya-klima-og-paradis\/#breadcrumb","itemListElement":[{"@type":"ListItem","position":1,"name":"Till naturvernforbundet.no","item":"https:\/\/naturvernforbundet.no\/"},{"@type":"ListItem","position":2,"name":"M\u00f8re og Romsdal","item":"https:\/\/naturvernforbundet.no\/moreogromsdal\/"},{"@type":"ListItem","position":3,"name":"Lang\u00f8ya, klima og paradis"}]},{"@type":"WebSite","@id":"https:\/\/naturvernforbundet.no\/moreogromsdal\/#website","url":"https:\/\/naturvernforbundet.no\/moreogromsdal\/","name":"M\u00f8re og Romsdal","description":"Bare enda et Naturvernforbundet Sites-nettsted","potentialAction":[{"@type":"SearchAction","target":{"@type":"EntryPoint","urlTemplate":"https:\/\/naturvernforbundet.no\/moreogromsdal\/?s={search_term_string}"},"query-input":{"@type":"PropertyValueSpecification","valueRequired":true,"valueName":"search_term_string"}}],"inLanguage":"nb-NO"},{"@type":"Person","@id":"https:\/\/naturvernforbundet.no\/moreogromsdal\/#\/schema\/person\/c72f198205979084bf071deedb6205f4","name":"Artikkelimport\u00f8r","image":{"@type":"ImageObject","inLanguage":"nb-NO","@id":"https:\/\/naturvernforbundet.no\/moreogromsdal\/#\/schema\/person\/image\/","url":"https:\/\/secure.gravatar.com\/avatar\/015fa491b9ed1c823ef16a5c930294d1?s=96&d=mm&r=g","contentUrl":"https:\/\/secure.gravatar.com\/avatar\/015fa491b9ed1c823ef16a5c930294d1?s=96&d=mm&r=g","caption":"Artikkelimport\u00f8r"},"url":"https:\/\/naturvernforbundet.no\/moreogromsdal\/author\/artikkelimportor\/"}]}},"_links":{"self":[{"href":"https:\/\/naturvernforbundet.no\/moreogromsdal\/wp-json\/wp\/v2\/posts\/518","targetHints":{"allow":["GET"]}}],"collection":[{"href":"https:\/\/naturvernforbundet.no\/moreogromsdal\/wp-json\/wp\/v2\/posts"}],"about":[{"href":"https:\/\/naturvernforbundet.no\/moreogromsdal\/wp-json\/wp\/v2\/types\/post"}],"author":[{"embeddable":true,"href":"https:\/\/naturvernforbundet.no\/moreogromsdal\/wp-json\/wp\/v2\/users\/38"}],"replies":[{"embeddable":true,"href":"https:\/\/naturvernforbundet.no\/moreogromsdal\/wp-json\/wp\/v2\/comments?post=518"}],"version-history":[{"count":0,"href":"https:\/\/naturvernforbundet.no\/moreogromsdal\/wp-json\/wp\/v2\/posts\/518\/revisions"}],"wp:attachment":[{"href":"https:\/\/naturvernforbundet.no\/moreogromsdal\/wp-json\/wp\/v2\/media?parent=518"}],"wp:term":[{"taxonomy":"category","embeddable":true,"href":"https:\/\/naturvernforbundet.no\/moreogromsdal\/wp-json\/wp\/v2\/categories?post=518"},{"taxonomy":"post_tag","embeddable":true,"href":"https:\/\/naturvernforbundet.no\/moreogromsdal\/wp-json\/wp\/v2\/tags?post=518"},{"taxonomy":"local","embeddable":true,"href":"https:\/\/naturvernforbundet.no\/moreogromsdal\/wp-json\/wp\/v2\/local?post=518"}],"curies":[{"name":"wp","href":"https:\/\/api.w.org\/{rel}","templated":true}]}}