{"id":593,"date":"2005-02-19T19:56:00","date_gmt":"2005-02-19T18:56:00","guid":{"rendered":"https:\/\/naturvernforbundet.no\/moreogromsdal\/innkalling-til-arsmote-i-naturvernforbundet-i-sunndal\/"},"modified":"2005-02-19T19:56:00","modified_gmt":"2005-02-19T18:56:00","slug":"innkalling-til-arsmote-i-naturvernforbundet-i-sunndal","status":"publish","type":"post","link":"https:\/\/naturvernforbundet.no\/moreogromsdal\/innkalling-til-arsmote-i-naturvernforbundet-i-sunndal\/","title":{"rendered":"Innkalling til \u00e5rsm\u00f8te i Naturvernforbundet i Sunndal"},"content":{"rendered":"\t<div class=\"template-post alignfull wp-block-naturvern-hero\">\n\t\t<div class=\"hero__inner\">\n\t\t\t<div class=\"hero__inner_blocks\">\n\t\t\t\t\t\t\t\t\n\t\t\t\t\t<h1 class=\"wp-block-post-title\">Innkalling til \u00e5rsm\u00f8te i Naturvernforbundet i Sunndal<\/h1>\n\n\t\t\t\t\t<div class=\"wp-block-post-excerpt\"><p class=\"wp-block-post-excerpt__excerpt\">Etter samtale med nokre medlemmer av Naturvernforbundet i Sunndal har fylkeslaget i Naturvernforbundet tru p\u00e5 at det let seg gjere \u00e5 starte opp att lokallag i Sunndal. Sunndal har store naturverdiar og det er mykje p\u00e5gang p\u00e5 desse. Det finst og fleire hyggelege vinnersaker som det b\u00f8r vere greitt \u00e5 ta tak i. P\u00e5 dette&hellip; <\/p><\/div>\n\n\t\t\t\t\t\n\n\t\t\t\t\t<div class=\"wp-block-naturvern-byline\">\n\t\t\t<div class=\"authors\">By <span class=\"t2-byline__author-link\">Artikkelimport\u00f8r<\/span><\/div>\n\t\t\t<small class=\"entry-date\">19.02.2005 19:56<\/small>\n\t\t<\/div>\n\t\t\t\t\t\t\t\t<\/div>\n\t\t\t\t\t<\/div>\n\t\t\t<\/div>\n\t\n<p>Saker, jf. vedtektene:\n&#8211; Val av ordstyrar\n&#8211; Styret si \u00e5rsmelding (litt munnleg om det som har skjedd sidan sist \u00e5rsm\u00f8te)\n&#8211; Revidert rekneskap (orientering om det som har skjedd sidan sist revidert rekneskap)\n&#8211; Saker som er framlagt av medlemmene *1\n&#8211; Budsjett og arbeidsprogram (blir helst litt munnleg om dette)\n&#8211; Val av leiar\/styremedlemmer (Tar sikte p\u00e5 val av 3 styremedlemmer utan leiar)\n&#8211; Val av utsendingar til fylkeslaget sitt \u00e5rsm\u00f8te (som er i Molde 7.3.)\n&#8211; Nominasjon av lokallaget sitt medlem i fylkesstyret (er ein plass viss lokallaget vil m\u00f8te)\n&#8211; Val av utsending til landsm\u00f8te (som er i Grenland 10.-12. juni)\n&#8211; Val av valkomite og revisor.<br><br>*1 Kontakt \u00d8ystein Folden, leiar av fylkesstyret, innan 4.3. om dette.<br><br>\nAlle som har betalt medlemskontingent til Naturvernforbundet siste \u00e5r har r\u00f8ysterett. <br><br>Det ser elles ut til at det er nokon som er viljuge til \u00e5 sitte i styret.<br><br>Viss det er tid til og \u00f8nskje om det, vil fylkesleiar kunne gje ei orientering om kva Naturvernforbundet tenkjer om energisp\u00f8rsm\u00e5l i fylket og om minikraftverk.<\/p>\n","protected":false},"excerpt":{"rendered":"<p>Etter samtale med nokre medlemmer av Naturvernforbundet i Sunndal har fylkeslaget i Naturvernforbundet tru p\u00e5 at det let seg gjere \u00e5 starte opp att lokallag i Sunndal. Sunndal har store naturverdiar og det er mykje p\u00e5gang p\u00e5 desse. Det finst og fleire hyggelege vinnersaker som det b\u00f8r vere greitt \u00e5 ta tak i. P\u00e5 dette grunnlaget kallar vi inn til \u00e5rsm\u00f8te. \u00c5rsm\u00f8tet er fastsett til s\u00f8ndag 6.3.2005 kl. 19.00 p\u00e5 Nordlandia Hotell Sunndals\u00f8ra.<\/p>\n","protected":false},"author":38,"featured_media":0,"comment_status":"closed","ping_status":"closed","sticky":false,"template":"","format":"standard","meta":{"_relevanssi_hide_post":"","_relevanssi_hide_content":"","_relevanssi_pin_for_all":"","_relevanssi_pin_keywords":"","_relevanssi_unpin_keywords":"","_relevanssi_related_keywords":"","_relevanssi_related_include_ids":"","_relevanssi_related_exclude_ids":"","_relevanssi_related_no_append":"","_relevanssi_related_not_related":"","_relevanssi_related_posts":"","_relevanssi_noindex_reason":"","hide_logo":false,"footnotes":""},"categories":[45],"tags":[],"local":[],"class_list":["post-593","post","type-post","status-publish","format-standard","hentry","category-naturvernforbundet"],"acf":[],"yoast_head":"<!-- This site is optimized with the Yoast SEO plugin v24.9 - https:\/\/yoast.com\/wordpress\/plugins\/seo\/ -->\n<title>Innkalling til \u00e5rsm\u00f8te i Naturvernforbundet i Sunndal - M\u00f8re og Romsdal<\/title>\n<meta name=\"robots\" content=\"index, follow, max-snippet:-1, max-image-preview:large, max-video-preview:-1\" \/>\n<link rel=\"canonical\" href=\"https:\/\/naturvernforbundet.no\/moreogromsdal\/innkalling-til-arsmote-i-naturvernforbundet-i-sunndal\/\" \/>\n<meta property=\"og:locale\" content=\"nb_NO\" \/>\n<meta property=\"og:type\" content=\"article\" \/>\n<meta property=\"og:title\" content=\"Innkalling til \u00e5rsm\u00f8te i Naturvernforbundet i Sunndal - M\u00f8re og Romsdal\" \/>\n<meta property=\"og:description\" content=\"Etter samtale med nokre medlemmer av Naturvernforbundet i Sunndal har fylkeslaget i Naturvernforbundet tru p\u00e5 at det let seg gjere \u00e5 starte opp att lokallag i Sunndal. Sunndal har store naturverdiar og det er mykje p\u00e5gang p\u00e5 desse. Det finst og fleire hyggelege vinnersaker som det b\u00f8r vere greitt \u00e5 ta tak i. P\u00e5 dette grunnlaget kallar vi inn til \u00e5rsm\u00f8te. \u00c5rsm\u00f8tet er fastsett til s\u00f8ndag 6.3.2005 kl. 19.00 p\u00e5 Nordlandia Hotell Sunndals\u00f8ra.\" \/>\n<meta property=\"og:url\" content=\"https:\/\/naturvernforbundet.no\/moreogromsdal\/innkalling-til-arsmote-i-naturvernforbundet-i-sunndal\/\" \/>\n<meta property=\"og:site_name\" content=\"M\u00f8re og Romsdal\" \/>\n<meta property=\"article:published_time\" content=\"2005-02-19T18:56:00+00:00\" \/>\n<meta name=\"author\" content=\"Artikkelimport\u00f8r\" \/>\n<meta name=\"twitter:card\" content=\"summary_large_image\" \/>\n<meta name=\"twitter:label1\" content=\"Skrevet av\" \/>\n\t<meta name=\"twitter:data1\" content=\"Artikkelimport\u00f8r\" \/>\n\t<meta name=\"twitter:label2\" content=\"Ansl. lesetid\" \/>\n\t<meta name=\"twitter:data2\" content=\"1 minutt\" \/>\n<script type=\"application\/ld+json\" class=\"yoast-schema-graph\">{\"@context\":\"https:\/\/schema.org\",\"@graph\":[{\"@type\":\"WebPage\",\"@id\":\"https:\/\/naturvernforbundet.no\/moreogromsdal\/innkalling-til-arsmote-i-naturvernforbundet-i-sunndal\/\",\"url\":\"https:\/\/naturvernforbundet.no\/moreogromsdal\/innkalling-til-arsmote-i-naturvernforbundet-i-sunndal\/\",\"name\":\"Innkalling til \u00e5rsm\u00f8te i Naturvernforbundet i Sunndal - M\u00f8re og Romsdal\",\"isPartOf\":{\"@id\":\"https:\/\/naturvernforbundet.no\/moreogromsdal\/#website\"},\"datePublished\":\"2005-02-19T18:56:00+00:00\",\"author\":{\"@id\":\"https:\/\/naturvernforbundet.no\/moreogromsdal\/#\/schema\/person\/c72f198205979084bf071deedb6205f4\"},\"breadcrumb\":{\"@id\":\"https:\/\/naturvernforbundet.no\/moreogromsdal\/innkalling-til-arsmote-i-naturvernforbundet-i-sunndal\/#breadcrumb\"},\"inLanguage\":\"nb-NO\",\"potentialAction\":[{\"@type\":\"ReadAction\",\"target\":[\"https:\/\/naturvernforbundet.no\/moreogromsdal\/innkalling-til-arsmote-i-naturvernforbundet-i-sunndal\/\"]}]},{\"@type\":\"BreadcrumbList\",\"@id\":\"https:\/\/naturvernforbundet.no\/moreogromsdal\/innkalling-til-arsmote-i-naturvernforbundet-i-sunndal\/#breadcrumb\",\"itemListElement\":[{\"@type\":\"ListItem\",\"position\":1,\"name\":\"Till naturvernforbundet.no\",\"item\":\"https:\/\/naturvernforbundet.no\/\"},{\"@type\":\"ListItem\",\"position\":2,\"name\":\"M\u00f8re og Romsdal\",\"item\":\"https:\/\/naturvernforbundet.no\/moreogromsdal\/\"},{\"@type\":\"ListItem\",\"position\":3,\"name\":\"Innkalling til \u00e5rsm\u00f8te i Naturvernforbundet i Sunndal\"}]},{\"@type\":\"WebSite\",\"@id\":\"https:\/\/naturvernforbundet.no\/moreogromsdal\/#website\",\"url\":\"https:\/\/naturvernforbundet.no\/moreogromsdal\/\",\"name\":\"M\u00f8re og Romsdal\",\"description\":\"Bare enda et Naturvernforbundet Sites-nettsted\",\"potentialAction\":[{\"@type\":\"SearchAction\",\"target\":{\"@type\":\"EntryPoint\",\"urlTemplate\":\"https:\/\/naturvernforbundet.no\/moreogromsdal\/?s={search_term_string}\"},\"query-input\":{\"@type\":\"PropertyValueSpecification\",\"valueRequired\":true,\"valueName\":\"search_term_string\"}}],\"inLanguage\":\"nb-NO\"},{\"@type\":\"Person\",\"@id\":\"https:\/\/naturvernforbundet.no\/moreogromsdal\/#\/schema\/person\/c72f198205979084bf071deedb6205f4\",\"name\":\"Artikkelimport\u00f8r\",\"image\":{\"@type\":\"ImageObject\",\"inLanguage\":\"nb-NO\",\"@id\":\"https:\/\/naturvernforbundet.no\/moreogromsdal\/#\/schema\/person\/image\/\",\"url\":\"https:\/\/secure.gravatar.com\/avatar\/015fa491b9ed1c823ef16a5c930294d1?s=96&d=mm&r=g\",\"contentUrl\":\"https:\/\/secure.gravatar.com\/avatar\/015fa491b9ed1c823ef16a5c930294d1?s=96&d=mm&r=g\",\"caption\":\"Artikkelimport\u00f8r\"},\"url\":\"https:\/\/naturvernforbundet.no\/moreogromsdal\/author\/artikkelimportor\/\"}]}<\/script>\n<!-- \/ Yoast SEO plugin. -->","yoast_head_json":{"title":"Innkalling til \u00e5rsm\u00f8te i Naturvernforbundet i Sunndal - M\u00f8re og Romsdal","robots":{"index":"index","follow":"follow","max-snippet":"max-snippet:-1","max-image-preview":"max-image-preview:large","max-video-preview":"max-video-preview:-1"},"canonical":"https:\/\/naturvernforbundet.no\/moreogromsdal\/innkalling-til-arsmote-i-naturvernforbundet-i-sunndal\/","og_locale":"nb_NO","og_type":"article","og_title":"Innkalling til \u00e5rsm\u00f8te i Naturvernforbundet i Sunndal - M\u00f8re og Romsdal","og_description":"Etter samtale med nokre medlemmer av Naturvernforbundet i Sunndal har fylkeslaget i Naturvernforbundet tru p\u00e5 at det let seg gjere \u00e5 starte opp att lokallag i Sunndal. Sunndal har store naturverdiar og det er mykje p\u00e5gang p\u00e5 desse. Det finst og fleire hyggelege vinnersaker som det b\u00f8r vere greitt \u00e5 ta tak i. P\u00e5 dette grunnlaget kallar vi inn til \u00e5rsm\u00f8te. \u00c5rsm\u00f8tet er fastsett til s\u00f8ndag 6.3.2005 kl. 19.00 p\u00e5 Nordlandia Hotell Sunndals\u00f8ra.","og_url":"https:\/\/naturvernforbundet.no\/moreogromsdal\/innkalling-til-arsmote-i-naturvernforbundet-i-sunndal\/","og_site_name":"M\u00f8re og Romsdal","article_published_time":"2005-02-19T18:56:00+00:00","author":"Artikkelimport\u00f8r","twitter_card":"summary_large_image","twitter_misc":{"Skrevet av":"Artikkelimport\u00f8r","Ansl. lesetid":"1 minutt"},"schema":{"@context":"https:\/\/schema.org","@graph":[{"@type":"WebPage","@id":"https:\/\/naturvernforbundet.no\/moreogromsdal\/innkalling-til-arsmote-i-naturvernforbundet-i-sunndal\/","url":"https:\/\/naturvernforbundet.no\/moreogromsdal\/innkalling-til-arsmote-i-naturvernforbundet-i-sunndal\/","name":"Innkalling til \u00e5rsm\u00f8te i Naturvernforbundet i Sunndal - M\u00f8re og Romsdal","isPartOf":{"@id":"https:\/\/naturvernforbundet.no\/moreogromsdal\/#website"},"datePublished":"2005-02-19T18:56:00+00:00","author":{"@id":"https:\/\/naturvernforbundet.no\/moreogromsdal\/#\/schema\/person\/c72f198205979084bf071deedb6205f4"},"breadcrumb":{"@id":"https:\/\/naturvernforbundet.no\/moreogromsdal\/innkalling-til-arsmote-i-naturvernforbundet-i-sunndal\/#breadcrumb"},"inLanguage":"nb-NO","potentialAction":[{"@type":"ReadAction","target":["https:\/\/naturvernforbundet.no\/moreogromsdal\/innkalling-til-arsmote-i-naturvernforbundet-i-sunndal\/"]}]},{"@type":"BreadcrumbList","@id":"https:\/\/naturvernforbundet.no\/moreogromsdal\/innkalling-til-arsmote-i-naturvernforbundet-i-sunndal\/#breadcrumb","itemListElement":[{"@type":"ListItem","position":1,"name":"Till naturvernforbundet.no","item":"https:\/\/naturvernforbundet.no\/"},{"@type":"ListItem","position":2,"name":"M\u00f8re og Romsdal","item":"https:\/\/naturvernforbundet.no\/moreogromsdal\/"},{"@type":"ListItem","position":3,"name":"Innkalling til \u00e5rsm\u00f8te i Naturvernforbundet i Sunndal"}]},{"@type":"WebSite","@id":"https:\/\/naturvernforbundet.no\/moreogromsdal\/#website","url":"https:\/\/naturvernforbundet.no\/moreogromsdal\/","name":"M\u00f8re og Romsdal","description":"Bare enda et Naturvernforbundet Sites-nettsted","potentialAction":[{"@type":"SearchAction","target":{"@type":"EntryPoint","urlTemplate":"https:\/\/naturvernforbundet.no\/moreogromsdal\/?s={search_term_string}"},"query-input":{"@type":"PropertyValueSpecification","valueRequired":true,"valueName":"search_term_string"}}],"inLanguage":"nb-NO"},{"@type":"Person","@id":"https:\/\/naturvernforbundet.no\/moreogromsdal\/#\/schema\/person\/c72f198205979084bf071deedb6205f4","name":"Artikkelimport\u00f8r","image":{"@type":"ImageObject","inLanguage":"nb-NO","@id":"https:\/\/naturvernforbundet.no\/moreogromsdal\/#\/schema\/person\/image\/","url":"https:\/\/secure.gravatar.com\/avatar\/015fa491b9ed1c823ef16a5c930294d1?s=96&d=mm&r=g","contentUrl":"https:\/\/secure.gravatar.com\/avatar\/015fa491b9ed1c823ef16a5c930294d1?s=96&d=mm&r=g","caption":"Artikkelimport\u00f8r"},"url":"https:\/\/naturvernforbundet.no\/moreogromsdal\/author\/artikkelimportor\/"}]}},"_links":{"self":[{"href":"https:\/\/naturvernforbundet.no\/moreogromsdal\/wp-json\/wp\/v2\/posts\/593","targetHints":{"allow":["GET"]}}],"collection":[{"href":"https:\/\/naturvernforbundet.no\/moreogromsdal\/wp-json\/wp\/v2\/posts"}],"about":[{"href":"https:\/\/naturvernforbundet.no\/moreogromsdal\/wp-json\/wp\/v2\/types\/post"}],"author":[{"embeddable":true,"href":"https:\/\/naturvernforbundet.no\/moreogromsdal\/wp-json\/wp\/v2\/users\/38"}],"replies":[{"embeddable":true,"href":"https:\/\/naturvernforbundet.no\/moreogromsdal\/wp-json\/wp\/v2\/comments?post=593"}],"version-history":[{"count":0,"href":"https:\/\/naturvernforbundet.no\/moreogromsdal\/wp-json\/wp\/v2\/posts\/593\/revisions"}],"wp:attachment":[{"href":"https:\/\/naturvernforbundet.no\/moreogromsdal\/wp-json\/wp\/v2\/media?parent=593"}],"wp:term":[{"taxonomy":"category","embeddable":true,"href":"https:\/\/naturvernforbundet.no\/moreogromsdal\/wp-json\/wp\/v2\/categories?post=593"},{"taxonomy":"post_tag","embeddable":true,"href":"https:\/\/naturvernforbundet.no\/moreogromsdal\/wp-json\/wp\/v2\/tags?post=593"},{"taxonomy":"local","embeddable":true,"href":"https:\/\/naturvernforbundet.no\/moreogromsdal\/wp-json\/wp\/v2\/local?post=593"}],"curies":[{"name":"wp","href":"https:\/\/api.w.org\/{rel}","templated":true}]}}