{"id":595,"date":"2005-12-04T17:55:00","date_gmt":"2005-12-04T16:55:00","guid":{"rendered":"https:\/\/naturvernforbundet.no\/moreogromsdal\/naturvernforbundet-med-krav-til-vindkraftutbyggarar\/"},"modified":"2005-12-04T17:55:00","modified_gmt":"2005-12-04T16:55:00","slug":"naturvernforbundet-med-krav-til-vindkraftutbyggarar","status":"publish","type":"post","link":"https:\/\/naturvernforbundet.no\/moreogromsdal\/naturvernforbundet-med-krav-til-vindkraftutbyggarar\/","title":{"rendered":"Naturvernforbundet med krav til vindkraftutbyggarar"},"content":{"rendered":"\t<div class=\"template-post alignfull wp-block-naturvern-hero\">\n\t\t<div class=\"hero__inner\">\n\t\t\t<div class=\"hero__inner_blocks\">\n\t\t\t\t\t\t\t\t\n\t\t\t\t\t<h1 class=\"wp-block-post-title\">Naturvernforbundet med krav til vindkraftutbyggarar<\/h1>\n\n\t\t\t\t\t<div class=\"wp-block-post-excerpt\"><p class=\"wp-block-post-excerpt__excerpt\">P\u00e5 pressekonferansen 16. november 2005 om Havsul presenterte Naturvernforbundet ei rekke krav. <\/p><\/div>\n\n\t\t\t\t\t\n\n\t\t\t\t\t<div class=\"wp-block-naturvern-byline\">\n\t\t\t<div class=\"authors\">By <span class=\"t2-byline__author-link\">Artikkelimport\u00f8r<\/span><\/div>\n\t\t\t<small class=\"entry-date\">04.12.2005 17:55<\/small>\n\t\t<\/div>\n\t\t\t\t\t\t\t\t<\/div>\n\t\t\t\t\t<\/div>\n\t\t\t<\/div>\n\t\n<p>PLAN FOR AREAL SOM IKKJE ER EIGNA\n&#8211; Naturvernforbundet har foresl\u00e5tt einanalyse fylkesvis. Metoden g\u00e5r ut p\u00e5 at dei ulike faginstansane tar for seg fylkeskartet og fargelegg med kvar sin farge kva areal som er s\u00e6rleg konfliktfylt \u00e5 bygge ut. Etter at denne prosessen er gjort, vil det truleg vere nokre areal som framleis er kvite. Desse areala f\u00e5r vindkraftmyndigheitene g\u00e5 gjennom, slik at areal der ein kan forvente at det ikkje er brukande vindtilh\u00f8ve og aktuell infrastruktur kan bli plukka ut. Resten av arealet vil d\u00e5 vere potensielle omr\u00e5de for vindkraftutbygging. Desse areala kan d\u00e5 aktuelle utbyggarar s\u00f8ke p\u00e5. Det ligg som f\u00f8resetnad at det d\u00e5 skal til ei vanleg sakshandsaming med konsekvensutgreiing p\u00e5 vanleg m\u00e5te. Prosessen b\u00f8r ikkje ta allverda av tid, og den vil f\u00f8re til at fleire s\u00f8knader har f\u00f8resetnader om \u00e5 n\u00e5 fram til utbygging, med l\u00e5gare konfliktniv\u00e5. Det b\u00f8r alle vere tent med.<br><br>F\u00d8RE VAR-PRINSIPPET?\n&#8211; F\u00f8re var. Det kjem mange rapportar av ymse kvalitet som seier noko om vindm\u00f8ller og verknaden dei har p\u00e5 landskap, menneske og biologisk mangfald. \n&#8211; Vi b\u00f8r kunne gje oss litt tid s\u00e5 vi kan samle r\u00f8yndom fr\u00e5 pionerprosjekt og bruke slik r\u00f8yndom til \u00e5 forbetre seinare prosjekt. Har vi det for travelt, vil mange omr\u00e5de vere bygd ut f\u00f8r r\u00f8yndomen kan p\u00e5verke l\u00f8ysingar som kan bety noko.<br><br>ENERGIPLAN FOR M\u00d8RE OG ROMSDAL \u2013 KVA ALTERNATIV FINST?\n&#8211; Energiplan for M\u00f8re og Romsdal. Viss det er aktuelt \u00e5 subsidiere ei eller anna utbygging med 1 milliard, kvifor ikkje dele ut summen til husstandane i staden, som tilskot til varmepumper, pelletskaminar eller etterisolering? 1 milliard tilsvarar 10 000 kroner til kvar husstand.<br><br>VERKNAD UANSETT \u2013 SAMLE NEGATIV VERKNAD P\u00c5 EIN STAD?\n&#8211; Det er mykje mogleg at f\u00e5, store vindkraftanlegg er meir akseptable enn mange sm\u00e5. Randverknaden av vindkraftanlegg kan bli mykje den same anten det er 50 eller 250 m\u00f8ller i anlegget. Finn ein f\u00f8rst ein stad der ulempene er akseptable og det er plass for mange m\u00f8ller, kan det vere eit poeng med eit stort anlegg.<br><br>DET GRUNNLEGGANDE PROBLEMET \u2013 OG GRUNNLEGGANDE L\u00d8YSINGAR\n&#8211; Naturvernforbundet meiner at det ikkje skal vere nokon automatikk i at energiforbruket skal auke med 1% i \u00e5ret. Med ei slik auke vil Noreg alltid ha eit energiproblem. Vi m\u00e5 l\u00e6re oss \u00e5 leve med den energien vi kan skaffe p\u00e5 b\u00e6rekraftig vis.\n&#8211; Naturvernforbundet \u00f8nskjer at kraftbehov i Noreg skal dekkast av fornybare energikjelder. \n&#8211; Mellom fornybare energikjelder finst vindkraft. Men som for vasskraft ligg det ein klar f\u00f8resetnad om at arealbruken knytt til produksjon og transport har akseptable verknader.<br><br>VINDKRAFT \u2013 FORNYBAR ELLER &#8230;?\n&#8211; Vindkraft er ein fornybar energi\n&#8211; Produksjonsomr\u00e5da for vindkraft og transporten fr\u00e5 produksjonsstaden til forbrukar har sider ved seg som gjer at energien likevel ikkje er uproblematisk. Vindm\u00f8ller har stor visuell p\u00e5verknad over store omr\u00e5de. Der det er gode vindtilh\u00f8ve er det sjeldan det finst mykje \u00e5 g\u00f8yme bort produksjonsanlegga i.<br><br>KLONDYKE\n&#8211; Vindkrafts\u00f8knadene er b\u00e5de store og mange. Blir alle prosjekta som no er meldt bygd, er det tale om ein produksjon p\u00e5  kring 25 TWh.\n&#8211; S\u00f8knadene om vindkraft er til no i stor grad bestemt av kvar det finst vind som h\u00f8ver.<br><br>EIN GUNSTIG KRAFTFORM HELD P\u00c5 \u00c5 F\u00c5 D\u00c5RLEG RYKTE\n&#8211; Konfliktniv\u00e5et knytt til vindkraft er aukande. Vi har sett det same innan vasskraft, og det f\u00f8rte til at dei store utbyggingane er slutt. Det punktet kan vere n\u00e6rare enn mange trur innan vindkraft viss det ikkje blir gjort noko no.<br><br>\n\u00d8ystein Folden har telefon 91 81 25 42.\n<\/p>\n\n\n\n<p><a href=\"\/imakerdata\/f\/0\/81\/84\/5_2401_0\/mote_080306.pdf\">Brev fr\u00e5 Ytre Kravika velforening 8. mars 2006<\/a><\/p>\n","protected":false},"excerpt":{"rendered":"<p>P\u00e5 pressekonferansen 16. november 2005 om Havsul presenterte Naturvernforbundet ei rekke krav.<\/p>\n","protected":false},"author":38,"featured_media":0,"comment_status":"closed","ping_status":"closed","sticky":false,"template":"","format":"standard","meta":{"_relevanssi_hide_post":"","_relevanssi_hide_content":"","_relevanssi_pin_for_all":"","_relevanssi_pin_keywords":"","_relevanssi_unpin_keywords":"","_relevanssi_related_keywords":"","_relevanssi_related_include_ids":"","_relevanssi_related_exclude_ids":"","_relevanssi_related_no_append":"","_relevanssi_related_not_related":"","_relevanssi_related_posts":"","_relevanssi_noindex_reason":"","hide_logo":false,"footnotes":""},"categories":[25],"tags":[],"local":[],"class_list":["post-595","post","type-post","status-publish","format-standard","hentry","category-vindkraft"],"acf":[],"yoast_head":"<!-- This site is optimized with the Yoast SEO plugin v24.9 - https:\/\/yoast.com\/wordpress\/plugins\/seo\/ -->\n<title>Naturvernforbundet med krav til vindkraftutbyggarar - M\u00f8re og Romsdal<\/title>\n<meta name=\"robots\" content=\"index, follow, max-snippet:-1, max-image-preview:large, max-video-preview:-1\" \/>\n<link rel=\"canonical\" href=\"https:\/\/naturvernforbundet.no\/moreogromsdal\/naturvernforbundet-med-krav-til-vindkraftutbyggarar\/\" \/>\n<meta property=\"og:locale\" content=\"nb_NO\" \/>\n<meta property=\"og:type\" content=\"article\" \/>\n<meta property=\"og:title\" content=\"Naturvernforbundet med krav til vindkraftutbyggarar - M\u00f8re og Romsdal\" \/>\n<meta property=\"og:description\" content=\"P\u00e5 pressekonferansen 16. november 2005 om Havsul presenterte Naturvernforbundet ei rekke krav.\" \/>\n<meta property=\"og:url\" content=\"https:\/\/naturvernforbundet.no\/moreogromsdal\/naturvernforbundet-med-krav-til-vindkraftutbyggarar\/\" \/>\n<meta property=\"og:site_name\" content=\"M\u00f8re og Romsdal\" \/>\n<meta property=\"article:published_time\" content=\"2005-12-04T16:55:00+00:00\" \/>\n<meta name=\"author\" content=\"Artikkelimport\u00f8r\" \/>\n<meta name=\"twitter:card\" content=\"summary_large_image\" \/>\n<meta name=\"twitter:label1\" content=\"Skrevet av\" \/>\n\t<meta name=\"twitter:data1\" content=\"Artikkelimport\u00f8r\" \/>\n\t<meta name=\"twitter:label2\" content=\"Ansl. lesetid\" \/>\n\t<meta name=\"twitter:data2\" content=\"3 minutter\" \/>\n<script type=\"application\/ld+json\" class=\"yoast-schema-graph\">{\"@context\":\"https:\/\/schema.org\",\"@graph\":[{\"@type\":\"WebPage\",\"@id\":\"https:\/\/naturvernforbundet.no\/moreogromsdal\/naturvernforbundet-med-krav-til-vindkraftutbyggarar\/\",\"url\":\"https:\/\/naturvernforbundet.no\/moreogromsdal\/naturvernforbundet-med-krav-til-vindkraftutbyggarar\/\",\"name\":\"Naturvernforbundet med krav til vindkraftutbyggarar - M\u00f8re og Romsdal\",\"isPartOf\":{\"@id\":\"https:\/\/naturvernforbundet.no\/moreogromsdal\/#website\"},\"datePublished\":\"2005-12-04T16:55:00+00:00\",\"author\":{\"@id\":\"https:\/\/naturvernforbundet.no\/moreogromsdal\/#\/schema\/person\/c72f198205979084bf071deedb6205f4\"},\"breadcrumb\":{\"@id\":\"https:\/\/naturvernforbundet.no\/moreogromsdal\/naturvernforbundet-med-krav-til-vindkraftutbyggarar\/#breadcrumb\"},\"inLanguage\":\"nb-NO\",\"potentialAction\":[{\"@type\":\"ReadAction\",\"target\":[\"https:\/\/naturvernforbundet.no\/moreogromsdal\/naturvernforbundet-med-krav-til-vindkraftutbyggarar\/\"]}]},{\"@type\":\"BreadcrumbList\",\"@id\":\"https:\/\/naturvernforbundet.no\/moreogromsdal\/naturvernforbundet-med-krav-til-vindkraftutbyggarar\/#breadcrumb\",\"itemListElement\":[{\"@type\":\"ListItem\",\"position\":1,\"name\":\"Till naturvernforbundet.no\",\"item\":\"https:\/\/naturvernforbundet.no\/\"},{\"@type\":\"ListItem\",\"position\":2,\"name\":\"M\u00f8re og Romsdal\",\"item\":\"https:\/\/naturvernforbundet.no\/moreogromsdal\/\"},{\"@type\":\"ListItem\",\"position\":3,\"name\":\"Naturvernforbundet med krav til vindkraftutbyggarar\"}]},{\"@type\":\"WebSite\",\"@id\":\"https:\/\/naturvernforbundet.no\/moreogromsdal\/#website\",\"url\":\"https:\/\/naturvernforbundet.no\/moreogromsdal\/\",\"name\":\"M\u00f8re og Romsdal\",\"description\":\"Bare enda et Naturvernforbundet Sites-nettsted\",\"potentialAction\":[{\"@type\":\"SearchAction\",\"target\":{\"@type\":\"EntryPoint\",\"urlTemplate\":\"https:\/\/naturvernforbundet.no\/moreogromsdal\/?s={search_term_string}\"},\"query-input\":{\"@type\":\"PropertyValueSpecification\",\"valueRequired\":true,\"valueName\":\"search_term_string\"}}],\"inLanguage\":\"nb-NO\"},{\"@type\":\"Person\",\"@id\":\"https:\/\/naturvernforbundet.no\/moreogromsdal\/#\/schema\/person\/c72f198205979084bf071deedb6205f4\",\"name\":\"Artikkelimport\u00f8r\",\"image\":{\"@type\":\"ImageObject\",\"inLanguage\":\"nb-NO\",\"@id\":\"https:\/\/naturvernforbundet.no\/moreogromsdal\/#\/schema\/person\/image\/\",\"url\":\"https:\/\/secure.gravatar.com\/avatar\/015fa491b9ed1c823ef16a5c930294d1?s=96&d=mm&r=g\",\"contentUrl\":\"https:\/\/secure.gravatar.com\/avatar\/015fa491b9ed1c823ef16a5c930294d1?s=96&d=mm&r=g\",\"caption\":\"Artikkelimport\u00f8r\"},\"url\":\"https:\/\/naturvernforbundet.no\/moreogromsdal\/author\/artikkelimportor\/\"}]}<\/script>\n<!-- \/ Yoast SEO plugin. -->","yoast_head_json":{"title":"Naturvernforbundet med krav til vindkraftutbyggarar - M\u00f8re og Romsdal","robots":{"index":"index","follow":"follow","max-snippet":"max-snippet:-1","max-image-preview":"max-image-preview:large","max-video-preview":"max-video-preview:-1"},"canonical":"https:\/\/naturvernforbundet.no\/moreogromsdal\/naturvernforbundet-med-krav-til-vindkraftutbyggarar\/","og_locale":"nb_NO","og_type":"article","og_title":"Naturvernforbundet med krav til vindkraftutbyggarar - M\u00f8re og Romsdal","og_description":"P\u00e5 pressekonferansen 16. november 2005 om Havsul presenterte Naturvernforbundet ei rekke krav.","og_url":"https:\/\/naturvernforbundet.no\/moreogromsdal\/naturvernforbundet-med-krav-til-vindkraftutbyggarar\/","og_site_name":"M\u00f8re og Romsdal","article_published_time":"2005-12-04T16:55:00+00:00","author":"Artikkelimport\u00f8r","twitter_card":"summary_large_image","twitter_misc":{"Skrevet av":"Artikkelimport\u00f8r","Ansl. lesetid":"3 minutter"},"schema":{"@context":"https:\/\/schema.org","@graph":[{"@type":"WebPage","@id":"https:\/\/naturvernforbundet.no\/moreogromsdal\/naturvernforbundet-med-krav-til-vindkraftutbyggarar\/","url":"https:\/\/naturvernforbundet.no\/moreogromsdal\/naturvernforbundet-med-krav-til-vindkraftutbyggarar\/","name":"Naturvernforbundet med krav til vindkraftutbyggarar - M\u00f8re og Romsdal","isPartOf":{"@id":"https:\/\/naturvernforbundet.no\/moreogromsdal\/#website"},"datePublished":"2005-12-04T16:55:00+00:00","author":{"@id":"https:\/\/naturvernforbundet.no\/moreogromsdal\/#\/schema\/person\/c72f198205979084bf071deedb6205f4"},"breadcrumb":{"@id":"https:\/\/naturvernforbundet.no\/moreogromsdal\/naturvernforbundet-med-krav-til-vindkraftutbyggarar\/#breadcrumb"},"inLanguage":"nb-NO","potentialAction":[{"@type":"ReadAction","target":["https:\/\/naturvernforbundet.no\/moreogromsdal\/naturvernforbundet-med-krav-til-vindkraftutbyggarar\/"]}]},{"@type":"BreadcrumbList","@id":"https:\/\/naturvernforbundet.no\/moreogromsdal\/naturvernforbundet-med-krav-til-vindkraftutbyggarar\/#breadcrumb","itemListElement":[{"@type":"ListItem","position":1,"name":"Till naturvernforbundet.no","item":"https:\/\/naturvernforbundet.no\/"},{"@type":"ListItem","position":2,"name":"M\u00f8re og Romsdal","item":"https:\/\/naturvernforbundet.no\/moreogromsdal\/"},{"@type":"ListItem","position":3,"name":"Naturvernforbundet med krav til vindkraftutbyggarar"}]},{"@type":"WebSite","@id":"https:\/\/naturvernforbundet.no\/moreogromsdal\/#website","url":"https:\/\/naturvernforbundet.no\/moreogromsdal\/","name":"M\u00f8re og Romsdal","description":"Bare enda et Naturvernforbundet Sites-nettsted","potentialAction":[{"@type":"SearchAction","target":{"@type":"EntryPoint","urlTemplate":"https:\/\/naturvernforbundet.no\/moreogromsdal\/?s={search_term_string}"},"query-input":{"@type":"PropertyValueSpecification","valueRequired":true,"valueName":"search_term_string"}}],"inLanguage":"nb-NO"},{"@type":"Person","@id":"https:\/\/naturvernforbundet.no\/moreogromsdal\/#\/schema\/person\/c72f198205979084bf071deedb6205f4","name":"Artikkelimport\u00f8r","image":{"@type":"ImageObject","inLanguage":"nb-NO","@id":"https:\/\/naturvernforbundet.no\/moreogromsdal\/#\/schema\/person\/image\/","url":"https:\/\/secure.gravatar.com\/avatar\/015fa491b9ed1c823ef16a5c930294d1?s=96&d=mm&r=g","contentUrl":"https:\/\/secure.gravatar.com\/avatar\/015fa491b9ed1c823ef16a5c930294d1?s=96&d=mm&r=g","caption":"Artikkelimport\u00f8r"},"url":"https:\/\/naturvernforbundet.no\/moreogromsdal\/author\/artikkelimportor\/"}]}},"_links":{"self":[{"href":"https:\/\/naturvernforbundet.no\/moreogromsdal\/wp-json\/wp\/v2\/posts\/595","targetHints":{"allow":["GET"]}}],"collection":[{"href":"https:\/\/naturvernforbundet.no\/moreogromsdal\/wp-json\/wp\/v2\/posts"}],"about":[{"href":"https:\/\/naturvernforbundet.no\/moreogromsdal\/wp-json\/wp\/v2\/types\/post"}],"author":[{"embeddable":true,"href":"https:\/\/naturvernforbundet.no\/moreogromsdal\/wp-json\/wp\/v2\/users\/38"}],"replies":[{"embeddable":true,"href":"https:\/\/naturvernforbundet.no\/moreogromsdal\/wp-json\/wp\/v2\/comments?post=595"}],"version-history":[{"count":0,"href":"https:\/\/naturvernforbundet.no\/moreogromsdal\/wp-json\/wp\/v2\/posts\/595\/revisions"}],"wp:attachment":[{"href":"https:\/\/naturvernforbundet.no\/moreogromsdal\/wp-json\/wp\/v2\/media?parent=595"}],"wp:term":[{"taxonomy":"category","embeddable":true,"href":"https:\/\/naturvernforbundet.no\/moreogromsdal\/wp-json\/wp\/v2\/categories?post=595"},{"taxonomy":"post_tag","embeddable":true,"href":"https:\/\/naturvernforbundet.no\/moreogromsdal\/wp-json\/wp\/v2\/tags?post=595"},{"taxonomy":"local","embeddable":true,"href":"https:\/\/naturvernforbundet.no\/moreogromsdal\/wp-json\/wp\/v2\/local?post=595"}],"curies":[{"name":"wp","href":"https:\/\/api.w.org\/{rel}","templated":true}]}}