{"id":614,"date":"2005-12-04T18:03:00","date_gmt":"2005-12-04T17:03:00","guid":{"rendered":"https:\/\/naturvernforbundet.no\/moreogromsdal\/forvaltningsplan-for-moskusbestanden-pa-dovre\/"},"modified":"2005-12-04T18:03:00","modified_gmt":"2005-12-04T17:03:00","slug":"forvaltningsplan-for-moskusbestanden-pa-dovre","status":"publish","type":"post","link":"https:\/\/naturvernforbundet.no\/moreogromsdal\/forvaltningsplan-for-moskusbestanden-pa-dovre\/","title":{"rendered":"Forvaltningsplan for moskusbestanden p\u00e5 Dovre"},"content":{"rendered":"\t<div class=\"template-post alignfull wp-block-naturvern-hero\">\n\t\t<div class=\"hero__inner\">\n\t\t\t<div class=\"hero__inner_blocks\">\n\t\t\t\t\t\t\t\t\n\t\t\t\t\t<h1 class=\"wp-block-post-title\">Forvaltningsplan for moskusbestanden p\u00e5 Dovre<\/h1>\n\n\t\t\t\t\t<div class=\"wp-block-post-excerpt\"><p class=\"wp-block-post-excerpt__excerpt\">Norges Naturvernforbund har avgitt en samlet uttalelse til forslaget til forvaltningsplan p\u00e5 vegne av forbundet sentralt og v\u00e5re ber\u00f8rte fylkes- og lokallag. <\/p><\/div>\n\n\t\t\t\t\t\n\n\t\t\t\t\t<div class=\"wp-block-naturvern-byline\">\n\t\t\t<div class=\"authors\">By <span class=\"t2-byline__author-link\">Artikkelimport\u00f8r<\/span><\/div>\n\t\t\t<small class=\"entry-date\">04.12.2005 18:03<\/small>\n\t\t<\/div>\n\t\t\t\t\t\t\t\t<\/div>\n\t\t\t\t\t<\/div>\n\t\t\t<\/div>\n\t\n<p>Fylkesmannen i S\u00f8r-Tr\u00f8ndelag\nStatens Hus\n7468 Trondheim\nE-post:postmottak@fmst.no <br><br> \n \nTrondheim, 2.november 2005\n                   <br><br> <br><br><b>Forvaltningsplan for moskusbestanden p\u00e5 Dovre<\/b>\n <br><br>Det vises til h\u00f8ringsbrev om moskus p\u00e5 Dovre fra Fylkesmannen i S\u00f8r-Tr\u00f8ndelag av 10. juni 2005.<br><br>Norges Naturvernforbund avgir med dette en samlet uttalelse p\u00e5 vegne av forbundet sentralt og v\u00e5re ber\u00f8rte fylkes- og lokallag. <br><br>Norges Naturvernforbund ser meget positivt p\u00e5 at det blir laget en forvaltningsplan for moskusbestanden p\u00e5 Dovrefjell. <br><br>Vi slutter oss til en rekke av forslagene og synspunktene som foreligger i utkastet, men gjentar ikke her alt vi er enige i. Vi kommenterer stort sett de forhold vi er uenige i, eller det vi mener er spesielt viktig \u00e5 legge vekt p\u00e5 i det videre arbeidet.<br><br>Selv om moskusen er en introdusert art i Norge mener vi det er viktig \u00e5 opprettholde moskusbestanden p\u00e5 Dovre i et s\u00e5 stort antall at den ikke blir truet av innavlsdepresjon. <br><br>Samtidig \u00f8nsker vi at det blir gjort grundige unders\u00f8kelser n\u00e5r det gjelder moskusens p\u00e5virkning av \u00f8kosystemet p\u00e5 Dovre. Det er viktig at moskusen ikke truer den naturlige variasjonen i \u00f8kosystemet der den lever. <br><br>Vi er positive til en utvidelse av kjerneomr\u00e5de for moskus. B\u00e5de fordi den allerede benytter hele det omr\u00e5det som n\u00e5 blir nytt kjerneomr\u00e5de, og at det legges opp til en \u00f8kning av bestanden (uten en \u00f8vre bestandsgrense).<br><br>Men selv om det n\u00e5 vil skje en fordobling av kjerneomr\u00e5det for moskus, er det imidlertid et sv\u00e6rt begrenset areal for en art som dette (knapt 350 kvadratkilometer). Det virker derfor som om forvaltningsmyndighetene b\u00e5de sier ja til flere moskus i antall, men nei til \u00e5 la den etablere seg over et st\u00f8rre omr\u00e5de som vil \u00f8ke artens mulighet til \u00e5 overleve i Norge p\u00e5 lengre sikt.<br><br>Med en \u00f8kende bestand moskus p\u00e5 Dovre inneb\u00e6rer det ogs\u00e5 muligheter for en \u00f8kning av skuelystne som \u00f8nsker \u00e5 se moskus. En stadig \u00f8kende trafikk av folk inn i s\u00e5rbart villreinterreng kan resultere i at villreinen reduserer sin bruk av utsatte omr\u00e5der. Dette er en utvikling vi er sv\u00e6rt kritiske til. Turisme inn i \u201dmoskusomr\u00e5der\u201d p\u00e5 Dovrefjell m\u00e5 p\u00e5 ingen m\u00e5te g\u00e5 p\u00e5 bekostning av villreinen. Dette gjelder kanskje spesielt omr\u00e5der som Kaldvelldalen og rundt skytefeltet p\u00e5 Hjerkinn som er lett tilgjengelig. Vi vil derfor oppfordre Fylkesmannen til \u00e5 lage en plan for s\u00e5rbare omr\u00e5der hvor det ikke m\u00e5 tillates organisert ferdsel bl.a. for \u00e5 se p\u00e5 moskus. <br><br>Vi ser ikke p\u00e5 Fylkesmannens forslag om tiltak i denne sammenheng (m\u00f8ter og kurs) som tilstrekkelig for \u00e5 hindre konflikter med villreinen. Det m\u00e5 derfor mer konkrete tiltak og krav inn i forvaltningsplanen for hvordan konfliktene med moskusturisme og villrein kan hindres.<br><br>\nMed vennlig hilsen<br><br>Norges Naturvernforbund<br><br> <br><br>Tore Killingland\nGeneralsekret\u00e6r<br><br> <br><br>Gjenpart sendt: V\u00e5re ber\u00f8rte fylkes- og lokallag<br><br> \nSaksbehandler: Alette Sandvik, tlf. 73 51 52 24<br><br> <\/p>\n","protected":false},"excerpt":{"rendered":"<p>Norges Naturvernforbund har avgitt en samlet uttalelse til forslaget til forvaltningsplan p\u00e5 vegne av forbundet sentralt og v\u00e5re ber\u00f8rte fylkes- og lokallag.<\/p>\n","protected":false},"author":38,"featured_media":0,"comment_status":"closed","ping_status":"closed","sticky":false,"template":"","format":"standard","meta":{"_relevanssi_hide_post":"","_relevanssi_hide_content":"","_relevanssi_pin_for_all":"","_relevanssi_pin_keywords":"","_relevanssi_unpin_keywords":"","_relevanssi_related_keywords":"","_relevanssi_related_include_ids":"","_relevanssi_related_exclude_ids":"","_relevanssi_related_no_append":"","_relevanssi_related_not_related":"","_relevanssi_related_posts":"","_relevanssi_noindex_reason":"","hide_logo":false,"footnotes":""},"categories":[16],"tags":[],"local":[],"class_list":["post-614","post","type-post","status-publish","format-standard","hentry","category-naturmangfold"],"acf":[],"yoast_head":"<!-- This site is optimized with the Yoast SEO plugin v24.9 - https:\/\/yoast.com\/wordpress\/plugins\/seo\/ -->\n<title>Forvaltningsplan for moskusbestanden p\u00e5 Dovre - M\u00f8re og Romsdal<\/title>\n<meta name=\"robots\" content=\"index, follow, max-snippet:-1, max-image-preview:large, max-video-preview:-1\" \/>\n<link rel=\"canonical\" href=\"https:\/\/naturvernforbundet.no\/moreogromsdal\/forvaltningsplan-for-moskusbestanden-pa-dovre\/\" \/>\n<meta property=\"og:locale\" content=\"nb_NO\" \/>\n<meta property=\"og:type\" content=\"article\" \/>\n<meta property=\"og:title\" content=\"Forvaltningsplan for moskusbestanden p\u00e5 Dovre - M\u00f8re og Romsdal\" \/>\n<meta property=\"og:description\" content=\"Norges Naturvernforbund har avgitt en samlet uttalelse til forslaget til forvaltningsplan p\u00e5 vegne av forbundet sentralt og v\u00e5re ber\u00f8rte fylkes- og lokallag.\" \/>\n<meta property=\"og:url\" content=\"https:\/\/naturvernforbundet.no\/moreogromsdal\/forvaltningsplan-for-moskusbestanden-pa-dovre\/\" \/>\n<meta property=\"og:site_name\" content=\"M\u00f8re og Romsdal\" \/>\n<meta property=\"article:published_time\" content=\"2005-12-04T17:03:00+00:00\" \/>\n<meta name=\"author\" content=\"Artikkelimport\u00f8r\" \/>\n<meta name=\"twitter:card\" content=\"summary_large_image\" \/>\n<meta name=\"twitter:label1\" content=\"Skrevet av\" \/>\n\t<meta name=\"twitter:data1\" content=\"Artikkelimport\u00f8r\" \/>\n\t<meta name=\"twitter:label2\" content=\"Ansl. lesetid\" \/>\n\t<meta name=\"twitter:data2\" content=\"2 minutter\" \/>\n<script type=\"application\/ld+json\" class=\"yoast-schema-graph\">{\"@context\":\"https:\/\/schema.org\",\"@graph\":[{\"@type\":\"WebPage\",\"@id\":\"https:\/\/naturvernforbundet.no\/moreogromsdal\/forvaltningsplan-for-moskusbestanden-pa-dovre\/\",\"url\":\"https:\/\/naturvernforbundet.no\/moreogromsdal\/forvaltningsplan-for-moskusbestanden-pa-dovre\/\",\"name\":\"Forvaltningsplan for moskusbestanden p\u00e5 Dovre - M\u00f8re og Romsdal\",\"isPartOf\":{\"@id\":\"https:\/\/naturvernforbundet.no\/moreogromsdal\/#website\"},\"datePublished\":\"2005-12-04T17:03:00+00:00\",\"author\":{\"@id\":\"https:\/\/naturvernforbundet.no\/moreogromsdal\/#\/schema\/person\/c72f198205979084bf071deedb6205f4\"},\"breadcrumb\":{\"@id\":\"https:\/\/naturvernforbundet.no\/moreogromsdal\/forvaltningsplan-for-moskusbestanden-pa-dovre\/#breadcrumb\"},\"inLanguage\":\"nb-NO\",\"potentialAction\":[{\"@type\":\"ReadAction\",\"target\":[\"https:\/\/naturvernforbundet.no\/moreogromsdal\/forvaltningsplan-for-moskusbestanden-pa-dovre\/\"]}]},{\"@type\":\"BreadcrumbList\",\"@id\":\"https:\/\/naturvernforbundet.no\/moreogromsdal\/forvaltningsplan-for-moskusbestanden-pa-dovre\/#breadcrumb\",\"itemListElement\":[{\"@type\":\"ListItem\",\"position\":1,\"name\":\"Till naturvernforbundet.no\",\"item\":\"https:\/\/naturvernforbundet.no\/\"},{\"@type\":\"ListItem\",\"position\":2,\"name\":\"M\u00f8re og Romsdal\",\"item\":\"https:\/\/naturvernforbundet.no\/moreogromsdal\/\"},{\"@type\":\"ListItem\",\"position\":3,\"name\":\"Forvaltningsplan for moskusbestanden p\u00e5 Dovre\"}]},{\"@type\":\"WebSite\",\"@id\":\"https:\/\/naturvernforbundet.no\/moreogromsdal\/#website\",\"url\":\"https:\/\/naturvernforbundet.no\/moreogromsdal\/\",\"name\":\"M\u00f8re og Romsdal\",\"description\":\"Bare enda et Naturvernforbundet Sites-nettsted\",\"potentialAction\":[{\"@type\":\"SearchAction\",\"target\":{\"@type\":\"EntryPoint\",\"urlTemplate\":\"https:\/\/naturvernforbundet.no\/moreogromsdal\/?s={search_term_string}\"},\"query-input\":{\"@type\":\"PropertyValueSpecification\",\"valueRequired\":true,\"valueName\":\"search_term_string\"}}],\"inLanguage\":\"nb-NO\"},{\"@type\":\"Person\",\"@id\":\"https:\/\/naturvernforbundet.no\/moreogromsdal\/#\/schema\/person\/c72f198205979084bf071deedb6205f4\",\"name\":\"Artikkelimport\u00f8r\",\"image\":{\"@type\":\"ImageObject\",\"inLanguage\":\"nb-NO\",\"@id\":\"https:\/\/naturvernforbundet.no\/moreogromsdal\/#\/schema\/person\/image\/\",\"url\":\"https:\/\/secure.gravatar.com\/avatar\/015fa491b9ed1c823ef16a5c930294d1?s=96&d=mm&r=g\",\"contentUrl\":\"https:\/\/secure.gravatar.com\/avatar\/015fa491b9ed1c823ef16a5c930294d1?s=96&d=mm&r=g\",\"caption\":\"Artikkelimport\u00f8r\"},\"url\":\"https:\/\/naturvernforbundet.no\/moreogromsdal\/author\/artikkelimportor\/\"}]}<\/script>\n<!-- \/ Yoast SEO plugin. -->","yoast_head_json":{"title":"Forvaltningsplan for moskusbestanden p\u00e5 Dovre - M\u00f8re og Romsdal","robots":{"index":"index","follow":"follow","max-snippet":"max-snippet:-1","max-image-preview":"max-image-preview:large","max-video-preview":"max-video-preview:-1"},"canonical":"https:\/\/naturvernforbundet.no\/moreogromsdal\/forvaltningsplan-for-moskusbestanden-pa-dovre\/","og_locale":"nb_NO","og_type":"article","og_title":"Forvaltningsplan for moskusbestanden p\u00e5 Dovre - M\u00f8re og Romsdal","og_description":"Norges Naturvernforbund har avgitt en samlet uttalelse til forslaget til forvaltningsplan p\u00e5 vegne av forbundet sentralt og v\u00e5re ber\u00f8rte fylkes- og lokallag.","og_url":"https:\/\/naturvernforbundet.no\/moreogromsdal\/forvaltningsplan-for-moskusbestanden-pa-dovre\/","og_site_name":"M\u00f8re og Romsdal","article_published_time":"2005-12-04T17:03:00+00:00","author":"Artikkelimport\u00f8r","twitter_card":"summary_large_image","twitter_misc":{"Skrevet av":"Artikkelimport\u00f8r","Ansl. lesetid":"2 minutter"},"schema":{"@context":"https:\/\/schema.org","@graph":[{"@type":"WebPage","@id":"https:\/\/naturvernforbundet.no\/moreogromsdal\/forvaltningsplan-for-moskusbestanden-pa-dovre\/","url":"https:\/\/naturvernforbundet.no\/moreogromsdal\/forvaltningsplan-for-moskusbestanden-pa-dovre\/","name":"Forvaltningsplan for moskusbestanden p\u00e5 Dovre - M\u00f8re og Romsdal","isPartOf":{"@id":"https:\/\/naturvernforbundet.no\/moreogromsdal\/#website"},"datePublished":"2005-12-04T17:03:00+00:00","author":{"@id":"https:\/\/naturvernforbundet.no\/moreogromsdal\/#\/schema\/person\/c72f198205979084bf071deedb6205f4"},"breadcrumb":{"@id":"https:\/\/naturvernforbundet.no\/moreogromsdal\/forvaltningsplan-for-moskusbestanden-pa-dovre\/#breadcrumb"},"inLanguage":"nb-NO","potentialAction":[{"@type":"ReadAction","target":["https:\/\/naturvernforbundet.no\/moreogromsdal\/forvaltningsplan-for-moskusbestanden-pa-dovre\/"]}]},{"@type":"BreadcrumbList","@id":"https:\/\/naturvernforbundet.no\/moreogromsdal\/forvaltningsplan-for-moskusbestanden-pa-dovre\/#breadcrumb","itemListElement":[{"@type":"ListItem","position":1,"name":"Till naturvernforbundet.no","item":"https:\/\/naturvernforbundet.no\/"},{"@type":"ListItem","position":2,"name":"M\u00f8re og Romsdal","item":"https:\/\/naturvernforbundet.no\/moreogromsdal\/"},{"@type":"ListItem","position":3,"name":"Forvaltningsplan for moskusbestanden p\u00e5 Dovre"}]},{"@type":"WebSite","@id":"https:\/\/naturvernforbundet.no\/moreogromsdal\/#website","url":"https:\/\/naturvernforbundet.no\/moreogromsdal\/","name":"M\u00f8re og Romsdal","description":"Bare enda et Naturvernforbundet Sites-nettsted","potentialAction":[{"@type":"SearchAction","target":{"@type":"EntryPoint","urlTemplate":"https:\/\/naturvernforbundet.no\/moreogromsdal\/?s={search_term_string}"},"query-input":{"@type":"PropertyValueSpecification","valueRequired":true,"valueName":"search_term_string"}}],"inLanguage":"nb-NO"},{"@type":"Person","@id":"https:\/\/naturvernforbundet.no\/moreogromsdal\/#\/schema\/person\/c72f198205979084bf071deedb6205f4","name":"Artikkelimport\u00f8r","image":{"@type":"ImageObject","inLanguage":"nb-NO","@id":"https:\/\/naturvernforbundet.no\/moreogromsdal\/#\/schema\/person\/image\/","url":"https:\/\/secure.gravatar.com\/avatar\/015fa491b9ed1c823ef16a5c930294d1?s=96&d=mm&r=g","contentUrl":"https:\/\/secure.gravatar.com\/avatar\/015fa491b9ed1c823ef16a5c930294d1?s=96&d=mm&r=g","caption":"Artikkelimport\u00f8r"},"url":"https:\/\/naturvernforbundet.no\/moreogromsdal\/author\/artikkelimportor\/"}]}},"_links":{"self":[{"href":"https:\/\/naturvernforbundet.no\/moreogromsdal\/wp-json\/wp\/v2\/posts\/614","targetHints":{"allow":["GET"]}}],"collection":[{"href":"https:\/\/naturvernforbundet.no\/moreogromsdal\/wp-json\/wp\/v2\/posts"}],"about":[{"href":"https:\/\/naturvernforbundet.no\/moreogromsdal\/wp-json\/wp\/v2\/types\/post"}],"author":[{"embeddable":true,"href":"https:\/\/naturvernforbundet.no\/moreogromsdal\/wp-json\/wp\/v2\/users\/38"}],"replies":[{"embeddable":true,"href":"https:\/\/naturvernforbundet.no\/moreogromsdal\/wp-json\/wp\/v2\/comments?post=614"}],"version-history":[{"count":0,"href":"https:\/\/naturvernforbundet.no\/moreogromsdal\/wp-json\/wp\/v2\/posts\/614\/revisions"}],"wp:attachment":[{"href":"https:\/\/naturvernforbundet.no\/moreogromsdal\/wp-json\/wp\/v2\/media?parent=614"}],"wp:term":[{"taxonomy":"category","embeddable":true,"href":"https:\/\/naturvernforbundet.no\/moreogromsdal\/wp-json\/wp\/v2\/categories?post=614"},{"taxonomy":"post_tag","embeddable":true,"href":"https:\/\/naturvernforbundet.no\/moreogromsdal\/wp-json\/wp\/v2\/tags?post=614"},{"taxonomy":"local","embeddable":true,"href":"https:\/\/naturvernforbundet.no\/moreogromsdal\/wp-json\/wp\/v2\/local?post=614"}],"curies":[{"name":"wp","href":"https:\/\/api.w.org\/{rel}","templated":true}]}}