{"id":623,"date":"2006-08-10T08:42:00","date_gmt":"2022-10-14T09:17:05","guid":{"rendered":"https:\/\/naturvernforbundet.no\/content\/uploads\/sites\/14\/2010\/02\/FiskC3A53.jpeg2028articledisplay29.jpe"},"modified":"2022-10-14T11:20:44","modified_gmt":"2022-10-14T09:20:44","slug":"18427","status":"publish","type":"post","link":"https:\/\/naturvernforbundet.no\/moreogromsdal\/18427\/","title":{"rendered":"Naturvernforbundet ber Enoksen utgreie energisparing"},"content":{"rendered":"\t<div class=\"template-post alignfull wp-block-naturvern-hero\">\n\t\t<div class=\"hero__inner\">\n\t\t\t<div class=\"hero__inner_blocks\">\n\t\t\t\t\t\t\t\t\n\t\t\t\t\t<h1 class=\"wp-block-post-title\">Naturvernforbundet ber Enoksen utgreie energisparing<\/h1>\n\n\t\t\t\t\t<div class=\"wp-block-post-excerpt\"><p class=\"wp-block-post-excerpt__excerpt\">Naturvernforbundet i M\u00f8re og Romsdal har saman med fylkeslaga i Nord- og S\u00f8r-Tr\u00f8ndelag laga eit utkast til ein rapport for l\u00f8ysing av den anstrengte kraftforsyningssituasjonen i regionen i \u00e5ra framover. No ber Naturvernforbundet olje- og energiminister Odd Roger Enoksen om \u00e5 innarbeide denne rapporten i sine forslag til Stortinget. <\/p><\/div>\n\n\t\t\t\t\t\n\n\t\t\t\t\t<div class=\"wp-block-naturvern-byline\">\n\t\t\t<div class=\"authors\">By <span class=\"t2-byline__author-link\">Artikkelimport\u00f8r<\/span><\/div>\n\t\t\t<small class=\"entry-date\">10.08.2006 08:42<\/small><small class=\"entry-date\"> | Sist oppdatert: 14.10.2022 11:20<\/small>\n\t\t<\/div>\n\t\t\t\t\t\t\t\t<\/div>\n\t\t\t\t\t<\/div>\n\t\t\t<\/div>\n\t\n<p>Energiforsyningssituasjonen i Midt-Noreg er pressa, s\u00e6rleg p\u00e5 grunn av industriutbyggingar p\u00e5 Sunndals\u00f8ra og Gossen. Samstundes kan overf\u00f8ringskapasiteten inn til regionen vere for d\u00e5rleg p\u00e5 dagar med h\u00f8gt forbruk. Dette har f\u00e5tt mykje fokus den siste tida, og det har kome mange gode og mindre gode forslag til l\u00f8ysingar. \n<\/p>\n\n\n\n<p>Fylkeslaga av Naturvernforbundet i M\u00f8re og Romsdal, Nord- og S\u00f8r-Tr\u00f8ndelag har den siste tida arbeidd med \u00e5 f\u00e5 fram korleis energiforsyninga kan tryggast p\u00e5 ein milj\u00f8messig akseptabel m\u00e5te. Rapporten fokuserer p\u00e5 forsyninga fram til 2010; det er lite realistisk med nye kraftliner eller gasskraft med CO2-handtering f\u00f8r dette. Rapportutkastet viser at det fram til 2010 er mogleg \u00e5 sikre ein forsvarleg kraftsituasjon i Midt-Noreg utan uakseptable milj\u00f8ulemper, men d\u00e5 er det n\u00f8dvendig med ei massiv satsing p\u00e5 energisparing. \n<\/p>\n\n\n\n<p>&#8211; I den gasseuforien som har herja Midt-Noreg har det ikkje vore mogleg for Naturvernforbundet \u00e5 f\u00e5 til ein god debatt om energisparing, seier \u00d8ystein Folden, leiar i Naturvernforbundet i M\u00f8re og Romsdal.. &#8211; Politikarar og andre samfunnsakt\u00f8rar er meir opptatte av \u00e5 prate om gasskraft, ei dyr og d\u00e5rleg l\u00f8ysing som krev massiv subsidiering. \n<\/p>\n\n\n\n<p>Naturvernforbundet sender difor no rapportutkastet til olje- og energiminister Odd Roger Enoksen. Han har lova Stortinget \u00e5 legge fram forslag til l\u00f8ysingar for situasjonen i Midt-Noreg. &#8211; Sj\u00f8lv om Naturvernforbundet ikkje har f\u00e5tt kvalitetssikra alle opplysningane i rapportutkastet, meiner vi det er viktig \u00e5 f\u00e5 energisparing p\u00e5 dagsorden no, seier \u00d8ystein Folden. \n<\/p>\n\n\n\n<p><b>Konkret vil Naturvernforbundet utfordre Enoksen til \u00e5 g\u00e5 gjennom forslaga fr\u00e5 Naturvernforbundet punkt for punkt og kommentere desse. <\/b>\n<\/p>\n\n\n\n<p><i>Leiar \u00d8ystein Folden i Naturvernforbundet i M\u00f8re og Romsdal har telefon 91 81 25 42.<\/i> \n<\/p>\n\n\n\n<p><a title=\"\/cgi-bin\/naturvern\/imaker?id=32&amp;visdybde=1&amp;aktiv=32\" href=\"\/cgi-bin\/naturvern\/imaker?id=32&amp;visdybde=1&amp;aktiv=32\" target=\"linkvindu\" rel=\"noopener\">Ja, dette er viktig. Eg vil bli medlem i Naturvernforbundet<\/a><\/p>\n\n\n\n\n\n<p><a title=\"\/cgi-bin\/naturvern\/imaker?id=25252\" href=\"\/cgi-bin\/naturvern\/imaker?id=25252\" target=\"linkvindu\" rel=\"noopener\">Eg vil gjerne st\u00f8tte arbeidet Naturvernforbundets gj\u00f8r for \u00e5 redusere energibruk og klimaendringar<\/a><\/p>\n\n\n\n\n\n<p><a href=\"\/imakerdata\/f\/0\/89\/62\/2_2401_0\/kraftkrise.pdf\">Rapportutkastet fr\u00e5 Naturvernforbundet<\/a><\/p>\n\n\n\n<p><a href=\"\/imakerdata\/f\/0\/89\/62\/7_2401_0\/Enoksen_energisparing.pdf\">Brevet fr\u00e5 Naturvernforbundet til Odd Roger Enoksen<\/a><\/p>\n\n\n\n<p><a href=\"\/imakerdata\/f\/0\/89\/91\/7_2401_0\/Sunnmorsposten_16._august_2006.pdf\">Naturvernforbundet ber om gransking av korleis situasjonen i Midt-Noreg har oppst\u00e5tt<\/a><\/p>\n\n\n\n<p><a href=\"\/imakerdata\/f\/0\/99\/98\/2_2401_0\/VarmepumpenesbidragCOWI1205.pdf\">Rapport: Varmepumpens bidrag til redusert energibruk i Norge<\/a><\/p>\n\n\n\n<p><a href=\"\/imakerdata\/f\/0\/99\/98\/7_2401_0\/Grunnlagsrapport_offentlig.pdf\">Rapport: Baseline &#8211; framskriving av energiforbruket til 2020<\/a><\/p>\n\n\n\n<p><a href=\"\/imakerdata\/f\/0\/99\/98\/8_2401_0\/Kraftsit_M_N_-SKM.ppt\">Enova: Analyse av kraftsituasjonen i Midt-Norge frem mot \u00e5r 2010<\/a><\/p>\n\n\n\n<p><a href=\"\/imakerdata\/f\/0\/99\/98\/9_2401_0\/Kraftsit_Midt-Norge_-_mai_2006.ppt\">Enova: Kraftsituasjonen i Midt-Norge 2010<\/a><\/p>\n\n\n\n<p><a href=\"\/imakerdata\/f\/0\/99\/99\/0_2401_0\/Kraftsit_M-N_oppdatert_forbruksprognose_mai_06.ppt\">M\u00f8re og Romsdal-grafen<\/a><\/p>\n\n\n\n<figure class=\"wp-block-image\"><img decoding=\"async\" src=\"\/imakerdata\/b\/1\/00\/24\/1_2701_0.jpg\" alt=\"\"\/><\/figure>\n\n\n\n<p><\/p>\n\n\n\n<figure class=\"wp-block-image\"><img decoding=\"async\" src=\"\/imakerdata\/b\/1\/00\/24\/2_2701_0.jpg\" alt=\"\"\/><\/figure>\n\n\n\n<p><\/p>\n\n\n\n<figure class=\"wp-block-image\"><img decoding=\"async\" src=\"\/imakerdata\/b\/1\/00\/24\/3_2701_0.jpg\" alt=\"\"\/><\/figure>\n\n\n\n<p><\/p>\n","protected":false},"excerpt":{"rendered":"<p>Naturvernforbundet i M\u00f8re og Romsdal har saman med fylkeslaga i Nord- og S\u00f8r-Tr\u00f8ndelag laga eit utkast til ein rapport for l\u00f8ysing av den anstrengte kraftforsyningssituasjonen i regionen i \u00e5ra framover. No ber Naturvernforbundet olje- og energiminister Odd Roger Enoksen om \u00e5 innarbeide denne rapporten i sine forslag til Stortinget.<\/p>\n","protected":false},"author":38,"featured_media":0,"comment_status":"closed","ping_status":"closed","sticky":false,"template":"","format":"standard","meta":{"_relevanssi_hide_post":"","_relevanssi_hide_content":"","_relevanssi_pin_for_all":"","_relevanssi_pin_keywords":"","_relevanssi_unpin_keywords":"","_relevanssi_related_keywords":"","_relevanssi_related_include_ids":"","_relevanssi_related_exclude_ids":"","_relevanssi_related_no_append":"","_relevanssi_related_not_related":"","_relevanssi_related_posts":"","_relevanssi_noindex_reason":"","hide_logo":false,"footnotes":""},"categories":[19],"tags":[],"local":[],"class_list":["post-623","post","type-post","status-publish","format-standard","hentry","category-klima"],"acf":[],"yoast_head":"<!-- This site is optimized with the Yoast SEO plugin v24.9 - https:\/\/yoast.com\/wordpress\/plugins\/seo\/ -->\n<title>Naturvernforbundet ber Enoksen utgreie energisparing - M\u00f8re og Romsdal<\/title>\n<meta name=\"robots\" content=\"index, follow, max-snippet:-1, max-image-preview:large, max-video-preview:-1\" \/>\n<link rel=\"canonical\" href=\"https:\/\/naturvernforbundet.no\/moreogromsdal\/18427\/\" \/>\n<meta property=\"og:locale\" content=\"nb_NO\" \/>\n<meta property=\"og:type\" content=\"article\" \/>\n<meta property=\"og:title\" content=\"Naturvernforbundet ber Enoksen utgreie energisparing - M\u00f8re og Romsdal\" \/>\n<meta property=\"og:description\" content=\"Naturvernforbundet i M\u00f8re og Romsdal har saman med fylkeslaga i Nord- og S\u00f8r-Tr\u00f8ndelag laga eit utkast til ein rapport for l\u00f8ysing av den anstrengte kraftforsyningssituasjonen i regionen i \u00e5ra framover. No ber Naturvernforbundet olje- og energiminister Odd Roger Enoksen om \u00e5 innarbeide denne rapporten i sine forslag til Stortinget.\" \/>\n<meta property=\"og:url\" content=\"https:\/\/naturvernforbundet.no\/moreogromsdal\/18427\/\" \/>\n<meta property=\"og:site_name\" content=\"M\u00f8re og Romsdal\" \/>\n<meta property=\"article:published_time\" content=\"2022-10-14T09:17:05+00:00\" \/>\n<meta property=\"article:modified_time\" content=\"2022-10-14T09:20:44+00:00\" \/>\n<meta name=\"author\" content=\"Artikkelimport\u00f8r\" \/>\n<meta name=\"twitter:card\" content=\"summary_large_image\" \/>\n<meta name=\"twitter:label1\" content=\"Skrevet av\" \/>\n\t<meta name=\"twitter:data1\" content=\"Artikkelimport\u00f8r\" \/>\n\t<meta name=\"twitter:label2\" content=\"Ansl. lesetid\" \/>\n\t<meta name=\"twitter:data2\" content=\"2 minutter\" \/>\n<script type=\"application\/ld+json\" class=\"yoast-schema-graph\">{\"@context\":\"https:\/\/schema.org\",\"@graph\":[{\"@type\":\"WebPage\",\"@id\":\"https:\/\/naturvernforbundet.no\/moreogromsdal\/18427\/\",\"url\":\"https:\/\/naturvernforbundet.no\/moreogromsdal\/18427\/\",\"name\":\"Naturvernforbundet ber Enoksen utgreie energisparing - M\u00f8re og Romsdal\",\"isPartOf\":{\"@id\":\"https:\/\/naturvernforbundet.no\/moreogromsdal\/#website\"},\"datePublished\":\"2022-10-14T09:17:05+00:00\",\"dateModified\":\"2022-10-14T09:20:44+00:00\",\"author\":{\"@id\":\"https:\/\/naturvernforbundet.no\/moreogromsdal\/#\/schema\/person\/c72f198205979084bf071deedb6205f4\"},\"breadcrumb\":{\"@id\":\"https:\/\/naturvernforbundet.no\/moreogromsdal\/18427\/#breadcrumb\"},\"inLanguage\":\"nb-NO\",\"potentialAction\":[{\"@type\":\"ReadAction\",\"target\":[\"https:\/\/naturvernforbundet.no\/moreogromsdal\/18427\/\"]}]},{\"@type\":\"BreadcrumbList\",\"@id\":\"https:\/\/naturvernforbundet.no\/moreogromsdal\/18427\/#breadcrumb\",\"itemListElement\":[{\"@type\":\"ListItem\",\"position\":1,\"name\":\"Till naturvernforbundet.no\",\"item\":\"https:\/\/naturvernforbundet.no\/\"},{\"@type\":\"ListItem\",\"position\":2,\"name\":\"M\u00f8re og Romsdal\",\"item\":\"https:\/\/naturvernforbundet.no\/moreogromsdal\/\"},{\"@type\":\"ListItem\",\"position\":3,\"name\":\"Fisk\u00e5holmen &#8211; barn og unge sine rettar\",\"item\":\"https:\/\/naturvernforbundet.no\/moreogromsdal\/fiskaholmen-barn-og-unge-sine-rettar\/\"},{\"@type\":\"ListItem\",\"position\":4,\"name\":\"Naturvernforbundet ber Enoksen utgreie energisparing\"}]},{\"@type\":\"WebSite\",\"@id\":\"https:\/\/naturvernforbundet.no\/moreogromsdal\/#website\",\"url\":\"https:\/\/naturvernforbundet.no\/moreogromsdal\/\",\"name\":\"M\u00f8re og Romsdal\",\"description\":\"Bare enda et Naturvernforbundet Sites-nettsted\",\"potentialAction\":[{\"@type\":\"SearchAction\",\"target\":{\"@type\":\"EntryPoint\",\"urlTemplate\":\"https:\/\/naturvernforbundet.no\/moreogromsdal\/?s={search_term_string}\"},\"query-input\":{\"@type\":\"PropertyValueSpecification\",\"valueRequired\":true,\"valueName\":\"search_term_string\"}}],\"inLanguage\":\"nb-NO\"},{\"@type\":\"Person\",\"@id\":\"https:\/\/naturvernforbundet.no\/moreogromsdal\/#\/schema\/person\/c72f198205979084bf071deedb6205f4\",\"name\":\"Artikkelimport\u00f8r\",\"image\":{\"@type\":\"ImageObject\",\"inLanguage\":\"nb-NO\",\"@id\":\"https:\/\/naturvernforbundet.no\/moreogromsdal\/#\/schema\/person\/image\/\",\"url\":\"https:\/\/secure.gravatar.com\/avatar\/015fa491b9ed1c823ef16a5c930294d1?s=96&d=mm&r=g\",\"contentUrl\":\"https:\/\/secure.gravatar.com\/avatar\/015fa491b9ed1c823ef16a5c930294d1?s=96&d=mm&r=g\",\"caption\":\"Artikkelimport\u00f8r\"},\"url\":\"https:\/\/naturvernforbundet.no\/moreogromsdal\/author\/artikkelimportor\/\"}]}<\/script>\n<!-- \/ Yoast SEO plugin. -->","yoast_head_json":{"title":"Naturvernforbundet ber Enoksen utgreie energisparing - M\u00f8re og Romsdal","robots":{"index":"index","follow":"follow","max-snippet":"max-snippet:-1","max-image-preview":"max-image-preview:large","max-video-preview":"max-video-preview:-1"},"canonical":"https:\/\/naturvernforbundet.no\/moreogromsdal\/18427\/","og_locale":"nb_NO","og_type":"article","og_title":"Naturvernforbundet ber Enoksen utgreie energisparing - M\u00f8re og Romsdal","og_description":"Naturvernforbundet i M\u00f8re og Romsdal har saman med fylkeslaga i Nord- og S\u00f8r-Tr\u00f8ndelag laga eit utkast til ein rapport for l\u00f8ysing av den anstrengte kraftforsyningssituasjonen i regionen i \u00e5ra framover. No ber Naturvernforbundet olje- og energiminister Odd Roger Enoksen om \u00e5 innarbeide denne rapporten i sine forslag til Stortinget.","og_url":"https:\/\/naturvernforbundet.no\/moreogromsdal\/18427\/","og_site_name":"M\u00f8re og Romsdal","article_published_time":"2022-10-14T09:17:05+00:00","article_modified_time":"2022-10-14T09:20:44+00:00","author":"Artikkelimport\u00f8r","twitter_card":"summary_large_image","twitter_misc":{"Skrevet av":"Artikkelimport\u00f8r","Ansl. lesetid":"2 minutter"},"schema":{"@context":"https:\/\/schema.org","@graph":[{"@type":"WebPage","@id":"https:\/\/naturvernforbundet.no\/moreogromsdal\/18427\/","url":"https:\/\/naturvernforbundet.no\/moreogromsdal\/18427\/","name":"Naturvernforbundet ber Enoksen utgreie energisparing - M\u00f8re og Romsdal","isPartOf":{"@id":"https:\/\/naturvernforbundet.no\/moreogromsdal\/#website"},"datePublished":"2022-10-14T09:17:05+00:00","dateModified":"2022-10-14T09:20:44+00:00","author":{"@id":"https:\/\/naturvernforbundet.no\/moreogromsdal\/#\/schema\/person\/c72f198205979084bf071deedb6205f4"},"breadcrumb":{"@id":"https:\/\/naturvernforbundet.no\/moreogromsdal\/18427\/#breadcrumb"},"inLanguage":"nb-NO","potentialAction":[{"@type":"ReadAction","target":["https:\/\/naturvernforbundet.no\/moreogromsdal\/18427\/"]}]},{"@type":"BreadcrumbList","@id":"https:\/\/naturvernforbundet.no\/moreogromsdal\/18427\/#breadcrumb","itemListElement":[{"@type":"ListItem","position":1,"name":"Till naturvernforbundet.no","item":"https:\/\/naturvernforbundet.no\/"},{"@type":"ListItem","position":2,"name":"M\u00f8re og Romsdal","item":"https:\/\/naturvernforbundet.no\/moreogromsdal\/"},{"@type":"ListItem","position":3,"name":"Fisk\u00e5holmen &#8211; barn og unge sine rettar","item":"https:\/\/naturvernforbundet.no\/moreogromsdal\/fiskaholmen-barn-og-unge-sine-rettar\/"},{"@type":"ListItem","position":4,"name":"Naturvernforbundet ber Enoksen utgreie energisparing"}]},{"@type":"WebSite","@id":"https:\/\/naturvernforbundet.no\/moreogromsdal\/#website","url":"https:\/\/naturvernforbundet.no\/moreogromsdal\/","name":"M\u00f8re og Romsdal","description":"Bare enda et Naturvernforbundet Sites-nettsted","potentialAction":[{"@type":"SearchAction","target":{"@type":"EntryPoint","urlTemplate":"https:\/\/naturvernforbundet.no\/moreogromsdal\/?s={search_term_string}"},"query-input":{"@type":"PropertyValueSpecification","valueRequired":true,"valueName":"search_term_string"}}],"inLanguage":"nb-NO"},{"@type":"Person","@id":"https:\/\/naturvernforbundet.no\/moreogromsdal\/#\/schema\/person\/c72f198205979084bf071deedb6205f4","name":"Artikkelimport\u00f8r","image":{"@type":"ImageObject","inLanguage":"nb-NO","@id":"https:\/\/naturvernforbundet.no\/moreogromsdal\/#\/schema\/person\/image\/","url":"https:\/\/secure.gravatar.com\/avatar\/015fa491b9ed1c823ef16a5c930294d1?s=96&d=mm&r=g","contentUrl":"https:\/\/secure.gravatar.com\/avatar\/015fa491b9ed1c823ef16a5c930294d1?s=96&d=mm&r=g","caption":"Artikkelimport\u00f8r"},"url":"https:\/\/naturvernforbundet.no\/moreogromsdal\/author\/artikkelimportor\/"}]}},"_links":{"self":[{"href":"https:\/\/naturvernforbundet.no\/moreogromsdal\/wp-json\/wp\/v2\/posts\/623","targetHints":{"allow":["GET"]}}],"collection":[{"href":"https:\/\/naturvernforbundet.no\/moreogromsdal\/wp-json\/wp\/v2\/posts"}],"about":[{"href":"https:\/\/naturvernforbundet.no\/moreogromsdal\/wp-json\/wp\/v2\/types\/post"}],"author":[{"embeddable":true,"href":"https:\/\/naturvernforbundet.no\/moreogromsdal\/wp-json\/wp\/v2\/users\/38"}],"replies":[{"embeddable":true,"href":"https:\/\/naturvernforbundet.no\/moreogromsdal\/wp-json\/wp\/v2\/comments?post=623"}],"version-history":[{"count":1,"href":"https:\/\/naturvernforbundet.no\/moreogromsdal\/wp-json\/wp\/v2\/posts\/623\/revisions"}],"predecessor-version":[{"id":1354,"href":"https:\/\/naturvernforbundet.no\/moreogromsdal\/wp-json\/wp\/v2\/posts\/623\/revisions\/1354"}],"wp:attachment":[{"href":"https:\/\/naturvernforbundet.no\/moreogromsdal\/wp-json\/wp\/v2\/media?parent=623"}],"wp:term":[{"taxonomy":"category","embeddable":true,"href":"https:\/\/naturvernforbundet.no\/moreogromsdal\/wp-json\/wp\/v2\/categories?post=623"},{"taxonomy":"post_tag","embeddable":true,"href":"https:\/\/naturvernforbundet.no\/moreogromsdal\/wp-json\/wp\/v2\/tags?post=623"},{"taxonomy":"local","embeddable":true,"href":"https:\/\/naturvernforbundet.no\/moreogromsdal\/wp-json\/wp\/v2\/local?post=623"}],"curies":[{"name":"wp","href":"https:\/\/api.w.org\/{rel}","templated":true}]}}