{"id":628,"date":"2006-05-18T22:36:00","date_gmt":"2006-05-18T20:36:00","guid":{"rendered":"https:\/\/naturvernforbundet.no\/moreogromsdal\/nesset-kommune-og-lokal-forvaltning\/"},"modified":"2006-05-18T22:36:00","modified_gmt":"2006-05-18T20:36:00","slug":"nesset-kommune-og-lokal-forvaltning","status":"publish","type":"post","link":"https:\/\/naturvernforbundet.no\/moreogromsdal\/nesset-kommune-og-lokal-forvaltning\/","title":{"rendered":"Nesset kommune og lokal forvaltning"},"content":{"rendered":"\t<div class=\"template-post alignfull wp-block-naturvern-hero\">\n\t\t<div class=\"hero__inner\">\n\t\t\t<div class=\"hero__inner_blocks\">\n\t\t\t\t\t\t\t\t\n\t\t\t\t\t<h1 class=\"wp-block-post-title\">Nesset kommune og lokal forvaltning<\/h1>\n\n\t\t\t\t\t<div class=\"wp-block-post-excerpt\"><p class=\"wp-block-post-excerpt__excerpt\">Naturvernforbundet ser av Driva for 26. april at Per Even Opsal, leiar av driftsstyret i Nesset har klare oppfatningar om fylkesdelplanen for Dovrefjellomr\u00e5det. Viss synspunkta som kjem fram er Nesset kommune sin strategi for \u00e5 f\u00e5 lokal styring med areal og naturressursar innan kommunen, er Naturvernforbundet ganske sikre p\u00e5 at dette ikkje vil lukkast. <\/p><\/div>\n\n\t\t\t\t\t\n\n\t\t\t\t\t<div class=\"wp-block-naturvern-byline\">\n\t\t\t<div class=\"authors\">By <span class=\"t2-byline__author-link\">Artikkelimport\u00f8r<\/span><\/div>\n\t\t\t<small class=\"entry-date\">18.05.2006 22:36<\/small>\n\t\t<\/div>\n\t\t\t\t\t\t\t\t<\/div>\n\t\t\t\t\t<\/div>\n\t\t\t<\/div>\n\t\n<p>Arealdisponering er ingen enkel kunst, og det er i alle fall ikkje enkelt \u00e5 f\u00e5 det til med politisk utgangspunkt der naboar og sambygdingar har interesser som er i strid med samfunnet sine overordna m\u00e5l. D\u00e5 skal det og ryggrad til for \u00e5 forvalte verneverdiane slik at dei ikkje blir svekka eller blir \u00f8ydelagde. Dette er vanskelegare jo meir lokalt niv\u00e5 det er tale om.\n<\/p>\n\n\n\n<p>Naturvernforbundet deler Opsal si otte for at jordbruket sine k\u00e5r g\u00e5r utover busettinga i bygdene. Men det blir feil n\u00e5r l\u00f8ysinga p\u00e5 dette er at verneverdiar blir kasta p\u00e5 b\u00e5ten for at grunneigarrettar kan bli nytta ut uhemma. Det er \u00e5 l\u00f8yse eit problem og samstundes skape nye problem som er mykje st\u00f8rre.\n<\/p>\n\n\n\n<p>Overf\u00f8ringane til landbruket kan nok vere i fare, men det b\u00f8r ikkje vere noko stort problem \u00e5 f\u00e5 til l\u00f8ysingar der landbruket f\u00e5r nyte godt av midla likevel. Den dagen l\u00f8yvingane ikkje kan skje over landbruksdepartementet sitt budsjett, vil tida vere inne for \u00e5 setje dei p\u00e5 milj\u00f8verndepartementet sitt budsjett i staden. Det er bruk for mykje skj\u00f8tsel av naturomr\u00e5de i \u00e5ra framover, og det er trong for mange f\u00f8ter og hender i det arbeidet. Innan d\u00e5 b\u00f8r grunneigarar ha f\u00f8rebudd seg godt. For n\u00e5r den dagen kjem blir det sp\u00f8rsm\u00e5l etter lokale personar som har skaffa seg innsikt i \u00e5 ta vare p\u00e5 naturen p\u00e5 naturen sine eigne premiss. Med dei naturverdiane som finst i Eikesdal og fjella rundt, er det mykje arbeid som skal gjerast, og store summar som skal brukast. Men er det r\u00e5d \u00e5 bruke politikarar og grunneigarar som over lang tid har motarbeidd verneverdiane? Det er i alle fall vanskeleg. Difor b\u00f8r b\u00e5de politikarar og grunneigarar i Eikesdal ta skeia i ei anna hand, sj\u00e5 dei moglegheitene som finst i naturverdiane og utvikle desse langsiktig og p\u00e5 naturen sine eigne premiss. D\u00e5 finst det mykje framtid i Eikesdal.\n<\/p>\n\n\n\n<p>F\u00f8rste steg i denne prosessen er \u00e5 g\u00e5 inn for det nye framlegget til fylkesdelplan. Det neste kan vere \u00e5 droppe alpinplanane og n\u00e5r ein f\u00f8rst er i rennet kan ein trekke klaga p\u00e5 vedtaket til fylkesmannen n\u00e5r deg gjeld motorferdsel i samband med alpinplanane. \n<\/p>\n\n\n\n<p>Det blir og stilt sp\u00f8rsm\u00e5l om n\u00e6ringslivet b\u00f8r ha st\u00f8rre innverknad i Dovrefjellr\u00e5det. I dette r\u00e5det sit det stort sett politikarar. Er det noko som er typisk for politikarar er det at n\u00e6ringsomsyn p\u00e5verkar deira vedtak. Dette kjem heilt av seg sj\u00f8lv. Vernetanken har til vanleg langt d\u00e5rlegare k\u00e5r. Politikarar har til vanleg ingen skruplar med \u00e5 ete litt her og der av veneverdiar, og dele dei ut til alle andre gode f\u00f8rem\u00e5l. I s\u00e5 m\u00e5te har Dovrefjellr\u00e5det i st\u00f8rre grad enn vi er vant med tatt avgjerder til gode for verneverdiane. Dette kan love godt for framtida. Men Nesset har ein lang veg \u00e5 g\u00e5 viss dei vil vere med p\u00e5 slike prosjekt.\n<\/p>\n\n\n\n<p>\u00d8ystein Folden\n<\/p>\n\n\n\n<p>Leiar, Naturvernforbundet i M\u00f8re og Romsdal\n<a>Ja, dette er viktig. Jeg vil bli medlem i Naturvernforbundet<\/a><br><\/p>\n\n\n\n\n\n<p><a>Jeg vil gjerne st\u00f8tte Naturvernforbundets arbeid for \u00e5 ta vare p\u00e5 naturen<\/a><\/p>\n\n\n","protected":false},"excerpt":{"rendered":"<p>Naturvernforbundet ser av Driva for 26. april at Per Even Opsal, leiar av driftsstyret i Nesset har klare oppfatningar om fylkesdelplanen for Dovrefjellomr\u00e5det. Viss synspunkta som kjem fram er Nesset kommune sin strategi for \u00e5 f\u00e5 lokal styring med areal og naturressursar innan kommunen, er Naturvernforbundet ganske sikre p\u00e5 at dette ikkje vil lukkast.<\/p>\n","protected":false},"author":38,"featured_media":0,"comment_status":"closed","ping_status":"closed","sticky":false,"template":"","format":"standard","meta":{"_relevanssi_hide_post":"","_relevanssi_hide_content":"","_relevanssi_pin_for_all":"","_relevanssi_pin_keywords":"","_relevanssi_unpin_keywords":"","_relevanssi_related_keywords":"","_relevanssi_related_include_ids":"","_relevanssi_related_exclude_ids":"","_relevanssi_related_no_append":"","_relevanssi_related_not_related":"","_relevanssi_related_posts":"","_relevanssi_noindex_reason":"","hide_logo":false,"footnotes":""},"categories":[16],"tags":[],"local":[],"class_list":["post-628","post","type-post","status-publish","format-standard","hentry","category-naturmangfold"],"acf":[],"yoast_head":"<!-- This site is optimized with the Yoast SEO plugin v24.9 - https:\/\/yoast.com\/wordpress\/plugins\/seo\/ -->\n<title>Nesset kommune og lokal forvaltning - M\u00f8re og Romsdal<\/title>\n<meta name=\"robots\" content=\"index, follow, max-snippet:-1, max-image-preview:large, max-video-preview:-1\" \/>\n<link rel=\"canonical\" href=\"https:\/\/naturvernforbundet.no\/moreogromsdal\/nesset-kommune-og-lokal-forvaltning\/\" \/>\n<meta property=\"og:locale\" content=\"nb_NO\" \/>\n<meta property=\"og:type\" content=\"article\" \/>\n<meta property=\"og:title\" content=\"Nesset kommune og lokal forvaltning - M\u00f8re og Romsdal\" \/>\n<meta property=\"og:description\" content=\"Naturvernforbundet ser av Driva for 26. april at Per Even Opsal, leiar av driftsstyret i Nesset har klare oppfatningar om fylkesdelplanen for Dovrefjellomr\u00e5det. Viss synspunkta som kjem fram er Nesset kommune sin strategi for \u00e5 f\u00e5 lokal styring med areal og naturressursar innan kommunen, er Naturvernforbundet ganske sikre p\u00e5 at dette ikkje vil lukkast.\" \/>\n<meta property=\"og:url\" content=\"https:\/\/naturvernforbundet.no\/moreogromsdal\/nesset-kommune-og-lokal-forvaltning\/\" \/>\n<meta property=\"og:site_name\" content=\"M\u00f8re og Romsdal\" \/>\n<meta property=\"article:published_time\" content=\"2006-05-18T20:36:00+00:00\" \/>\n<meta name=\"author\" content=\"Artikkelimport\u00f8r\" \/>\n<meta name=\"twitter:card\" content=\"summary_large_image\" \/>\n<meta name=\"twitter:label1\" content=\"Skrevet av\" \/>\n\t<meta name=\"twitter:data1\" content=\"Artikkelimport\u00f8r\" \/>\n\t<meta name=\"twitter:label2\" content=\"Ansl. lesetid\" \/>\n\t<meta name=\"twitter:data2\" content=\"3 minutter\" \/>\n<script type=\"application\/ld+json\" class=\"yoast-schema-graph\">{\"@context\":\"https:\/\/schema.org\",\"@graph\":[{\"@type\":\"WebPage\",\"@id\":\"https:\/\/naturvernforbundet.no\/moreogromsdal\/nesset-kommune-og-lokal-forvaltning\/\",\"url\":\"https:\/\/naturvernforbundet.no\/moreogromsdal\/nesset-kommune-og-lokal-forvaltning\/\",\"name\":\"Nesset kommune og lokal forvaltning - M\u00f8re og Romsdal\",\"isPartOf\":{\"@id\":\"https:\/\/naturvernforbundet.no\/moreogromsdal\/#website\"},\"datePublished\":\"2006-05-18T20:36:00+00:00\",\"author\":{\"@id\":\"https:\/\/naturvernforbundet.no\/moreogromsdal\/#\/schema\/person\/c72f198205979084bf071deedb6205f4\"},\"breadcrumb\":{\"@id\":\"https:\/\/naturvernforbundet.no\/moreogromsdal\/nesset-kommune-og-lokal-forvaltning\/#breadcrumb\"},\"inLanguage\":\"nb-NO\",\"potentialAction\":[{\"@type\":\"ReadAction\",\"target\":[\"https:\/\/naturvernforbundet.no\/moreogromsdal\/nesset-kommune-og-lokal-forvaltning\/\"]}]},{\"@type\":\"BreadcrumbList\",\"@id\":\"https:\/\/naturvernforbundet.no\/moreogromsdal\/nesset-kommune-og-lokal-forvaltning\/#breadcrumb\",\"itemListElement\":[{\"@type\":\"ListItem\",\"position\":1,\"name\":\"Till naturvernforbundet.no\",\"item\":\"https:\/\/naturvernforbundet.no\/\"},{\"@type\":\"ListItem\",\"position\":2,\"name\":\"M\u00f8re og Romsdal\",\"item\":\"https:\/\/naturvernforbundet.no\/moreogromsdal\/\"},{\"@type\":\"ListItem\",\"position\":3,\"name\":\"Nesset kommune og lokal forvaltning\"}]},{\"@type\":\"WebSite\",\"@id\":\"https:\/\/naturvernforbundet.no\/moreogromsdal\/#website\",\"url\":\"https:\/\/naturvernforbundet.no\/moreogromsdal\/\",\"name\":\"M\u00f8re og Romsdal\",\"description\":\"Bare enda et Naturvernforbundet Sites-nettsted\",\"potentialAction\":[{\"@type\":\"SearchAction\",\"target\":{\"@type\":\"EntryPoint\",\"urlTemplate\":\"https:\/\/naturvernforbundet.no\/moreogromsdal\/?s={search_term_string}\"},\"query-input\":{\"@type\":\"PropertyValueSpecification\",\"valueRequired\":true,\"valueName\":\"search_term_string\"}}],\"inLanguage\":\"nb-NO\"},{\"@type\":\"Person\",\"@id\":\"https:\/\/naturvernforbundet.no\/moreogromsdal\/#\/schema\/person\/c72f198205979084bf071deedb6205f4\",\"name\":\"Artikkelimport\u00f8r\",\"image\":{\"@type\":\"ImageObject\",\"inLanguage\":\"nb-NO\",\"@id\":\"https:\/\/naturvernforbundet.no\/moreogromsdal\/#\/schema\/person\/image\/\",\"url\":\"https:\/\/secure.gravatar.com\/avatar\/015fa491b9ed1c823ef16a5c930294d1?s=96&d=mm&r=g\",\"contentUrl\":\"https:\/\/secure.gravatar.com\/avatar\/015fa491b9ed1c823ef16a5c930294d1?s=96&d=mm&r=g\",\"caption\":\"Artikkelimport\u00f8r\"},\"url\":\"https:\/\/naturvernforbundet.no\/moreogromsdal\/author\/artikkelimportor\/\"}]}<\/script>\n<!-- \/ Yoast SEO plugin. -->","yoast_head_json":{"title":"Nesset kommune og lokal forvaltning - M\u00f8re og Romsdal","robots":{"index":"index","follow":"follow","max-snippet":"max-snippet:-1","max-image-preview":"max-image-preview:large","max-video-preview":"max-video-preview:-1"},"canonical":"https:\/\/naturvernforbundet.no\/moreogromsdal\/nesset-kommune-og-lokal-forvaltning\/","og_locale":"nb_NO","og_type":"article","og_title":"Nesset kommune og lokal forvaltning - M\u00f8re og Romsdal","og_description":"Naturvernforbundet ser av Driva for 26. april at Per Even Opsal, leiar av driftsstyret i Nesset har klare oppfatningar om fylkesdelplanen for Dovrefjellomr\u00e5det. Viss synspunkta som kjem fram er Nesset kommune sin strategi for \u00e5 f\u00e5 lokal styring med areal og naturressursar innan kommunen, er Naturvernforbundet ganske sikre p\u00e5 at dette ikkje vil lukkast.","og_url":"https:\/\/naturvernforbundet.no\/moreogromsdal\/nesset-kommune-og-lokal-forvaltning\/","og_site_name":"M\u00f8re og Romsdal","article_published_time":"2006-05-18T20:36:00+00:00","author":"Artikkelimport\u00f8r","twitter_card":"summary_large_image","twitter_misc":{"Skrevet av":"Artikkelimport\u00f8r","Ansl. lesetid":"3 minutter"},"schema":{"@context":"https:\/\/schema.org","@graph":[{"@type":"WebPage","@id":"https:\/\/naturvernforbundet.no\/moreogromsdal\/nesset-kommune-og-lokal-forvaltning\/","url":"https:\/\/naturvernforbundet.no\/moreogromsdal\/nesset-kommune-og-lokal-forvaltning\/","name":"Nesset kommune og lokal forvaltning - M\u00f8re og Romsdal","isPartOf":{"@id":"https:\/\/naturvernforbundet.no\/moreogromsdal\/#website"},"datePublished":"2006-05-18T20:36:00+00:00","author":{"@id":"https:\/\/naturvernforbundet.no\/moreogromsdal\/#\/schema\/person\/c72f198205979084bf071deedb6205f4"},"breadcrumb":{"@id":"https:\/\/naturvernforbundet.no\/moreogromsdal\/nesset-kommune-og-lokal-forvaltning\/#breadcrumb"},"inLanguage":"nb-NO","potentialAction":[{"@type":"ReadAction","target":["https:\/\/naturvernforbundet.no\/moreogromsdal\/nesset-kommune-og-lokal-forvaltning\/"]}]},{"@type":"BreadcrumbList","@id":"https:\/\/naturvernforbundet.no\/moreogromsdal\/nesset-kommune-og-lokal-forvaltning\/#breadcrumb","itemListElement":[{"@type":"ListItem","position":1,"name":"Till naturvernforbundet.no","item":"https:\/\/naturvernforbundet.no\/"},{"@type":"ListItem","position":2,"name":"M\u00f8re og Romsdal","item":"https:\/\/naturvernforbundet.no\/moreogromsdal\/"},{"@type":"ListItem","position":3,"name":"Nesset kommune og lokal forvaltning"}]},{"@type":"WebSite","@id":"https:\/\/naturvernforbundet.no\/moreogromsdal\/#website","url":"https:\/\/naturvernforbundet.no\/moreogromsdal\/","name":"M\u00f8re og Romsdal","description":"Bare enda et Naturvernforbundet Sites-nettsted","potentialAction":[{"@type":"SearchAction","target":{"@type":"EntryPoint","urlTemplate":"https:\/\/naturvernforbundet.no\/moreogromsdal\/?s={search_term_string}"},"query-input":{"@type":"PropertyValueSpecification","valueRequired":true,"valueName":"search_term_string"}}],"inLanguage":"nb-NO"},{"@type":"Person","@id":"https:\/\/naturvernforbundet.no\/moreogromsdal\/#\/schema\/person\/c72f198205979084bf071deedb6205f4","name":"Artikkelimport\u00f8r","image":{"@type":"ImageObject","inLanguage":"nb-NO","@id":"https:\/\/naturvernforbundet.no\/moreogromsdal\/#\/schema\/person\/image\/","url":"https:\/\/secure.gravatar.com\/avatar\/015fa491b9ed1c823ef16a5c930294d1?s=96&d=mm&r=g","contentUrl":"https:\/\/secure.gravatar.com\/avatar\/015fa491b9ed1c823ef16a5c930294d1?s=96&d=mm&r=g","caption":"Artikkelimport\u00f8r"},"url":"https:\/\/naturvernforbundet.no\/moreogromsdal\/author\/artikkelimportor\/"}]}},"_links":{"self":[{"href":"https:\/\/naturvernforbundet.no\/moreogromsdal\/wp-json\/wp\/v2\/posts\/628","targetHints":{"allow":["GET"]}}],"collection":[{"href":"https:\/\/naturvernforbundet.no\/moreogromsdal\/wp-json\/wp\/v2\/posts"}],"about":[{"href":"https:\/\/naturvernforbundet.no\/moreogromsdal\/wp-json\/wp\/v2\/types\/post"}],"author":[{"embeddable":true,"href":"https:\/\/naturvernforbundet.no\/moreogromsdal\/wp-json\/wp\/v2\/users\/38"}],"replies":[{"embeddable":true,"href":"https:\/\/naturvernforbundet.no\/moreogromsdal\/wp-json\/wp\/v2\/comments?post=628"}],"version-history":[{"count":0,"href":"https:\/\/naturvernforbundet.no\/moreogromsdal\/wp-json\/wp\/v2\/posts\/628\/revisions"}],"wp:attachment":[{"href":"https:\/\/naturvernforbundet.no\/moreogromsdal\/wp-json\/wp\/v2\/media?parent=628"}],"wp:term":[{"taxonomy":"category","embeddable":true,"href":"https:\/\/naturvernforbundet.no\/moreogromsdal\/wp-json\/wp\/v2\/categories?post=628"},{"taxonomy":"post_tag","embeddable":true,"href":"https:\/\/naturvernforbundet.no\/moreogromsdal\/wp-json\/wp\/v2\/tags?post=628"},{"taxonomy":"local","embeddable":true,"href":"https:\/\/naturvernforbundet.no\/moreogromsdal\/wp-json\/wp\/v2\/local?post=628"}],"curies":[{"name":"wp","href":"https:\/\/api.w.org\/{rel}","templated":true}]}}