{"id":676,"date":"2005-08-24T10:38:00","date_gmt":"2005-08-24T08:38:00","guid":{"rendered":"https:\/\/naturvernforbundet.no\/moreogromsdal\/interesser-bak-uttaler-til-minikraftverk-slik-naturvernforbundet-ser-det\/"},"modified":"2005-08-24T10:38:00","modified_gmt":"2005-08-24T08:38:00","slug":"interesser-bak-uttaler-til-minikraftverk-slik-naturvernforbundet-ser-det","status":"publish","type":"post","link":"https:\/\/naturvernforbundet.no\/moreogromsdal\/interesser-bak-uttaler-til-minikraftverk-slik-naturvernforbundet-ser-det\/","title":{"rendered":"Interesser bak uttaler til minikraftverk (slik Naturvernforbundet ser det)"},"content":{"rendered":"\t<div class=\"template-post alignfull wp-block-naturvern-hero\">\n\t\t<div class=\"hero__inner\">\n\t\t\t<div class=\"hero__inner_blocks\">\n\t\t\t\t\t\t\t\t\n\t\t\t\t\t<h1 class=\"wp-block-post-title\">Interesser bak uttaler til minikraftverk (slik Naturvernforbundet ser det)<\/h1>\n\n\t\t\t\t\t<div class=\"wp-block-post-excerpt\"><p class=\"wp-block-post-excerpt__excerpt\">Lesarinnlegg fr\u00e5 Naturvernforbundet i M\u00f8re og Romsdal <\/p><\/div>\n\n\t\t\t\t\t\n\n\t\t\t\t\t<div class=\"wp-block-naturvern-byline\">\n\t\t\t<div class=\"authors\">By <span class=\"t2-byline__author-link\">Artikkelimport\u00f8r<\/span><\/div>\n\t\t\t<small class=\"entry-date\">24.08.2005 10:38<\/small>\n\t\t<\/div>\n\t\t\t\t\t\t\t\t<\/div>\n\t\t\t\t\t<\/div>\n\t\t\t<\/div>\n\t\n<p>N\u00e5r nokon vil bygge eit minikraftverk, s\u00e5 skal s\u00f8knaden ut p\u00e5 h\u00f8yring. Det er mange som har rett til \u00e5 seie noko. Kva interesser ligg bak dei forskjellige akt\u00f8rane? F\u00e5r desse sakene  ei handsaming som ivaretek alle omsyn, eller er det nokon som fell igjennom? For konsesjonss\u00f8knader blir 49 av 50 saker innvilga. Det f\u00e5r oss til \u00e5 undrast.<br><br>Kommunen har\n&#8211; interesse av \u00e5 skape arbeidsplasser\n&#8211; interesse av \u00e5 skape skatteinntekter\n&#8211; interesse knytt til auka utbytte i kommunale kraftselskap\n&#8211; lokal milj\u00f8vernmyndigheit (men berre 1 av 10 kommunar har milj\u00f8fagleg utdanna person til \u00e5 arbeide med dette p\u00e5 heiltid)<br><br>Medlemmer av kommunalt organ kan ha ulike bindingar til energiproduksjon:\n&#8211; Medlem av styret til kommunalt eigd kraftselskap\n&#8211; Eigar av eige kraftverk\n&#8211; Eigar av fallrettar som kan s\u00f8kjast om til minikraftverk<br><br>Kor mange politikarar gjer seg til talsmenn for naturverdiane i desse sakene? <br><br>Fylket er\n&#8211; regional milj\u00f8vernmyndigheit\n&#8211; regional kulturminnevernmyndigheit<br><br>\u00d8verste leiar i fylket, fylkesordf\u00f8rar Jon Aasen har vedtatt at det er mangel p\u00e5 energi og vil bygge ut alt. Kor lett er det \u00e5 vere fagavdeling og seie sjefen midt i mot?<br><br>Turistforeninga\n&#8211; uttaler seg om korleis tiltak virker p\u00e5 turruter, hytter og friluftsliv.<br><br>Norsk ornitologisk forening\n&#8211; uttaler seg om korleis det kan g\u00e5 med fugl<br><br>Norges jeger- og fiskerforbund\n&#8211; uttaler seg om korleis tiltak sl\u00e5r ut for jakt og fiske <br><br>Naturvernforbundet\n&#8211; uttaler seg til korleis eit tiltak vil p\u00e5verke natur, naturopplevingar og biologisk mangfald.<br><br>Til slutt skal NVE gjere eit vedtak i saka. NVE skal vurdere om fordelen med tiltaket er st\u00f8rre enn ulempene, som eit vilk\u00e5r for \u00e5 kunne gje konsesjon. \nKva har s\u00e5 NVE gjort tidlegare med saka?\n&#8211; NVE har gjennomg\u00e5tt vassdraga i Noreg for \u00e5 finne ut kva vassdrag som kan vere l\u00f8nsame \u00e5 bygge ut, utan \u00e5 ta stilling til om det er t.d. naturverdiar i vassdraget.\n&#8211; NVE har turnert Noreg for \u00e5 halde seminar for potensielle s\u00f8kjarar for minikraftverk.\n&#8211; NVE driv hydrologiske utgreiingar for \u00e5 dokumentere potensialet i utbyggingar.\n&#8211; NVE har som m\u00e5l \u00e5 skaffe straum nok \u2013 s\u00e5 mykje vi vil ha.<br><br>KONKLUSJON:\nSamfunnet si rolle for \u00e5 ta vare p\u00e5 naturverdiar er i stor grad overlete til Naturvernforbundet, som eit dugnadsprosjekt. Alle dei \u00f8vrige lokale offentlege organa si handsaming av saka har andre interesser som gjer at naturverdiane kjem mykje eller heilt i skuggen. ER DETTE EI FORSVARLEG SAKSHANDSAMING?<br><br>\n\u00d8ystein Folden\nLeiar, Naturvernforbundet i M\u00f8re og Romsdal\nTelefon 91 81 25 42\nEpost moreromsdal(a)naturvern.no<\/p>\n","protected":false},"excerpt":{"rendered":"<p>Lesarinnlegg fr\u00e5 Naturvernforbundet i M\u00f8re og Romsdal<\/p>\n","protected":false},"author":38,"featured_media":0,"comment_status":"closed","ping_status":"closed","sticky":false,"template":"","format":"standard","meta":{"_relevanssi_hide_post":"","_relevanssi_hide_content":"","_relevanssi_pin_for_all":"","_relevanssi_pin_keywords":"","_relevanssi_unpin_keywords":"","_relevanssi_related_keywords":"","_relevanssi_related_include_ids":"","_relevanssi_related_exclude_ids":"","_relevanssi_related_no_append":"","_relevanssi_related_not_related":"","_relevanssi_related_posts":"","_relevanssi_noindex_reason":"","hide_logo":false,"footnotes":""},"categories":[13],"tags":[],"local":[],"class_list":["post-676","post","type-post","status-publish","format-standard","hentry","category-vasskraft"],"acf":[],"yoast_head":"<!-- This site is optimized with the Yoast SEO plugin v24.9 - https:\/\/yoast.com\/wordpress\/plugins\/seo\/ -->\n<title>Interesser bak uttaler til minikraftverk (slik Naturvernforbundet ser det) - M\u00f8re og Romsdal<\/title>\n<meta name=\"robots\" content=\"index, follow, max-snippet:-1, max-image-preview:large, max-video-preview:-1\" \/>\n<link rel=\"canonical\" href=\"https:\/\/naturvernforbundet.no\/moreogromsdal\/interesser-bak-uttaler-til-minikraftverk-slik-naturvernforbundet-ser-det\/\" \/>\n<meta property=\"og:locale\" content=\"nb_NO\" \/>\n<meta property=\"og:type\" content=\"article\" \/>\n<meta property=\"og:title\" content=\"Interesser bak uttaler til minikraftverk (slik Naturvernforbundet ser det) - M\u00f8re og Romsdal\" \/>\n<meta property=\"og:description\" content=\"Lesarinnlegg fr\u00e5 Naturvernforbundet i M\u00f8re og Romsdal\" \/>\n<meta property=\"og:url\" content=\"https:\/\/naturvernforbundet.no\/moreogromsdal\/interesser-bak-uttaler-til-minikraftverk-slik-naturvernforbundet-ser-det\/\" \/>\n<meta property=\"og:site_name\" content=\"M\u00f8re og Romsdal\" \/>\n<meta property=\"article:published_time\" content=\"2005-08-24T08:38:00+00:00\" \/>\n<meta name=\"author\" content=\"Artikkelimport\u00f8r\" \/>\n<meta name=\"twitter:card\" content=\"summary_large_image\" \/>\n<meta name=\"twitter:label1\" content=\"Skrevet av\" \/>\n\t<meta name=\"twitter:data1\" content=\"Artikkelimport\u00f8r\" \/>\n\t<meta name=\"twitter:label2\" content=\"Ansl. lesetid\" \/>\n\t<meta name=\"twitter:data2\" content=\"2 minutter\" \/>\n<script type=\"application\/ld+json\" class=\"yoast-schema-graph\">{\"@context\":\"https:\/\/schema.org\",\"@graph\":[{\"@type\":\"WebPage\",\"@id\":\"https:\/\/naturvernforbundet.no\/moreogromsdal\/interesser-bak-uttaler-til-minikraftverk-slik-naturvernforbundet-ser-det\/\",\"url\":\"https:\/\/naturvernforbundet.no\/moreogromsdal\/interesser-bak-uttaler-til-minikraftverk-slik-naturvernforbundet-ser-det\/\",\"name\":\"Interesser bak uttaler til minikraftverk (slik Naturvernforbundet ser det) - M\u00f8re og Romsdal\",\"isPartOf\":{\"@id\":\"https:\/\/naturvernforbundet.no\/moreogromsdal\/#website\"},\"datePublished\":\"2005-08-24T08:38:00+00:00\",\"author\":{\"@id\":\"https:\/\/naturvernforbundet.no\/moreogromsdal\/#\/schema\/person\/c72f198205979084bf071deedb6205f4\"},\"breadcrumb\":{\"@id\":\"https:\/\/naturvernforbundet.no\/moreogromsdal\/interesser-bak-uttaler-til-minikraftverk-slik-naturvernforbundet-ser-det\/#breadcrumb\"},\"inLanguage\":\"nb-NO\",\"potentialAction\":[{\"@type\":\"ReadAction\",\"target\":[\"https:\/\/naturvernforbundet.no\/moreogromsdal\/interesser-bak-uttaler-til-minikraftverk-slik-naturvernforbundet-ser-det\/\"]}]},{\"@type\":\"BreadcrumbList\",\"@id\":\"https:\/\/naturvernforbundet.no\/moreogromsdal\/interesser-bak-uttaler-til-minikraftverk-slik-naturvernforbundet-ser-det\/#breadcrumb\",\"itemListElement\":[{\"@type\":\"ListItem\",\"position\":1,\"name\":\"Till naturvernforbundet.no\",\"item\":\"https:\/\/naturvernforbundet.no\/\"},{\"@type\":\"ListItem\",\"position\":2,\"name\":\"M\u00f8re og Romsdal\",\"item\":\"https:\/\/naturvernforbundet.no\/moreogromsdal\/\"},{\"@type\":\"ListItem\",\"position\":3,\"name\":\"Interesser bak uttaler til minikraftverk (slik Naturvernforbundet ser det)\"}]},{\"@type\":\"WebSite\",\"@id\":\"https:\/\/naturvernforbundet.no\/moreogromsdal\/#website\",\"url\":\"https:\/\/naturvernforbundet.no\/moreogromsdal\/\",\"name\":\"M\u00f8re og Romsdal\",\"description\":\"Bare enda et Naturvernforbundet Sites-nettsted\",\"potentialAction\":[{\"@type\":\"SearchAction\",\"target\":{\"@type\":\"EntryPoint\",\"urlTemplate\":\"https:\/\/naturvernforbundet.no\/moreogromsdal\/?s={search_term_string}\"},\"query-input\":{\"@type\":\"PropertyValueSpecification\",\"valueRequired\":true,\"valueName\":\"search_term_string\"}}],\"inLanguage\":\"nb-NO\"},{\"@type\":\"Person\",\"@id\":\"https:\/\/naturvernforbundet.no\/moreogromsdal\/#\/schema\/person\/c72f198205979084bf071deedb6205f4\",\"name\":\"Artikkelimport\u00f8r\",\"image\":{\"@type\":\"ImageObject\",\"inLanguage\":\"nb-NO\",\"@id\":\"https:\/\/naturvernforbundet.no\/moreogromsdal\/#\/schema\/person\/image\/\",\"url\":\"https:\/\/secure.gravatar.com\/avatar\/015fa491b9ed1c823ef16a5c930294d1?s=96&d=mm&r=g\",\"contentUrl\":\"https:\/\/secure.gravatar.com\/avatar\/015fa491b9ed1c823ef16a5c930294d1?s=96&d=mm&r=g\",\"caption\":\"Artikkelimport\u00f8r\"},\"url\":\"https:\/\/naturvernforbundet.no\/moreogromsdal\/author\/artikkelimportor\/\"}]}<\/script>\n<!-- \/ Yoast SEO plugin. -->","yoast_head_json":{"title":"Interesser bak uttaler til minikraftverk (slik Naturvernforbundet ser det) - M\u00f8re og Romsdal","robots":{"index":"index","follow":"follow","max-snippet":"max-snippet:-1","max-image-preview":"max-image-preview:large","max-video-preview":"max-video-preview:-1"},"canonical":"https:\/\/naturvernforbundet.no\/moreogromsdal\/interesser-bak-uttaler-til-minikraftverk-slik-naturvernforbundet-ser-det\/","og_locale":"nb_NO","og_type":"article","og_title":"Interesser bak uttaler til minikraftverk (slik Naturvernforbundet ser det) - M\u00f8re og Romsdal","og_description":"Lesarinnlegg fr\u00e5 Naturvernforbundet i M\u00f8re og Romsdal","og_url":"https:\/\/naturvernforbundet.no\/moreogromsdal\/interesser-bak-uttaler-til-minikraftverk-slik-naturvernforbundet-ser-det\/","og_site_name":"M\u00f8re og Romsdal","article_published_time":"2005-08-24T08:38:00+00:00","author":"Artikkelimport\u00f8r","twitter_card":"summary_large_image","twitter_misc":{"Skrevet av":"Artikkelimport\u00f8r","Ansl. lesetid":"2 minutter"},"schema":{"@context":"https:\/\/schema.org","@graph":[{"@type":"WebPage","@id":"https:\/\/naturvernforbundet.no\/moreogromsdal\/interesser-bak-uttaler-til-minikraftverk-slik-naturvernforbundet-ser-det\/","url":"https:\/\/naturvernforbundet.no\/moreogromsdal\/interesser-bak-uttaler-til-minikraftverk-slik-naturvernforbundet-ser-det\/","name":"Interesser bak uttaler til minikraftverk (slik Naturvernforbundet ser det) - M\u00f8re og Romsdal","isPartOf":{"@id":"https:\/\/naturvernforbundet.no\/moreogromsdal\/#website"},"datePublished":"2005-08-24T08:38:00+00:00","author":{"@id":"https:\/\/naturvernforbundet.no\/moreogromsdal\/#\/schema\/person\/c72f198205979084bf071deedb6205f4"},"breadcrumb":{"@id":"https:\/\/naturvernforbundet.no\/moreogromsdal\/interesser-bak-uttaler-til-minikraftverk-slik-naturvernforbundet-ser-det\/#breadcrumb"},"inLanguage":"nb-NO","potentialAction":[{"@type":"ReadAction","target":["https:\/\/naturvernforbundet.no\/moreogromsdal\/interesser-bak-uttaler-til-minikraftverk-slik-naturvernforbundet-ser-det\/"]}]},{"@type":"BreadcrumbList","@id":"https:\/\/naturvernforbundet.no\/moreogromsdal\/interesser-bak-uttaler-til-minikraftverk-slik-naturvernforbundet-ser-det\/#breadcrumb","itemListElement":[{"@type":"ListItem","position":1,"name":"Till naturvernforbundet.no","item":"https:\/\/naturvernforbundet.no\/"},{"@type":"ListItem","position":2,"name":"M\u00f8re og Romsdal","item":"https:\/\/naturvernforbundet.no\/moreogromsdal\/"},{"@type":"ListItem","position":3,"name":"Interesser bak uttaler til minikraftverk (slik Naturvernforbundet ser det)"}]},{"@type":"WebSite","@id":"https:\/\/naturvernforbundet.no\/moreogromsdal\/#website","url":"https:\/\/naturvernforbundet.no\/moreogromsdal\/","name":"M\u00f8re og Romsdal","description":"Bare enda et Naturvernforbundet Sites-nettsted","potentialAction":[{"@type":"SearchAction","target":{"@type":"EntryPoint","urlTemplate":"https:\/\/naturvernforbundet.no\/moreogromsdal\/?s={search_term_string}"},"query-input":{"@type":"PropertyValueSpecification","valueRequired":true,"valueName":"search_term_string"}}],"inLanguage":"nb-NO"},{"@type":"Person","@id":"https:\/\/naturvernforbundet.no\/moreogromsdal\/#\/schema\/person\/c72f198205979084bf071deedb6205f4","name":"Artikkelimport\u00f8r","image":{"@type":"ImageObject","inLanguage":"nb-NO","@id":"https:\/\/naturvernforbundet.no\/moreogromsdal\/#\/schema\/person\/image\/","url":"https:\/\/secure.gravatar.com\/avatar\/015fa491b9ed1c823ef16a5c930294d1?s=96&d=mm&r=g","contentUrl":"https:\/\/secure.gravatar.com\/avatar\/015fa491b9ed1c823ef16a5c930294d1?s=96&d=mm&r=g","caption":"Artikkelimport\u00f8r"},"url":"https:\/\/naturvernforbundet.no\/moreogromsdal\/author\/artikkelimportor\/"}]}},"_links":{"self":[{"href":"https:\/\/naturvernforbundet.no\/moreogromsdal\/wp-json\/wp\/v2\/posts\/676","targetHints":{"allow":["GET"]}}],"collection":[{"href":"https:\/\/naturvernforbundet.no\/moreogromsdal\/wp-json\/wp\/v2\/posts"}],"about":[{"href":"https:\/\/naturvernforbundet.no\/moreogromsdal\/wp-json\/wp\/v2\/types\/post"}],"author":[{"embeddable":true,"href":"https:\/\/naturvernforbundet.no\/moreogromsdal\/wp-json\/wp\/v2\/users\/38"}],"replies":[{"embeddable":true,"href":"https:\/\/naturvernforbundet.no\/moreogromsdal\/wp-json\/wp\/v2\/comments?post=676"}],"version-history":[{"count":0,"href":"https:\/\/naturvernforbundet.no\/moreogromsdal\/wp-json\/wp\/v2\/posts\/676\/revisions"}],"wp:attachment":[{"href":"https:\/\/naturvernforbundet.no\/moreogromsdal\/wp-json\/wp\/v2\/media?parent=676"}],"wp:term":[{"taxonomy":"category","embeddable":true,"href":"https:\/\/naturvernforbundet.no\/moreogromsdal\/wp-json\/wp\/v2\/categories?post=676"},{"taxonomy":"post_tag","embeddable":true,"href":"https:\/\/naturvernforbundet.no\/moreogromsdal\/wp-json\/wp\/v2\/tags?post=676"},{"taxonomy":"local","embeddable":true,"href":"https:\/\/naturvernforbundet.no\/moreogromsdal\/wp-json\/wp\/v2\/local?post=676"}],"curies":[{"name":"wp","href":"https:\/\/api.w.org\/{rel}","templated":true}]}}