{"id":680,"date":"2005-05-31T12:20:00","date_gmt":"2005-05-31T10:20:00","guid":{"rendered":"https:\/\/naturvernforbundet.no\/moreogromsdal\/fleire-halvsanningar-om-kraft\/"},"modified":"2005-05-31T12:20:00","modified_gmt":"2005-05-31T10:20:00","slug":"fleire-halvsanningar-om-kraft","status":"publish","type":"post","link":"https:\/\/naturvernforbundet.no\/moreogromsdal\/fleire-halvsanningar-om-kraft\/","title":{"rendered":"Fleire halvsanningar om kraft"},"content":{"rendered":"\t<div class=\"template-post alignfull wp-block-naturvern-hero\">\n\t\t<div class=\"hero__inner\">\n\t\t\t<div class=\"hero__inner_blocks\">\n\t\t\t\t\t\t\t\t\n\t\t\t\t\t<h1 class=\"wp-block-post-title\">Fleire halvsanningar om kraft<\/h1>\n\n\t\t\t\t\t<div class=\"wp-block-post-excerpt\"><p class=\"wp-block-post-excerpt__excerpt\">Else Britt Sund fortener eit svar. For framleis heng ikkje dette i hop. Kva viser kraftstatistikken for 1994-2003? <\/p><\/div>\n\n\t\t\t\t\t\n\n\t\t\t\t\t<div class=\"wp-block-naturvern-byline\">\n\t\t\t<div class=\"authors\">By <span class=\"t2-byline__author-link\">Artikkelimport\u00f8r<\/span><\/div>\n\t\t\t<small class=\"entry-date\">31.05.2005 12:20<\/small>\n\t\t<\/div>\n\t\t\t\t\t\t\t\t<\/div>\n\t\t\t\t\t<\/div>\n\t\t\t<\/div>\n\t\n<p>Slik Naturvernforbundet rekner kan vi sj\u00e5 at vi eksporterte 9530 GWh meir enn vi importerte i denne ti\u00e5rsperioden. Tar vi berre dei 3 siste \u00e5ra, ser vi at det var ein meirimport p\u00e5 knapt 2000 GWh, tar ein dei siste 5 \u00e5ra blir det eksportoverskot p\u00e5 over 19000 GWh. Dei \u00e5rlege svingningane er store, men sett over litt tid, jamnar det seg ganske bra. Sund reknar kanskje at underskot i 6 av 10 \u00e5r er mest underskot?<br><br>Det viser og at vi deltek i eit system der Noreg si vasskraft er med p\u00e5 \u00e5 dempe nokre av ulempene med varmekraft i Europa. Det har seg slik at varmekraftverk er avhengige av \u00e5 g\u00e5 jamnt for \u00e5 ha st\u00f8rst mogleg utnyttingsgrad av tilf\u00f8rt energikjelde. Kraftforbruket er st\u00f8rst om dagen og l\u00e5gast om natta. N\u00e5r vi eksporterer straum om dagen og importerer om natta, g\u00e5r varmekraftverka jamnast. Vasskraftverk som har magasin og slepp det brukte vatnet rett i havet kan skru av og p\u00e5 forholdsvis br\u00e5tt utan effekttap og andre komplikasjonar. P\u00e5 denne m\u00e5ten er kraftleidningane mellom landa med p\u00e5 \u00e5 f\u00e5 fleire kilowatt ut av kvar oljedr\u00e5pe som brukast i Danmark. Viss dei store svingningane fr\u00e5 \u00e5r til \u00e5r er eit problem, f\u00e5r H\u00f8gre sj\u00f8lv ta ein del av ansvaret for det. Eksporten i 2000 var delvis motivert av stor inntening, og skapte auka fare for rasjonering. Systemet er noko moderert etter den tid, men det halselause frisleppet i 2000 har skapt noko uro for kraftforsyninga like til sist \u00e5rskifte. <br><br>Varmekraftverk produserer mykje varmvatn. I Europa brukar dei mykje av dette varmvatnet til \u00e5 varme opp bustader og andre bygningar. N\u00e5r vi planlegg slike varmekraftverk, vil vi ha dei p\u00e5 ytterste nakne \u00f8, og slepp varmvatnet i havet. Det er forklaringa p\u00e5 at det blir vesentleg h\u00f8gare effekt av \u00e5 nytte gass i Danmark enn i Noreg. Ser ein p\u00e5 denne sida av saka og p\u00e5 tap i leidningar, b\u00f8r vi eksportere gassen om vi i det heile skal ta han opp.<br><br>Sunndal er mellom dei som alt har mykje varmvatn til overs. Slikt varmvatn kan mellom anna nyttast til \u00e5 t\u00f8rke biobrensel. Biobrensel kan nyttast til \u00e5 varme bustader og andre bygningar i staden for straum, og straumen kan nyttast til det han er best til i staden for \u00e5 bli til varme. Ved \u00e5 varme fleire bustader med biobrensel i staden for straum, frigjerast det edel straum til mellom anna aluminiumsverket. <br><br>Kostnadene med bioenergi? Berre for \u00e5 sl\u00e5 det fast med ein gong \u2013 skal vi auke energibruken v\u00e5r, kostar nye kilowatt meir enn dei f\u00f8rste, gass eller bioenergi speler inga rolle. Ny energi er ein \u00f8nskjedraum. Sund har truleg eit problem med \u00e5 bli kvitt all den skogen som gror over alt. Mange av arbeidsplassane i biobrenselrekneskapen er knytt til \u00e5 hogge denne skogen. Om kostnadene med dette skal leggjast p\u00e5 landskapspleie eller biobrensel kan diskuterast, men det er i alle fall der dei ligg desse arbeidsplassane. Naturvernforbundet g\u00e5r ut fr\u00e5 at Sund anten ho vil eller ikkje m\u00e5 ta av overskotet (skatt) fr\u00e5 Hydro og kraftselskapa for \u00e5 betale nokon for \u00e5 fjerne den same skogen, eller la det vekse. Sund si gasskraft blir nok ikkje s\u00e5 dyr, men s\u00e5 var det desse kostnadene med klima som Sund ikkje vil ta med i reknestykket. Dei kostnadene overlet Sund til fattige folk andre stader i verda og til dei seinare generasjonane her heime. For eit rekneskap! Dessutan pumper Sund opp gassen i eit tempo som gjer at det er tomt om 100 \u00e5r. Det er det dei \u201dunike mulighetene\u201d til Sund g\u00e5r ut p\u00e5. <br><br>\u00d8ystein Folden\nLeiar, Naturvernforbundet i M\u00f8re og Romsdal\n<\/p>\n","protected":false},"excerpt":{"rendered":"<p>Else Britt Sund fortener eit svar. For framleis heng ikkje dette i hop. Kva viser kraftstatistikken for 1994-2003?<\/p>\n","protected":false},"author":38,"featured_media":0,"comment_status":"closed","ping_status":"closed","sticky":false,"template":"","format":"standard","meta":{"_relevanssi_hide_post":"","_relevanssi_hide_content":"","_relevanssi_pin_for_all":"","_relevanssi_pin_keywords":"","_relevanssi_unpin_keywords":"","_relevanssi_related_keywords":"","_relevanssi_related_include_ids":"","_relevanssi_related_exclude_ids":"","_relevanssi_related_no_append":"","_relevanssi_related_not_related":"","_relevanssi_related_posts":"","_relevanssi_noindex_reason":"","hide_logo":false,"footnotes":""},"categories":[19],"tags":[],"local":[],"class_list":["post-680","post","type-post","status-publish","format-standard","hentry","category-klima"],"acf":[],"yoast_head":"<!-- This site is optimized with the Yoast SEO plugin v24.9 - https:\/\/yoast.com\/wordpress\/plugins\/seo\/ -->\n<title>Fleire halvsanningar om kraft - M\u00f8re og Romsdal<\/title>\n<meta name=\"robots\" content=\"index, follow, max-snippet:-1, max-image-preview:large, max-video-preview:-1\" \/>\n<link rel=\"canonical\" href=\"https:\/\/naturvernforbundet.no\/moreogromsdal\/fleire-halvsanningar-om-kraft\/\" \/>\n<meta property=\"og:locale\" content=\"nb_NO\" \/>\n<meta property=\"og:type\" content=\"article\" \/>\n<meta property=\"og:title\" content=\"Fleire halvsanningar om kraft - M\u00f8re og Romsdal\" \/>\n<meta property=\"og:description\" content=\"Else Britt Sund fortener eit svar. For framleis heng ikkje dette i hop. Kva viser kraftstatistikken for 1994-2003?\" \/>\n<meta property=\"og:url\" content=\"https:\/\/naturvernforbundet.no\/moreogromsdal\/fleire-halvsanningar-om-kraft\/\" \/>\n<meta property=\"og:site_name\" content=\"M\u00f8re og Romsdal\" \/>\n<meta property=\"article:published_time\" content=\"2005-05-31T10:20:00+00:00\" \/>\n<meta name=\"author\" content=\"Artikkelimport\u00f8r\" \/>\n<meta name=\"twitter:card\" content=\"summary_large_image\" \/>\n<meta name=\"twitter:label1\" content=\"Skrevet av\" \/>\n\t<meta name=\"twitter:data1\" content=\"Artikkelimport\u00f8r\" \/>\n\t<meta name=\"twitter:label2\" content=\"Ansl. lesetid\" \/>\n\t<meta name=\"twitter:data2\" content=\"3 minutter\" \/>\n<script type=\"application\/ld+json\" class=\"yoast-schema-graph\">{\"@context\":\"https:\/\/schema.org\",\"@graph\":[{\"@type\":\"WebPage\",\"@id\":\"https:\/\/naturvernforbundet.no\/moreogromsdal\/fleire-halvsanningar-om-kraft\/\",\"url\":\"https:\/\/naturvernforbundet.no\/moreogromsdal\/fleire-halvsanningar-om-kraft\/\",\"name\":\"Fleire halvsanningar om kraft - M\u00f8re og Romsdal\",\"isPartOf\":{\"@id\":\"https:\/\/naturvernforbundet.no\/moreogromsdal\/#website\"},\"datePublished\":\"2005-05-31T10:20:00+00:00\",\"author\":{\"@id\":\"https:\/\/naturvernforbundet.no\/moreogromsdal\/#\/schema\/person\/c72f198205979084bf071deedb6205f4\"},\"breadcrumb\":{\"@id\":\"https:\/\/naturvernforbundet.no\/moreogromsdal\/fleire-halvsanningar-om-kraft\/#breadcrumb\"},\"inLanguage\":\"nb-NO\",\"potentialAction\":[{\"@type\":\"ReadAction\",\"target\":[\"https:\/\/naturvernforbundet.no\/moreogromsdal\/fleire-halvsanningar-om-kraft\/\"]}]},{\"@type\":\"BreadcrumbList\",\"@id\":\"https:\/\/naturvernforbundet.no\/moreogromsdal\/fleire-halvsanningar-om-kraft\/#breadcrumb\",\"itemListElement\":[{\"@type\":\"ListItem\",\"position\":1,\"name\":\"Till naturvernforbundet.no\",\"item\":\"https:\/\/naturvernforbundet.no\/\"},{\"@type\":\"ListItem\",\"position\":2,\"name\":\"M\u00f8re og Romsdal\",\"item\":\"https:\/\/naturvernforbundet.no\/moreogromsdal\/\"},{\"@type\":\"ListItem\",\"position\":3,\"name\":\"Fleire halvsanningar om kraft\"}]},{\"@type\":\"WebSite\",\"@id\":\"https:\/\/naturvernforbundet.no\/moreogromsdal\/#website\",\"url\":\"https:\/\/naturvernforbundet.no\/moreogromsdal\/\",\"name\":\"M\u00f8re og Romsdal\",\"description\":\"Bare enda et Naturvernforbundet Sites-nettsted\",\"potentialAction\":[{\"@type\":\"SearchAction\",\"target\":{\"@type\":\"EntryPoint\",\"urlTemplate\":\"https:\/\/naturvernforbundet.no\/moreogromsdal\/?s={search_term_string}\"},\"query-input\":{\"@type\":\"PropertyValueSpecification\",\"valueRequired\":true,\"valueName\":\"search_term_string\"}}],\"inLanguage\":\"nb-NO\"},{\"@type\":\"Person\",\"@id\":\"https:\/\/naturvernforbundet.no\/moreogromsdal\/#\/schema\/person\/c72f198205979084bf071deedb6205f4\",\"name\":\"Artikkelimport\u00f8r\",\"image\":{\"@type\":\"ImageObject\",\"inLanguage\":\"nb-NO\",\"@id\":\"https:\/\/naturvernforbundet.no\/moreogromsdal\/#\/schema\/person\/image\/\",\"url\":\"https:\/\/secure.gravatar.com\/avatar\/015fa491b9ed1c823ef16a5c930294d1?s=96&d=mm&r=g\",\"contentUrl\":\"https:\/\/secure.gravatar.com\/avatar\/015fa491b9ed1c823ef16a5c930294d1?s=96&d=mm&r=g\",\"caption\":\"Artikkelimport\u00f8r\"},\"url\":\"https:\/\/naturvernforbundet.no\/moreogromsdal\/author\/artikkelimportor\/\"}]}<\/script>\n<!-- \/ Yoast SEO plugin. -->","yoast_head_json":{"title":"Fleire halvsanningar om kraft - M\u00f8re og Romsdal","robots":{"index":"index","follow":"follow","max-snippet":"max-snippet:-1","max-image-preview":"max-image-preview:large","max-video-preview":"max-video-preview:-1"},"canonical":"https:\/\/naturvernforbundet.no\/moreogromsdal\/fleire-halvsanningar-om-kraft\/","og_locale":"nb_NO","og_type":"article","og_title":"Fleire halvsanningar om kraft - M\u00f8re og Romsdal","og_description":"Else Britt Sund fortener eit svar. For framleis heng ikkje dette i hop. Kva viser kraftstatistikken for 1994-2003?","og_url":"https:\/\/naturvernforbundet.no\/moreogromsdal\/fleire-halvsanningar-om-kraft\/","og_site_name":"M\u00f8re og Romsdal","article_published_time":"2005-05-31T10:20:00+00:00","author":"Artikkelimport\u00f8r","twitter_card":"summary_large_image","twitter_misc":{"Skrevet av":"Artikkelimport\u00f8r","Ansl. lesetid":"3 minutter"},"schema":{"@context":"https:\/\/schema.org","@graph":[{"@type":"WebPage","@id":"https:\/\/naturvernforbundet.no\/moreogromsdal\/fleire-halvsanningar-om-kraft\/","url":"https:\/\/naturvernforbundet.no\/moreogromsdal\/fleire-halvsanningar-om-kraft\/","name":"Fleire halvsanningar om kraft - M\u00f8re og Romsdal","isPartOf":{"@id":"https:\/\/naturvernforbundet.no\/moreogromsdal\/#website"},"datePublished":"2005-05-31T10:20:00+00:00","author":{"@id":"https:\/\/naturvernforbundet.no\/moreogromsdal\/#\/schema\/person\/c72f198205979084bf071deedb6205f4"},"breadcrumb":{"@id":"https:\/\/naturvernforbundet.no\/moreogromsdal\/fleire-halvsanningar-om-kraft\/#breadcrumb"},"inLanguage":"nb-NO","potentialAction":[{"@type":"ReadAction","target":["https:\/\/naturvernforbundet.no\/moreogromsdal\/fleire-halvsanningar-om-kraft\/"]}]},{"@type":"BreadcrumbList","@id":"https:\/\/naturvernforbundet.no\/moreogromsdal\/fleire-halvsanningar-om-kraft\/#breadcrumb","itemListElement":[{"@type":"ListItem","position":1,"name":"Till naturvernforbundet.no","item":"https:\/\/naturvernforbundet.no\/"},{"@type":"ListItem","position":2,"name":"M\u00f8re og Romsdal","item":"https:\/\/naturvernforbundet.no\/moreogromsdal\/"},{"@type":"ListItem","position":3,"name":"Fleire halvsanningar om kraft"}]},{"@type":"WebSite","@id":"https:\/\/naturvernforbundet.no\/moreogromsdal\/#website","url":"https:\/\/naturvernforbundet.no\/moreogromsdal\/","name":"M\u00f8re og Romsdal","description":"Bare enda et Naturvernforbundet Sites-nettsted","potentialAction":[{"@type":"SearchAction","target":{"@type":"EntryPoint","urlTemplate":"https:\/\/naturvernforbundet.no\/moreogromsdal\/?s={search_term_string}"},"query-input":{"@type":"PropertyValueSpecification","valueRequired":true,"valueName":"search_term_string"}}],"inLanguage":"nb-NO"},{"@type":"Person","@id":"https:\/\/naturvernforbundet.no\/moreogromsdal\/#\/schema\/person\/c72f198205979084bf071deedb6205f4","name":"Artikkelimport\u00f8r","image":{"@type":"ImageObject","inLanguage":"nb-NO","@id":"https:\/\/naturvernforbundet.no\/moreogromsdal\/#\/schema\/person\/image\/","url":"https:\/\/secure.gravatar.com\/avatar\/015fa491b9ed1c823ef16a5c930294d1?s=96&d=mm&r=g","contentUrl":"https:\/\/secure.gravatar.com\/avatar\/015fa491b9ed1c823ef16a5c930294d1?s=96&d=mm&r=g","caption":"Artikkelimport\u00f8r"},"url":"https:\/\/naturvernforbundet.no\/moreogromsdal\/author\/artikkelimportor\/"}]}},"_links":{"self":[{"href":"https:\/\/naturvernforbundet.no\/moreogromsdal\/wp-json\/wp\/v2\/posts\/680","targetHints":{"allow":["GET"]}}],"collection":[{"href":"https:\/\/naturvernforbundet.no\/moreogromsdal\/wp-json\/wp\/v2\/posts"}],"about":[{"href":"https:\/\/naturvernforbundet.no\/moreogromsdal\/wp-json\/wp\/v2\/types\/post"}],"author":[{"embeddable":true,"href":"https:\/\/naturvernforbundet.no\/moreogromsdal\/wp-json\/wp\/v2\/users\/38"}],"replies":[{"embeddable":true,"href":"https:\/\/naturvernforbundet.no\/moreogromsdal\/wp-json\/wp\/v2\/comments?post=680"}],"version-history":[{"count":0,"href":"https:\/\/naturvernforbundet.no\/moreogromsdal\/wp-json\/wp\/v2\/posts\/680\/revisions"}],"wp:attachment":[{"href":"https:\/\/naturvernforbundet.no\/moreogromsdal\/wp-json\/wp\/v2\/media?parent=680"}],"wp:term":[{"taxonomy":"category","embeddable":true,"href":"https:\/\/naturvernforbundet.no\/moreogromsdal\/wp-json\/wp\/v2\/categories?post=680"},{"taxonomy":"post_tag","embeddable":true,"href":"https:\/\/naturvernforbundet.no\/moreogromsdal\/wp-json\/wp\/v2\/tags?post=680"},{"taxonomy":"local","embeddable":true,"href":"https:\/\/naturvernforbundet.no\/moreogromsdal\/wp-json\/wp\/v2\/local?post=680"}],"curies":[{"name":"wp","href":"https:\/\/api.w.org\/{rel}","templated":true}]}}