{"id":713,"date":"2006-05-22T20:52:00","date_gmt":"2006-05-22T18:52:00","guid":{"rendered":"https:\/\/naturvernforbundet.no\/moreogromsdal\/er-mobile-gasskraftverk-lovleg\/"},"modified":"2006-05-22T20:52:00","modified_gmt":"2006-05-22T18:52:00","slug":"er-mobile-gasskraftverk-lovleg","status":"publish","type":"post","link":"https:\/\/naturvernforbundet.no\/moreogromsdal\/er-mobile-gasskraftverk-lovleg\/","title":{"rendered":"Er mobile gasskraftverk lovleg?"},"content":{"rendered":"\t<div class=\"template-post alignfull wp-block-naturvern-hero\">\n\t\t<div class=\"hero__inner\">\n\t\t\t<div class=\"hero__inner_blocks\">\n\t\t\t\t\t\t\t\t\n\t\t\t\t\t<h1 class=\"wp-block-post-title\">Er mobile gasskraftverk lovleg?<\/h1>\n\n\t\t\t\t\t<div class=\"wp-block-post-excerpt\"><p class=\"wp-block-post-excerpt__excerpt\">Er mobile gasskraftverk i strid med E\u00d8S-avtala? Dette sp\u00f8rsm\u00e5let fr\u00e5 Naturvernforbundet m\u00e5 olje- og energiminister Odd Roger Enoksen svare p\u00e5. <\/p><\/div>\n\n\t\t\t\t\t\n\n\t\t\t\t\t<div class=\"wp-block-naturvern-byline\">\n\t\t\t<div class=\"authors\">By <span class=\"t2-byline__author-link\">Artikkelimport\u00f8r<\/span><\/div>\n\t\t\t<small class=\"entry-date\">22.05.2006 20:52<\/small>\n\t\t<\/div>\n\t\t\t\t\t\t\t\t<\/div>\n\t\t\t\t\t<\/div>\n\t\t\t<\/div>\n\t\n<p>Naturvernforbundet sender no brev til Enoksen om energiforsyningssituasjonen i Midt-Noreg. Bakgrunnen er dei mange feilaktige utspela om at det er n\u00f8dvendig \u00e5 byggje sterkt forureinande mobile gasskraftverk i M\u00f8re og Romsdal. \n<\/p>\n\n\n\n<p>&#8211; Naturvernforbundet har dokumentert at det er mogleg \u00e5 unng\u00e5 utfall i energiforsyninga i Midt-Noreg ved ein kombinasjon av sparetiltakt og utbygging av ny fornybar energi. Dette vil vere ei milj\u00f8vennleg og framtidsretta l\u00f8ysing, mobile gasskraftverk er milj\u00f8bomber, seier \u00d8ystein Folden, leiar i Naturvernforbundet i M\u00f8re og Romsdal. \n<\/p>\n\n\n\n<p>&#8211; Gjennom E\u00d8S-avtalen har Noreg forplikta seg til \u00e5 nytte dei l\u00f8ysingane som gir l\u00e5gast mogleg forureining. Mobile gasskraftverk er sv\u00e6rt langt fr\u00e5 \u00e5 oppfylle dette. Naturvernforbundet ser ikkje at situasjonen kan forsvare \u00e5 bryte dei internasjonale avtalane om redusert forureining Noreg har slutta seg til; som vi har vist finst det ei rekke gode alternativ til mobile gasskraftverk. Slik Naturvernforbundet ser det vil det difor kunne vere aktuelt \u00e5 klage eventuelle vedtak om mobile gasskraftverk inn for ESA, seier Folden. \n<\/p>\n\n\n\n<p><em>Fylkesleder \u00d8ystein Folden har telefon 91 81 25 42.<\/em> \n<strong><a>Ja, dette er viktig. Eg vil bli medlem i Naturvernforbundet<\/a><br><\/strong><\/p>\n\n\n\n\n\n<p><strong><br>\n<a>Eg vil gjerne st\u00f8tte Naturvernforbundets arbeid<\/a><\/strong><\/p>\n\n\n\n\n\n<p><\/p>\n\n\n\n<p><a href=\"\/imakerdata\/f\/0\/84\/96\/9_2401_0\/til2010_presentasjon.pdf\">Foredrag om l\u00f8ysingane til Naturvernforbundet<\/a><\/p>\n\n\n\n<p><a href=\"\/imakerdata\/f\/0\/84\/98\/7_2401_0\/brev_Enoksen_mai_06.pdf\">Les brevet til olje- og energiministeren og rapporten fr\u00e5 Naturvernforbundet<\/a><\/p>\n","protected":false},"excerpt":{"rendered":"<p>Er mobile gasskraftverk i strid med E\u00d8S-avtala? Dette sp\u00f8rsm\u00e5let fr\u00e5 Naturvernforbundet m\u00e5 olje- og energiminister Odd Roger Enoksen svare p\u00e5.<\/p>\n","protected":false},"author":38,"featured_media":0,"comment_status":"closed","ping_status":"closed","sticky":false,"template":"","format":"standard","meta":{"_relevanssi_hide_post":"","_relevanssi_hide_content":"","_relevanssi_pin_for_all":"","_relevanssi_pin_keywords":"","_relevanssi_unpin_keywords":"","_relevanssi_related_keywords":"","_relevanssi_related_include_ids":"","_relevanssi_related_exclude_ids":"","_relevanssi_related_no_append":"","_relevanssi_related_not_related":"","_relevanssi_related_posts":"","_relevanssi_noindex_reason":"","hide_logo":false,"footnotes":""},"categories":[13],"tags":[],"local":[],"class_list":["post-713","post","type-post","status-publish","format-standard","hentry","category-vasskraft"],"acf":[],"yoast_head":"<!-- This site is optimized with the Yoast SEO plugin v24.9 - https:\/\/yoast.com\/wordpress\/plugins\/seo\/ -->\n<title>Er mobile gasskraftverk lovleg? - M\u00f8re og Romsdal<\/title>\n<meta name=\"robots\" content=\"index, follow, max-snippet:-1, max-image-preview:large, max-video-preview:-1\" \/>\n<link rel=\"canonical\" href=\"https:\/\/naturvernforbundet.no\/moreogromsdal\/er-mobile-gasskraftverk-lovleg\/\" \/>\n<meta property=\"og:locale\" content=\"nb_NO\" \/>\n<meta property=\"og:type\" content=\"article\" \/>\n<meta property=\"og:title\" content=\"Er mobile gasskraftverk lovleg? - M\u00f8re og Romsdal\" \/>\n<meta property=\"og:description\" content=\"Er mobile gasskraftverk i strid med E\u00d8S-avtala? Dette sp\u00f8rsm\u00e5let fr\u00e5 Naturvernforbundet m\u00e5 olje- og energiminister Odd Roger Enoksen svare p\u00e5.\" \/>\n<meta property=\"og:url\" content=\"https:\/\/naturvernforbundet.no\/moreogromsdal\/er-mobile-gasskraftverk-lovleg\/\" \/>\n<meta property=\"og:site_name\" content=\"M\u00f8re og Romsdal\" \/>\n<meta property=\"article:published_time\" content=\"2006-05-22T18:52:00+00:00\" \/>\n<meta name=\"author\" content=\"Artikkelimport\u00f8r\" \/>\n<meta name=\"twitter:card\" content=\"summary_large_image\" \/>\n<meta name=\"twitter:label1\" content=\"Skrevet av\" \/>\n\t<meta name=\"twitter:data1\" content=\"Artikkelimport\u00f8r\" \/>\n\t<meta name=\"twitter:label2\" content=\"Ansl. lesetid\" \/>\n\t<meta name=\"twitter:data2\" content=\"1 minutt\" \/>\n<script type=\"application\/ld+json\" class=\"yoast-schema-graph\">{\"@context\":\"https:\/\/schema.org\",\"@graph\":[{\"@type\":\"WebPage\",\"@id\":\"https:\/\/naturvernforbundet.no\/moreogromsdal\/er-mobile-gasskraftverk-lovleg\/\",\"url\":\"https:\/\/naturvernforbundet.no\/moreogromsdal\/er-mobile-gasskraftverk-lovleg\/\",\"name\":\"Er mobile gasskraftverk lovleg? - M\u00f8re og Romsdal\",\"isPartOf\":{\"@id\":\"https:\/\/naturvernforbundet.no\/moreogromsdal\/#website\"},\"datePublished\":\"2006-05-22T18:52:00+00:00\",\"author\":{\"@id\":\"https:\/\/naturvernforbundet.no\/moreogromsdal\/#\/schema\/person\/c72f198205979084bf071deedb6205f4\"},\"breadcrumb\":{\"@id\":\"https:\/\/naturvernforbundet.no\/moreogromsdal\/er-mobile-gasskraftverk-lovleg\/#breadcrumb\"},\"inLanguage\":\"nb-NO\",\"potentialAction\":[{\"@type\":\"ReadAction\",\"target\":[\"https:\/\/naturvernforbundet.no\/moreogromsdal\/er-mobile-gasskraftverk-lovleg\/\"]}]},{\"@type\":\"BreadcrumbList\",\"@id\":\"https:\/\/naturvernforbundet.no\/moreogromsdal\/er-mobile-gasskraftverk-lovleg\/#breadcrumb\",\"itemListElement\":[{\"@type\":\"ListItem\",\"position\":1,\"name\":\"Till naturvernforbundet.no\",\"item\":\"https:\/\/naturvernforbundet.no\/\"},{\"@type\":\"ListItem\",\"position\":2,\"name\":\"M\u00f8re og Romsdal\",\"item\":\"https:\/\/naturvernforbundet.no\/moreogromsdal\/\"},{\"@type\":\"ListItem\",\"position\":3,\"name\":\"Er mobile gasskraftverk lovleg?\"}]},{\"@type\":\"WebSite\",\"@id\":\"https:\/\/naturvernforbundet.no\/moreogromsdal\/#website\",\"url\":\"https:\/\/naturvernforbundet.no\/moreogromsdal\/\",\"name\":\"M\u00f8re og Romsdal\",\"description\":\"Bare enda et Naturvernforbundet Sites-nettsted\",\"potentialAction\":[{\"@type\":\"SearchAction\",\"target\":{\"@type\":\"EntryPoint\",\"urlTemplate\":\"https:\/\/naturvernforbundet.no\/moreogromsdal\/?s={search_term_string}\"},\"query-input\":{\"@type\":\"PropertyValueSpecification\",\"valueRequired\":true,\"valueName\":\"search_term_string\"}}],\"inLanguage\":\"nb-NO\"},{\"@type\":\"Person\",\"@id\":\"https:\/\/naturvernforbundet.no\/moreogromsdal\/#\/schema\/person\/c72f198205979084bf071deedb6205f4\",\"name\":\"Artikkelimport\u00f8r\",\"image\":{\"@type\":\"ImageObject\",\"inLanguage\":\"nb-NO\",\"@id\":\"https:\/\/naturvernforbundet.no\/moreogromsdal\/#\/schema\/person\/image\/\",\"url\":\"https:\/\/secure.gravatar.com\/avatar\/015fa491b9ed1c823ef16a5c930294d1?s=96&d=mm&r=g\",\"contentUrl\":\"https:\/\/secure.gravatar.com\/avatar\/015fa491b9ed1c823ef16a5c930294d1?s=96&d=mm&r=g\",\"caption\":\"Artikkelimport\u00f8r\"},\"url\":\"https:\/\/naturvernforbundet.no\/moreogromsdal\/author\/artikkelimportor\/\"}]}<\/script>\n<!-- \/ Yoast SEO plugin. -->","yoast_head_json":{"title":"Er mobile gasskraftverk lovleg? - M\u00f8re og Romsdal","robots":{"index":"index","follow":"follow","max-snippet":"max-snippet:-1","max-image-preview":"max-image-preview:large","max-video-preview":"max-video-preview:-1"},"canonical":"https:\/\/naturvernforbundet.no\/moreogromsdal\/er-mobile-gasskraftverk-lovleg\/","og_locale":"nb_NO","og_type":"article","og_title":"Er mobile gasskraftverk lovleg? - M\u00f8re og Romsdal","og_description":"Er mobile gasskraftverk i strid med E\u00d8S-avtala? Dette sp\u00f8rsm\u00e5let fr\u00e5 Naturvernforbundet m\u00e5 olje- og energiminister Odd Roger Enoksen svare p\u00e5.","og_url":"https:\/\/naturvernforbundet.no\/moreogromsdal\/er-mobile-gasskraftverk-lovleg\/","og_site_name":"M\u00f8re og Romsdal","article_published_time":"2006-05-22T18:52:00+00:00","author":"Artikkelimport\u00f8r","twitter_card":"summary_large_image","twitter_misc":{"Skrevet av":"Artikkelimport\u00f8r","Ansl. lesetid":"1 minutt"},"schema":{"@context":"https:\/\/schema.org","@graph":[{"@type":"WebPage","@id":"https:\/\/naturvernforbundet.no\/moreogromsdal\/er-mobile-gasskraftverk-lovleg\/","url":"https:\/\/naturvernforbundet.no\/moreogromsdal\/er-mobile-gasskraftverk-lovleg\/","name":"Er mobile gasskraftverk lovleg? - M\u00f8re og Romsdal","isPartOf":{"@id":"https:\/\/naturvernforbundet.no\/moreogromsdal\/#website"},"datePublished":"2006-05-22T18:52:00+00:00","author":{"@id":"https:\/\/naturvernforbundet.no\/moreogromsdal\/#\/schema\/person\/c72f198205979084bf071deedb6205f4"},"breadcrumb":{"@id":"https:\/\/naturvernforbundet.no\/moreogromsdal\/er-mobile-gasskraftverk-lovleg\/#breadcrumb"},"inLanguage":"nb-NO","potentialAction":[{"@type":"ReadAction","target":["https:\/\/naturvernforbundet.no\/moreogromsdal\/er-mobile-gasskraftverk-lovleg\/"]}]},{"@type":"BreadcrumbList","@id":"https:\/\/naturvernforbundet.no\/moreogromsdal\/er-mobile-gasskraftverk-lovleg\/#breadcrumb","itemListElement":[{"@type":"ListItem","position":1,"name":"Till naturvernforbundet.no","item":"https:\/\/naturvernforbundet.no\/"},{"@type":"ListItem","position":2,"name":"M\u00f8re og Romsdal","item":"https:\/\/naturvernforbundet.no\/moreogromsdal\/"},{"@type":"ListItem","position":3,"name":"Er mobile gasskraftverk lovleg?"}]},{"@type":"WebSite","@id":"https:\/\/naturvernforbundet.no\/moreogromsdal\/#website","url":"https:\/\/naturvernforbundet.no\/moreogromsdal\/","name":"M\u00f8re og Romsdal","description":"Bare enda et Naturvernforbundet Sites-nettsted","potentialAction":[{"@type":"SearchAction","target":{"@type":"EntryPoint","urlTemplate":"https:\/\/naturvernforbundet.no\/moreogromsdal\/?s={search_term_string}"},"query-input":{"@type":"PropertyValueSpecification","valueRequired":true,"valueName":"search_term_string"}}],"inLanguage":"nb-NO"},{"@type":"Person","@id":"https:\/\/naturvernforbundet.no\/moreogromsdal\/#\/schema\/person\/c72f198205979084bf071deedb6205f4","name":"Artikkelimport\u00f8r","image":{"@type":"ImageObject","inLanguage":"nb-NO","@id":"https:\/\/naturvernforbundet.no\/moreogromsdal\/#\/schema\/person\/image\/","url":"https:\/\/secure.gravatar.com\/avatar\/015fa491b9ed1c823ef16a5c930294d1?s=96&d=mm&r=g","contentUrl":"https:\/\/secure.gravatar.com\/avatar\/015fa491b9ed1c823ef16a5c930294d1?s=96&d=mm&r=g","caption":"Artikkelimport\u00f8r"},"url":"https:\/\/naturvernforbundet.no\/moreogromsdal\/author\/artikkelimportor\/"}]}},"_links":{"self":[{"href":"https:\/\/naturvernforbundet.no\/moreogromsdal\/wp-json\/wp\/v2\/posts\/713","targetHints":{"allow":["GET"]}}],"collection":[{"href":"https:\/\/naturvernforbundet.no\/moreogromsdal\/wp-json\/wp\/v2\/posts"}],"about":[{"href":"https:\/\/naturvernforbundet.no\/moreogromsdal\/wp-json\/wp\/v2\/types\/post"}],"author":[{"embeddable":true,"href":"https:\/\/naturvernforbundet.no\/moreogromsdal\/wp-json\/wp\/v2\/users\/38"}],"replies":[{"embeddable":true,"href":"https:\/\/naturvernforbundet.no\/moreogromsdal\/wp-json\/wp\/v2\/comments?post=713"}],"version-history":[{"count":0,"href":"https:\/\/naturvernforbundet.no\/moreogromsdal\/wp-json\/wp\/v2\/posts\/713\/revisions"}],"wp:attachment":[{"href":"https:\/\/naturvernforbundet.no\/moreogromsdal\/wp-json\/wp\/v2\/media?parent=713"}],"wp:term":[{"taxonomy":"category","embeddable":true,"href":"https:\/\/naturvernforbundet.no\/moreogromsdal\/wp-json\/wp\/v2\/categories?post=713"},{"taxonomy":"post_tag","embeddable":true,"href":"https:\/\/naturvernforbundet.no\/moreogromsdal\/wp-json\/wp\/v2\/tags?post=713"},{"taxonomy":"local","embeddable":true,"href":"https:\/\/naturvernforbundet.no\/moreogromsdal\/wp-json\/wp\/v2\/local?post=713"}],"curies":[{"name":"wp","href":"https:\/\/api.w.org\/{rel}","templated":true}]}}