{"id":725,"date":"2006-05-22T21:14:00","date_gmt":"2006-05-22T19:14:00","guid":{"rendered":"https:\/\/naturvernforbundet.no\/moreogromsdal\/naturvernforbundet-seier-forebels-nei-til-havsul\/"},"modified":"2006-05-22T21:14:00","modified_gmt":"2006-05-22T19:14:00","slug":"naturvernforbundet-seier-forebels-nei-til-havsul","status":"publish","type":"post","link":"https:\/\/naturvernforbundet.no\/moreogromsdal\/naturvernforbundet-seier-forebels-nei-til-havsul\/","title":{"rendered":"Naturvernforbundet seier f\u00f8rebels nei til Havsul"},"content":{"rendered":"\t<div class=\"template-post alignfull wp-block-naturvern-hero\">\n\t\t<div class=\"hero__inner\">\n\t\t\t<div class=\"hero__inner_blocks\">\n\t\t\t\t\t\t\t\t\n\t\t\t\t\t<h1 class=\"wp-block-post-title\">Naturvernforbundet seier f\u00f8rebels nei til Havsul<\/h1>\n\n\t\t\t\t\t<div class=\"wp-block-post-excerpt\"><p class=\"wp-block-post-excerpt__excerpt\">Naturvernforbundet ser p\u00e5 konsekvensutgreiinga for Havsul I, II og IV som klarleggande: Manglande samla plan for vindm\u00f8lleutbygging og manglande forsking p\u00e5 verknader p\u00e5 fugl gjer at utbygging ikkje kan finne stad. Forsking kan f\u00f8re til at utbygging p\u00e5 eit seinare tidspunkt kanskje kan vere mogleg, tilpassa resultat av ny forsking, men denne moglegheita vil bli&hellip; <\/p><\/div>\n\n\t\t\t\t\t\n\n\t\t\t\t\t<div class=\"wp-block-naturvern-byline\">\n\t\t\t<div class=\"authors\">By <span class=\"t2-byline__author-link\">Artikkelimport\u00f8r<\/span><\/div>\n\t\t\t<small class=\"entry-date\">22.05.2006 21:14<\/small>\n\t\t<\/div>\n\t\t\t\t\t\t\t\t<\/div>\n\t\t\t\t\t<\/div>\n\t\t\t<\/div>\n\t\n<p>Naturvernforbundet sine merknader er kort oppsummert: \n<\/p>\n\n\n\n<p>1) Vi treng ein samordna plan for vindkraft i M\u00f8re og Romsdal for \u00e5 f\u00e5 milj\u00f8messig betre grunnlag for \u00e5 byggje. \n<\/p>\n\n\n\n<p>2) Vi har for lite kunnskap om konsekvensane for fugl av vindkraftutbygginga. Det er n\u00f8dvendig med tilleggsutgreiingar over tid. \n<\/p>\n\n\n\n<p>3) Planane er i for stor grad p\u00e5 fors\u00f8ksstadiet, noko omr\u00e5det er lite eigna for. \n<\/p>\n\n\n\n<p>4) Naturvernforbundet har konkrete forslag til reduksjonar i alle tre omr\u00e5da, n\u00e5r det gjeld Havsul IV er stort sett heile omr\u00e5det i strid med verneplanen for sj\u00f8fugl. \n<\/p>\n\n\n\n<p>5) Det er n\u00f8dvendig med tilleggsutgreiingar p\u00e5 nokre felt n\u00e5r det gjeld kraftlinene til og fr\u00e5 dei tre felta. \n<\/p>\n\n\n\n<p><em>\u00d8ystein Folden har telefon 91 81 25 42.<\/em> \n<strong><a>Ja, dette er viktig. Eg vil bli medlem i Naturvernforbundet<\/a><br><\/strong><\/p>\n\n\n\n\n\n<p><strong><br>\n<a>Eg vil gjerne st\u00f8tte Naturvernforbundets arbeid<\/a><\/strong><\/p>\n\n\n\n\n\n<p><\/p>\n\n\n\n<p><a href=\"\/imakerdata\/f\/0\/94\/45\/5_2401_0\/Microsoft_Word_-_Incorporating_windpower_into_the_Norwegian_Energy_System.pdf\">Oppg\u00e5ve ved Universitetet i Oslo om Havsul og konfliktane knytt til det<\/a><\/p>\n\n\n\n<p><a href=\"\/imakerdata\/f\/0\/94\/45\/7_2401_0\/Vindkraftprosjektet_Havsul_IV_i_Statens_ytre_allmenning_i_Eide_og_Averoy_kommune_\">Eiendomstilh\u00f8va for Havsul IV &#8211; brev fr\u00e5 Statskog SF<\/a><\/p>\n\n\n\n<p><a href=\"\/imakerdata\/f\/0\/94\/45\/8_2401_0\/Vindkraftprosjektet_Havsul_IV_i_Statens_ytre_allmenning_i_Eide_og_Averoy_kommune_\">Eigedomstilh\u00f8va for Havsul IV &#8211; vedlegg til brev fr\u00e5 Statskog SF<\/a><\/p>\n\n\n\n<p><a href=\"\/imakerdata\/f\/0\/94\/45\/9_2401_0\/Vindkraftprosjektet_Havsul_IV_i_Statens_ytre_allmenning_i_Eide_og_Averoy_kommune_\">Eigedomstilh\u00f8va for Havsul IV &#8211; vedlegg til brev fr\u00e5 Statskog SF<\/a><\/p>\n\n\n\n<p><a href=\"\/imakerdata\/f\/0\/94\/46\/1_2401_0\/Vindkraftprosjektet_Havsul_IV_i_Statens_ytre_allmenning_i_Eide_og_Averoy_kommune_\">Eigedomstilh\u00f8va for Havsul IV &#8211; vedlegg til brev fr\u00e5 Statskog SF<\/a><\/p>\n\n\n\n<p><a href=\"\/imakerdata\/f\/0\/84\/97\/2_2401_0\/Fraasegn_KU.pdf\">Les uttalen fr\u00e5 Naturvernforbundet<\/a><\/p>\n\n\n\n<p><a href=\"\/imakerdata\/f\/0\/84\/98\/5_2401_0\/Tematiske_konfliktvurderingar_for_vindkraft_17.4.06.pdf\">Naturvernforbundet i Sogn og Fjordane om tematiske konfliktvurderingar<\/a><\/p>\n\n\n\n<p><a href=\"\/imakerdata\/f\/0\/84\/98\/6_2401_0\/alesund_fskap_havsul.pdf\">\u00c5lesund formannskap om Havsul<\/a><\/p>\n\n\n\n<p><a href=\"\/imakerdata\/f\/0\/98\/80\/1_2401_0\/Sandoy_Havsul.pdf\">Opprop i samband med behandlinga i Sand\u00f8y kommune<\/a><\/p>\n\n\n\n<p><a href=\"\/imakerdata\/f\/0\/99\/98\/4_2401_0\/DNT_Havgul.pdf\">Uttale fr\u00e5 DNT<\/a><\/p>\n","protected":false},"excerpt":{"rendered":"<p>Naturvernforbundet ser p\u00e5 konsekvensutgreiinga for Havsul I, II og IV som klarleggande: Manglande samla plan for vindm\u00f8lleutbygging og manglande forsking p\u00e5 verknader p\u00e5 fugl gjer at utbygging ikkje kan finne stad. Forsking kan f\u00f8re til at utbygging p\u00e5 eit seinare tidspunkt kanskje kan vere mogleg, tilpassa resultat av ny forsking, men denne moglegheita vil bli \u00f8ydelagt om det blir bygd ut no.<\/p>\n","protected":false},"author":38,"featured_media":0,"comment_status":"closed","ping_status":"closed","sticky":false,"template":"","format":"standard","meta":{"_relevanssi_hide_post":"","_relevanssi_hide_content":"","_relevanssi_pin_for_all":"","_relevanssi_pin_keywords":"","_relevanssi_unpin_keywords":"","_relevanssi_related_keywords":"","_relevanssi_related_include_ids":"","_relevanssi_related_exclude_ids":"","_relevanssi_related_no_append":"","_relevanssi_related_not_related":"","_relevanssi_related_posts":"","_relevanssi_noindex_reason":"","hide_logo":false,"footnotes":""},"categories":[25],"tags":[],"local":[],"class_list":["post-725","post","type-post","status-publish","format-standard","hentry","category-vindkraft"],"acf":[],"yoast_head":"<!-- This site is optimized with the Yoast SEO plugin v24.9 - https:\/\/yoast.com\/wordpress\/plugins\/seo\/ -->\n<title>Naturvernforbundet seier f\u00f8rebels nei til Havsul - M\u00f8re og Romsdal<\/title>\n<meta name=\"robots\" content=\"index, follow, max-snippet:-1, max-image-preview:large, max-video-preview:-1\" \/>\n<link rel=\"canonical\" href=\"https:\/\/naturvernforbundet.no\/moreogromsdal\/naturvernforbundet-seier-forebels-nei-til-havsul\/\" \/>\n<meta property=\"og:locale\" content=\"nb_NO\" \/>\n<meta property=\"og:type\" content=\"article\" \/>\n<meta property=\"og:title\" content=\"Naturvernforbundet seier f\u00f8rebels nei til Havsul - M\u00f8re og Romsdal\" \/>\n<meta property=\"og:description\" content=\"Naturvernforbundet ser p\u00e5 konsekvensutgreiinga for Havsul I, II og IV som klarleggande: Manglande samla plan for vindm\u00f8lleutbygging og manglande forsking p\u00e5 verknader p\u00e5 fugl gjer at utbygging ikkje kan finne stad. Forsking kan f\u00f8re til at utbygging p\u00e5 eit seinare tidspunkt kanskje kan vere mogleg, tilpassa resultat av ny forsking, men denne moglegheita vil bli \u00f8ydelagt om det blir bygd ut no.\" \/>\n<meta property=\"og:url\" content=\"https:\/\/naturvernforbundet.no\/moreogromsdal\/naturvernforbundet-seier-forebels-nei-til-havsul\/\" \/>\n<meta property=\"og:site_name\" content=\"M\u00f8re og Romsdal\" \/>\n<meta property=\"article:published_time\" content=\"2006-05-22T19:14:00+00:00\" \/>\n<meta name=\"author\" content=\"Artikkelimport\u00f8r\" \/>\n<meta name=\"twitter:card\" content=\"summary_large_image\" \/>\n<meta name=\"twitter:label1\" content=\"Skrevet av\" \/>\n\t<meta name=\"twitter:data1\" content=\"Artikkelimport\u00f8r\" \/>\n\t<meta name=\"twitter:label2\" content=\"Ansl. lesetid\" \/>\n\t<meta name=\"twitter:data2\" content=\"1 minutt\" \/>\n<script type=\"application\/ld+json\" class=\"yoast-schema-graph\">{\"@context\":\"https:\/\/schema.org\",\"@graph\":[{\"@type\":\"WebPage\",\"@id\":\"https:\/\/naturvernforbundet.no\/moreogromsdal\/naturvernforbundet-seier-forebels-nei-til-havsul\/\",\"url\":\"https:\/\/naturvernforbundet.no\/moreogromsdal\/naturvernforbundet-seier-forebels-nei-til-havsul\/\",\"name\":\"Naturvernforbundet seier f\u00f8rebels nei til Havsul - M\u00f8re og Romsdal\",\"isPartOf\":{\"@id\":\"https:\/\/naturvernforbundet.no\/moreogromsdal\/#website\"},\"datePublished\":\"2006-05-22T19:14:00+00:00\",\"author\":{\"@id\":\"https:\/\/naturvernforbundet.no\/moreogromsdal\/#\/schema\/person\/c72f198205979084bf071deedb6205f4\"},\"breadcrumb\":{\"@id\":\"https:\/\/naturvernforbundet.no\/moreogromsdal\/naturvernforbundet-seier-forebels-nei-til-havsul\/#breadcrumb\"},\"inLanguage\":\"nb-NO\",\"potentialAction\":[{\"@type\":\"ReadAction\",\"target\":[\"https:\/\/naturvernforbundet.no\/moreogromsdal\/naturvernforbundet-seier-forebels-nei-til-havsul\/\"]}]},{\"@type\":\"BreadcrumbList\",\"@id\":\"https:\/\/naturvernforbundet.no\/moreogromsdal\/naturvernforbundet-seier-forebels-nei-til-havsul\/#breadcrumb\",\"itemListElement\":[{\"@type\":\"ListItem\",\"position\":1,\"name\":\"Till naturvernforbundet.no\",\"item\":\"https:\/\/naturvernforbundet.no\/\"},{\"@type\":\"ListItem\",\"position\":2,\"name\":\"M\u00f8re og Romsdal\",\"item\":\"https:\/\/naturvernforbundet.no\/moreogromsdal\/\"},{\"@type\":\"ListItem\",\"position\":3,\"name\":\"Naturvernforbundet seier f\u00f8rebels nei til Havsul\"}]},{\"@type\":\"WebSite\",\"@id\":\"https:\/\/naturvernforbundet.no\/moreogromsdal\/#website\",\"url\":\"https:\/\/naturvernforbundet.no\/moreogromsdal\/\",\"name\":\"M\u00f8re og Romsdal\",\"description\":\"Bare enda et Naturvernforbundet Sites-nettsted\",\"potentialAction\":[{\"@type\":\"SearchAction\",\"target\":{\"@type\":\"EntryPoint\",\"urlTemplate\":\"https:\/\/naturvernforbundet.no\/moreogromsdal\/?s={search_term_string}\"},\"query-input\":{\"@type\":\"PropertyValueSpecification\",\"valueRequired\":true,\"valueName\":\"search_term_string\"}}],\"inLanguage\":\"nb-NO\"},{\"@type\":\"Person\",\"@id\":\"https:\/\/naturvernforbundet.no\/moreogromsdal\/#\/schema\/person\/c72f198205979084bf071deedb6205f4\",\"name\":\"Artikkelimport\u00f8r\",\"image\":{\"@type\":\"ImageObject\",\"inLanguage\":\"nb-NO\",\"@id\":\"https:\/\/naturvernforbundet.no\/moreogromsdal\/#\/schema\/person\/image\/\",\"url\":\"https:\/\/secure.gravatar.com\/avatar\/015fa491b9ed1c823ef16a5c930294d1?s=96&d=mm&r=g\",\"contentUrl\":\"https:\/\/secure.gravatar.com\/avatar\/015fa491b9ed1c823ef16a5c930294d1?s=96&d=mm&r=g\",\"caption\":\"Artikkelimport\u00f8r\"},\"url\":\"https:\/\/naturvernforbundet.no\/moreogromsdal\/author\/artikkelimportor\/\"}]}<\/script>\n<!-- \/ Yoast SEO plugin. -->","yoast_head_json":{"title":"Naturvernforbundet seier f\u00f8rebels nei til Havsul - M\u00f8re og Romsdal","robots":{"index":"index","follow":"follow","max-snippet":"max-snippet:-1","max-image-preview":"max-image-preview:large","max-video-preview":"max-video-preview:-1"},"canonical":"https:\/\/naturvernforbundet.no\/moreogromsdal\/naturvernforbundet-seier-forebels-nei-til-havsul\/","og_locale":"nb_NO","og_type":"article","og_title":"Naturvernforbundet seier f\u00f8rebels nei til Havsul - M\u00f8re og Romsdal","og_description":"Naturvernforbundet ser p\u00e5 konsekvensutgreiinga for Havsul I, II og IV som klarleggande: Manglande samla plan for vindm\u00f8lleutbygging og manglande forsking p\u00e5 verknader p\u00e5 fugl gjer at utbygging ikkje kan finne stad. Forsking kan f\u00f8re til at utbygging p\u00e5 eit seinare tidspunkt kanskje kan vere mogleg, tilpassa resultat av ny forsking, men denne moglegheita vil bli \u00f8ydelagt om det blir bygd ut no.","og_url":"https:\/\/naturvernforbundet.no\/moreogromsdal\/naturvernforbundet-seier-forebels-nei-til-havsul\/","og_site_name":"M\u00f8re og Romsdal","article_published_time":"2006-05-22T19:14:00+00:00","author":"Artikkelimport\u00f8r","twitter_card":"summary_large_image","twitter_misc":{"Skrevet av":"Artikkelimport\u00f8r","Ansl. lesetid":"1 minutt"},"schema":{"@context":"https:\/\/schema.org","@graph":[{"@type":"WebPage","@id":"https:\/\/naturvernforbundet.no\/moreogromsdal\/naturvernforbundet-seier-forebels-nei-til-havsul\/","url":"https:\/\/naturvernforbundet.no\/moreogromsdal\/naturvernforbundet-seier-forebels-nei-til-havsul\/","name":"Naturvernforbundet seier f\u00f8rebels nei til Havsul - M\u00f8re og Romsdal","isPartOf":{"@id":"https:\/\/naturvernforbundet.no\/moreogromsdal\/#website"},"datePublished":"2006-05-22T19:14:00+00:00","author":{"@id":"https:\/\/naturvernforbundet.no\/moreogromsdal\/#\/schema\/person\/c72f198205979084bf071deedb6205f4"},"breadcrumb":{"@id":"https:\/\/naturvernforbundet.no\/moreogromsdal\/naturvernforbundet-seier-forebels-nei-til-havsul\/#breadcrumb"},"inLanguage":"nb-NO","potentialAction":[{"@type":"ReadAction","target":["https:\/\/naturvernforbundet.no\/moreogromsdal\/naturvernforbundet-seier-forebels-nei-til-havsul\/"]}]},{"@type":"BreadcrumbList","@id":"https:\/\/naturvernforbundet.no\/moreogromsdal\/naturvernforbundet-seier-forebels-nei-til-havsul\/#breadcrumb","itemListElement":[{"@type":"ListItem","position":1,"name":"Till naturvernforbundet.no","item":"https:\/\/naturvernforbundet.no\/"},{"@type":"ListItem","position":2,"name":"M\u00f8re og Romsdal","item":"https:\/\/naturvernforbundet.no\/moreogromsdal\/"},{"@type":"ListItem","position":3,"name":"Naturvernforbundet seier f\u00f8rebels nei til Havsul"}]},{"@type":"WebSite","@id":"https:\/\/naturvernforbundet.no\/moreogromsdal\/#website","url":"https:\/\/naturvernforbundet.no\/moreogromsdal\/","name":"M\u00f8re og Romsdal","description":"Bare enda et Naturvernforbundet Sites-nettsted","potentialAction":[{"@type":"SearchAction","target":{"@type":"EntryPoint","urlTemplate":"https:\/\/naturvernforbundet.no\/moreogromsdal\/?s={search_term_string}"},"query-input":{"@type":"PropertyValueSpecification","valueRequired":true,"valueName":"search_term_string"}}],"inLanguage":"nb-NO"},{"@type":"Person","@id":"https:\/\/naturvernforbundet.no\/moreogromsdal\/#\/schema\/person\/c72f198205979084bf071deedb6205f4","name":"Artikkelimport\u00f8r","image":{"@type":"ImageObject","inLanguage":"nb-NO","@id":"https:\/\/naturvernforbundet.no\/moreogromsdal\/#\/schema\/person\/image\/","url":"https:\/\/secure.gravatar.com\/avatar\/015fa491b9ed1c823ef16a5c930294d1?s=96&d=mm&r=g","contentUrl":"https:\/\/secure.gravatar.com\/avatar\/015fa491b9ed1c823ef16a5c930294d1?s=96&d=mm&r=g","caption":"Artikkelimport\u00f8r"},"url":"https:\/\/naturvernforbundet.no\/moreogromsdal\/author\/artikkelimportor\/"}]}},"_links":{"self":[{"href":"https:\/\/naturvernforbundet.no\/moreogromsdal\/wp-json\/wp\/v2\/posts\/725","targetHints":{"allow":["GET"]}}],"collection":[{"href":"https:\/\/naturvernforbundet.no\/moreogromsdal\/wp-json\/wp\/v2\/posts"}],"about":[{"href":"https:\/\/naturvernforbundet.no\/moreogromsdal\/wp-json\/wp\/v2\/types\/post"}],"author":[{"embeddable":true,"href":"https:\/\/naturvernforbundet.no\/moreogromsdal\/wp-json\/wp\/v2\/users\/38"}],"replies":[{"embeddable":true,"href":"https:\/\/naturvernforbundet.no\/moreogromsdal\/wp-json\/wp\/v2\/comments?post=725"}],"version-history":[{"count":0,"href":"https:\/\/naturvernforbundet.no\/moreogromsdal\/wp-json\/wp\/v2\/posts\/725\/revisions"}],"wp:attachment":[{"href":"https:\/\/naturvernforbundet.no\/moreogromsdal\/wp-json\/wp\/v2\/media?parent=725"}],"wp:term":[{"taxonomy":"category","embeddable":true,"href":"https:\/\/naturvernforbundet.no\/moreogromsdal\/wp-json\/wp\/v2\/categories?post=725"},{"taxonomy":"post_tag","embeddable":true,"href":"https:\/\/naturvernforbundet.no\/moreogromsdal\/wp-json\/wp\/v2\/tags?post=725"},{"taxonomy":"local","embeddable":true,"href":"https:\/\/naturvernforbundet.no\/moreogromsdal\/wp-json\/wp\/v2\/local?post=725"}],"curies":[{"name":"wp","href":"https:\/\/api.w.org\/{rel}","templated":true}]}}