{"id":731,"date":"2006-05-31T19:21:00","date_gmt":"2006-05-31T17:21:00","guid":{"rendered":"https:\/\/naturvernforbundet.no\/moreogromsdal\/naturvernforbundet-vil-ta-vare-pa-strandsona-og-grone-korridorar-i-sula\/"},"modified":"2006-05-31T19:21:00","modified_gmt":"2006-05-31T17:21:00","slug":"naturvernforbundet-vil-ta-vare-pa-strandsona-og-grone-korridorar-i-sula","status":"publish","type":"post","link":"https:\/\/naturvernforbundet.no\/moreogromsdal\/naturvernforbundet-vil-ta-vare-pa-strandsona-og-grone-korridorar-i-sula\/","title":{"rendered":"Naturvernforbundet vil ta vare p\u00e5 strandsona og gr\u00f8ne korridorar i Sula"},"content":{"rendered":"\t<div class=\"template-post alignfull wp-block-naturvern-hero\">\n\t\t<div class=\"hero__inner\">\n\t\t\t<div class=\"hero__inner_blocks\">\n\t\t\t\t\t\t\t\t\n\t\t\t\t\t<h1 class=\"wp-block-post-title\">Naturvernforbundet vil ta vare p\u00e5 strandsona og gr\u00f8ne korridorar i Sula<\/h1>\n\n\t\t\t\t\t<div class=\"wp-block-post-excerpt\"><p class=\"wp-block-post-excerpt__excerpt\">Naturvernforbundet i \u00c5lesund og omegn gir uttale til arealdelen av kommuneplanen for Sula. <\/p><\/div>\n\n\t\t\t\t\t\n\n\t\t\t\t\t<div class=\"wp-block-naturvern-byline\">\n\t\t\t<div class=\"authors\">By <span class=\"t2-byline__author-link\">Artikkelimport\u00f8r<\/span><\/div>\n\t\t\t<small class=\"entry-date\">31.05.2006 19:21<\/small>\n\t\t<\/div>\n\t\t\t\t\t\t\t\t<\/div>\n\t\t\t\t\t<\/div>\n\t\t\t<\/div>\n\t\n<p>Kommentarane fr\u00e5 Naturvernforbundet g\u00e5r i hovudsak p\u00e5 \u00e5 sikre gr\u00f8ne korridorar fr\u00e5 fjord til fjell, b\u00e5de for \u00e5 ta vare p\u00e5 det biologiske mangfaldet i utbyggingsomr\u00e5da og for \u00e5 sikre \u00e5lmenta s\u00e6rleg born, betre tilgjenge til friomr\u00e5da. Det er ogs\u00e5 kommentarar knytt til strandsona og omr\u00e5de langs ferskvatn. Naturvernforbundet meiner det er viktig \u00e5 ta omsyn til gr\u00f8ne korridorar og strandsona.\n<\/p>\n\n\n\n<p><em>Kjersti Finholt har telefon 92 29 97 38.<\/em>\n<a>Ja, dette er viktig. Eg vil bli medlem i Naturvernforbundet<\/a><br><\/p>\n\n\n\n\n\n<p><strong><br><\/strong><a>Eg vil gjerne st\u00f8tte arbeidet til Naturvernforbundet<\/a><\/p>\n\n\n\n\n\n<p><a href=\"\/imakerdata\/f\/0\/85\/84\/1_2401_0\/kommuneplan_Sula.pdf\">Les uttalen fr\u00e5 Naturvernforbundet<\/a><\/p>\n\n\n\n<p><a href=\"\/imakerdata\/f\/1\/20\/60\/8_2401_0\/ArealPlan-2006.pdf\">Sula kommune &#8211; arealdelen av kommuneplanen &#8211; f\u00f8resegner og retningslinjer<\/a><\/p>\n\n\n\n<p><a href=\"\/imakerdata\/f\/1\/20\/60\/9_2401_0\/Solevaag-Sunde-Eidsnes.pdf\">Kommuneplanens arealdel vedtatt 2006: Solev\u00e5g &#8211; Sunde &#8211; Eidsnes<\/a><\/p>\n\n\n\n<p><a href=\"\/imakerdata\/f\/1\/20\/61\/1_2401_0\/Fiskarstrand-Mauseidvaag-Eikrem.pdf\">Kommuneplanens arealdel vedtatt 2006: Fiskarstrand &#8211; Mauseidv\u00e5g &#8211; Eikrem<\/a><\/p>\n\n\n\n<p><a href=\"\/imakerdata\/f\/1\/20\/61\/3_2401_0\/Langevaag-1.pdf\">Kommuneplanens arealdel vedtatt 2006: Langev\u00e5g<\/a><\/p>\n\n\n\n<p><a href=\"\/imakerdata\/f\/1\/27\/68\/0_2401_0\/Naturtyper_Sula_nettversjon.pdf\">Supplerende kartlegging av naturtyper i Sula 2008<\/a><\/p>\n","protected":false},"excerpt":{"rendered":"<p>Naturvernforbundet i \u00c5lesund og omegn gir uttale til arealdelen av kommuneplanen for Sula.<\/p>\n","protected":false},"author":38,"featured_media":0,"comment_status":"closed","ping_status":"closed","sticky":false,"template":"","format":"standard","meta":{"_relevanssi_hide_post":"","_relevanssi_hide_content":"","_relevanssi_pin_for_all":"","_relevanssi_pin_keywords":"","_relevanssi_unpin_keywords":"","_relevanssi_related_keywords":"","_relevanssi_related_include_ids":"","_relevanssi_related_exclude_ids":"","_relevanssi_related_no_append":"","_relevanssi_related_not_related":"","_relevanssi_related_posts":"","_relevanssi_noindex_reason":"","hide_logo":false,"footnotes":""},"categories":[16],"tags":[],"local":[],"class_list":["post-731","post","type-post","status-publish","format-standard","hentry","category-naturmangfold"],"acf":[],"yoast_head":"<!-- This site is optimized with the Yoast SEO plugin v24.9 - https:\/\/yoast.com\/wordpress\/plugins\/seo\/ -->\n<title>Naturvernforbundet vil ta vare p\u00e5 strandsona og gr\u00f8ne korridorar i Sula - M\u00f8re og Romsdal<\/title>\n<meta name=\"robots\" content=\"index, follow, max-snippet:-1, max-image-preview:large, max-video-preview:-1\" \/>\n<link rel=\"canonical\" href=\"https:\/\/naturvernforbundet.no\/moreogromsdal\/naturvernforbundet-vil-ta-vare-pa-strandsona-og-grone-korridorar-i-sula\/\" \/>\n<meta property=\"og:locale\" content=\"nb_NO\" \/>\n<meta property=\"og:type\" content=\"article\" \/>\n<meta property=\"og:title\" content=\"Naturvernforbundet vil ta vare p\u00e5 strandsona og gr\u00f8ne korridorar i Sula - M\u00f8re og Romsdal\" \/>\n<meta property=\"og:description\" content=\"Naturvernforbundet i \u00c5lesund og omegn gir uttale til arealdelen av kommuneplanen for Sula.\" \/>\n<meta property=\"og:url\" content=\"https:\/\/naturvernforbundet.no\/moreogromsdal\/naturvernforbundet-vil-ta-vare-pa-strandsona-og-grone-korridorar-i-sula\/\" \/>\n<meta property=\"og:site_name\" content=\"M\u00f8re og Romsdal\" \/>\n<meta property=\"article:published_time\" content=\"2006-05-31T17:21:00+00:00\" \/>\n<meta name=\"author\" content=\"Artikkelimport\u00f8r\" \/>\n<meta name=\"twitter:card\" content=\"summary_large_image\" \/>\n<meta name=\"twitter:label1\" content=\"Skrevet av\" \/>\n\t<meta name=\"twitter:data1\" content=\"Artikkelimport\u00f8r\" \/>\n\t<meta name=\"twitter:label2\" content=\"Ansl. lesetid\" \/>\n\t<meta name=\"twitter:data2\" content=\"1 minutt\" \/>\n<script type=\"application\/ld+json\" class=\"yoast-schema-graph\">{\"@context\":\"https:\/\/schema.org\",\"@graph\":[{\"@type\":\"WebPage\",\"@id\":\"https:\/\/naturvernforbundet.no\/moreogromsdal\/naturvernforbundet-vil-ta-vare-pa-strandsona-og-grone-korridorar-i-sula\/\",\"url\":\"https:\/\/naturvernforbundet.no\/moreogromsdal\/naturvernforbundet-vil-ta-vare-pa-strandsona-og-grone-korridorar-i-sula\/\",\"name\":\"Naturvernforbundet vil ta vare p\u00e5 strandsona og gr\u00f8ne korridorar i Sula - M\u00f8re og Romsdal\",\"isPartOf\":{\"@id\":\"https:\/\/naturvernforbundet.no\/moreogromsdal\/#website\"},\"datePublished\":\"2006-05-31T17:21:00+00:00\",\"author\":{\"@id\":\"https:\/\/naturvernforbundet.no\/moreogromsdal\/#\/schema\/person\/c72f198205979084bf071deedb6205f4\"},\"breadcrumb\":{\"@id\":\"https:\/\/naturvernforbundet.no\/moreogromsdal\/naturvernforbundet-vil-ta-vare-pa-strandsona-og-grone-korridorar-i-sula\/#breadcrumb\"},\"inLanguage\":\"nb-NO\",\"potentialAction\":[{\"@type\":\"ReadAction\",\"target\":[\"https:\/\/naturvernforbundet.no\/moreogromsdal\/naturvernforbundet-vil-ta-vare-pa-strandsona-og-grone-korridorar-i-sula\/\"]}]},{\"@type\":\"BreadcrumbList\",\"@id\":\"https:\/\/naturvernforbundet.no\/moreogromsdal\/naturvernforbundet-vil-ta-vare-pa-strandsona-og-grone-korridorar-i-sula\/#breadcrumb\",\"itemListElement\":[{\"@type\":\"ListItem\",\"position\":1,\"name\":\"Till naturvernforbundet.no\",\"item\":\"https:\/\/naturvernforbundet.no\/\"},{\"@type\":\"ListItem\",\"position\":2,\"name\":\"M\u00f8re og Romsdal\",\"item\":\"https:\/\/naturvernforbundet.no\/moreogromsdal\/\"},{\"@type\":\"ListItem\",\"position\":3,\"name\":\"Naturvernforbundet vil ta vare p\u00e5 strandsona og gr\u00f8ne korridorar i Sula\"}]},{\"@type\":\"WebSite\",\"@id\":\"https:\/\/naturvernforbundet.no\/moreogromsdal\/#website\",\"url\":\"https:\/\/naturvernforbundet.no\/moreogromsdal\/\",\"name\":\"M\u00f8re og Romsdal\",\"description\":\"Bare enda et Naturvernforbundet Sites-nettsted\",\"potentialAction\":[{\"@type\":\"SearchAction\",\"target\":{\"@type\":\"EntryPoint\",\"urlTemplate\":\"https:\/\/naturvernforbundet.no\/moreogromsdal\/?s={search_term_string}\"},\"query-input\":{\"@type\":\"PropertyValueSpecification\",\"valueRequired\":true,\"valueName\":\"search_term_string\"}}],\"inLanguage\":\"nb-NO\"},{\"@type\":\"Person\",\"@id\":\"https:\/\/naturvernforbundet.no\/moreogromsdal\/#\/schema\/person\/c72f198205979084bf071deedb6205f4\",\"name\":\"Artikkelimport\u00f8r\",\"image\":{\"@type\":\"ImageObject\",\"inLanguage\":\"nb-NO\",\"@id\":\"https:\/\/naturvernforbundet.no\/moreogromsdal\/#\/schema\/person\/image\/\",\"url\":\"https:\/\/secure.gravatar.com\/avatar\/015fa491b9ed1c823ef16a5c930294d1?s=96&d=mm&r=g\",\"contentUrl\":\"https:\/\/secure.gravatar.com\/avatar\/015fa491b9ed1c823ef16a5c930294d1?s=96&d=mm&r=g\",\"caption\":\"Artikkelimport\u00f8r\"},\"url\":\"https:\/\/naturvernforbundet.no\/moreogromsdal\/author\/artikkelimportor\/\"}]}<\/script>\n<!-- \/ Yoast SEO plugin. -->","yoast_head_json":{"title":"Naturvernforbundet vil ta vare p\u00e5 strandsona og gr\u00f8ne korridorar i Sula - M\u00f8re og Romsdal","robots":{"index":"index","follow":"follow","max-snippet":"max-snippet:-1","max-image-preview":"max-image-preview:large","max-video-preview":"max-video-preview:-1"},"canonical":"https:\/\/naturvernforbundet.no\/moreogromsdal\/naturvernforbundet-vil-ta-vare-pa-strandsona-og-grone-korridorar-i-sula\/","og_locale":"nb_NO","og_type":"article","og_title":"Naturvernforbundet vil ta vare p\u00e5 strandsona og gr\u00f8ne korridorar i Sula - M\u00f8re og Romsdal","og_description":"Naturvernforbundet i \u00c5lesund og omegn gir uttale til arealdelen av kommuneplanen for Sula.","og_url":"https:\/\/naturvernforbundet.no\/moreogromsdal\/naturvernforbundet-vil-ta-vare-pa-strandsona-og-grone-korridorar-i-sula\/","og_site_name":"M\u00f8re og Romsdal","article_published_time":"2006-05-31T17:21:00+00:00","author":"Artikkelimport\u00f8r","twitter_card":"summary_large_image","twitter_misc":{"Skrevet av":"Artikkelimport\u00f8r","Ansl. lesetid":"1 minutt"},"schema":{"@context":"https:\/\/schema.org","@graph":[{"@type":"WebPage","@id":"https:\/\/naturvernforbundet.no\/moreogromsdal\/naturvernforbundet-vil-ta-vare-pa-strandsona-og-grone-korridorar-i-sula\/","url":"https:\/\/naturvernforbundet.no\/moreogromsdal\/naturvernforbundet-vil-ta-vare-pa-strandsona-og-grone-korridorar-i-sula\/","name":"Naturvernforbundet vil ta vare p\u00e5 strandsona og gr\u00f8ne korridorar i Sula - M\u00f8re og Romsdal","isPartOf":{"@id":"https:\/\/naturvernforbundet.no\/moreogromsdal\/#website"},"datePublished":"2006-05-31T17:21:00+00:00","author":{"@id":"https:\/\/naturvernforbundet.no\/moreogromsdal\/#\/schema\/person\/c72f198205979084bf071deedb6205f4"},"breadcrumb":{"@id":"https:\/\/naturvernforbundet.no\/moreogromsdal\/naturvernforbundet-vil-ta-vare-pa-strandsona-og-grone-korridorar-i-sula\/#breadcrumb"},"inLanguage":"nb-NO","potentialAction":[{"@type":"ReadAction","target":["https:\/\/naturvernforbundet.no\/moreogromsdal\/naturvernforbundet-vil-ta-vare-pa-strandsona-og-grone-korridorar-i-sula\/"]}]},{"@type":"BreadcrumbList","@id":"https:\/\/naturvernforbundet.no\/moreogromsdal\/naturvernforbundet-vil-ta-vare-pa-strandsona-og-grone-korridorar-i-sula\/#breadcrumb","itemListElement":[{"@type":"ListItem","position":1,"name":"Till naturvernforbundet.no","item":"https:\/\/naturvernforbundet.no\/"},{"@type":"ListItem","position":2,"name":"M\u00f8re og Romsdal","item":"https:\/\/naturvernforbundet.no\/moreogromsdal\/"},{"@type":"ListItem","position":3,"name":"Naturvernforbundet vil ta vare p\u00e5 strandsona og gr\u00f8ne korridorar i Sula"}]},{"@type":"WebSite","@id":"https:\/\/naturvernforbundet.no\/moreogromsdal\/#website","url":"https:\/\/naturvernforbundet.no\/moreogromsdal\/","name":"M\u00f8re og Romsdal","description":"Bare enda et Naturvernforbundet Sites-nettsted","potentialAction":[{"@type":"SearchAction","target":{"@type":"EntryPoint","urlTemplate":"https:\/\/naturvernforbundet.no\/moreogromsdal\/?s={search_term_string}"},"query-input":{"@type":"PropertyValueSpecification","valueRequired":true,"valueName":"search_term_string"}}],"inLanguage":"nb-NO"},{"@type":"Person","@id":"https:\/\/naturvernforbundet.no\/moreogromsdal\/#\/schema\/person\/c72f198205979084bf071deedb6205f4","name":"Artikkelimport\u00f8r","image":{"@type":"ImageObject","inLanguage":"nb-NO","@id":"https:\/\/naturvernforbundet.no\/moreogromsdal\/#\/schema\/person\/image\/","url":"https:\/\/secure.gravatar.com\/avatar\/015fa491b9ed1c823ef16a5c930294d1?s=96&d=mm&r=g","contentUrl":"https:\/\/secure.gravatar.com\/avatar\/015fa491b9ed1c823ef16a5c930294d1?s=96&d=mm&r=g","caption":"Artikkelimport\u00f8r"},"url":"https:\/\/naturvernforbundet.no\/moreogromsdal\/author\/artikkelimportor\/"}]}},"_links":{"self":[{"href":"https:\/\/naturvernforbundet.no\/moreogromsdal\/wp-json\/wp\/v2\/posts\/731","targetHints":{"allow":["GET"]}}],"collection":[{"href":"https:\/\/naturvernforbundet.no\/moreogromsdal\/wp-json\/wp\/v2\/posts"}],"about":[{"href":"https:\/\/naturvernforbundet.no\/moreogromsdal\/wp-json\/wp\/v2\/types\/post"}],"author":[{"embeddable":true,"href":"https:\/\/naturvernforbundet.no\/moreogromsdal\/wp-json\/wp\/v2\/users\/38"}],"replies":[{"embeddable":true,"href":"https:\/\/naturvernforbundet.no\/moreogromsdal\/wp-json\/wp\/v2\/comments?post=731"}],"version-history":[{"count":0,"href":"https:\/\/naturvernforbundet.no\/moreogromsdal\/wp-json\/wp\/v2\/posts\/731\/revisions"}],"wp:attachment":[{"href":"https:\/\/naturvernforbundet.no\/moreogromsdal\/wp-json\/wp\/v2\/media?parent=731"}],"wp:term":[{"taxonomy":"category","embeddable":true,"href":"https:\/\/naturvernforbundet.no\/moreogromsdal\/wp-json\/wp\/v2\/categories?post=731"},{"taxonomy":"post_tag","embeddable":true,"href":"https:\/\/naturvernforbundet.no\/moreogromsdal\/wp-json\/wp\/v2\/tags?post=731"},{"taxonomy":"local","embeddable":true,"href":"https:\/\/naturvernforbundet.no\/moreogromsdal\/wp-json\/wp\/v2\/local?post=731"}],"curies":[{"name":"wp","href":"https:\/\/api.w.org\/{rel}","templated":true}]}}