{"id":760,"date":"2007-05-07T06:27:00","date_gmt":"2007-05-07T04:27:00","guid":{"rendered":"https:\/\/naturvernforbundet.no\/moreogromsdal\/naturvernforbundet-med-kritiske-merknader-til-planer-om-massedeponi-pa-emblem\/"},"modified":"2007-05-07T06:27:00","modified_gmt":"2007-05-07T04:27:00","slug":"naturvernforbundet-med-kritiske-merknader-til-planer-om-massedeponi-pa-emblem","status":"publish","type":"post","link":"https:\/\/naturvernforbundet.no\/moreogromsdal\/naturvernforbundet-med-kritiske-merknader-til-planer-om-massedeponi-pa-emblem\/","title":{"rendered":"Naturvernforbundet med kritiske merknader til planer om massedeponi p\u00e5 Emblem"},"content":{"rendered":"\t<div class=\"template-post alignfull wp-block-naturvern-hero\">\n\t\t<div class=\"hero__inner\">\n\t\t\t<div class=\"hero__inner_blocks\">\n\t\t\t\t\t\t\t\t\n\t\t\t\t\t<h1 class=\"wp-block-post-title\">Naturvernforbundet med kritiske merknader til planer om massedeponi p\u00e5 Emblem<\/h1>\n\n\t\t\t\t\t<div class=\"wp-block-post-excerpt\"><p class=\"wp-block-post-excerpt__excerpt\">Naturvernforbundet i \u00c5lesund og omegn stiller flere sp\u00f8rsm\u00e5l og har mange kommentarer til planene om et massedeponi p\u00e5 Emblem i \u00c5lesund. S\u00f8knaden om massedeponi er forel\u00f8pig ganske uklar. <\/p><\/div>\n\n\t\t\t\t\t\n\n\t\t\t\t\t<div class=\"wp-block-naturvern-byline\">\n\t\t\t<div class=\"authors\">By <span class=\"t2-byline__author-link\">Artikkelimport\u00f8r<\/span><\/div>\n\t\t\t<small class=\"entry-date\">07.05.2007 06:27<\/small>\n\t\t<\/div>\n\t\t\t\t\t\t\t\t<\/div>\n\t\t\t\t\t<\/div>\n\t\t\t<\/div>\n\t\n<p>Det er s\u00e6rlig to forhold Naturvernforbundet er opptatt av i uttalelsen sin. Det f\u00f8rste er risikoen for at det skal havne avfall, ogs\u00e5 farlig avfall, p\u00e5 et deponi som er beregnet p\u00e5 s\u00e5kalte rene masser. Naturvernforbundet mener risikoen for dette er relativt h\u00f8y i \u00c5lesund, og ber derfor om at det innf\u00f8res kontrollordninger for deponiet. \n<\/p>\n\n\n\n<p>Naturvernforbundet etterlyser dessuten vurderinger av hvilke konsekvenser massedeponiet vil f\u00e5 for dyr og planter i omr\u00e5det. Det er uklart hvor godt unders\u00f8kt dette er. \n<\/p>\n\n\n\n<p>Naturvernforbundet etterlyser ogs\u00e5 en reguleringsplan for deponiet, og ber om vurdering av noen alternative lokaliseringer. \n<\/p>\n\n\n\n<p><em>Kontaktperson i Naturvernforbundet i \u00c5lesund og omegn er Geir Ole S\u00e6tremyr. Han treffes p\u00e5 telefon 90 85 41 20.<\/em> \n<a>Ja, dette er viktig. Jeg vil bli medlem i Naturvernforbundet<\/a><br><\/p>\n\n\n\n\n\n<p><strong><br><\/strong><a>Jeg vil gjerne st\u00f8tte arbeidet til Naturvernforbundet<\/a><\/p>\n\n\n\n\n\n<p><a href=\"\/imakerdata\/f\/1\/04\/04\/3_2401_0\/massedeponi_Emblem.pdf\">Uttalen fra Naturvernforbundet i \u00c5lesund og omegn<\/a><\/p>\n\n\n\n<p><a href=\"\/imakerdata\/f\/1\/04\/04\/6_2401_0\/massedeponi.pdf\">S\u00f8knaden<\/a><\/p>\n","protected":false},"excerpt":{"rendered":"<p>Naturvernforbundet i \u00c5lesund og omegn stiller flere sp\u00f8rsm\u00e5l og har mange kommentarer til planene om et massedeponi p\u00e5 Emblem i \u00c5lesund. S\u00f8knaden om massedeponi er forel\u00f8pig ganske uklar.<\/p>\n","protected":false},"author":38,"featured_media":0,"comment_status":"closed","ping_status":"closed","sticky":false,"template":"","format":"standard","meta":{"_relevanssi_hide_post":"","_relevanssi_hide_content":"","_relevanssi_pin_for_all":"","_relevanssi_pin_keywords":"","_relevanssi_unpin_keywords":"","_relevanssi_related_keywords":"","_relevanssi_related_include_ids":"","_relevanssi_related_exclude_ids":"","_relevanssi_related_no_append":"","_relevanssi_related_not_related":"","_relevanssi_related_posts":"","_relevanssi_noindex_reason":"","hide_logo":false,"footnotes":""},"categories":[27],"tags":[],"local":[],"class_list":["post-760","post","type-post","status-publish","format-standard","hentry","category-avfall-og-forbruk"],"acf":[],"yoast_head":"<!-- This site is optimized with the Yoast SEO plugin v24.9 - https:\/\/yoast.com\/wordpress\/plugins\/seo\/ -->\n<title>Naturvernforbundet med kritiske merknader til planer om massedeponi p\u00e5 Emblem - M\u00f8re og Romsdal<\/title>\n<meta name=\"robots\" content=\"index, follow, max-snippet:-1, max-image-preview:large, max-video-preview:-1\" \/>\n<link rel=\"canonical\" href=\"https:\/\/naturvernforbundet.no\/moreogromsdal\/naturvernforbundet-med-kritiske-merknader-til-planer-om-massedeponi-pa-emblem\/\" \/>\n<meta property=\"og:locale\" content=\"nb_NO\" \/>\n<meta property=\"og:type\" content=\"article\" \/>\n<meta property=\"og:title\" content=\"Naturvernforbundet med kritiske merknader til planer om massedeponi p\u00e5 Emblem - M\u00f8re og Romsdal\" \/>\n<meta property=\"og:description\" content=\"Naturvernforbundet i \u00c5lesund og omegn stiller flere sp\u00f8rsm\u00e5l og har mange kommentarer til planene om et massedeponi p\u00e5 Emblem i \u00c5lesund. S\u00f8knaden om massedeponi er forel\u00f8pig ganske uklar.\" \/>\n<meta property=\"og:url\" content=\"https:\/\/naturvernforbundet.no\/moreogromsdal\/naturvernforbundet-med-kritiske-merknader-til-planer-om-massedeponi-pa-emblem\/\" \/>\n<meta property=\"og:site_name\" content=\"M\u00f8re og Romsdal\" \/>\n<meta property=\"article:published_time\" content=\"2007-05-07T04:27:00+00:00\" \/>\n<meta name=\"author\" content=\"Artikkelimport\u00f8r\" \/>\n<meta name=\"twitter:card\" content=\"summary_large_image\" \/>\n<meta name=\"twitter:label1\" content=\"Skrevet av\" \/>\n\t<meta name=\"twitter:data1\" content=\"Artikkelimport\u00f8r\" \/>\n\t<meta name=\"twitter:label2\" content=\"Ansl. lesetid\" \/>\n\t<meta name=\"twitter:data2\" content=\"1 minutt\" \/>\n<script type=\"application\/ld+json\" class=\"yoast-schema-graph\">{\"@context\":\"https:\/\/schema.org\",\"@graph\":[{\"@type\":\"WebPage\",\"@id\":\"https:\/\/naturvernforbundet.no\/moreogromsdal\/naturvernforbundet-med-kritiske-merknader-til-planer-om-massedeponi-pa-emblem\/\",\"url\":\"https:\/\/naturvernforbundet.no\/moreogromsdal\/naturvernforbundet-med-kritiske-merknader-til-planer-om-massedeponi-pa-emblem\/\",\"name\":\"Naturvernforbundet med kritiske merknader til planer om massedeponi p\u00e5 Emblem - M\u00f8re og Romsdal\",\"isPartOf\":{\"@id\":\"https:\/\/naturvernforbundet.no\/moreogromsdal\/#website\"},\"datePublished\":\"2007-05-07T04:27:00+00:00\",\"author\":{\"@id\":\"https:\/\/naturvernforbundet.no\/moreogromsdal\/#\/schema\/person\/c72f198205979084bf071deedb6205f4\"},\"breadcrumb\":{\"@id\":\"https:\/\/naturvernforbundet.no\/moreogromsdal\/naturvernforbundet-med-kritiske-merknader-til-planer-om-massedeponi-pa-emblem\/#breadcrumb\"},\"inLanguage\":\"nb-NO\",\"potentialAction\":[{\"@type\":\"ReadAction\",\"target\":[\"https:\/\/naturvernforbundet.no\/moreogromsdal\/naturvernforbundet-med-kritiske-merknader-til-planer-om-massedeponi-pa-emblem\/\"]}]},{\"@type\":\"BreadcrumbList\",\"@id\":\"https:\/\/naturvernforbundet.no\/moreogromsdal\/naturvernforbundet-med-kritiske-merknader-til-planer-om-massedeponi-pa-emblem\/#breadcrumb\",\"itemListElement\":[{\"@type\":\"ListItem\",\"position\":1,\"name\":\"Till naturvernforbundet.no\",\"item\":\"https:\/\/naturvernforbundet.no\/\"},{\"@type\":\"ListItem\",\"position\":2,\"name\":\"M\u00f8re og Romsdal\",\"item\":\"https:\/\/naturvernforbundet.no\/moreogromsdal\/\"},{\"@type\":\"ListItem\",\"position\":3,\"name\":\"Naturvernforbundet med kritiske merknader til planer om massedeponi p\u00e5 Emblem\"}]},{\"@type\":\"WebSite\",\"@id\":\"https:\/\/naturvernforbundet.no\/moreogromsdal\/#website\",\"url\":\"https:\/\/naturvernforbundet.no\/moreogromsdal\/\",\"name\":\"M\u00f8re og Romsdal\",\"description\":\"Bare enda et Naturvernforbundet Sites-nettsted\",\"potentialAction\":[{\"@type\":\"SearchAction\",\"target\":{\"@type\":\"EntryPoint\",\"urlTemplate\":\"https:\/\/naturvernforbundet.no\/moreogromsdal\/?s={search_term_string}\"},\"query-input\":{\"@type\":\"PropertyValueSpecification\",\"valueRequired\":true,\"valueName\":\"search_term_string\"}}],\"inLanguage\":\"nb-NO\"},{\"@type\":\"Person\",\"@id\":\"https:\/\/naturvernforbundet.no\/moreogromsdal\/#\/schema\/person\/c72f198205979084bf071deedb6205f4\",\"name\":\"Artikkelimport\u00f8r\",\"image\":{\"@type\":\"ImageObject\",\"inLanguage\":\"nb-NO\",\"@id\":\"https:\/\/naturvernforbundet.no\/moreogromsdal\/#\/schema\/person\/image\/\",\"url\":\"https:\/\/secure.gravatar.com\/avatar\/015fa491b9ed1c823ef16a5c930294d1?s=96&d=mm&r=g\",\"contentUrl\":\"https:\/\/secure.gravatar.com\/avatar\/015fa491b9ed1c823ef16a5c930294d1?s=96&d=mm&r=g\",\"caption\":\"Artikkelimport\u00f8r\"},\"url\":\"https:\/\/naturvernforbundet.no\/moreogromsdal\/author\/artikkelimportor\/\"}]}<\/script>\n<!-- \/ Yoast SEO plugin. -->","yoast_head_json":{"title":"Naturvernforbundet med kritiske merknader til planer om massedeponi p\u00e5 Emblem - M\u00f8re og Romsdal","robots":{"index":"index","follow":"follow","max-snippet":"max-snippet:-1","max-image-preview":"max-image-preview:large","max-video-preview":"max-video-preview:-1"},"canonical":"https:\/\/naturvernforbundet.no\/moreogromsdal\/naturvernforbundet-med-kritiske-merknader-til-planer-om-massedeponi-pa-emblem\/","og_locale":"nb_NO","og_type":"article","og_title":"Naturvernforbundet med kritiske merknader til planer om massedeponi p\u00e5 Emblem - M\u00f8re og Romsdal","og_description":"Naturvernforbundet i \u00c5lesund og omegn stiller flere sp\u00f8rsm\u00e5l og har mange kommentarer til planene om et massedeponi p\u00e5 Emblem i \u00c5lesund. S\u00f8knaden om massedeponi er forel\u00f8pig ganske uklar.","og_url":"https:\/\/naturvernforbundet.no\/moreogromsdal\/naturvernforbundet-med-kritiske-merknader-til-planer-om-massedeponi-pa-emblem\/","og_site_name":"M\u00f8re og Romsdal","article_published_time":"2007-05-07T04:27:00+00:00","author":"Artikkelimport\u00f8r","twitter_card":"summary_large_image","twitter_misc":{"Skrevet av":"Artikkelimport\u00f8r","Ansl. lesetid":"1 minutt"},"schema":{"@context":"https:\/\/schema.org","@graph":[{"@type":"WebPage","@id":"https:\/\/naturvernforbundet.no\/moreogromsdal\/naturvernforbundet-med-kritiske-merknader-til-planer-om-massedeponi-pa-emblem\/","url":"https:\/\/naturvernforbundet.no\/moreogromsdal\/naturvernforbundet-med-kritiske-merknader-til-planer-om-massedeponi-pa-emblem\/","name":"Naturvernforbundet med kritiske merknader til planer om massedeponi p\u00e5 Emblem - M\u00f8re og Romsdal","isPartOf":{"@id":"https:\/\/naturvernforbundet.no\/moreogromsdal\/#website"},"datePublished":"2007-05-07T04:27:00+00:00","author":{"@id":"https:\/\/naturvernforbundet.no\/moreogromsdal\/#\/schema\/person\/c72f198205979084bf071deedb6205f4"},"breadcrumb":{"@id":"https:\/\/naturvernforbundet.no\/moreogromsdal\/naturvernforbundet-med-kritiske-merknader-til-planer-om-massedeponi-pa-emblem\/#breadcrumb"},"inLanguage":"nb-NO","potentialAction":[{"@type":"ReadAction","target":["https:\/\/naturvernforbundet.no\/moreogromsdal\/naturvernforbundet-med-kritiske-merknader-til-planer-om-massedeponi-pa-emblem\/"]}]},{"@type":"BreadcrumbList","@id":"https:\/\/naturvernforbundet.no\/moreogromsdal\/naturvernforbundet-med-kritiske-merknader-til-planer-om-massedeponi-pa-emblem\/#breadcrumb","itemListElement":[{"@type":"ListItem","position":1,"name":"Till naturvernforbundet.no","item":"https:\/\/naturvernforbundet.no\/"},{"@type":"ListItem","position":2,"name":"M\u00f8re og Romsdal","item":"https:\/\/naturvernforbundet.no\/moreogromsdal\/"},{"@type":"ListItem","position":3,"name":"Naturvernforbundet med kritiske merknader til planer om massedeponi p\u00e5 Emblem"}]},{"@type":"WebSite","@id":"https:\/\/naturvernforbundet.no\/moreogromsdal\/#website","url":"https:\/\/naturvernforbundet.no\/moreogromsdal\/","name":"M\u00f8re og Romsdal","description":"Bare enda et Naturvernforbundet Sites-nettsted","potentialAction":[{"@type":"SearchAction","target":{"@type":"EntryPoint","urlTemplate":"https:\/\/naturvernforbundet.no\/moreogromsdal\/?s={search_term_string}"},"query-input":{"@type":"PropertyValueSpecification","valueRequired":true,"valueName":"search_term_string"}}],"inLanguage":"nb-NO"},{"@type":"Person","@id":"https:\/\/naturvernforbundet.no\/moreogromsdal\/#\/schema\/person\/c72f198205979084bf071deedb6205f4","name":"Artikkelimport\u00f8r","image":{"@type":"ImageObject","inLanguage":"nb-NO","@id":"https:\/\/naturvernforbundet.no\/moreogromsdal\/#\/schema\/person\/image\/","url":"https:\/\/secure.gravatar.com\/avatar\/015fa491b9ed1c823ef16a5c930294d1?s=96&d=mm&r=g","contentUrl":"https:\/\/secure.gravatar.com\/avatar\/015fa491b9ed1c823ef16a5c930294d1?s=96&d=mm&r=g","caption":"Artikkelimport\u00f8r"},"url":"https:\/\/naturvernforbundet.no\/moreogromsdal\/author\/artikkelimportor\/"}]}},"_links":{"self":[{"href":"https:\/\/naturvernforbundet.no\/moreogromsdal\/wp-json\/wp\/v2\/posts\/760","targetHints":{"allow":["GET"]}}],"collection":[{"href":"https:\/\/naturvernforbundet.no\/moreogromsdal\/wp-json\/wp\/v2\/posts"}],"about":[{"href":"https:\/\/naturvernforbundet.no\/moreogromsdal\/wp-json\/wp\/v2\/types\/post"}],"author":[{"embeddable":true,"href":"https:\/\/naturvernforbundet.no\/moreogromsdal\/wp-json\/wp\/v2\/users\/38"}],"replies":[{"embeddable":true,"href":"https:\/\/naturvernforbundet.no\/moreogromsdal\/wp-json\/wp\/v2\/comments?post=760"}],"version-history":[{"count":0,"href":"https:\/\/naturvernforbundet.no\/moreogromsdal\/wp-json\/wp\/v2\/posts\/760\/revisions"}],"wp:attachment":[{"href":"https:\/\/naturvernforbundet.no\/moreogromsdal\/wp-json\/wp\/v2\/media?parent=760"}],"wp:term":[{"taxonomy":"category","embeddable":true,"href":"https:\/\/naturvernforbundet.no\/moreogromsdal\/wp-json\/wp\/v2\/categories?post=760"},{"taxonomy":"post_tag","embeddable":true,"href":"https:\/\/naturvernforbundet.no\/moreogromsdal\/wp-json\/wp\/v2\/tags?post=760"},{"taxonomy":"local","embeddable":true,"href":"https:\/\/naturvernforbundet.no\/moreogromsdal\/wp-json\/wp\/v2\/local?post=760"}],"curies":[{"name":"wp","href":"https:\/\/api.w.org\/{rel}","templated":true}]}}