{"id":823,"date":"2005-02-28T11:49:00","date_gmt":"2005-02-28T10:49:00","guid":{"rendered":"https:\/\/naturvernforbundet.no\/moreogromsdal\/naturvernforbundet-rosar-miljoinitiativ-fra-hogre\/"},"modified":"2005-02-28T11:49:00","modified_gmt":"2005-02-28T10:49:00","slug":"naturvernforbundet-rosar-miljoinitiativ-fra-hogre","status":"publish","type":"post","link":"https:\/\/naturvernforbundet.no\/moreogromsdal\/naturvernforbundet-rosar-miljoinitiativ-fra-hogre\/","title":{"rendered":"Naturvernforbundet rosar milj\u00f8initiativ fr\u00e5 H\u00f8gre"},"content":{"rendered":"\t<div class=\"template-post alignfull wp-block-naturvern-hero\">\n\t\t<div class=\"hero__inner\">\n\t\t\t<div class=\"hero__inner_blocks\">\n\t\t\t\t\t\t\t\t\n\t\t\t\t\t<h1 class=\"wp-block-post-title\">Naturvernforbundet rosar milj\u00f8initiativ fr\u00e5 H\u00f8gre<\/h1>\n\n\t\t\t\t\t<div class=\"wp-block-post-excerpt\"><p class=\"wp-block-post-excerpt__excerpt\">&#8211; Eit framsynt milj\u00f8forslag, seier leiar \u00d8ystein Folden i Naturvernforbundet i M\u00f8re og Romsdal om H\u00f8gre sitt forslag om \u00e5 milj\u00f8sertifisere alle dei vidareg\u00e5ande skolane i fylket. Utdanningsutvalet har slutta seg til forslaget som no skal greiast vidare ut av administrasjonen. <\/p><\/div>\n\n\t\t\t\t\t\n\n\t\t\t\t\t<div class=\"wp-block-naturvern-byline\">\n\t\t\t<div class=\"authors\">By <span class=\"t2-byline__author-link\">Artikkelimport\u00f8r<\/span><\/div>\n\t\t\t<small class=\"entry-date\">28.02.2005 11:49<\/small>\n\t\t<\/div>\n\t\t\t\t\t\t\t\t<\/div>\n\t\t\t\t\t<\/div>\n\t\t\t<\/div>\n\t\n<p>Forslaget som vart fremja av Torkild Solli Haukaas f\u00f8rer til at alle skolane m\u00e5 g\u00e5 gjennom milj\u00f8p\u00e5verknaden sin og gjennomf\u00f8re tiltak for \u00e5 bli betre. Milj\u00f8sertifisering vil ogs\u00e5 involvere elevane. I dag er det berre Tingvoll vidareg\u00e5ande skole som er sertifisert som Milj\u00f8fyrt\u00e5rn, men ogs\u00e5 \u00c5lesund vidareg\u00e5ande skole har gjort arbeid p\u00e5 feltet.\n<\/p>\n\n\n\n<p>&#8211; Det at milj\u00f8sertifiseringa skal omfatte b\u00e5de dei internasjonale ordningane EMAS og ISO 14001 som er kjente fr\u00e5 konkurranseutsett industri i fylket v\u00e5rt, og dei enklare ordningane Gr\u00f8nt flagg og Milj\u00f8fyrt\u00e5rn, gj\u00f8r det mogleg for skolane \u00e5 tilpasse sertifiseringa til eksisterande pedagogiske opplegg, meiner Folden, som ser for seg at s\u00e6rleg dei skolane som har yrkesfag vil ha utbytte av \u00e5 gjennomf\u00f8re ei milj\u00f8sertifisering etter EMAS eller ISO 14001.\n<\/p>\n\n\n\n<p>Fr\u00e5 f\u00f8r har Oslo kommune innf\u00f8rt eit krav om milj\u00f8sertifisering av kommunale verksemder. Bakgrunnen for \u00e5 innf\u00f8re kravet er \u00e5 feie for eigen d\u00f8r. Med ?einskapsfylket?, samansl\u00e5inga av fylkeskommunen og fylkesmannen, har milj\u00f8vernavdelinga blitt ein del av den same administrasjonen som styrar dei vidareg\u00e5ande skolane. Milj\u00f8vernavdelinga kan krevje at private bedrifter skal gjennomf\u00f8re kostbare milj\u00f8tiltak. Da b\u00f8r M\u00f8re og Romsdal fylke vere eit f\u00f8rebilete sj\u00f8lv.\n<\/p>\n\n\n\n<p><i>Meir informasjon: Leiar <\/i><i>\u00d8ystein Folden<\/i><i> har telefon 71 53 33 31 og mobil 918 12 542. Han kan ogs\u00e5 treffast p\u00e5 epost <a href=\"mailto:moreromsdal@naturvern.no\">moreromsdal@naturvern.no<\/a>. <\/i>\n<\/p>\n\n\n\n<p><i>Naturvernforbundet i M\u00f8re og Romsdal har nye heimesider p\u00e5 <a href=\"\/moreromsdal\">www.naturvern.no\/moreromsdal<\/a> <\/i>\n<\/p>\n\n\n\n<p><i>Forslagsstillar Torkild Solli Haukaas har telefon 911 41 290<\/i>\n<\/p>\n\n\n\n<p>Saka fr\u00e5 utdanningsutvalet finst p\u00e5 <a href=\"http:\/\/www.mrfylke.no\/fmmr_motebok.asp?tgid=22662&amp;gid=22664&amp;mbok=Utdanningsutvalet\">http:\/\/www.mrfylke.no\/fmmr_motebok.asp?tgid=22662&amp;gid=22664&amp;mbok=Utdanningsutvalet<\/a>\n<\/p>\n\n\n\n<h3 class=\"wp-block-heading\">Meir informasjon om milj\u00f8sertifisering finst her:<\/h3>\n\n\n\n<p>EMAS: <a href=\"http:\/\/www.sft.no\/nyheter\/utskriftversjon_dbafile9171.html\">http:\/\/www.sft.no\/nyheter\/utskriftversjon_dbafile9171.html<\/a> \n<\/p>\n\n\n\n<p>ISO 14001: <a href=\"http:\/\/www.grip.no\/Reiseliv\/iso_14001.htm\">http:\/\/www.grip.no\/Reiseliv\/iso_14001.htm<\/a> \n<\/p>\n\n\n\n<p>Milj\u00f8fyrt\u00e5rn: <a href=\"http:\/\/www.miljofyrtarn.no\/\">www.miljofyrtarn.no<\/a>\n<\/p>\n\n\n\n<p>Gr\u00f8nt flagg: <a href=\"http:\/\/www.fee.no\/\">www.fee.no<\/a> \n<\/p>\n\n\n\n<p>Oslo kommune har alts\u00e5 innf\u00f8rt eit liknande krav allereie. Meir informasjon om dette finst p\u00e5 <u><a href=\"http:\/\/www.mos.oslo.kommune.no\/dokumenter\/dokument\/nyhetsarkiv\/endelig%20versjon%20fra%20trykkeriet%20bystyremedling%203.pdf\">http:\/\/www.mos.oslo.kommune.no\/dokumenter\/dokument\/nyhetsarkiv\/endelig%20versjon%20fra%20trykkeriet%20bystyremedling%203.pdf<\/a><\/u><\/p>\n\n\n\n<p><a href=\"\/imakerdata\/f\/0\/62\/11\/9_2401_0\/Miljosertifisering_vgs.pdf\">Les brevet fr\u00e5 Naturvernforbundet til M\u00f8re og Romsdal fylke<\/a><\/p>\n\n\n\n<p><a href=\"\/imakerdata\/f\/1\/34\/61\/7_2401_0\/Retningsliner_for_tenestereiser_MRfylke.pdf\">Retningslinjer for tenestereiser i M\u00f8re og Romsdal fylke<\/a><\/p>\n","protected":false},"excerpt":{"rendered":"<p>&#8211; Eit framsynt milj\u00f8forslag, seier leiar \u00d8ystein Folden i Naturvernforbundet i M\u00f8re og Romsdal om H\u00f8gre sitt forslag om \u00e5 milj\u00f8sertifisere alle dei vidareg\u00e5ande skolane i fylket. Utdanningsutvalet har slutta seg til forslaget som no skal greiast vidare ut av administrasjonen.<\/p>\n","protected":false},"author":38,"featured_media":0,"comment_status":"closed","ping_status":"closed","sticky":false,"template":"","format":"standard","meta":{"_relevanssi_hide_post":"","_relevanssi_hide_content":"","_relevanssi_pin_for_all":"","_relevanssi_pin_keywords":"","_relevanssi_unpin_keywords":"","_relevanssi_related_keywords":"","_relevanssi_related_include_ids":"","_relevanssi_related_exclude_ids":"","_relevanssi_related_no_append":"","_relevanssi_related_not_related":"","_relevanssi_related_posts":"","_relevanssi_noindex_reason":"","hide_logo":false,"footnotes":""},"categories":[27],"tags":[],"local":[],"class_list":["post-823","post","type-post","status-publish","format-standard","hentry","category-avfall-og-forbruk"],"acf":[],"yoast_head":"<!-- This site is optimized with the Yoast SEO plugin v24.9 - https:\/\/yoast.com\/wordpress\/plugins\/seo\/ -->\n<title>Naturvernforbundet rosar milj\u00f8initiativ fr\u00e5 H\u00f8gre - M\u00f8re og Romsdal<\/title>\n<meta name=\"robots\" content=\"index, follow, max-snippet:-1, max-image-preview:large, max-video-preview:-1\" \/>\n<link rel=\"canonical\" href=\"https:\/\/naturvernforbundet.no\/moreogromsdal\/naturvernforbundet-rosar-miljoinitiativ-fra-hogre\/\" \/>\n<meta property=\"og:locale\" content=\"nb_NO\" \/>\n<meta property=\"og:type\" content=\"article\" \/>\n<meta property=\"og:title\" content=\"Naturvernforbundet rosar milj\u00f8initiativ fr\u00e5 H\u00f8gre - M\u00f8re og Romsdal\" \/>\n<meta property=\"og:description\" content=\"- Eit framsynt milj\u00f8forslag, seier leiar \u00d8ystein Folden i Naturvernforbundet i M\u00f8re og Romsdal om H\u00f8gre sitt forslag om \u00e5 milj\u00f8sertifisere alle dei vidareg\u00e5ande skolane i fylket. Utdanningsutvalet har slutta seg til forslaget som no skal greiast vidare ut av administrasjonen.\" \/>\n<meta property=\"og:url\" content=\"https:\/\/naturvernforbundet.no\/moreogromsdal\/naturvernforbundet-rosar-miljoinitiativ-fra-hogre\/\" \/>\n<meta property=\"og:site_name\" content=\"M\u00f8re og Romsdal\" \/>\n<meta property=\"article:published_time\" content=\"2005-02-28T10:49:00+00:00\" \/>\n<meta name=\"author\" content=\"Artikkelimport\u00f8r\" \/>\n<meta name=\"twitter:card\" content=\"summary_large_image\" \/>\n<meta name=\"twitter:label1\" content=\"Skrevet av\" \/>\n\t<meta name=\"twitter:data1\" content=\"Artikkelimport\u00f8r\" \/>\n\t<meta name=\"twitter:label2\" content=\"Ansl. lesetid\" \/>\n\t<meta name=\"twitter:data2\" content=\"2 minutter\" \/>\n<script type=\"application\/ld+json\" class=\"yoast-schema-graph\">{\"@context\":\"https:\/\/schema.org\",\"@graph\":[{\"@type\":\"WebPage\",\"@id\":\"https:\/\/naturvernforbundet.no\/moreogromsdal\/naturvernforbundet-rosar-miljoinitiativ-fra-hogre\/\",\"url\":\"https:\/\/naturvernforbundet.no\/moreogromsdal\/naturvernforbundet-rosar-miljoinitiativ-fra-hogre\/\",\"name\":\"Naturvernforbundet rosar milj\u00f8initiativ fr\u00e5 H\u00f8gre - M\u00f8re og Romsdal\",\"isPartOf\":{\"@id\":\"https:\/\/naturvernforbundet.no\/moreogromsdal\/#website\"},\"datePublished\":\"2005-02-28T10:49:00+00:00\",\"author\":{\"@id\":\"https:\/\/naturvernforbundet.no\/moreogromsdal\/#\/schema\/person\/c72f198205979084bf071deedb6205f4\"},\"breadcrumb\":{\"@id\":\"https:\/\/naturvernforbundet.no\/moreogromsdal\/naturvernforbundet-rosar-miljoinitiativ-fra-hogre\/#breadcrumb\"},\"inLanguage\":\"nb-NO\",\"potentialAction\":[{\"@type\":\"ReadAction\",\"target\":[\"https:\/\/naturvernforbundet.no\/moreogromsdal\/naturvernforbundet-rosar-miljoinitiativ-fra-hogre\/\"]}]},{\"@type\":\"BreadcrumbList\",\"@id\":\"https:\/\/naturvernforbundet.no\/moreogromsdal\/naturvernforbundet-rosar-miljoinitiativ-fra-hogre\/#breadcrumb\",\"itemListElement\":[{\"@type\":\"ListItem\",\"position\":1,\"name\":\"Till naturvernforbundet.no\",\"item\":\"https:\/\/naturvernforbundet.no\/\"},{\"@type\":\"ListItem\",\"position\":2,\"name\":\"M\u00f8re og Romsdal\",\"item\":\"https:\/\/naturvernforbundet.no\/moreogromsdal\/\"},{\"@type\":\"ListItem\",\"position\":3,\"name\":\"Naturvernforbundet rosar milj\u00f8initiativ fr\u00e5 H\u00f8gre\"}]},{\"@type\":\"WebSite\",\"@id\":\"https:\/\/naturvernforbundet.no\/moreogromsdal\/#website\",\"url\":\"https:\/\/naturvernforbundet.no\/moreogromsdal\/\",\"name\":\"M\u00f8re og Romsdal\",\"description\":\"Bare enda et Naturvernforbundet Sites-nettsted\",\"potentialAction\":[{\"@type\":\"SearchAction\",\"target\":{\"@type\":\"EntryPoint\",\"urlTemplate\":\"https:\/\/naturvernforbundet.no\/moreogromsdal\/?s={search_term_string}\"},\"query-input\":{\"@type\":\"PropertyValueSpecification\",\"valueRequired\":true,\"valueName\":\"search_term_string\"}}],\"inLanguage\":\"nb-NO\"},{\"@type\":\"Person\",\"@id\":\"https:\/\/naturvernforbundet.no\/moreogromsdal\/#\/schema\/person\/c72f198205979084bf071deedb6205f4\",\"name\":\"Artikkelimport\u00f8r\",\"image\":{\"@type\":\"ImageObject\",\"inLanguage\":\"nb-NO\",\"@id\":\"https:\/\/naturvernforbundet.no\/moreogromsdal\/#\/schema\/person\/image\/\",\"url\":\"https:\/\/secure.gravatar.com\/avatar\/015fa491b9ed1c823ef16a5c930294d1?s=96&d=mm&r=g\",\"contentUrl\":\"https:\/\/secure.gravatar.com\/avatar\/015fa491b9ed1c823ef16a5c930294d1?s=96&d=mm&r=g\",\"caption\":\"Artikkelimport\u00f8r\"},\"url\":\"https:\/\/naturvernforbundet.no\/moreogromsdal\/author\/artikkelimportor\/\"}]}<\/script>\n<!-- \/ Yoast SEO plugin. -->","yoast_head_json":{"title":"Naturvernforbundet rosar milj\u00f8initiativ fr\u00e5 H\u00f8gre - M\u00f8re og Romsdal","robots":{"index":"index","follow":"follow","max-snippet":"max-snippet:-1","max-image-preview":"max-image-preview:large","max-video-preview":"max-video-preview:-1"},"canonical":"https:\/\/naturvernforbundet.no\/moreogromsdal\/naturvernforbundet-rosar-miljoinitiativ-fra-hogre\/","og_locale":"nb_NO","og_type":"article","og_title":"Naturvernforbundet rosar milj\u00f8initiativ fr\u00e5 H\u00f8gre - M\u00f8re og Romsdal","og_description":"- Eit framsynt milj\u00f8forslag, seier leiar \u00d8ystein Folden i Naturvernforbundet i M\u00f8re og Romsdal om H\u00f8gre sitt forslag om \u00e5 milj\u00f8sertifisere alle dei vidareg\u00e5ande skolane i fylket. Utdanningsutvalet har slutta seg til forslaget som no skal greiast vidare ut av administrasjonen.","og_url":"https:\/\/naturvernforbundet.no\/moreogromsdal\/naturvernforbundet-rosar-miljoinitiativ-fra-hogre\/","og_site_name":"M\u00f8re og Romsdal","article_published_time":"2005-02-28T10:49:00+00:00","author":"Artikkelimport\u00f8r","twitter_card":"summary_large_image","twitter_misc":{"Skrevet av":"Artikkelimport\u00f8r","Ansl. lesetid":"2 minutter"},"schema":{"@context":"https:\/\/schema.org","@graph":[{"@type":"WebPage","@id":"https:\/\/naturvernforbundet.no\/moreogromsdal\/naturvernforbundet-rosar-miljoinitiativ-fra-hogre\/","url":"https:\/\/naturvernforbundet.no\/moreogromsdal\/naturvernforbundet-rosar-miljoinitiativ-fra-hogre\/","name":"Naturvernforbundet rosar milj\u00f8initiativ fr\u00e5 H\u00f8gre - M\u00f8re og Romsdal","isPartOf":{"@id":"https:\/\/naturvernforbundet.no\/moreogromsdal\/#website"},"datePublished":"2005-02-28T10:49:00+00:00","author":{"@id":"https:\/\/naturvernforbundet.no\/moreogromsdal\/#\/schema\/person\/c72f198205979084bf071deedb6205f4"},"breadcrumb":{"@id":"https:\/\/naturvernforbundet.no\/moreogromsdal\/naturvernforbundet-rosar-miljoinitiativ-fra-hogre\/#breadcrumb"},"inLanguage":"nb-NO","potentialAction":[{"@type":"ReadAction","target":["https:\/\/naturvernforbundet.no\/moreogromsdal\/naturvernforbundet-rosar-miljoinitiativ-fra-hogre\/"]}]},{"@type":"BreadcrumbList","@id":"https:\/\/naturvernforbundet.no\/moreogromsdal\/naturvernforbundet-rosar-miljoinitiativ-fra-hogre\/#breadcrumb","itemListElement":[{"@type":"ListItem","position":1,"name":"Till naturvernforbundet.no","item":"https:\/\/naturvernforbundet.no\/"},{"@type":"ListItem","position":2,"name":"M\u00f8re og Romsdal","item":"https:\/\/naturvernforbundet.no\/moreogromsdal\/"},{"@type":"ListItem","position":3,"name":"Naturvernforbundet rosar milj\u00f8initiativ fr\u00e5 H\u00f8gre"}]},{"@type":"WebSite","@id":"https:\/\/naturvernforbundet.no\/moreogromsdal\/#website","url":"https:\/\/naturvernforbundet.no\/moreogromsdal\/","name":"M\u00f8re og Romsdal","description":"Bare enda et Naturvernforbundet Sites-nettsted","potentialAction":[{"@type":"SearchAction","target":{"@type":"EntryPoint","urlTemplate":"https:\/\/naturvernforbundet.no\/moreogromsdal\/?s={search_term_string}"},"query-input":{"@type":"PropertyValueSpecification","valueRequired":true,"valueName":"search_term_string"}}],"inLanguage":"nb-NO"},{"@type":"Person","@id":"https:\/\/naturvernforbundet.no\/moreogromsdal\/#\/schema\/person\/c72f198205979084bf071deedb6205f4","name":"Artikkelimport\u00f8r","image":{"@type":"ImageObject","inLanguage":"nb-NO","@id":"https:\/\/naturvernforbundet.no\/moreogromsdal\/#\/schema\/person\/image\/","url":"https:\/\/secure.gravatar.com\/avatar\/015fa491b9ed1c823ef16a5c930294d1?s=96&d=mm&r=g","contentUrl":"https:\/\/secure.gravatar.com\/avatar\/015fa491b9ed1c823ef16a5c930294d1?s=96&d=mm&r=g","caption":"Artikkelimport\u00f8r"},"url":"https:\/\/naturvernforbundet.no\/moreogromsdal\/author\/artikkelimportor\/"}]}},"_links":{"self":[{"href":"https:\/\/naturvernforbundet.no\/moreogromsdal\/wp-json\/wp\/v2\/posts\/823","targetHints":{"allow":["GET"]}}],"collection":[{"href":"https:\/\/naturvernforbundet.no\/moreogromsdal\/wp-json\/wp\/v2\/posts"}],"about":[{"href":"https:\/\/naturvernforbundet.no\/moreogromsdal\/wp-json\/wp\/v2\/types\/post"}],"author":[{"embeddable":true,"href":"https:\/\/naturvernforbundet.no\/moreogromsdal\/wp-json\/wp\/v2\/users\/38"}],"replies":[{"embeddable":true,"href":"https:\/\/naturvernforbundet.no\/moreogromsdal\/wp-json\/wp\/v2\/comments?post=823"}],"version-history":[{"count":0,"href":"https:\/\/naturvernforbundet.no\/moreogromsdal\/wp-json\/wp\/v2\/posts\/823\/revisions"}],"wp:attachment":[{"href":"https:\/\/naturvernforbundet.no\/moreogromsdal\/wp-json\/wp\/v2\/media?parent=823"}],"wp:term":[{"taxonomy":"category","embeddable":true,"href":"https:\/\/naturvernforbundet.no\/moreogromsdal\/wp-json\/wp\/v2\/categories?post=823"},{"taxonomy":"post_tag","embeddable":true,"href":"https:\/\/naturvernforbundet.no\/moreogromsdal\/wp-json\/wp\/v2\/tags?post=823"},{"taxonomy":"local","embeddable":true,"href":"https:\/\/naturvernforbundet.no\/moreogromsdal\/wp-json\/wp\/v2\/local?post=823"}],"curies":[{"name":"wp","href":"https:\/\/api.w.org\/{rel}","templated":true}]}}