{"id":83,"date":"2005-09-27T07:19:00","date_gmt":"2022-09-13T15:22:24","guid":{"rendered":"https:\/\/naturvernforbundet.no\/content\/uploads\/sites\/14\/2012\/03\/Gunn.jpg2028articledisplay29.jpg"},"modified":"2022-10-14T11:17:57","modified_gmt":"2022-10-14T09:17:57","slug":"18004","status":"publish","type":"post","link":"https:\/\/naturvernforbundet.no\/moreogromsdal\/18004\/","title":{"rendered":"Bli deltaker i Gr\u00f8nn Hverdag"},"content":{"rendered":"\t<div class=\"template-post alignfull wp-block-naturvern-hero\">\n\t\t<div class=\"hero__inner\">\n\t\t\t<div class=\"hero__inner_blocks\">\n\t\t\t\t\t\t\t\t\n\t\t\t\t\t<h1 class=\"wp-block-post-title\">Bli deltaker i Gr\u00f8nn Hverdag<\/h1>\n\n\t\t\t\t\t<div class=\"wp-block-post-excerpt\"><p class=\"wp-block-post-excerpt__excerpt\">Hver dag gj\u00f8r vi en rekke valg som p\u00e5virker milj\u00f8et rundt oss. N\u00e5r vi kj\u00f8per, n\u00e5r vi kaster, n\u00e5r vi reiser, n\u00e5r vi spiser, n\u00e5r vi gj\u00f8r rent og n\u00e5r vi gj\u00f8r unna morgenstellet. Gr\u00f8nn Hverdag hjelper deg \u00e5 velge milj\u00f8vennlig. Vi gir deg tips, fakta og bakgrunnsinformasjon, og jobber for \u00e5 legge forholdene bedre&hellip; <\/p><\/div>\n\n\t\t\t\t\t\n\n\t\t\t\t\t<div class=\"wp-block-naturvern-byline\">\n\t\t\t<div class=\"authors\">By <span class=\"t2-byline__author-link\">Artikkelimport\u00f8r<\/span><\/div>\n\t\t\t<small class=\"entry-date\">27.09.2005 07:19<\/small><small class=\"entry-date\"> | Sist oppdatert: 14.10.2022 11:17<\/small>\n\t\t<\/div>\n\t\t\t\t\t\t\t\t<\/div>\n\t\t\t\t\t<\/div>\n\t\t\t<\/div>\n\t\n<p><b>Som deltaker i Gr\u00f8nn Hverdag bidrar du til dette arbeidet.<\/b> Ikke ved \u00e5 st\u00f8tte oss \u00f8konomisk, men ved \u00e5 gj\u00f8re en milj\u00f8innsats p\u00e5 hjemmebane. <br><br><b>Alle som blir deltakere mellom 15. september og 15. november blir med i trekningen av tre restaurantbes\u00f8k. <\/b>Som deltaker i Gr\u00f8nn Hverdag f\u00e5r du ogs\u00e5 tilsendt Gr\u00f8nn Hverdag Magasin fire ganger i \u00e5ret, gratis. Magasinet inneholder nyttig og inspirerende lesning for milj\u00f8interesserte forbrukere.<br><br>Alt du trenger \u00e5 gj\u00f8re for \u00e5 bli deltaker er \u00e5 ta Milj\u00f8steget. Det gj\u00f8r du p\u00e5 f\u00f8lgende m\u00e5te:<br><br>1.        <a href=\"http:\/\/www.gronnhverdag.no\/miljosteget_handleliste.php\">Klikk her.<\/a> Da kommer du inn p\u00e5 Gr\u00f8nn Hverdags nettsider, til en liste med milj\u00f8oppgaver du kan gjennomf\u00f8re p\u00e5 hjemmebane. Kryss av for det du vil gj\u00f8re.<br><br>2.        Klikk p\u00e5 knappen nederst for \u00e5 g\u00e5 videre. Da kommer f\u00e5r du en oversikt over oppgavene du har valgt, som du kan skrive ut og henge opp p\u00e5 et godt synlig sted.<br><br>3.        Klikk p\u00e5 knappen under lista, fyll inn navn og adresse og klikk p\u00e5 \u201dSend inn\u201d.<br><br>Gr\u00f8nn Hverdag er Norges st\u00f8rste nettverk av og for milj\u00f8bevisste forbrukere. 43.000 husholdninger har allerede sluttet seg til, men n\u00e5 skal vi bli mange flere. Milj\u00f8problemene er store og kompliserte, og kan ikke l\u00f8ses uten din og min innsats i hverdagen. Ingen kan gj\u00f8re alt, men alle kan gj\u00f8re sitt!<br><br>14 store frivillige organisasjoner st\u00e5r bak Gr\u00f8nn Hverdag. Virksomheten er finansiert av Milj\u00f8verndepartementet, kommuner og bedrifter.<br><br>Ta <b>Milj\u00f8steget<\/b> og bli deltaker i Gr\u00f8nn Hverdag!<br><br> <br><br>Med vennlig hilsen<br><br>\nMari Melb\u00f8 R\u00f8dst\u00f8l\nMilj\u00f8r\u00e5dgiver i Gr\u00f8nn Hverdag i M\u00f8re og Romsdal\nTlf: 91100829\n<\/p>\n","protected":false},"excerpt":{"rendered":"<p>Hver dag gj\u00f8r vi en rekke valg som p\u00e5virker milj\u00f8et rundt oss. N\u00e5r vi kj\u00f8per, n\u00e5r vi kaster, n\u00e5r vi reiser, n\u00e5r vi spiser, n\u00e5r vi gj\u00f8r rent og n\u00e5r vi gj\u00f8r unna morgenstellet. Gr\u00f8nn Hverdag hjelper deg \u00e5 velge milj\u00f8vennlig. Vi gir deg tips, fakta og bakgrunnsinformasjon, og jobber for \u00e5 legge forholdene bedre til rette for milj\u00f8bevisste forbrukere.<\/p>\n","protected":false},"author":38,"featured_media":0,"comment_status":"closed","ping_status":"closed","sticky":false,"template":"","format":"standard","meta":{"_relevanssi_hide_post":"","_relevanssi_hide_content":"","_relevanssi_pin_for_all":"","_relevanssi_pin_keywords":"","_relevanssi_unpin_keywords":"","_relevanssi_related_keywords":"","_relevanssi_related_include_ids":"","_relevanssi_related_exclude_ids":"","_relevanssi_related_no_append":"","_relevanssi_related_not_related":"","_relevanssi_related_posts":"","_relevanssi_noindex_reason":"","hide_logo":false,"footnotes":""},"categories":[17],"tags":[],"local":[],"class_list":["post-83","post","type-post","status-publish","format-standard","hentry","category-more-og-romsdal"],"acf":[],"yoast_head":"<!-- This site is optimized with the Yoast SEO plugin v24.9 - https:\/\/yoast.com\/wordpress\/plugins\/seo\/ -->\n<title>Bli deltaker i Gr\u00f8nn Hverdag - M\u00f8re og Romsdal<\/title>\n<meta name=\"robots\" content=\"index, follow, max-snippet:-1, max-image-preview:large, max-video-preview:-1\" \/>\n<link rel=\"canonical\" href=\"https:\/\/naturvernforbundet.no\/moreogromsdal\/18004\/\" \/>\n<meta property=\"og:locale\" content=\"nb_NO\" \/>\n<meta property=\"og:type\" content=\"article\" \/>\n<meta property=\"og:title\" content=\"Bli deltaker i Gr\u00f8nn Hverdag - M\u00f8re og Romsdal\" \/>\n<meta property=\"og:description\" content=\"Hver dag gj\u00f8r vi en rekke valg som p\u00e5virker milj\u00f8et rundt oss. N\u00e5r vi kj\u00f8per, n\u00e5r vi kaster, n\u00e5r vi reiser, n\u00e5r vi spiser, n\u00e5r vi gj\u00f8r rent og n\u00e5r vi gj\u00f8r unna morgenstellet. Gr\u00f8nn Hverdag hjelper deg \u00e5 velge milj\u00f8vennlig. Vi gir deg tips, fakta og bakgrunnsinformasjon, og jobber for \u00e5 legge forholdene bedre til rette for milj\u00f8bevisste forbrukere.\" \/>\n<meta property=\"og:url\" content=\"https:\/\/naturvernforbundet.no\/moreogromsdal\/18004\/\" \/>\n<meta property=\"og:site_name\" content=\"M\u00f8re og Romsdal\" \/>\n<meta property=\"article:published_time\" content=\"2022-09-13T15:22:24+00:00\" \/>\n<meta property=\"article:modified_time\" content=\"2022-10-14T09:17:57+00:00\" \/>\n<meta name=\"author\" content=\"Artikkelimport\u00f8r\" \/>\n<meta name=\"twitter:card\" content=\"summary_large_image\" \/>\n<meta name=\"twitter:label1\" content=\"Skrevet av\" \/>\n\t<meta name=\"twitter:data1\" content=\"Artikkelimport\u00f8r\" \/>\n\t<meta name=\"twitter:label2\" content=\"Ansl. lesetid\" \/>\n\t<meta name=\"twitter:data2\" content=\"1 minutt\" \/>\n<script type=\"application\/ld+json\" class=\"yoast-schema-graph\">{\"@context\":\"https:\/\/schema.org\",\"@graph\":[{\"@type\":\"WebPage\",\"@id\":\"https:\/\/naturvernforbundet.no\/moreogromsdal\/18004\/\",\"url\":\"https:\/\/naturvernforbundet.no\/moreogromsdal\/18004\/\",\"name\":\"Bli deltaker i Gr\u00f8nn Hverdag - M\u00f8re og Romsdal\",\"isPartOf\":{\"@id\":\"https:\/\/naturvernforbundet.no\/moreogromsdal\/#website\"},\"datePublished\":\"2022-09-13T15:22:24+00:00\",\"dateModified\":\"2022-10-14T09:17:57+00:00\",\"author\":{\"@id\":\"https:\/\/naturvernforbundet.no\/moreogromsdal\/#\/schema\/person\/c72f198205979084bf071deedb6205f4\"},\"breadcrumb\":{\"@id\":\"https:\/\/naturvernforbundet.no\/moreogromsdal\/18004\/#breadcrumb\"},\"inLanguage\":\"nb-NO\",\"potentialAction\":[{\"@type\":\"ReadAction\",\"target\":[\"https:\/\/naturvernforbundet.no\/moreogromsdal\/18004\/\"]}]},{\"@type\":\"BreadcrumbList\",\"@id\":\"https:\/\/naturvernforbundet.no\/moreogromsdal\/18004\/#breadcrumb\",\"itemListElement\":[{\"@type\":\"ListItem\",\"position\":1,\"name\":\"Till naturvernforbundet.no\",\"item\":\"https:\/\/naturvernforbundet.no\/\"},{\"@type\":\"ListItem\",\"position\":2,\"name\":\"M\u00f8re og Romsdal\",\"item\":\"https:\/\/naturvernforbundet.no\/moreogromsdal\/\"},{\"@type\":\"ListItem\",\"position\":3,\"name\":\"Innkalling til \u00e5rsm\u00f8te i Naturvernforbundet i Rauma\",\"item\":\"https:\/\/naturvernforbundet.no\/moreogromsdal\/innkalling-til-arsmote-i-naturvernforbundet-i-rauma\/\"},{\"@type\":\"ListItem\",\"position\":4,\"name\":\"Bli deltaker i Gr\u00f8nn Hverdag\"}]},{\"@type\":\"WebSite\",\"@id\":\"https:\/\/naturvernforbundet.no\/moreogromsdal\/#website\",\"url\":\"https:\/\/naturvernforbundet.no\/moreogromsdal\/\",\"name\":\"M\u00f8re og Romsdal\",\"description\":\"Bare enda et Naturvernforbundet Sites-nettsted\",\"potentialAction\":[{\"@type\":\"SearchAction\",\"target\":{\"@type\":\"EntryPoint\",\"urlTemplate\":\"https:\/\/naturvernforbundet.no\/moreogromsdal\/?s={search_term_string}\"},\"query-input\":{\"@type\":\"PropertyValueSpecification\",\"valueRequired\":true,\"valueName\":\"search_term_string\"}}],\"inLanguage\":\"nb-NO\"},{\"@type\":\"Person\",\"@id\":\"https:\/\/naturvernforbundet.no\/moreogromsdal\/#\/schema\/person\/c72f198205979084bf071deedb6205f4\",\"name\":\"Artikkelimport\u00f8r\",\"image\":{\"@type\":\"ImageObject\",\"inLanguage\":\"nb-NO\",\"@id\":\"https:\/\/naturvernforbundet.no\/moreogromsdal\/#\/schema\/person\/image\/\",\"url\":\"https:\/\/secure.gravatar.com\/avatar\/015fa491b9ed1c823ef16a5c930294d1?s=96&d=mm&r=g\",\"contentUrl\":\"https:\/\/secure.gravatar.com\/avatar\/015fa491b9ed1c823ef16a5c930294d1?s=96&d=mm&r=g\",\"caption\":\"Artikkelimport\u00f8r\"},\"url\":\"https:\/\/naturvernforbundet.no\/moreogromsdal\/author\/artikkelimportor\/\"}]}<\/script>\n<!-- \/ Yoast SEO plugin. -->","yoast_head_json":{"title":"Bli deltaker i Gr\u00f8nn Hverdag - M\u00f8re og Romsdal","robots":{"index":"index","follow":"follow","max-snippet":"max-snippet:-1","max-image-preview":"max-image-preview:large","max-video-preview":"max-video-preview:-1"},"canonical":"https:\/\/naturvernforbundet.no\/moreogromsdal\/18004\/","og_locale":"nb_NO","og_type":"article","og_title":"Bli deltaker i Gr\u00f8nn Hverdag - M\u00f8re og Romsdal","og_description":"Hver dag gj\u00f8r vi en rekke valg som p\u00e5virker milj\u00f8et rundt oss. N\u00e5r vi kj\u00f8per, n\u00e5r vi kaster, n\u00e5r vi reiser, n\u00e5r vi spiser, n\u00e5r vi gj\u00f8r rent og n\u00e5r vi gj\u00f8r unna morgenstellet. Gr\u00f8nn Hverdag hjelper deg \u00e5 velge milj\u00f8vennlig. Vi gir deg tips, fakta og bakgrunnsinformasjon, og jobber for \u00e5 legge forholdene bedre til rette for milj\u00f8bevisste forbrukere.","og_url":"https:\/\/naturvernforbundet.no\/moreogromsdal\/18004\/","og_site_name":"M\u00f8re og Romsdal","article_published_time":"2022-09-13T15:22:24+00:00","article_modified_time":"2022-10-14T09:17:57+00:00","author":"Artikkelimport\u00f8r","twitter_card":"summary_large_image","twitter_misc":{"Skrevet av":"Artikkelimport\u00f8r","Ansl. lesetid":"1 minutt"},"schema":{"@context":"https:\/\/schema.org","@graph":[{"@type":"WebPage","@id":"https:\/\/naturvernforbundet.no\/moreogromsdal\/18004\/","url":"https:\/\/naturvernforbundet.no\/moreogromsdal\/18004\/","name":"Bli deltaker i Gr\u00f8nn Hverdag - M\u00f8re og Romsdal","isPartOf":{"@id":"https:\/\/naturvernforbundet.no\/moreogromsdal\/#website"},"datePublished":"2022-09-13T15:22:24+00:00","dateModified":"2022-10-14T09:17:57+00:00","author":{"@id":"https:\/\/naturvernforbundet.no\/moreogromsdal\/#\/schema\/person\/c72f198205979084bf071deedb6205f4"},"breadcrumb":{"@id":"https:\/\/naturvernforbundet.no\/moreogromsdal\/18004\/#breadcrumb"},"inLanguage":"nb-NO","potentialAction":[{"@type":"ReadAction","target":["https:\/\/naturvernforbundet.no\/moreogromsdal\/18004\/"]}]},{"@type":"BreadcrumbList","@id":"https:\/\/naturvernforbundet.no\/moreogromsdal\/18004\/#breadcrumb","itemListElement":[{"@type":"ListItem","position":1,"name":"Till naturvernforbundet.no","item":"https:\/\/naturvernforbundet.no\/"},{"@type":"ListItem","position":2,"name":"M\u00f8re og Romsdal","item":"https:\/\/naturvernforbundet.no\/moreogromsdal\/"},{"@type":"ListItem","position":3,"name":"Innkalling til \u00e5rsm\u00f8te i Naturvernforbundet i Rauma","item":"https:\/\/naturvernforbundet.no\/moreogromsdal\/innkalling-til-arsmote-i-naturvernforbundet-i-rauma\/"},{"@type":"ListItem","position":4,"name":"Bli deltaker i Gr\u00f8nn Hverdag"}]},{"@type":"WebSite","@id":"https:\/\/naturvernforbundet.no\/moreogromsdal\/#website","url":"https:\/\/naturvernforbundet.no\/moreogromsdal\/","name":"M\u00f8re og Romsdal","description":"Bare enda et Naturvernforbundet Sites-nettsted","potentialAction":[{"@type":"SearchAction","target":{"@type":"EntryPoint","urlTemplate":"https:\/\/naturvernforbundet.no\/moreogromsdal\/?s={search_term_string}"},"query-input":{"@type":"PropertyValueSpecification","valueRequired":true,"valueName":"search_term_string"}}],"inLanguage":"nb-NO"},{"@type":"Person","@id":"https:\/\/naturvernforbundet.no\/moreogromsdal\/#\/schema\/person\/c72f198205979084bf071deedb6205f4","name":"Artikkelimport\u00f8r","image":{"@type":"ImageObject","inLanguage":"nb-NO","@id":"https:\/\/naturvernforbundet.no\/moreogromsdal\/#\/schema\/person\/image\/","url":"https:\/\/secure.gravatar.com\/avatar\/015fa491b9ed1c823ef16a5c930294d1?s=96&d=mm&r=g","contentUrl":"https:\/\/secure.gravatar.com\/avatar\/015fa491b9ed1c823ef16a5c930294d1?s=96&d=mm&r=g","caption":"Artikkelimport\u00f8r"},"url":"https:\/\/naturvernforbundet.no\/moreogromsdal\/author\/artikkelimportor\/"}]}},"_links":{"self":[{"href":"https:\/\/naturvernforbundet.no\/moreogromsdal\/wp-json\/wp\/v2\/posts\/83","targetHints":{"allow":["GET"]}}],"collection":[{"href":"https:\/\/naturvernforbundet.no\/moreogromsdal\/wp-json\/wp\/v2\/posts"}],"about":[{"href":"https:\/\/naturvernforbundet.no\/moreogromsdal\/wp-json\/wp\/v2\/types\/post"}],"author":[{"embeddable":true,"href":"https:\/\/naturvernforbundet.no\/moreogromsdal\/wp-json\/wp\/v2\/users\/38"}],"replies":[{"embeddable":true,"href":"https:\/\/naturvernforbundet.no\/moreogromsdal\/wp-json\/wp\/v2\/comments?post=83"}],"version-history":[{"count":1,"href":"https:\/\/naturvernforbundet.no\/moreogromsdal\/wp-json\/wp\/v2\/posts\/83\/revisions"}],"predecessor-version":[{"id":784,"href":"https:\/\/naturvernforbundet.no\/moreogromsdal\/wp-json\/wp\/v2\/posts\/83\/revisions\/784"}],"wp:attachment":[{"href":"https:\/\/naturvernforbundet.no\/moreogromsdal\/wp-json\/wp\/v2\/media?parent=83"}],"wp:term":[{"taxonomy":"category","embeddable":true,"href":"https:\/\/naturvernforbundet.no\/moreogromsdal\/wp-json\/wp\/v2\/categories?post=83"},{"taxonomy":"post_tag","embeddable":true,"href":"https:\/\/naturvernforbundet.no\/moreogromsdal\/wp-json\/wp\/v2\/tags?post=83"},{"taxonomy":"local","embeddable":true,"href":"https:\/\/naturvernforbundet.no\/moreogromsdal\/wp-json\/wp\/v2\/local?post=83"}],"curies":[{"name":"wp","href":"https:\/\/api.w.org\/{rel}","templated":true}]}}