{"id":864,"date":"2006-01-13T10:19:00","date_gmt":"2006-01-13T09:19:00","guid":{"rendered":"https:\/\/naturvernforbundet.no\/moreogromsdal\/coop-prix-vant-konfirmantenes-etiske-butikktest-pa-sjoholt\/"},"modified":"2006-01-13T10:19:00","modified_gmt":"2006-01-13T09:19:00","slug":"coop-prix-vant-konfirmantenes-etiske-butikktest-pa-sjoholt","status":"publish","type":"post","link":"https:\/\/naturvernforbundet.no\/moreogromsdal\/coop-prix-vant-konfirmantenes-etiske-butikktest-pa-sjoholt\/","title":{"rendered":"Coop Prix vant konfirmantenes etiske butikktest p\u00e5 Sj\u00f8holt"},"content":{"rendered":"\t<div class=\"template-post alignfull wp-block-naturvern-hero\">\n\t\t<div class=\"hero__inner\">\n\t\t\t<div class=\"hero__inner_blocks\">\n\t\t\t\t\t\t\t\t\n\t\t\t\t\t<h1 class=\"wp-block-post-title\">Coop Prix vant konfirmantenes etiske butikktest p\u00e5 Sj\u00f8holt<\/h1>\n\n\t\t\t\t\t<div class=\"wp-block-post-excerpt\"><p class=\"wp-block-post-excerpt__excerpt\">Tirsdag 10. januar unders\u00f8kte \u00d8rskog-konfirmantene utvalget av milj\u00f8merkede, \u00f8kologiske og rettferdige varer i Coop Prix og Bunnpris p\u00e5 Sj\u00f8holt. <\/p><\/div>\n\n\t\t\t\t\t\n\n\t\t\t\t\t<div class=\"wp-block-naturvern-byline\">\n\t\t\t<div class=\"authors\">By <span class=\"t2-byline__author-link\">Artikkelimport\u00f8r<\/span><\/div>\n\t\t\t<small class=\"entry-date\">13.01.2006 10:19<\/small>\n\t\t<\/div>\n\t\t\t\t\t\t\t\t<\/div>\n\t\t\t\t\t<\/div>\n\t\t\t<\/div>\n\t\n<p>Konfirmantene gikk gjennom begge butikkene og ga poeng basert p\u00e5 utvalg av milj\u00f8merkede, \u00f8kologiske og rettferdige varer, samt betjeningens kjennskap til merkene. \n<\/p>\n\n\n\n<p>Butikkene oppn\u00e5dde s\u00e5 mange poeng: \n<\/p>\n\n\n\n<p>Max Havelaar\n\n<\/p>\n\n\n\n<p>Svanen\n\n<\/p>\n\n\n\n<p>\u00d8-merket\n\n<\/p>\n\n\n\n<p>Totalt\n\n\n<\/p>\n\n\n\n<p>Bunnpris\n\n<\/p>\n\n\n\n<p> 2\n\n<\/p>\n\n\n\n<p>8\n\n<\/p>\n\n\n\n<p>3\n\n<\/p>\n\n\n\n<p>13\n\n\n<\/p>\n\n\n\n<p>Coop Prix\n\n<\/p>\n\n\n\n<p>0\n\n<\/p>\n\n\n\n<p>14\n\n<\/p>\n\n\n\n<p>24\n\n<\/p>\n\n\n\n<p>38<\/p>\n\n\n\n\n\n<p>Selv om Coop Prix hadde langt flere \u00f8kologiske og milj\u00f8merka varer, er det bare Bunnpris som har rettferdige varer merka med Max Havelaar. Ingen av butikkene er Svanemerket som butikk selv om de har noen Svanemerkede varer. \n<\/p>\n\n\n\n<p>Tilsvarende butikktester har ogs\u00e5 v\u00e6rt gjennomf\u00f8rt av konfirmantene i Borgund, Grytten, Skodje og \u00d8rsta. Testvinner i \u00c5lesund var ICA Maxi, p\u00e5 \u00c5ndalsnes og i Skodje Coop Prix og i \u00d8rsta Eurospar. \n<\/p>\n\n\n\n<p>Det er M\u00f8re bisped\u00f8mmes ressursgruppe for milj\u00f8 og rettferd som har utviklet butikktesten, og det var Kjersti Finholt fra Naturvernforbundet og Mari Melb\u00f8 R\u00f8dst\u00f8l fra Gr\u00f8nn hverdag som veiledet konfirmantene. \n<\/p>\n\n\n\n<p>For sp\u00f8rsm\u00e5l omkring unders\u00f8kelsen, kontakt Kjersti Finholt p\u00e5 telefon 92 29 97 38 \/ epost kjersti_finholt(a)adsl.no. \n<\/p>\n\n\n\n<p>Mer informasjon: \n<\/p>\n\n\n\n<p><a href=\"http:\/\/www.kirken.no\/miljo\">Kirkens engasjement for milj\u00f8 og rettferd<\/a><br><br><a href=\"http:\/\/www.etiskhandel.no\/\">Initiativ for Etisk Handel (IEH)<\/a> \n<\/p>\n\n\n\n<p><a href=\"http:\/\/www.etiskforbruk.no\/\">Etisk forbrukernettverk<\/a> \n<\/p>\n\n\n\n<p><a href=\"http:\/\/www.maxhavelaar.no\/\">Max Havelaar \u2013 merkeordning for garantert god handel<\/a> \n<\/p>\n\n\n\n<p><a href=\"http:\/\/www.svanemerket.no\/\">Stiftelsen Milj\u00f8merking \u2013 om Svanemerket og Blomsten<\/a> \n<\/p>\n\n\n\n<p><a href=\"http:\/\/www.gronnhverdag.no\/\">Gr\u00f8nn hverdag<\/a> \n<\/p>\n\n\n\n<p><a href=\"http:\/\/www.debio.no\/\">Debio \u2013 statlig godkjenning av \u00f8kologiske varer<\/a> \n<\/p>\n\n\n\n<p><a href=\"\/\">Naturvernforbundet<\/a> \n<\/p>\n\n\n\n<p><a href=\"http:\/\/www.nu.no\/\">Natur og Ungdom<\/a><\/p>\n","protected":false},"excerpt":{"rendered":"<p>Tirsdag 10. januar unders\u00f8kte \u00d8rskog-konfirmantene utvalget av milj\u00f8merkede, \u00f8kologiske og rettferdige varer i Coop Prix og Bunnpris p\u00e5 Sj\u00f8holt.<\/p>\n","protected":false},"author":38,"featured_media":0,"comment_status":"closed","ping_status":"closed","sticky":false,"template":"","format":"standard","meta":{"_relevanssi_hide_post":"","_relevanssi_hide_content":"","_relevanssi_pin_for_all":"","_relevanssi_pin_keywords":"","_relevanssi_unpin_keywords":"","_relevanssi_related_keywords":"","_relevanssi_related_include_ids":"","_relevanssi_related_exclude_ids":"","_relevanssi_related_no_append":"","_relevanssi_related_not_related":"","_relevanssi_related_posts":"","_relevanssi_noindex_reason":"","hide_logo":false,"footnotes":""},"categories":[27],"tags":[],"local":[],"class_list":["post-864","post","type-post","status-publish","format-standard","hentry","category-avfall-og-forbruk"],"acf":[],"yoast_head":"<!-- This site is optimized with the Yoast SEO plugin v24.9 - https:\/\/yoast.com\/wordpress\/plugins\/seo\/ -->\n<title>Coop Prix vant konfirmantenes etiske butikktest p\u00e5 Sj\u00f8holt - M\u00f8re og Romsdal<\/title>\n<meta name=\"robots\" content=\"index, follow, max-snippet:-1, max-image-preview:large, max-video-preview:-1\" \/>\n<link rel=\"canonical\" href=\"https:\/\/naturvernforbundet.no\/moreogromsdal\/coop-prix-vant-konfirmantenes-etiske-butikktest-pa-sjoholt\/\" \/>\n<meta property=\"og:locale\" content=\"nb_NO\" \/>\n<meta property=\"og:type\" content=\"article\" \/>\n<meta property=\"og:title\" content=\"Coop Prix vant konfirmantenes etiske butikktest p\u00e5 Sj\u00f8holt - M\u00f8re og Romsdal\" \/>\n<meta property=\"og:description\" content=\"Tirsdag 10. januar unders\u00f8kte \u00d8rskog-konfirmantene utvalget av milj\u00f8merkede, \u00f8kologiske og rettferdige varer i Coop Prix og Bunnpris p\u00e5 Sj\u00f8holt.\" \/>\n<meta property=\"og:url\" content=\"https:\/\/naturvernforbundet.no\/moreogromsdal\/coop-prix-vant-konfirmantenes-etiske-butikktest-pa-sjoholt\/\" \/>\n<meta property=\"og:site_name\" content=\"M\u00f8re og Romsdal\" \/>\n<meta property=\"article:published_time\" content=\"2006-01-13T09:19:00+00:00\" \/>\n<meta name=\"author\" content=\"Artikkelimport\u00f8r\" \/>\n<meta name=\"twitter:card\" content=\"summary_large_image\" \/>\n<meta name=\"twitter:label1\" content=\"Skrevet av\" \/>\n\t<meta name=\"twitter:data1\" content=\"Artikkelimport\u00f8r\" \/>\n\t<meta name=\"twitter:label2\" content=\"Ansl. lesetid\" \/>\n\t<meta name=\"twitter:data2\" content=\"1 minutt\" \/>\n<script type=\"application\/ld+json\" class=\"yoast-schema-graph\">{\"@context\":\"https:\/\/schema.org\",\"@graph\":[{\"@type\":\"WebPage\",\"@id\":\"https:\/\/naturvernforbundet.no\/moreogromsdal\/coop-prix-vant-konfirmantenes-etiske-butikktest-pa-sjoholt\/\",\"url\":\"https:\/\/naturvernforbundet.no\/moreogromsdal\/coop-prix-vant-konfirmantenes-etiske-butikktest-pa-sjoholt\/\",\"name\":\"Coop Prix vant konfirmantenes etiske butikktest p\u00e5 Sj\u00f8holt - M\u00f8re og Romsdal\",\"isPartOf\":{\"@id\":\"https:\/\/naturvernforbundet.no\/moreogromsdal\/#website\"},\"datePublished\":\"2006-01-13T09:19:00+00:00\",\"author\":{\"@id\":\"https:\/\/naturvernforbundet.no\/moreogromsdal\/#\/schema\/person\/c72f198205979084bf071deedb6205f4\"},\"breadcrumb\":{\"@id\":\"https:\/\/naturvernforbundet.no\/moreogromsdal\/coop-prix-vant-konfirmantenes-etiske-butikktest-pa-sjoholt\/#breadcrumb\"},\"inLanguage\":\"nb-NO\",\"potentialAction\":[{\"@type\":\"ReadAction\",\"target\":[\"https:\/\/naturvernforbundet.no\/moreogromsdal\/coop-prix-vant-konfirmantenes-etiske-butikktest-pa-sjoholt\/\"]}]},{\"@type\":\"BreadcrumbList\",\"@id\":\"https:\/\/naturvernforbundet.no\/moreogromsdal\/coop-prix-vant-konfirmantenes-etiske-butikktest-pa-sjoholt\/#breadcrumb\",\"itemListElement\":[{\"@type\":\"ListItem\",\"position\":1,\"name\":\"Till naturvernforbundet.no\",\"item\":\"https:\/\/naturvernforbundet.no\/\"},{\"@type\":\"ListItem\",\"position\":2,\"name\":\"M\u00f8re og Romsdal\",\"item\":\"https:\/\/naturvernforbundet.no\/moreogromsdal\/\"},{\"@type\":\"ListItem\",\"position\":3,\"name\":\"Coop Prix vant konfirmantenes etiske butikktest p\u00e5 Sj\u00f8holt\"}]},{\"@type\":\"WebSite\",\"@id\":\"https:\/\/naturvernforbundet.no\/moreogromsdal\/#website\",\"url\":\"https:\/\/naturvernforbundet.no\/moreogromsdal\/\",\"name\":\"M\u00f8re og Romsdal\",\"description\":\"Bare enda et Naturvernforbundet Sites-nettsted\",\"potentialAction\":[{\"@type\":\"SearchAction\",\"target\":{\"@type\":\"EntryPoint\",\"urlTemplate\":\"https:\/\/naturvernforbundet.no\/moreogromsdal\/?s={search_term_string}\"},\"query-input\":{\"@type\":\"PropertyValueSpecification\",\"valueRequired\":true,\"valueName\":\"search_term_string\"}}],\"inLanguage\":\"nb-NO\"},{\"@type\":\"Person\",\"@id\":\"https:\/\/naturvernforbundet.no\/moreogromsdal\/#\/schema\/person\/c72f198205979084bf071deedb6205f4\",\"name\":\"Artikkelimport\u00f8r\",\"image\":{\"@type\":\"ImageObject\",\"inLanguage\":\"nb-NO\",\"@id\":\"https:\/\/naturvernforbundet.no\/moreogromsdal\/#\/schema\/person\/image\/\",\"url\":\"https:\/\/secure.gravatar.com\/avatar\/015fa491b9ed1c823ef16a5c930294d1?s=96&d=mm&r=g\",\"contentUrl\":\"https:\/\/secure.gravatar.com\/avatar\/015fa491b9ed1c823ef16a5c930294d1?s=96&d=mm&r=g\",\"caption\":\"Artikkelimport\u00f8r\"},\"url\":\"https:\/\/naturvernforbundet.no\/moreogromsdal\/author\/artikkelimportor\/\"}]}<\/script>\n<!-- \/ Yoast SEO plugin. -->","yoast_head_json":{"title":"Coop Prix vant konfirmantenes etiske butikktest p\u00e5 Sj\u00f8holt - M\u00f8re og Romsdal","robots":{"index":"index","follow":"follow","max-snippet":"max-snippet:-1","max-image-preview":"max-image-preview:large","max-video-preview":"max-video-preview:-1"},"canonical":"https:\/\/naturvernforbundet.no\/moreogromsdal\/coop-prix-vant-konfirmantenes-etiske-butikktest-pa-sjoholt\/","og_locale":"nb_NO","og_type":"article","og_title":"Coop Prix vant konfirmantenes etiske butikktest p\u00e5 Sj\u00f8holt - M\u00f8re og Romsdal","og_description":"Tirsdag 10. januar unders\u00f8kte \u00d8rskog-konfirmantene utvalget av milj\u00f8merkede, \u00f8kologiske og rettferdige varer i Coop Prix og Bunnpris p\u00e5 Sj\u00f8holt.","og_url":"https:\/\/naturvernforbundet.no\/moreogromsdal\/coop-prix-vant-konfirmantenes-etiske-butikktest-pa-sjoholt\/","og_site_name":"M\u00f8re og Romsdal","article_published_time":"2006-01-13T09:19:00+00:00","author":"Artikkelimport\u00f8r","twitter_card":"summary_large_image","twitter_misc":{"Skrevet av":"Artikkelimport\u00f8r","Ansl. lesetid":"1 minutt"},"schema":{"@context":"https:\/\/schema.org","@graph":[{"@type":"WebPage","@id":"https:\/\/naturvernforbundet.no\/moreogromsdal\/coop-prix-vant-konfirmantenes-etiske-butikktest-pa-sjoholt\/","url":"https:\/\/naturvernforbundet.no\/moreogromsdal\/coop-prix-vant-konfirmantenes-etiske-butikktest-pa-sjoholt\/","name":"Coop Prix vant konfirmantenes etiske butikktest p\u00e5 Sj\u00f8holt - M\u00f8re og Romsdal","isPartOf":{"@id":"https:\/\/naturvernforbundet.no\/moreogromsdal\/#website"},"datePublished":"2006-01-13T09:19:00+00:00","author":{"@id":"https:\/\/naturvernforbundet.no\/moreogromsdal\/#\/schema\/person\/c72f198205979084bf071deedb6205f4"},"breadcrumb":{"@id":"https:\/\/naturvernforbundet.no\/moreogromsdal\/coop-prix-vant-konfirmantenes-etiske-butikktest-pa-sjoholt\/#breadcrumb"},"inLanguage":"nb-NO","potentialAction":[{"@type":"ReadAction","target":["https:\/\/naturvernforbundet.no\/moreogromsdal\/coop-prix-vant-konfirmantenes-etiske-butikktest-pa-sjoholt\/"]}]},{"@type":"BreadcrumbList","@id":"https:\/\/naturvernforbundet.no\/moreogromsdal\/coop-prix-vant-konfirmantenes-etiske-butikktest-pa-sjoholt\/#breadcrumb","itemListElement":[{"@type":"ListItem","position":1,"name":"Till naturvernforbundet.no","item":"https:\/\/naturvernforbundet.no\/"},{"@type":"ListItem","position":2,"name":"M\u00f8re og Romsdal","item":"https:\/\/naturvernforbundet.no\/moreogromsdal\/"},{"@type":"ListItem","position":3,"name":"Coop Prix vant konfirmantenes etiske butikktest p\u00e5 Sj\u00f8holt"}]},{"@type":"WebSite","@id":"https:\/\/naturvernforbundet.no\/moreogromsdal\/#website","url":"https:\/\/naturvernforbundet.no\/moreogromsdal\/","name":"M\u00f8re og Romsdal","description":"Bare enda et Naturvernforbundet Sites-nettsted","potentialAction":[{"@type":"SearchAction","target":{"@type":"EntryPoint","urlTemplate":"https:\/\/naturvernforbundet.no\/moreogromsdal\/?s={search_term_string}"},"query-input":{"@type":"PropertyValueSpecification","valueRequired":true,"valueName":"search_term_string"}}],"inLanguage":"nb-NO"},{"@type":"Person","@id":"https:\/\/naturvernforbundet.no\/moreogromsdal\/#\/schema\/person\/c72f198205979084bf071deedb6205f4","name":"Artikkelimport\u00f8r","image":{"@type":"ImageObject","inLanguage":"nb-NO","@id":"https:\/\/naturvernforbundet.no\/moreogromsdal\/#\/schema\/person\/image\/","url":"https:\/\/secure.gravatar.com\/avatar\/015fa491b9ed1c823ef16a5c930294d1?s=96&d=mm&r=g","contentUrl":"https:\/\/secure.gravatar.com\/avatar\/015fa491b9ed1c823ef16a5c930294d1?s=96&d=mm&r=g","caption":"Artikkelimport\u00f8r"},"url":"https:\/\/naturvernforbundet.no\/moreogromsdal\/author\/artikkelimportor\/"}]}},"_links":{"self":[{"href":"https:\/\/naturvernforbundet.no\/moreogromsdal\/wp-json\/wp\/v2\/posts\/864","targetHints":{"allow":["GET"]}}],"collection":[{"href":"https:\/\/naturvernforbundet.no\/moreogromsdal\/wp-json\/wp\/v2\/posts"}],"about":[{"href":"https:\/\/naturvernforbundet.no\/moreogromsdal\/wp-json\/wp\/v2\/types\/post"}],"author":[{"embeddable":true,"href":"https:\/\/naturvernforbundet.no\/moreogromsdal\/wp-json\/wp\/v2\/users\/38"}],"replies":[{"embeddable":true,"href":"https:\/\/naturvernforbundet.no\/moreogromsdal\/wp-json\/wp\/v2\/comments?post=864"}],"version-history":[{"count":0,"href":"https:\/\/naturvernforbundet.no\/moreogromsdal\/wp-json\/wp\/v2\/posts\/864\/revisions"}],"wp:attachment":[{"href":"https:\/\/naturvernforbundet.no\/moreogromsdal\/wp-json\/wp\/v2\/media?parent=864"}],"wp:term":[{"taxonomy":"category","embeddable":true,"href":"https:\/\/naturvernforbundet.no\/moreogromsdal\/wp-json\/wp\/v2\/categories?post=864"},{"taxonomy":"post_tag","embeddable":true,"href":"https:\/\/naturvernforbundet.no\/moreogromsdal\/wp-json\/wp\/v2\/tags?post=864"},{"taxonomy":"local","embeddable":true,"href":"https:\/\/naturvernforbundet.no\/moreogromsdal\/wp-json\/wp\/v2\/local?post=864"}],"curies":[{"name":"wp","href":"https:\/\/api.w.org\/{rel}","templated":true}]}}