{"id":871,"date":"2006-10-27T10:25:00","date_gmt":"2006-10-27T08:25:00","guid":{"rendered":"https:\/\/naturvernforbundet.no\/moreogromsdal\/svar-fra-landbrukskontoret-i-skodje\/"},"modified":"2006-10-27T10:25:00","modified_gmt":"2006-10-27T08:25:00","slug":"svar-fra-landbrukskontoret-i-skodje","status":"publish","type":"post","link":"https:\/\/naturvernforbundet.no\/moreogromsdal\/svar-fra-landbrukskontoret-i-skodje\/","title":{"rendered":"Svar fr\u00e5 Landbrukskontoret i Skodje"},"content":{"rendered":"\t<div class=\"template-post alignfull wp-block-naturvern-hero\">\n\t\t<div class=\"hero__inner\">\n\t\t\t<div class=\"hero__inner_blocks\">\n\t\t\t\t\t\t\t\t\n\t\t\t\t\t<h1 class=\"wp-block-post-title\">Svar fr\u00e5 Landbrukskontoret i Skodje<\/h1>\n\n\t\t\t\t\t<div class=\"wp-block-post-excerpt\"><p class=\"wp-block-post-excerpt__excerpt\">Svar p\u00e5 epost 25. oktober 2006. <\/p><\/div>\n\n\t\t\t\t\t\n\n\t\t\t\t\t<div class=\"wp-block-naturvern-byline\">\n\t\t\t<div class=\"authors\">By <span class=\"t2-byline__author-link\">Artikkelimport\u00f8r<\/span><\/div>\n\t\t\t<small class=\"entry-date\">27.10.2006 10:25<\/small>\n\t\t<\/div>\n\t\t\t\t\t\t\t\t<\/div>\n\t\t\t\t\t<\/div>\n\t\t\t<\/div>\n\t\n<p>Gjelder Rogneskarvegen.\n<\/p>\n\n\n\n<p>Viser til henvendelse 15.10.06 samt 25.10.06 Dessverre finnes ikkje alle opplysningane i denne saka digitalt, men eg skal legge dei i posten i dag. \n<\/p>\n\n\n\n<p>Dette gjelder kopi av s\u00f8knad med kart.\n<\/p>\n\n\n\n<p>N\u00e6rare grunngjeving for vedtaket: Omr\u00e5det som vegen l\u00f8yser ut utgj\u00f8r ca.140 dekar (i dekningsomr\u00e5de). Her st\u00e5r vel 300 m3 med furu og bj\u00f8rkeskog, slik at vegen er rekningssvarande og bygge ut som landbruksveg. For \u00e5r 2006 har vegen kosta vel 20.000 mindre enn kva som er beregna byggekostnad, men det er planer om ei forbetring til sommaren 2007, n\u00e5r massane har f\u00e5tt sett seg betre.\n<\/p>\n\n\n\n<p>Da dette er h\u00f8gtliggande skog vil det ikkje bli gitt l\u00f8yve til snauhogst av omr\u00e5det, men eg vil tilr\u00e5 ei fr\u00f8trestilling med furu, der ein tar dei hensyna som er nedfelt i standardane for levande skog.\n<\/p>\n\n\n\n<p>N\u00e5r det gjelder friluftsinnteressene st\u00e5r det ein trimpost der den gamle skogsvegen slutter. Med \u00e5 forlenga skogsvegen vil omr\u00e5det bli betre tilgjengeleg for fleire, noe eg har f\u00e5tt mange positive tilbakemeldingar p\u00e5, ogs\u00e5 fra andre vegannlegg.\n<\/p>\n\n\n\n<p>Oversyn over n\u00f8kkelbiotopregistreringar:\n<\/p>\n\n\n\n<p>Viser her til &laquo;Kartlegging av naturtypar i Skodje kommune&raquo; Rapport J.B.Jordal nr.3-2005 For Indreberg er det registrert eit kulturlandskap som g\u00e5r p\u00e5 naturbeite samt ei planteliste for lokaliteten.\n<\/p>\n\n\n\n<p>I tillegg har Skogeierforeninga nord utarbeida skogbruksplaner med milj\u00f8registreringar av \u00e5r 2004.\n<\/p>\n\n\n\n<p>Felles for desse registreringane er det er ikkje registrert noen milj\u00f8registreringar\/ n\u00f8kkelbiotopar i dekningsomr\u00e5det for siste utbygginga av Rogneskarvegen. \n<\/p>\n\n\n\n<p>For landbrukskontoret\n<\/p>\n\n\n\n<p>Kolbj\u00f8rn Snekvik\n<\/p>\n\n\n\n<p>skogbrukssjef<\/p>\n","protected":false},"excerpt":{"rendered":"<p>Svar p\u00e5 epost 25. oktober 2006.<\/p>\n","protected":false},"author":38,"featured_media":0,"comment_status":"closed","ping_status":"closed","sticky":false,"template":"","format":"standard","meta":{"_relevanssi_hide_post":"","_relevanssi_hide_content":"","_relevanssi_pin_for_all":"","_relevanssi_pin_keywords":"","_relevanssi_unpin_keywords":"","_relevanssi_related_keywords":"","_relevanssi_related_include_ids":"","_relevanssi_related_exclude_ids":"","_relevanssi_related_no_append":"","_relevanssi_related_not_related":"","_relevanssi_related_posts":"","_relevanssi_noindex_reason":"","hide_logo":false,"footnotes":""},"categories":[17],"tags":[],"local":[],"class_list":["post-871","post","type-post","status-publish","format-standard","hentry","category-more-og-romsdal"],"acf":[],"yoast_head":"<!-- This site is optimized with the Yoast SEO plugin v24.9 - https:\/\/yoast.com\/wordpress\/plugins\/seo\/ -->\n<title>Svar fr\u00e5 Landbrukskontoret i Skodje - M\u00f8re og Romsdal<\/title>\n<meta name=\"robots\" content=\"index, follow, max-snippet:-1, max-image-preview:large, max-video-preview:-1\" \/>\n<link rel=\"canonical\" href=\"https:\/\/naturvernforbundet.no\/moreogromsdal\/svar-fra-landbrukskontoret-i-skodje\/\" \/>\n<meta property=\"og:locale\" content=\"nb_NO\" \/>\n<meta property=\"og:type\" content=\"article\" \/>\n<meta property=\"og:title\" content=\"Svar fr\u00e5 Landbrukskontoret i Skodje - M\u00f8re og Romsdal\" \/>\n<meta property=\"og:description\" content=\"Svar p\u00e5 epost 25. oktober 2006.\" \/>\n<meta property=\"og:url\" content=\"https:\/\/naturvernforbundet.no\/moreogromsdal\/svar-fra-landbrukskontoret-i-skodje\/\" \/>\n<meta property=\"og:site_name\" content=\"M\u00f8re og Romsdal\" \/>\n<meta property=\"article:published_time\" content=\"2006-10-27T08:25:00+00:00\" \/>\n<meta name=\"author\" content=\"Artikkelimport\u00f8r\" \/>\n<meta name=\"twitter:card\" content=\"summary_large_image\" \/>\n<meta name=\"twitter:label1\" content=\"Skrevet av\" \/>\n\t<meta name=\"twitter:data1\" content=\"Artikkelimport\u00f8r\" \/>\n\t<meta name=\"twitter:label2\" content=\"Ansl. lesetid\" \/>\n\t<meta name=\"twitter:data2\" content=\"1 minutt\" \/>\n<script type=\"application\/ld+json\" class=\"yoast-schema-graph\">{\"@context\":\"https:\/\/schema.org\",\"@graph\":[{\"@type\":\"WebPage\",\"@id\":\"https:\/\/naturvernforbundet.no\/moreogromsdal\/svar-fra-landbrukskontoret-i-skodje\/\",\"url\":\"https:\/\/naturvernforbundet.no\/moreogromsdal\/svar-fra-landbrukskontoret-i-skodje\/\",\"name\":\"Svar fr\u00e5 Landbrukskontoret i Skodje - M\u00f8re og Romsdal\",\"isPartOf\":{\"@id\":\"https:\/\/naturvernforbundet.no\/moreogromsdal\/#website\"},\"datePublished\":\"2006-10-27T08:25:00+00:00\",\"author\":{\"@id\":\"https:\/\/naturvernforbundet.no\/moreogromsdal\/#\/schema\/person\/c72f198205979084bf071deedb6205f4\"},\"breadcrumb\":{\"@id\":\"https:\/\/naturvernforbundet.no\/moreogromsdal\/svar-fra-landbrukskontoret-i-skodje\/#breadcrumb\"},\"inLanguage\":\"nb-NO\",\"potentialAction\":[{\"@type\":\"ReadAction\",\"target\":[\"https:\/\/naturvernforbundet.no\/moreogromsdal\/svar-fra-landbrukskontoret-i-skodje\/\"]}]},{\"@type\":\"BreadcrumbList\",\"@id\":\"https:\/\/naturvernforbundet.no\/moreogromsdal\/svar-fra-landbrukskontoret-i-skodje\/#breadcrumb\",\"itemListElement\":[{\"@type\":\"ListItem\",\"position\":1,\"name\":\"Till naturvernforbundet.no\",\"item\":\"https:\/\/naturvernforbundet.no\/\"},{\"@type\":\"ListItem\",\"position\":2,\"name\":\"M\u00f8re og Romsdal\",\"item\":\"https:\/\/naturvernforbundet.no\/moreogromsdal\/\"},{\"@type\":\"ListItem\",\"position\":3,\"name\":\"Svar fr\u00e5 Landbrukskontoret i Skodje\"}]},{\"@type\":\"WebSite\",\"@id\":\"https:\/\/naturvernforbundet.no\/moreogromsdal\/#website\",\"url\":\"https:\/\/naturvernforbundet.no\/moreogromsdal\/\",\"name\":\"M\u00f8re og Romsdal\",\"description\":\"Bare enda et Naturvernforbundet Sites-nettsted\",\"potentialAction\":[{\"@type\":\"SearchAction\",\"target\":{\"@type\":\"EntryPoint\",\"urlTemplate\":\"https:\/\/naturvernforbundet.no\/moreogromsdal\/?s={search_term_string}\"},\"query-input\":{\"@type\":\"PropertyValueSpecification\",\"valueRequired\":true,\"valueName\":\"search_term_string\"}}],\"inLanguage\":\"nb-NO\"},{\"@type\":\"Person\",\"@id\":\"https:\/\/naturvernforbundet.no\/moreogromsdal\/#\/schema\/person\/c72f198205979084bf071deedb6205f4\",\"name\":\"Artikkelimport\u00f8r\",\"image\":{\"@type\":\"ImageObject\",\"inLanguage\":\"nb-NO\",\"@id\":\"https:\/\/naturvernforbundet.no\/moreogromsdal\/#\/schema\/person\/image\/\",\"url\":\"https:\/\/secure.gravatar.com\/avatar\/015fa491b9ed1c823ef16a5c930294d1?s=96&d=mm&r=g\",\"contentUrl\":\"https:\/\/secure.gravatar.com\/avatar\/015fa491b9ed1c823ef16a5c930294d1?s=96&d=mm&r=g\",\"caption\":\"Artikkelimport\u00f8r\"},\"url\":\"https:\/\/naturvernforbundet.no\/moreogromsdal\/author\/artikkelimportor\/\"}]}<\/script>\n<!-- \/ Yoast SEO plugin. -->","yoast_head_json":{"title":"Svar fr\u00e5 Landbrukskontoret i Skodje - M\u00f8re og Romsdal","robots":{"index":"index","follow":"follow","max-snippet":"max-snippet:-1","max-image-preview":"max-image-preview:large","max-video-preview":"max-video-preview:-1"},"canonical":"https:\/\/naturvernforbundet.no\/moreogromsdal\/svar-fra-landbrukskontoret-i-skodje\/","og_locale":"nb_NO","og_type":"article","og_title":"Svar fr\u00e5 Landbrukskontoret i Skodje - M\u00f8re og Romsdal","og_description":"Svar p\u00e5 epost 25. oktober 2006.","og_url":"https:\/\/naturvernforbundet.no\/moreogromsdal\/svar-fra-landbrukskontoret-i-skodje\/","og_site_name":"M\u00f8re og Romsdal","article_published_time":"2006-10-27T08:25:00+00:00","author":"Artikkelimport\u00f8r","twitter_card":"summary_large_image","twitter_misc":{"Skrevet av":"Artikkelimport\u00f8r","Ansl. lesetid":"1 minutt"},"schema":{"@context":"https:\/\/schema.org","@graph":[{"@type":"WebPage","@id":"https:\/\/naturvernforbundet.no\/moreogromsdal\/svar-fra-landbrukskontoret-i-skodje\/","url":"https:\/\/naturvernforbundet.no\/moreogromsdal\/svar-fra-landbrukskontoret-i-skodje\/","name":"Svar fr\u00e5 Landbrukskontoret i Skodje - M\u00f8re og Romsdal","isPartOf":{"@id":"https:\/\/naturvernforbundet.no\/moreogromsdal\/#website"},"datePublished":"2006-10-27T08:25:00+00:00","author":{"@id":"https:\/\/naturvernforbundet.no\/moreogromsdal\/#\/schema\/person\/c72f198205979084bf071deedb6205f4"},"breadcrumb":{"@id":"https:\/\/naturvernforbundet.no\/moreogromsdal\/svar-fra-landbrukskontoret-i-skodje\/#breadcrumb"},"inLanguage":"nb-NO","potentialAction":[{"@type":"ReadAction","target":["https:\/\/naturvernforbundet.no\/moreogromsdal\/svar-fra-landbrukskontoret-i-skodje\/"]}]},{"@type":"BreadcrumbList","@id":"https:\/\/naturvernforbundet.no\/moreogromsdal\/svar-fra-landbrukskontoret-i-skodje\/#breadcrumb","itemListElement":[{"@type":"ListItem","position":1,"name":"Till naturvernforbundet.no","item":"https:\/\/naturvernforbundet.no\/"},{"@type":"ListItem","position":2,"name":"M\u00f8re og Romsdal","item":"https:\/\/naturvernforbundet.no\/moreogromsdal\/"},{"@type":"ListItem","position":3,"name":"Svar fr\u00e5 Landbrukskontoret i Skodje"}]},{"@type":"WebSite","@id":"https:\/\/naturvernforbundet.no\/moreogromsdal\/#website","url":"https:\/\/naturvernforbundet.no\/moreogromsdal\/","name":"M\u00f8re og Romsdal","description":"Bare enda et Naturvernforbundet Sites-nettsted","potentialAction":[{"@type":"SearchAction","target":{"@type":"EntryPoint","urlTemplate":"https:\/\/naturvernforbundet.no\/moreogromsdal\/?s={search_term_string}"},"query-input":{"@type":"PropertyValueSpecification","valueRequired":true,"valueName":"search_term_string"}}],"inLanguage":"nb-NO"},{"@type":"Person","@id":"https:\/\/naturvernforbundet.no\/moreogromsdal\/#\/schema\/person\/c72f198205979084bf071deedb6205f4","name":"Artikkelimport\u00f8r","image":{"@type":"ImageObject","inLanguage":"nb-NO","@id":"https:\/\/naturvernforbundet.no\/moreogromsdal\/#\/schema\/person\/image\/","url":"https:\/\/secure.gravatar.com\/avatar\/015fa491b9ed1c823ef16a5c930294d1?s=96&d=mm&r=g","contentUrl":"https:\/\/secure.gravatar.com\/avatar\/015fa491b9ed1c823ef16a5c930294d1?s=96&d=mm&r=g","caption":"Artikkelimport\u00f8r"},"url":"https:\/\/naturvernforbundet.no\/moreogromsdal\/author\/artikkelimportor\/"}]}},"_links":{"self":[{"href":"https:\/\/naturvernforbundet.no\/moreogromsdal\/wp-json\/wp\/v2\/posts\/871","targetHints":{"allow":["GET"]}}],"collection":[{"href":"https:\/\/naturvernforbundet.no\/moreogromsdal\/wp-json\/wp\/v2\/posts"}],"about":[{"href":"https:\/\/naturvernforbundet.no\/moreogromsdal\/wp-json\/wp\/v2\/types\/post"}],"author":[{"embeddable":true,"href":"https:\/\/naturvernforbundet.no\/moreogromsdal\/wp-json\/wp\/v2\/users\/38"}],"replies":[{"embeddable":true,"href":"https:\/\/naturvernforbundet.no\/moreogromsdal\/wp-json\/wp\/v2\/comments?post=871"}],"version-history":[{"count":0,"href":"https:\/\/naturvernforbundet.no\/moreogromsdal\/wp-json\/wp\/v2\/posts\/871\/revisions"}],"wp:attachment":[{"href":"https:\/\/naturvernforbundet.no\/moreogromsdal\/wp-json\/wp\/v2\/media?parent=871"}],"wp:term":[{"taxonomy":"category","embeddable":true,"href":"https:\/\/naturvernforbundet.no\/moreogromsdal\/wp-json\/wp\/v2\/categories?post=871"},{"taxonomy":"post_tag","embeddable":true,"href":"https:\/\/naturvernforbundet.no\/moreogromsdal\/wp-json\/wp\/v2\/tags?post=871"},{"taxonomy":"local","embeddable":true,"href":"https:\/\/naturvernforbundet.no\/moreogromsdal\/wp-json\/wp\/v2\/local?post=871"}],"curies":[{"name":"wp","href":"https:\/\/api.w.org\/{rel}","templated":true}]}}