{"id":925,"date":"2006-10-31T23:36:00","date_gmt":"2006-10-31T22:36:00","guid":{"rendered":"https:\/\/naturvernforbundet.no\/moreogromsdal\/ivrige-naturvernarar-pa-oljevernkurs\/"},"modified":"2006-10-31T23:36:00","modified_gmt":"2006-10-31T22:36:00","slug":"ivrige-naturvernarar-pa-oljevernkurs","status":"publish","type":"post","link":"https:\/\/naturvernforbundet.no\/moreogromsdal\/ivrige-naturvernarar-pa-oljevernkurs\/","title":{"rendered":"Ivrige naturvernarar p\u00e5 oljevernkurs"},"content":{"rendered":"\t<div class=\"template-post alignfull wp-block-naturvern-hero\">\n\t\t<div class=\"hero__inner\">\n\t\t\t<div class=\"hero__inner_blocks\">\n\t\t\t\t\t\t\t\t\n\t\t\t\t\t<h1 class=\"wp-block-post-title\">Ivrige naturvernarar p\u00e5 oljevernkurs<\/h1>\n\n\t\t\t\t\t<div class=\"wp-block-post-excerpt\"><p class=\"wp-block-post-excerpt__excerpt\">Helga 15. &#8211; 17. september arrangerte WWF Norge oljevernkurs p\u00e5 Aukra. Fleire av deltakarane var fr\u00e5 M\u00f8re og Romsdal. <\/p><\/div>\n\n\t\t\t\t\t\n\n\t\t\t\t\t<div class=\"wp-block-naturvern-byline\">\n\t\t\t<div class=\"authors\">By <span class=\"t2-byline__author-link\">Artikkelimport\u00f8r<\/span><\/div>\n\t\t\t<small class=\"entry-date\">31.10.2006 23:36<\/small>\n\t\t<\/div>\n\t\t\t\t\t\t\t\t<\/div>\n\t\t\t\t\t<\/div>\n\t\t\t<\/div>\n\t\n<p>WWF Norge byggjer opp eit frivilleg oljevern i Noreg, med s\u00e6rleg vekt p\u00e5 strandsonerensing. Kurset var ei bra blanding av teori og praksis, i flott ver. \n<\/p>\n\n\n\n<p>Naturvernforbundet vil fors\u00f8ke \u00e5 f\u00e5 arrangert fleire oljevernkurs i M\u00f8re og Romsdal, men d\u00e5 treng vi st\u00f8tte fr\u00e5 private og offentlege akt\u00f8rar.\n<\/p>\n\n\n\n<p><em>Ta kontakt med \u00d8ystein Solev\u00e5g p\u00e5 telefon 40 23 47 05 eller epost moreromsdal(a)naturvern.no om du \u00f8nskjer meir informasjon. <\/em><\/p>\n\n\n\n<p><a href=\"\/imakerdata\/f\/0\/95\/50\/7_2401_0\/hms-OLJEVERNAKSJONER.ppt\">HMS ved oljevernaksjoner<\/a><\/p>\n\n\n\n<p><a href=\"\/imakerdata\/f\/0\/95\/50\/8_2401_0\/Kystverket_Rocknes.pdf\">Kystverket om Rocknes<\/a><\/p>\n\n\n\n<p><a href=\"\/imakerdata\/f\/0\/95\/50\/9_2401_0\/NorskOljevernberedskap.ppt\">Norsk oljevernberedskap<\/a><\/p>\n\n\n\n<p><a href=\"\/imakerdata\/f\/0\/95\/51\/0_2401_0\/Oljesolsbekjempelse-norsk.ppt\">Oljes\u00f8lbekjempelse<\/a><\/p>\n\n\n\n<p><a href=\"\/imakerdata\/f\/0\/95\/51\/1_2401_0\/Oljesolsrisiko.ppt\">Oljes\u00f8lrisiko<\/a><\/p>\n\n\n\n<p><a href=\"\/imakerdata\/f\/0\/95\/51\/2_2401_0\/Presentasjon_WWF_Aukra_Nina_Jensen.ppt\">Presentasjon av WWFs arbeid<\/a><\/p>\n\n\n\n<p><a href=\"\/imakerdata\/f\/0\/95\/51\/7_2401_0\/WWF_Behandling_av_oljeskadd_fugl_Aukra.ppt\">Behandling av oljeskadd fugl<\/a><\/p>\n\n\n\n<p><a href=\"\/imakerdata\/f\/0\/95\/51\/9_2401_0\/WWF_Effekter_paa_dyr_og_natur_Aukra.ppt\">Oljes\u00f8l og effekter p\u00e5 dyr og planter<\/a><\/p>\n","protected":false},"excerpt":{"rendered":"<p>Helga 15. &#8211; 17. september arrangerte WWF Norge oljevernkurs p\u00e5 Aukra. Fleire av deltakarane var fr\u00e5 M\u00f8re og Romsdal.<\/p>\n","protected":false},"author":38,"featured_media":0,"comment_status":"closed","ping_status":"closed","sticky":false,"template":"","format":"standard","meta":{"_relevanssi_hide_post":"","_relevanssi_hide_content":"","_relevanssi_pin_for_all":"","_relevanssi_pin_keywords":"","_relevanssi_unpin_keywords":"","_relevanssi_related_keywords":"","_relevanssi_related_include_ids":"","_relevanssi_related_exclude_ids":"","_relevanssi_related_no_append":"","_relevanssi_related_not_related":"","_relevanssi_related_posts":"","_relevanssi_noindex_reason":"","hide_logo":false,"footnotes":""},"categories":[16],"tags":[],"local":[],"class_list":["post-925","post","type-post","status-publish","format-standard","hentry","category-naturmangfold"],"acf":[],"yoast_head":"<!-- This site is optimized with the Yoast SEO plugin v24.9 - https:\/\/yoast.com\/wordpress\/plugins\/seo\/ -->\n<title>Ivrige naturvernarar p\u00e5 oljevernkurs - M\u00f8re og Romsdal<\/title>\n<meta name=\"robots\" content=\"index, follow, max-snippet:-1, max-image-preview:large, max-video-preview:-1\" \/>\n<link rel=\"canonical\" href=\"https:\/\/naturvernforbundet.no\/moreogromsdal\/ivrige-naturvernarar-pa-oljevernkurs\/\" \/>\n<meta property=\"og:locale\" content=\"nb_NO\" \/>\n<meta property=\"og:type\" content=\"article\" \/>\n<meta property=\"og:title\" content=\"Ivrige naturvernarar p\u00e5 oljevernkurs - M\u00f8re og Romsdal\" \/>\n<meta property=\"og:description\" content=\"Helga 15. - 17. september arrangerte WWF Norge oljevernkurs p\u00e5 Aukra. Fleire av deltakarane var fr\u00e5 M\u00f8re og Romsdal.\" \/>\n<meta property=\"og:url\" content=\"https:\/\/naturvernforbundet.no\/moreogromsdal\/ivrige-naturvernarar-pa-oljevernkurs\/\" \/>\n<meta property=\"og:site_name\" content=\"M\u00f8re og Romsdal\" \/>\n<meta property=\"article:published_time\" content=\"2006-10-31T22:36:00+00:00\" \/>\n<meta name=\"author\" content=\"Artikkelimport\u00f8r\" \/>\n<meta name=\"twitter:card\" content=\"summary_large_image\" \/>\n<meta name=\"twitter:label1\" content=\"Skrevet av\" \/>\n\t<meta name=\"twitter:data1\" content=\"Artikkelimport\u00f8r\" \/>\n<script type=\"application\/ld+json\" class=\"yoast-schema-graph\">{\"@context\":\"https:\/\/schema.org\",\"@graph\":[{\"@type\":\"WebPage\",\"@id\":\"https:\/\/naturvernforbundet.no\/moreogromsdal\/ivrige-naturvernarar-pa-oljevernkurs\/\",\"url\":\"https:\/\/naturvernforbundet.no\/moreogromsdal\/ivrige-naturvernarar-pa-oljevernkurs\/\",\"name\":\"Ivrige naturvernarar p\u00e5 oljevernkurs - M\u00f8re og Romsdal\",\"isPartOf\":{\"@id\":\"https:\/\/naturvernforbundet.no\/moreogromsdal\/#website\"},\"datePublished\":\"2006-10-31T22:36:00+00:00\",\"author\":{\"@id\":\"https:\/\/naturvernforbundet.no\/moreogromsdal\/#\/schema\/person\/c72f198205979084bf071deedb6205f4\"},\"breadcrumb\":{\"@id\":\"https:\/\/naturvernforbundet.no\/moreogromsdal\/ivrige-naturvernarar-pa-oljevernkurs\/#breadcrumb\"},\"inLanguage\":\"nb-NO\",\"potentialAction\":[{\"@type\":\"ReadAction\",\"target\":[\"https:\/\/naturvernforbundet.no\/moreogromsdal\/ivrige-naturvernarar-pa-oljevernkurs\/\"]}]},{\"@type\":\"BreadcrumbList\",\"@id\":\"https:\/\/naturvernforbundet.no\/moreogromsdal\/ivrige-naturvernarar-pa-oljevernkurs\/#breadcrumb\",\"itemListElement\":[{\"@type\":\"ListItem\",\"position\":1,\"name\":\"Till naturvernforbundet.no\",\"item\":\"https:\/\/naturvernforbundet.no\/\"},{\"@type\":\"ListItem\",\"position\":2,\"name\":\"M\u00f8re og Romsdal\",\"item\":\"https:\/\/naturvernforbundet.no\/moreogromsdal\/\"},{\"@type\":\"ListItem\",\"position\":3,\"name\":\"Ivrige naturvernarar p\u00e5 oljevernkurs\"}]},{\"@type\":\"WebSite\",\"@id\":\"https:\/\/naturvernforbundet.no\/moreogromsdal\/#website\",\"url\":\"https:\/\/naturvernforbundet.no\/moreogromsdal\/\",\"name\":\"M\u00f8re og Romsdal\",\"description\":\"Bare enda et Naturvernforbundet Sites-nettsted\",\"potentialAction\":[{\"@type\":\"SearchAction\",\"target\":{\"@type\":\"EntryPoint\",\"urlTemplate\":\"https:\/\/naturvernforbundet.no\/moreogromsdal\/?s={search_term_string}\"},\"query-input\":{\"@type\":\"PropertyValueSpecification\",\"valueRequired\":true,\"valueName\":\"search_term_string\"}}],\"inLanguage\":\"nb-NO\"},{\"@type\":\"Person\",\"@id\":\"https:\/\/naturvernforbundet.no\/moreogromsdal\/#\/schema\/person\/c72f198205979084bf071deedb6205f4\",\"name\":\"Artikkelimport\u00f8r\",\"image\":{\"@type\":\"ImageObject\",\"inLanguage\":\"nb-NO\",\"@id\":\"https:\/\/naturvernforbundet.no\/moreogromsdal\/#\/schema\/person\/image\/\",\"url\":\"https:\/\/secure.gravatar.com\/avatar\/015fa491b9ed1c823ef16a5c930294d1?s=96&d=mm&r=g\",\"contentUrl\":\"https:\/\/secure.gravatar.com\/avatar\/015fa491b9ed1c823ef16a5c930294d1?s=96&d=mm&r=g\",\"caption\":\"Artikkelimport\u00f8r\"},\"url\":\"https:\/\/naturvernforbundet.no\/moreogromsdal\/author\/artikkelimportor\/\"}]}<\/script>\n<!-- \/ Yoast SEO plugin. -->","yoast_head_json":{"title":"Ivrige naturvernarar p\u00e5 oljevernkurs - M\u00f8re og Romsdal","robots":{"index":"index","follow":"follow","max-snippet":"max-snippet:-1","max-image-preview":"max-image-preview:large","max-video-preview":"max-video-preview:-1"},"canonical":"https:\/\/naturvernforbundet.no\/moreogromsdal\/ivrige-naturvernarar-pa-oljevernkurs\/","og_locale":"nb_NO","og_type":"article","og_title":"Ivrige naturvernarar p\u00e5 oljevernkurs - M\u00f8re og Romsdal","og_description":"Helga 15. - 17. september arrangerte WWF Norge oljevernkurs p\u00e5 Aukra. Fleire av deltakarane var fr\u00e5 M\u00f8re og Romsdal.","og_url":"https:\/\/naturvernforbundet.no\/moreogromsdal\/ivrige-naturvernarar-pa-oljevernkurs\/","og_site_name":"M\u00f8re og Romsdal","article_published_time":"2006-10-31T22:36:00+00:00","author":"Artikkelimport\u00f8r","twitter_card":"summary_large_image","twitter_misc":{"Skrevet av":"Artikkelimport\u00f8r"},"schema":{"@context":"https:\/\/schema.org","@graph":[{"@type":"WebPage","@id":"https:\/\/naturvernforbundet.no\/moreogromsdal\/ivrige-naturvernarar-pa-oljevernkurs\/","url":"https:\/\/naturvernforbundet.no\/moreogromsdal\/ivrige-naturvernarar-pa-oljevernkurs\/","name":"Ivrige naturvernarar p\u00e5 oljevernkurs - M\u00f8re og Romsdal","isPartOf":{"@id":"https:\/\/naturvernforbundet.no\/moreogromsdal\/#website"},"datePublished":"2006-10-31T22:36:00+00:00","author":{"@id":"https:\/\/naturvernforbundet.no\/moreogromsdal\/#\/schema\/person\/c72f198205979084bf071deedb6205f4"},"breadcrumb":{"@id":"https:\/\/naturvernforbundet.no\/moreogromsdal\/ivrige-naturvernarar-pa-oljevernkurs\/#breadcrumb"},"inLanguage":"nb-NO","potentialAction":[{"@type":"ReadAction","target":["https:\/\/naturvernforbundet.no\/moreogromsdal\/ivrige-naturvernarar-pa-oljevernkurs\/"]}]},{"@type":"BreadcrumbList","@id":"https:\/\/naturvernforbundet.no\/moreogromsdal\/ivrige-naturvernarar-pa-oljevernkurs\/#breadcrumb","itemListElement":[{"@type":"ListItem","position":1,"name":"Till naturvernforbundet.no","item":"https:\/\/naturvernforbundet.no\/"},{"@type":"ListItem","position":2,"name":"M\u00f8re og Romsdal","item":"https:\/\/naturvernforbundet.no\/moreogromsdal\/"},{"@type":"ListItem","position":3,"name":"Ivrige naturvernarar p\u00e5 oljevernkurs"}]},{"@type":"WebSite","@id":"https:\/\/naturvernforbundet.no\/moreogromsdal\/#website","url":"https:\/\/naturvernforbundet.no\/moreogromsdal\/","name":"M\u00f8re og Romsdal","description":"Bare enda et Naturvernforbundet Sites-nettsted","potentialAction":[{"@type":"SearchAction","target":{"@type":"EntryPoint","urlTemplate":"https:\/\/naturvernforbundet.no\/moreogromsdal\/?s={search_term_string}"},"query-input":{"@type":"PropertyValueSpecification","valueRequired":true,"valueName":"search_term_string"}}],"inLanguage":"nb-NO"},{"@type":"Person","@id":"https:\/\/naturvernforbundet.no\/moreogromsdal\/#\/schema\/person\/c72f198205979084bf071deedb6205f4","name":"Artikkelimport\u00f8r","image":{"@type":"ImageObject","inLanguage":"nb-NO","@id":"https:\/\/naturvernforbundet.no\/moreogromsdal\/#\/schema\/person\/image\/","url":"https:\/\/secure.gravatar.com\/avatar\/015fa491b9ed1c823ef16a5c930294d1?s=96&d=mm&r=g","contentUrl":"https:\/\/secure.gravatar.com\/avatar\/015fa491b9ed1c823ef16a5c930294d1?s=96&d=mm&r=g","caption":"Artikkelimport\u00f8r"},"url":"https:\/\/naturvernforbundet.no\/moreogromsdal\/author\/artikkelimportor\/"}]}},"_links":{"self":[{"href":"https:\/\/naturvernforbundet.no\/moreogromsdal\/wp-json\/wp\/v2\/posts\/925","targetHints":{"allow":["GET"]}}],"collection":[{"href":"https:\/\/naturvernforbundet.no\/moreogromsdal\/wp-json\/wp\/v2\/posts"}],"about":[{"href":"https:\/\/naturvernforbundet.no\/moreogromsdal\/wp-json\/wp\/v2\/types\/post"}],"author":[{"embeddable":true,"href":"https:\/\/naturvernforbundet.no\/moreogromsdal\/wp-json\/wp\/v2\/users\/38"}],"replies":[{"embeddable":true,"href":"https:\/\/naturvernforbundet.no\/moreogromsdal\/wp-json\/wp\/v2\/comments?post=925"}],"version-history":[{"count":0,"href":"https:\/\/naturvernforbundet.no\/moreogromsdal\/wp-json\/wp\/v2\/posts\/925\/revisions"}],"wp:attachment":[{"href":"https:\/\/naturvernforbundet.no\/moreogromsdal\/wp-json\/wp\/v2\/media?parent=925"}],"wp:term":[{"taxonomy":"category","embeddable":true,"href":"https:\/\/naturvernforbundet.no\/moreogromsdal\/wp-json\/wp\/v2\/categories?post=925"},{"taxonomy":"post_tag","embeddable":true,"href":"https:\/\/naturvernforbundet.no\/moreogromsdal\/wp-json\/wp\/v2\/tags?post=925"},{"taxonomy":"local","embeddable":true,"href":"https:\/\/naturvernforbundet.no\/moreogromsdal\/wp-json\/wp\/v2\/local?post=925"}],"curies":[{"name":"wp","href":"https:\/\/api.w.org\/{rel}","templated":true}]}}