{"id":935,"date":"2005-09-20T06:46:00","date_gmt":"2005-09-20T04:46:00","guid":{"rendered":"https:\/\/naturvernforbundet.no\/moreogromsdal\/kva-skal-til-for-a-loyse-energiproblema-i-more-og-romsdal\/"},"modified":"2005-09-20T06:46:00","modified_gmt":"2005-09-20T04:46:00","slug":"kva-skal-til-for-a-loyse-energiproblema-i-more-og-romsdal","status":"publish","type":"post","link":"https:\/\/naturvernforbundet.no\/moreogromsdal\/kva-skal-til-for-a-loyse-energiproblema-i-more-og-romsdal\/","title":{"rendered":"Kva skal til for \u00e5 l\u00f8yse energiproblema i M\u00f8re og Romsdal"},"content":{"rendered":"\t<div class=\"template-post alignfull wp-block-naturvern-hero\">\n\t\t<div class=\"hero__inner\">\n\t\t\t<div class=\"hero__inner_blocks\">\n\t\t\t\t\t\t\t\t\n\t\t\t\t\t<h1 class=\"wp-block-post-title\">Kva skal til for \u00e5 l\u00f8yse energiproblema i M\u00f8re og Romsdal<\/h1>\n\n\t\t\t\t\t<div class=\"wp-block-post-excerpt\"><p class=\"wp-block-post-excerpt__excerpt\">Nytt lesarinnlegg fr\u00e5 Naturvernforbundet i M\u00f8re og Romsdal, som svar p\u00e5 innlegg fr\u00e5 Anne Jorunn Hammer\u00f8 Hatle (Sp), leiar i N\u00e6rings- og milj\u00f8utvalet i fylket. <\/p><\/div>\n\n\t\t\t\t\t\n\n\t\t\t\t\t<div class=\"wp-block-naturvern-byline\">\n\t\t\t<div class=\"authors\">By <span class=\"t2-byline__author-link\">Artikkelimport\u00f8r<\/span><\/div>\n\t\t\t<small class=\"entry-date\">20.09.2005 06:46<\/small>\n\t\t<\/div>\n\t\t\t\t\t\t\t\t<\/div>\n\t\t\t\t\t<\/div>\n\t\t\t<\/div>\n\t\n<p>Det er eit framsteg \u00e5 f\u00e5 svar, s\u00e5 takk til Anne Jorunn Hammer\u00f8 Hatle, leiar i N\u00e6rings- og milj\u00f8utvalet i fylket, som svarar Naturvernforbundet i Tidens Krav 17. september. Naturvernforbundet har ikkje for vane \u00e5 f\u00e5 svar, og om det kjem noko s\u00e5 kjem dei seint. Til d\u00f8mes sendte vi ein s\u00f8knad til fylket med f\u00f8respurnad om st\u00f8tte til \u00e5 arbeide med energisp\u00f8rsm\u00e5l. Vi har vel f\u00e5tt eit vagt munnleg svar og ingen pengar. Det er ikkje s\u00e5 mykje n\u00e5r det er n\u00e6rare to \u00e5r sidan s\u00f8knaden vart sendt. Vi har sendt sp\u00f8rsm\u00e5l om konkrete opplysningar til Istad Nett i v\u00e5r og ei p\u00e5minning i august. Vi venter p\u00e5 svar derifr\u00e5 ogs\u00e5. I mellomtida registrerer vi at Bellona har brukt nokre pengar dei har f\u00e5tt til \u00e5 revolusjonere tankegangen kring CO2. Styresmaktene b\u00f8r ikkje sj\u00e5 bort fr\u00e5 at milj\u00f8r\u00f8rsla kan kome med l\u00f8ysingar dei sj\u00f8lve har vondt for \u00e5 sj\u00e5.<br><br>S\u00e5 f\u00f8rebels arbeider vi dugnad p\u00e5 natta (det g\u00e5r litt seinare) og m\u00e5 nytte oss av ein del uautoriserte kjelder for \u00e5 finne ut av korleis det st\u00e5r til med kraftsituasjonen. <br><br>S\u00e5 langt er Naturvernforbundet sine konklusjonar desse:\n&#8211; Sj\u00f8lv om det blir bygd gasskraftverk i M\u00f8re og Romsdal vil det framleis vere behov for ei ny stor kraftline inn til fylket. Det har med det \u00e5 gjere at eit gasskraftverk til tider vil gi eit overskot som m\u00e5 eksporterast ut av fylket og at gasskraftverk ikkje g\u00e5r kontinuerleg.\n&#8211; Sj\u00f8lv om heile Havsulprosjektet blir bygd ut, vil det ogs\u00e5 vere behov for ei ny stor kraftline. Vindm\u00f8ller produserer ikkje straum i stille ver og sterk vind.\n&#8211; Sj\u00f8lv om alle sm\u00e5elvane i fylket blir bygd ut, vil det vere behov for ei ny stor kraftline. Dei er rett og slett ikkje mange nok. Dessutan renn det mykje mindre vatn i elvane om vinteren, og dei er t\u00f8rr\u00e5rutsett i enda st\u00f8rre grad enn dei vasskraftverka som alt er bygd.<br><br>Sp\u00f8rsm\u00e5let er s\u00e5 om det er tilstrekkeleg med ei ny stor kraftline inn i fylket utan gasskraft, mykje vindm\u00f8ller og mange minikraftverk. Naturvernforbundet trur svaret er ja. Sidan det ikkje er nokon veg utanom ei slik kraftline, tykkjer vi det er like greitt \u00e5 sj\u00e5 p\u00e5 denne med ein gong. Vi trur gjerne det totalt sett er eit mindre inngrep enn summen av inngrepa knytt til vindm\u00f8ller, minikraftverk og gasskraftverk til saman.<br><br>Sp\u00f8rsm\u00e5let er vidare om det finst kraft andre stader som kan transporterast til v\u00e5rt fylke i ei slik ny kraftline. Det er avhengig av korleis vi ordnar oss. Viss vi ropar p\u00e5 meir kraftproduksjon som einaste l\u00f8ysing, kjem vi aldri til \u00e5 f\u00e5 nok energi. Viss vi derimot arbeidar for at kraftforbruket v\u00e5rt ikkje skal auke meir, f\u00e5r vi til dette. <br><br>Det finst til d\u00f8mes nokre stader i v\u00e5rt fylke som har varmvatn som ikkje blir nytta fullt ut. Sunndal, Aver\u00f8y, Aure, Fr\u00e6na og \u00c5lesund har i alle fall slike ressursar. Fylket st\u00e5r dessutan fullt av biobrensel p\u00e5 rot. Produksjon av ein terawattime biobrensel gjev 300 arbeidsplassar, mykje meir enn 10 gonger s\u00e5 mykje som eit tilsvarande gasskraftverk. Viss folk varmar opp husa sine med biobrensel (ved eller pellets) sparar vi straum som industrien kan nytte seg av i staden. Det er b\u00e5de varmvatn og biobrensel andre stader i landet og, s\u00e5 det er r\u00e5d \u00e5 frigjere ein del straum p\u00e5 den m\u00e5ten.<br><br>Elles vil vi utfordre Hatle p\u00e5 litt samfunnsplanlegging. Naturvernforbundet skj\u00f8nar slett ikkje kvifor det m\u00e5 byggast gasskraftverk p\u00e5 Tjeldbergodden. For \u00e5 f\u00e5 straumen dit han skal brukast m\u00e5 det byggast i alle fall 5 mil, truleg det doble, med omstridde kraftliner. Skal ein f\u00f8rst bygge noko slikt anlegg, kan det vel byggast der krafta skal brukast? Dessutan kan ein bygge ein pelletsfabrikk p\u00e5 Tjeldbergodden for \u00e5 nyttiggjere seg varmvatnet som alt er der. Det skulle vere r\u00e5d \u00e5 sysselsetje minst like mange med ei slik verksemd som med eit gasskraftverk. Hatle er vel kan hende s\u00e5pass glad i distrikta at H\u00f8yanger og \u00c5rdal kan f\u00e5 nokre industriarbeidsplassar. Der er det visstnok snart ledig straum. S\u00e5 kan vi spesialisere oss p\u00e5 \u00e5 lage og bruke biobrenselprodukt i v\u00e5rt fylke. Elles trur vi nok at alderen p\u00e5 linenettet ikkje blir mindre av \u00e5 bygge eit gasskraftverk. <br><br>Vi treng politikarar som har fleire tankar i hovudet samtidig, politikarar som ser at vi b\u00e5de m\u00e5 l\u00f8yse dei store globale klimasp\u00f8rsm\u00e5la og s\u00f8rge for n\u00e6ringsutvikling der vi bur. Kanskje Hatle vil bli ein slik politikar?<br><br>\n\u00d8ystein Folden\nLeiar, Naturvernforbundet i M\u00f8re og Romsdal\nTelefon 91 81 25 42<\/p>\n","protected":false},"excerpt":{"rendered":"<p>Nytt lesarinnlegg fr\u00e5 Naturvernforbundet i M\u00f8re og Romsdal, som svar p\u00e5 innlegg fr\u00e5 Anne Jorunn Hammer\u00f8 Hatle (Sp), leiar i N\u00e6rings- og milj\u00f8utvalet i fylket.<\/p>\n","protected":false},"author":38,"featured_media":0,"comment_status":"closed","ping_status":"closed","sticky":false,"template":"","format":"standard","meta":{"_relevanssi_hide_post":"","_relevanssi_hide_content":"","_relevanssi_pin_for_all":"","_relevanssi_pin_keywords":"","_relevanssi_unpin_keywords":"","_relevanssi_related_keywords":"","_relevanssi_related_include_ids":"","_relevanssi_related_exclude_ids":"","_relevanssi_related_no_append":"","_relevanssi_related_not_related":"","_relevanssi_related_posts":"","_relevanssi_noindex_reason":"","hide_logo":false,"footnotes":""},"categories":[19],"tags":[],"local":[],"class_list":["post-935","post","type-post","status-publish","format-standard","hentry","category-klima"],"acf":[],"yoast_head":"<!-- This site is optimized with the Yoast SEO plugin v24.9 - https:\/\/yoast.com\/wordpress\/plugins\/seo\/ -->\n<title>Kva skal til for \u00e5 l\u00f8yse energiproblema i M\u00f8re og Romsdal - M\u00f8re og Romsdal<\/title>\n<meta name=\"robots\" content=\"index, follow, max-snippet:-1, max-image-preview:large, max-video-preview:-1\" \/>\n<link rel=\"canonical\" href=\"https:\/\/naturvernforbundet.no\/moreogromsdal\/kva-skal-til-for-a-loyse-energiproblema-i-more-og-romsdal\/\" \/>\n<meta property=\"og:locale\" content=\"nb_NO\" \/>\n<meta property=\"og:type\" content=\"article\" \/>\n<meta property=\"og:title\" content=\"Kva skal til for \u00e5 l\u00f8yse energiproblema i M\u00f8re og Romsdal - M\u00f8re og Romsdal\" \/>\n<meta property=\"og:description\" content=\"Nytt lesarinnlegg fr\u00e5 Naturvernforbundet i M\u00f8re og Romsdal, som svar p\u00e5 innlegg fr\u00e5 Anne Jorunn Hammer\u00f8 Hatle (Sp), leiar i N\u00e6rings- og milj\u00f8utvalet i fylket.\" \/>\n<meta property=\"og:url\" content=\"https:\/\/naturvernforbundet.no\/moreogromsdal\/kva-skal-til-for-a-loyse-energiproblema-i-more-og-romsdal\/\" \/>\n<meta property=\"og:site_name\" content=\"M\u00f8re og Romsdal\" \/>\n<meta property=\"article:published_time\" content=\"2005-09-20T04:46:00+00:00\" \/>\n<meta name=\"author\" content=\"Artikkelimport\u00f8r\" \/>\n<meta name=\"twitter:card\" content=\"summary_large_image\" \/>\n<meta name=\"twitter:label1\" content=\"Skrevet av\" \/>\n\t<meta name=\"twitter:data1\" content=\"Artikkelimport\u00f8r\" \/>\n\t<meta name=\"twitter:label2\" content=\"Ansl. lesetid\" \/>\n\t<meta name=\"twitter:data2\" content=\"4 minutter\" \/>\n<script type=\"application\/ld+json\" class=\"yoast-schema-graph\">{\"@context\":\"https:\/\/schema.org\",\"@graph\":[{\"@type\":\"WebPage\",\"@id\":\"https:\/\/naturvernforbundet.no\/moreogromsdal\/kva-skal-til-for-a-loyse-energiproblema-i-more-og-romsdal\/\",\"url\":\"https:\/\/naturvernforbundet.no\/moreogromsdal\/kva-skal-til-for-a-loyse-energiproblema-i-more-og-romsdal\/\",\"name\":\"Kva skal til for \u00e5 l\u00f8yse energiproblema i M\u00f8re og Romsdal - M\u00f8re og Romsdal\",\"isPartOf\":{\"@id\":\"https:\/\/naturvernforbundet.no\/moreogromsdal\/#website\"},\"datePublished\":\"2005-09-20T04:46:00+00:00\",\"author\":{\"@id\":\"https:\/\/naturvernforbundet.no\/moreogromsdal\/#\/schema\/person\/c72f198205979084bf071deedb6205f4\"},\"breadcrumb\":{\"@id\":\"https:\/\/naturvernforbundet.no\/moreogromsdal\/kva-skal-til-for-a-loyse-energiproblema-i-more-og-romsdal\/#breadcrumb\"},\"inLanguage\":\"nb-NO\",\"potentialAction\":[{\"@type\":\"ReadAction\",\"target\":[\"https:\/\/naturvernforbundet.no\/moreogromsdal\/kva-skal-til-for-a-loyse-energiproblema-i-more-og-romsdal\/\"]}]},{\"@type\":\"BreadcrumbList\",\"@id\":\"https:\/\/naturvernforbundet.no\/moreogromsdal\/kva-skal-til-for-a-loyse-energiproblema-i-more-og-romsdal\/#breadcrumb\",\"itemListElement\":[{\"@type\":\"ListItem\",\"position\":1,\"name\":\"Till naturvernforbundet.no\",\"item\":\"https:\/\/naturvernforbundet.no\/\"},{\"@type\":\"ListItem\",\"position\":2,\"name\":\"M\u00f8re og Romsdal\",\"item\":\"https:\/\/naturvernforbundet.no\/moreogromsdal\/\"},{\"@type\":\"ListItem\",\"position\":3,\"name\":\"Kva skal til for \u00e5 l\u00f8yse energiproblema i M\u00f8re og Romsdal\"}]},{\"@type\":\"WebSite\",\"@id\":\"https:\/\/naturvernforbundet.no\/moreogromsdal\/#website\",\"url\":\"https:\/\/naturvernforbundet.no\/moreogromsdal\/\",\"name\":\"M\u00f8re og Romsdal\",\"description\":\"Bare enda et Naturvernforbundet Sites-nettsted\",\"potentialAction\":[{\"@type\":\"SearchAction\",\"target\":{\"@type\":\"EntryPoint\",\"urlTemplate\":\"https:\/\/naturvernforbundet.no\/moreogromsdal\/?s={search_term_string}\"},\"query-input\":{\"@type\":\"PropertyValueSpecification\",\"valueRequired\":true,\"valueName\":\"search_term_string\"}}],\"inLanguage\":\"nb-NO\"},{\"@type\":\"Person\",\"@id\":\"https:\/\/naturvernforbundet.no\/moreogromsdal\/#\/schema\/person\/c72f198205979084bf071deedb6205f4\",\"name\":\"Artikkelimport\u00f8r\",\"image\":{\"@type\":\"ImageObject\",\"inLanguage\":\"nb-NO\",\"@id\":\"https:\/\/naturvernforbundet.no\/moreogromsdal\/#\/schema\/person\/image\/\",\"url\":\"https:\/\/secure.gravatar.com\/avatar\/015fa491b9ed1c823ef16a5c930294d1?s=96&d=mm&r=g\",\"contentUrl\":\"https:\/\/secure.gravatar.com\/avatar\/015fa491b9ed1c823ef16a5c930294d1?s=96&d=mm&r=g\",\"caption\":\"Artikkelimport\u00f8r\"},\"url\":\"https:\/\/naturvernforbundet.no\/moreogromsdal\/author\/artikkelimportor\/\"}]}<\/script>\n<!-- \/ Yoast SEO plugin. -->","yoast_head_json":{"title":"Kva skal til for \u00e5 l\u00f8yse energiproblema i M\u00f8re og Romsdal - M\u00f8re og Romsdal","robots":{"index":"index","follow":"follow","max-snippet":"max-snippet:-1","max-image-preview":"max-image-preview:large","max-video-preview":"max-video-preview:-1"},"canonical":"https:\/\/naturvernforbundet.no\/moreogromsdal\/kva-skal-til-for-a-loyse-energiproblema-i-more-og-romsdal\/","og_locale":"nb_NO","og_type":"article","og_title":"Kva skal til for \u00e5 l\u00f8yse energiproblema i M\u00f8re og Romsdal - M\u00f8re og Romsdal","og_description":"Nytt lesarinnlegg fr\u00e5 Naturvernforbundet i M\u00f8re og Romsdal, som svar p\u00e5 innlegg fr\u00e5 Anne Jorunn Hammer\u00f8 Hatle (Sp), leiar i N\u00e6rings- og milj\u00f8utvalet i fylket.","og_url":"https:\/\/naturvernforbundet.no\/moreogromsdal\/kva-skal-til-for-a-loyse-energiproblema-i-more-og-romsdal\/","og_site_name":"M\u00f8re og Romsdal","article_published_time":"2005-09-20T04:46:00+00:00","author":"Artikkelimport\u00f8r","twitter_card":"summary_large_image","twitter_misc":{"Skrevet av":"Artikkelimport\u00f8r","Ansl. lesetid":"4 minutter"},"schema":{"@context":"https:\/\/schema.org","@graph":[{"@type":"WebPage","@id":"https:\/\/naturvernforbundet.no\/moreogromsdal\/kva-skal-til-for-a-loyse-energiproblema-i-more-og-romsdal\/","url":"https:\/\/naturvernforbundet.no\/moreogromsdal\/kva-skal-til-for-a-loyse-energiproblema-i-more-og-romsdal\/","name":"Kva skal til for \u00e5 l\u00f8yse energiproblema i M\u00f8re og Romsdal - M\u00f8re og Romsdal","isPartOf":{"@id":"https:\/\/naturvernforbundet.no\/moreogromsdal\/#website"},"datePublished":"2005-09-20T04:46:00+00:00","author":{"@id":"https:\/\/naturvernforbundet.no\/moreogromsdal\/#\/schema\/person\/c72f198205979084bf071deedb6205f4"},"breadcrumb":{"@id":"https:\/\/naturvernforbundet.no\/moreogromsdal\/kva-skal-til-for-a-loyse-energiproblema-i-more-og-romsdal\/#breadcrumb"},"inLanguage":"nb-NO","potentialAction":[{"@type":"ReadAction","target":["https:\/\/naturvernforbundet.no\/moreogromsdal\/kva-skal-til-for-a-loyse-energiproblema-i-more-og-romsdal\/"]}]},{"@type":"BreadcrumbList","@id":"https:\/\/naturvernforbundet.no\/moreogromsdal\/kva-skal-til-for-a-loyse-energiproblema-i-more-og-romsdal\/#breadcrumb","itemListElement":[{"@type":"ListItem","position":1,"name":"Till naturvernforbundet.no","item":"https:\/\/naturvernforbundet.no\/"},{"@type":"ListItem","position":2,"name":"M\u00f8re og Romsdal","item":"https:\/\/naturvernforbundet.no\/moreogromsdal\/"},{"@type":"ListItem","position":3,"name":"Kva skal til for \u00e5 l\u00f8yse energiproblema i M\u00f8re og Romsdal"}]},{"@type":"WebSite","@id":"https:\/\/naturvernforbundet.no\/moreogromsdal\/#website","url":"https:\/\/naturvernforbundet.no\/moreogromsdal\/","name":"M\u00f8re og Romsdal","description":"Bare enda et Naturvernforbundet Sites-nettsted","potentialAction":[{"@type":"SearchAction","target":{"@type":"EntryPoint","urlTemplate":"https:\/\/naturvernforbundet.no\/moreogromsdal\/?s={search_term_string}"},"query-input":{"@type":"PropertyValueSpecification","valueRequired":true,"valueName":"search_term_string"}}],"inLanguage":"nb-NO"},{"@type":"Person","@id":"https:\/\/naturvernforbundet.no\/moreogromsdal\/#\/schema\/person\/c72f198205979084bf071deedb6205f4","name":"Artikkelimport\u00f8r","image":{"@type":"ImageObject","inLanguage":"nb-NO","@id":"https:\/\/naturvernforbundet.no\/moreogromsdal\/#\/schema\/person\/image\/","url":"https:\/\/secure.gravatar.com\/avatar\/015fa491b9ed1c823ef16a5c930294d1?s=96&d=mm&r=g","contentUrl":"https:\/\/secure.gravatar.com\/avatar\/015fa491b9ed1c823ef16a5c930294d1?s=96&d=mm&r=g","caption":"Artikkelimport\u00f8r"},"url":"https:\/\/naturvernforbundet.no\/moreogromsdal\/author\/artikkelimportor\/"}]}},"_links":{"self":[{"href":"https:\/\/naturvernforbundet.no\/moreogromsdal\/wp-json\/wp\/v2\/posts\/935","targetHints":{"allow":["GET"]}}],"collection":[{"href":"https:\/\/naturvernforbundet.no\/moreogromsdal\/wp-json\/wp\/v2\/posts"}],"about":[{"href":"https:\/\/naturvernforbundet.no\/moreogromsdal\/wp-json\/wp\/v2\/types\/post"}],"author":[{"embeddable":true,"href":"https:\/\/naturvernforbundet.no\/moreogromsdal\/wp-json\/wp\/v2\/users\/38"}],"replies":[{"embeddable":true,"href":"https:\/\/naturvernforbundet.no\/moreogromsdal\/wp-json\/wp\/v2\/comments?post=935"}],"version-history":[{"count":0,"href":"https:\/\/naturvernforbundet.no\/moreogromsdal\/wp-json\/wp\/v2\/posts\/935\/revisions"}],"wp:attachment":[{"href":"https:\/\/naturvernforbundet.no\/moreogromsdal\/wp-json\/wp\/v2\/media?parent=935"}],"wp:term":[{"taxonomy":"category","embeddable":true,"href":"https:\/\/naturvernforbundet.no\/moreogromsdal\/wp-json\/wp\/v2\/categories?post=935"},{"taxonomy":"post_tag","embeddable":true,"href":"https:\/\/naturvernforbundet.no\/moreogromsdal\/wp-json\/wp\/v2\/tags?post=935"},{"taxonomy":"local","embeddable":true,"href":"https:\/\/naturvernforbundet.no\/moreogromsdal\/wp-json\/wp\/v2\/local?post=935"}],"curies":[{"name":"wp","href":"https:\/\/api.w.org\/{rel}","templated":true}]}}