{"id":951,"date":"2005-01-18T09:21:00","date_gmt":"2005-01-18T08:21:00","guid":{"rendered":"https:\/\/naturvernforbundet.no\/moreogromsdal\/stor-tru-pa-naturvernforbundet\/"},"modified":"2005-01-18T09:21:00","modified_gmt":"2005-01-18T08:21:00","slug":"stor-tru-pa-naturvernforbundet","status":"publish","type":"post","link":"https:\/\/naturvernforbundet.no\/moreogromsdal\/stor-tru-pa-naturvernforbundet\/","title":{"rendered":"Stor tru p\u00e5 Naturvernforbundet"},"content":{"rendered":"\t<div class=\"template-post alignfull wp-block-naturvern-hero\">\n\t\t<div class=\"hero__inner\">\n\t\t\t<div class=\"hero__inner_blocks\">\n\t\t\t\t\t\t\t\t\n\t\t\t\t\t<h1 class=\"wp-block-post-title\">Stor tru p\u00e5 Naturvernforbundet<\/h1>\n\n\t\t\t\t\t<div class=\"wp-block-post-excerpt\"><p class=\"wp-block-post-excerpt__excerpt\">Eg registrerer at Odd Magne Maridal har stor tru p\u00e5 kva Naturvernforbundet kan f\u00e5 i stand. V\u00e5r strategi er \u00e5 vere noko heilt anna enn milj\u00f8politi, s\u00e5 vi kan like gjerne fortelje v\u00e5r rolle n\u00e5r det gjeld kraftverkutbygging og Jordalsgrend. <\/p><\/div>\n\n\t\t\t\t\t\n\n\t\t\t\t\t<div class=\"wp-block-naturvern-byline\">\n\t\t\t<div class=\"authors\">By <span class=\"t2-byline__author-link\">Artikkelimport\u00f8r<\/span><\/div>\n\t\t\t<small class=\"entry-date\">18.01.2005 09:21<\/small>\n\t\t<\/div>\n\t\t\t\t\t\t\t\t<\/div>\n\t\t\t\t\t<\/div>\n\t\t\t<\/div>\n\t\n<p>Kraftutbygginga i Jordalsgrend inneheld to hovudsp\u00f8rsm\u00e5l: om eit vassdrag skal byggast ut og korleis det eventuelt skal gjerast. \n<\/p>\n\n\n\n<p>Sp\u00f8rsm\u00e5let om det skal byggast ut er avgjort for fleire \u00e5r tilbake. Naturvernforbundet si rolle f\u00f8r den avgjerda var at verken lokallaget i Sunndal eller fylkeslaget gjorde noko som helst. \n<\/p>\n\n\n\n<p>I ettertid ser vi at vi burde ha interessert oss meir for desse sakene p\u00e5 eit tidlegare tidspunkt. \n<\/p>\n\n\n\n<p>Det som har skjedd i sommar skuldast heller ikkje Naturvernforbundet. Andre har kopla Aura Avis inn i saka. Slik utbygginga er utf\u00f8rt ville nok vi hatt interesse av \u00e5 ta opp dette, men det treng vi ikkje n\u00e5r dei som skal f\u00f8lgje opp (NVE og kan hende kommunen) gjer jobben sin. Naturvernforbundet har ikkje vore p\u00e5 synfaring i anleggsomr\u00e5det i sommar. V\u00e5re medlemmer er glade i \u00e5 bruke naturen, s\u00e5 eg trur ikkje dei har gitt opp \u00e5 g\u00e5 p\u00e5 tur i omr\u00e5det. Viss utbygginga f\u00f8rer til at turgjengarar ikkje er velkomne, trur eg nok vi vil ta oss ein tur som organisasjon for \u00e5 sj\u00e5 p\u00e5 kva dette er. \n<\/p>\n\n\n\n<p>Haldninga Naturvernforbundet har til bygging av minikraftverk er generelt at vi ikkje tilr\u00e5r dei bygd, men i nokre h\u00f8ve kan det vere meir tenleg at dei blir bygd framfor at det t.d. blir bygd kraftline. I andre h\u00f8ve er vassdraga fr\u00e5 f\u00f8r tukla s\u00e5 mykje med at ei utbygging ikkje gjer s\u00e5 mykje fr\u00e5 eller til. Det er i alle h\u00f8ve viktig for oss at ein del vassdrag ikkje blir bygd ut, og det er viktig at dei mest verdifulle er mellom dei. N\u00e5r vi veit at det i nokre kommunar no ikkje finst vassdrag i aktuell storleik som sikkert blir liggande i fred, og kommunane i si uttale seier dei er for utbygging sidan det er kraftmangel, s\u00e5 trur vi Naturvernforbundet b\u00f8r halde fram \u00e5 mase litt. Om det ikkje er s\u00e5 mange som skj\u00f8nar det no, s\u00e5 kan det vere nokon vil sakne vassdraga n\u00e5r dei ligg i r\u00f8yr. Det var i alle fall noko slikt som hendte med dei store fossane og vassdraga. \n<\/p>\n\n\n\n<p>Vassdraga det er vist til i Jordalsgrenda er vedtatt utbygd. D\u00e5 kjem det andre hovudsp\u00f8rsm\u00e5let inn i biletet: Inngrepa som blir gjort m\u00e5 gjerast slik at skadeverknadene blir minst mogleg. Her er det Norsk Gr\u00f8nnkraft har tabba seg ut, ved at utbygging er sett igang f\u00f8r detaljane var ferdig godkjent. Det inngrepet som samfunnet har akseptert, med fordelar og ulemper som det har, har p\u00e5 den m\u00e5ten blitt st\u00f8rre enn f\u00f8resetnaden var. Det som har skjedd i Jordalsgrend kan vere uforstand eller milj\u00f8kriminalitet. Naturvernforbundet h\u00e5per utbyggar innordnar seg dei krav NVE set, s\u00e5 sluttresultatet blir akseptabelt, s\u00e5 f\u00e5r det vere opptil NVE om uforstanden skal reknast som noko anna enn det. Dette er uansett eit problem for prosjektet i Jordalsgrend, og det vil skade interessene til dei som vil bygge ut andre vassdrag. Naturvernforbundet trur dei fleste utbyggarane innordnar seg dei reglane som gjeld, men vi vil gjerne f\u00f8lgje med i fall det ikkje er slik. Viss journalister avsl\u00f8rer slikt, eller Naturvernforbundet f\u00e5r tips som f\u00f8rer til at saka blir tatt opp og ordna, kan kome ut p\u00e5 eitt. Det kan nemnast at sysselsettinga ved utbygging i samsvar med l\u00f8yver blir minst like god som om det skjer ukontrollert. \n<\/p>\n\n\n\n<p>Maridal er opptatt av at grunneigarar kan nytte dei ressursene dei har til \u00e5 leve av. Det er Naturvernforbundet ogs\u00e5. Vi ser at det finst fleire alternativ ein del gonger, og ofte vil dei vere i konflikt med kvarandre, og dei har ulik verknad p\u00e5 naturgrunnlaget. Vi har sett d\u00f8me p\u00e5 at turistsatsing blir gitt opp viss ei viktig elv i omr\u00e5det blir lagt i r\u00f8yr. Vi har engasjert oss noko i biobrenselsp\u00f8rsm\u00e5let, fordi vi ser at bruk av biobrensel kan vere ei b\u00e6rekraftig energil\u00f8ysing. Det ser ut til \u00e5 kunne gje mange og desentraliserte arbeidsplassar, samstundes som det er ei l\u00f8ysing p\u00e5 problemet med attroing av kulturlandskapet. Stundom f\u00e5r ein inntrykk av at ein bonde for \u00e5 f\u00e5 til eit levebr\u00f8d ville ha lyst ut jakt p\u00e5 den siste dinosauren for \u00e5 f\u00e5 det til \u00e5 g\u00e5 rundt. Eg h\u00e5per det er alminneleg forst\u00e5ing for at Naturvernforbundet synast at det finst grenser for korleis naturgrunnlaget kan utnyttast. \n<\/p>\n\n\n\n<p>Elles ser eg at Naturvernforbundet er invitert p\u00e5 tur. Eg vil ikke garantere at vi har medlemmer som er drevne sauesankarar i alle kommunar, men v\u00e5r organisasjon har medlemmer med s\u00e5 mang slags bakgrunn. Det einaste v\u00e5re medlemmer har til felles er at dei er glade i natur. Vi trur gjerne det er ein del medlemmer i Naturvernforbundet som kan tenkje seg tur og deltaking i sauesanking, s\u00e5 kontakt oss gjerne n\u00e5r tida n\u00e6rmar seg. \n<\/p>\n\n\n\n<p>\u00d8ystein Folden \n<\/p>\n\n\n\n<p>leiar, Naturvernforbundet i M\u00f8re og Romsdal<\/p>\n","protected":false},"excerpt":{"rendered":"<p>Eg registrerer at Odd Magne Maridal har stor tru p\u00e5 kva Naturvernforbundet kan f\u00e5 i stand. V\u00e5r strategi er \u00e5 vere noko heilt anna enn milj\u00f8politi, s\u00e5 vi kan like gjerne fortelje v\u00e5r rolle n\u00e5r det gjeld kraftverkutbygging og Jordalsgrend.<\/p>\n","protected":false},"author":38,"featured_media":0,"comment_status":"closed","ping_status":"closed","sticky":false,"template":"","format":"standard","meta":{"_relevanssi_hide_post":"","_relevanssi_hide_content":"","_relevanssi_pin_for_all":"","_relevanssi_pin_keywords":"","_relevanssi_unpin_keywords":"","_relevanssi_related_keywords":"","_relevanssi_related_include_ids":"","_relevanssi_related_exclude_ids":"","_relevanssi_related_no_append":"","_relevanssi_related_not_related":"","_relevanssi_related_posts":"","_relevanssi_noindex_reason":"","hide_logo":false,"footnotes":""},"categories":[45],"tags":[],"local":[],"class_list":["post-951","post","type-post","status-publish","format-standard","hentry","category-naturvernforbundet"],"acf":[],"yoast_head":"<!-- This site is optimized with the Yoast SEO plugin v24.9 - https:\/\/yoast.com\/wordpress\/plugins\/seo\/ -->\n<title>Stor tru p\u00e5 Naturvernforbundet - M\u00f8re og Romsdal<\/title>\n<meta name=\"robots\" content=\"index, follow, max-snippet:-1, max-image-preview:large, max-video-preview:-1\" \/>\n<link rel=\"canonical\" href=\"https:\/\/naturvernforbundet.no\/moreogromsdal\/stor-tru-pa-naturvernforbundet\/\" \/>\n<meta property=\"og:locale\" content=\"nb_NO\" \/>\n<meta property=\"og:type\" content=\"article\" \/>\n<meta property=\"og:title\" content=\"Stor tru p\u00e5 Naturvernforbundet - M\u00f8re og Romsdal\" \/>\n<meta property=\"og:description\" content=\"Eg registrerer at Odd Magne Maridal har stor tru p\u00e5 kva Naturvernforbundet kan f\u00e5 i stand. V\u00e5r strategi er \u00e5 vere noko heilt anna enn milj\u00f8politi, s\u00e5 vi kan like gjerne fortelje v\u00e5r rolle n\u00e5r det gjeld kraftverkutbygging og Jordalsgrend.\" \/>\n<meta property=\"og:url\" content=\"https:\/\/naturvernforbundet.no\/moreogromsdal\/stor-tru-pa-naturvernforbundet\/\" \/>\n<meta property=\"og:site_name\" content=\"M\u00f8re og Romsdal\" \/>\n<meta property=\"article:published_time\" content=\"2005-01-18T08:21:00+00:00\" \/>\n<meta name=\"author\" content=\"Artikkelimport\u00f8r\" \/>\n<meta name=\"twitter:card\" content=\"summary_large_image\" \/>\n<meta name=\"twitter:label1\" content=\"Skrevet av\" \/>\n\t<meta name=\"twitter:data1\" content=\"Artikkelimport\u00f8r\" \/>\n\t<meta name=\"twitter:label2\" content=\"Ansl. lesetid\" \/>\n\t<meta name=\"twitter:data2\" content=\"4 minutter\" \/>\n<script type=\"application\/ld+json\" class=\"yoast-schema-graph\">{\"@context\":\"https:\/\/schema.org\",\"@graph\":[{\"@type\":\"WebPage\",\"@id\":\"https:\/\/naturvernforbundet.no\/moreogromsdal\/stor-tru-pa-naturvernforbundet\/\",\"url\":\"https:\/\/naturvernforbundet.no\/moreogromsdal\/stor-tru-pa-naturvernforbundet\/\",\"name\":\"Stor tru p\u00e5 Naturvernforbundet - M\u00f8re og Romsdal\",\"isPartOf\":{\"@id\":\"https:\/\/naturvernforbundet.no\/moreogromsdal\/#website\"},\"datePublished\":\"2005-01-18T08:21:00+00:00\",\"author\":{\"@id\":\"https:\/\/naturvernforbundet.no\/moreogromsdal\/#\/schema\/person\/c72f198205979084bf071deedb6205f4\"},\"breadcrumb\":{\"@id\":\"https:\/\/naturvernforbundet.no\/moreogromsdal\/stor-tru-pa-naturvernforbundet\/#breadcrumb\"},\"inLanguage\":\"nb-NO\",\"potentialAction\":[{\"@type\":\"ReadAction\",\"target\":[\"https:\/\/naturvernforbundet.no\/moreogromsdal\/stor-tru-pa-naturvernforbundet\/\"]}]},{\"@type\":\"BreadcrumbList\",\"@id\":\"https:\/\/naturvernforbundet.no\/moreogromsdal\/stor-tru-pa-naturvernforbundet\/#breadcrumb\",\"itemListElement\":[{\"@type\":\"ListItem\",\"position\":1,\"name\":\"Till naturvernforbundet.no\",\"item\":\"https:\/\/naturvernforbundet.no\/\"},{\"@type\":\"ListItem\",\"position\":2,\"name\":\"M\u00f8re og Romsdal\",\"item\":\"https:\/\/naturvernforbundet.no\/moreogromsdal\/\"},{\"@type\":\"ListItem\",\"position\":3,\"name\":\"Stor tru p\u00e5 Naturvernforbundet\"}]},{\"@type\":\"WebSite\",\"@id\":\"https:\/\/naturvernforbundet.no\/moreogromsdal\/#website\",\"url\":\"https:\/\/naturvernforbundet.no\/moreogromsdal\/\",\"name\":\"M\u00f8re og Romsdal\",\"description\":\"Bare enda et Naturvernforbundet Sites-nettsted\",\"potentialAction\":[{\"@type\":\"SearchAction\",\"target\":{\"@type\":\"EntryPoint\",\"urlTemplate\":\"https:\/\/naturvernforbundet.no\/moreogromsdal\/?s={search_term_string}\"},\"query-input\":{\"@type\":\"PropertyValueSpecification\",\"valueRequired\":true,\"valueName\":\"search_term_string\"}}],\"inLanguage\":\"nb-NO\"},{\"@type\":\"Person\",\"@id\":\"https:\/\/naturvernforbundet.no\/moreogromsdal\/#\/schema\/person\/c72f198205979084bf071deedb6205f4\",\"name\":\"Artikkelimport\u00f8r\",\"image\":{\"@type\":\"ImageObject\",\"inLanguage\":\"nb-NO\",\"@id\":\"https:\/\/naturvernforbundet.no\/moreogromsdal\/#\/schema\/person\/image\/\",\"url\":\"https:\/\/secure.gravatar.com\/avatar\/015fa491b9ed1c823ef16a5c930294d1?s=96&d=mm&r=g\",\"contentUrl\":\"https:\/\/secure.gravatar.com\/avatar\/015fa491b9ed1c823ef16a5c930294d1?s=96&d=mm&r=g\",\"caption\":\"Artikkelimport\u00f8r\"},\"url\":\"https:\/\/naturvernforbundet.no\/moreogromsdal\/author\/artikkelimportor\/\"}]}<\/script>\n<!-- \/ Yoast SEO plugin. -->","yoast_head_json":{"title":"Stor tru p\u00e5 Naturvernforbundet - M\u00f8re og Romsdal","robots":{"index":"index","follow":"follow","max-snippet":"max-snippet:-1","max-image-preview":"max-image-preview:large","max-video-preview":"max-video-preview:-1"},"canonical":"https:\/\/naturvernforbundet.no\/moreogromsdal\/stor-tru-pa-naturvernforbundet\/","og_locale":"nb_NO","og_type":"article","og_title":"Stor tru p\u00e5 Naturvernforbundet - M\u00f8re og Romsdal","og_description":"Eg registrerer at Odd Magne Maridal har stor tru p\u00e5 kva Naturvernforbundet kan f\u00e5 i stand. V\u00e5r strategi er \u00e5 vere noko heilt anna enn milj\u00f8politi, s\u00e5 vi kan like gjerne fortelje v\u00e5r rolle n\u00e5r det gjeld kraftverkutbygging og Jordalsgrend.","og_url":"https:\/\/naturvernforbundet.no\/moreogromsdal\/stor-tru-pa-naturvernforbundet\/","og_site_name":"M\u00f8re og Romsdal","article_published_time":"2005-01-18T08:21:00+00:00","author":"Artikkelimport\u00f8r","twitter_card":"summary_large_image","twitter_misc":{"Skrevet av":"Artikkelimport\u00f8r","Ansl. lesetid":"4 minutter"},"schema":{"@context":"https:\/\/schema.org","@graph":[{"@type":"WebPage","@id":"https:\/\/naturvernforbundet.no\/moreogromsdal\/stor-tru-pa-naturvernforbundet\/","url":"https:\/\/naturvernforbundet.no\/moreogromsdal\/stor-tru-pa-naturvernforbundet\/","name":"Stor tru p\u00e5 Naturvernforbundet - M\u00f8re og Romsdal","isPartOf":{"@id":"https:\/\/naturvernforbundet.no\/moreogromsdal\/#website"},"datePublished":"2005-01-18T08:21:00+00:00","author":{"@id":"https:\/\/naturvernforbundet.no\/moreogromsdal\/#\/schema\/person\/c72f198205979084bf071deedb6205f4"},"breadcrumb":{"@id":"https:\/\/naturvernforbundet.no\/moreogromsdal\/stor-tru-pa-naturvernforbundet\/#breadcrumb"},"inLanguage":"nb-NO","potentialAction":[{"@type":"ReadAction","target":["https:\/\/naturvernforbundet.no\/moreogromsdal\/stor-tru-pa-naturvernforbundet\/"]}]},{"@type":"BreadcrumbList","@id":"https:\/\/naturvernforbundet.no\/moreogromsdal\/stor-tru-pa-naturvernforbundet\/#breadcrumb","itemListElement":[{"@type":"ListItem","position":1,"name":"Till naturvernforbundet.no","item":"https:\/\/naturvernforbundet.no\/"},{"@type":"ListItem","position":2,"name":"M\u00f8re og Romsdal","item":"https:\/\/naturvernforbundet.no\/moreogromsdal\/"},{"@type":"ListItem","position":3,"name":"Stor tru p\u00e5 Naturvernforbundet"}]},{"@type":"WebSite","@id":"https:\/\/naturvernforbundet.no\/moreogromsdal\/#website","url":"https:\/\/naturvernforbundet.no\/moreogromsdal\/","name":"M\u00f8re og Romsdal","description":"Bare enda et Naturvernforbundet Sites-nettsted","potentialAction":[{"@type":"SearchAction","target":{"@type":"EntryPoint","urlTemplate":"https:\/\/naturvernforbundet.no\/moreogromsdal\/?s={search_term_string}"},"query-input":{"@type":"PropertyValueSpecification","valueRequired":true,"valueName":"search_term_string"}}],"inLanguage":"nb-NO"},{"@type":"Person","@id":"https:\/\/naturvernforbundet.no\/moreogromsdal\/#\/schema\/person\/c72f198205979084bf071deedb6205f4","name":"Artikkelimport\u00f8r","image":{"@type":"ImageObject","inLanguage":"nb-NO","@id":"https:\/\/naturvernforbundet.no\/moreogromsdal\/#\/schema\/person\/image\/","url":"https:\/\/secure.gravatar.com\/avatar\/015fa491b9ed1c823ef16a5c930294d1?s=96&d=mm&r=g","contentUrl":"https:\/\/secure.gravatar.com\/avatar\/015fa491b9ed1c823ef16a5c930294d1?s=96&d=mm&r=g","caption":"Artikkelimport\u00f8r"},"url":"https:\/\/naturvernforbundet.no\/moreogromsdal\/author\/artikkelimportor\/"}]}},"_links":{"self":[{"href":"https:\/\/naturvernforbundet.no\/moreogromsdal\/wp-json\/wp\/v2\/posts\/951","targetHints":{"allow":["GET"]}}],"collection":[{"href":"https:\/\/naturvernforbundet.no\/moreogromsdal\/wp-json\/wp\/v2\/posts"}],"about":[{"href":"https:\/\/naturvernforbundet.no\/moreogromsdal\/wp-json\/wp\/v2\/types\/post"}],"author":[{"embeddable":true,"href":"https:\/\/naturvernforbundet.no\/moreogromsdal\/wp-json\/wp\/v2\/users\/38"}],"replies":[{"embeddable":true,"href":"https:\/\/naturvernforbundet.no\/moreogromsdal\/wp-json\/wp\/v2\/comments?post=951"}],"version-history":[{"count":0,"href":"https:\/\/naturvernforbundet.no\/moreogromsdal\/wp-json\/wp\/v2\/posts\/951\/revisions"}],"wp:attachment":[{"href":"https:\/\/naturvernforbundet.no\/moreogromsdal\/wp-json\/wp\/v2\/media?parent=951"}],"wp:term":[{"taxonomy":"category","embeddable":true,"href":"https:\/\/naturvernforbundet.no\/moreogromsdal\/wp-json\/wp\/v2\/categories?post=951"},{"taxonomy":"post_tag","embeddable":true,"href":"https:\/\/naturvernforbundet.no\/moreogromsdal\/wp-json\/wp\/v2\/tags?post=951"},{"taxonomy":"local","embeddable":true,"href":"https:\/\/naturvernforbundet.no\/moreogromsdal\/wp-json\/wp\/v2\/local?post=951"}],"curies":[{"name":"wp","href":"https:\/\/api.w.org\/{rel}","templated":true}]}}