{"id":973,"date":"2006-08-29T23:44:17","date_gmt":"2006-08-29T21:44:17","guid":{"rendered":"https:\/\/naturvernforbundet.no\/moreogromsdal\/kraftlinja-ma-i-kabel\/"},"modified":"2006-08-29T23:44:17","modified_gmt":"2006-08-29T21:44:17","slug":"kraftlinja-ma-i-kabel","status":"publish","type":"post","link":"https:\/\/naturvernforbundet.no\/moreogromsdal\/kraftlinja-ma-i-kabel\/","title":{"rendered":"Kraftlinja m\u00e5 i kabel!"},"content":{"rendered":"\t<div class=\"template-post alignfull wp-block-naturvern-hero\">\n\t\t<div class=\"hero__inner\">\n\t\t\t<div class=\"hero__inner_blocks\">\n\t\t\t\t\t\t\t\t\n\t\t\t\t\t<h1 class=\"wp-block-post-title\">Kraftlinja m\u00e5 i kabel!<\/h1>\n\n\t\t\t\t\t<div class=\"wp-block-post-excerpt\"><p class=\"wp-block-post-excerpt__excerpt\">Om lag 30 politikarar og andre interesserte var med Naturvernforbundet og Folkeaksjonen p\u00e5 b\u00e5ttur inn Hj\u00f8rundfjorden tysdag. Fleire slutta seg til p\u00e5 synfaringa p\u00e5 Standal og i Romedalen, og over 100 personar deltok p\u00e5 debattm\u00f8tet i Bondalen. Her var det eit samla krav fr\u00e5 dei framm\u00f8tte at den planlagde 420 kV kraftlina mellom \u00d8rskog og&hellip; <\/p><\/div>\n\n\t\t\t\t\t\n\n\t\t\t\t\t<div class=\"wp-block-naturvern-byline\">\n\t\t\t<div class=\"authors\">By <span class=\"t2-byline__author-link\">Artikkelimport\u00f8r<\/span><\/div>\n\t\t\t<small class=\"entry-date\">29.08.2006 23:44<\/small>\n\t\t<\/div>\n\t\t\t\t\t\t\t\t<\/div>\n\t\t\t\t\t<\/div>\n\t\t\t<\/div>\n\t\n<p>&#8211; Vi m\u00e5 ikkje kome i ein situasjon der den eine dalen skal vere meir verdifull enn den andre, sa ordf\u00f8rar Hans Olav Myklebust (FrP) i \u00d8rsta i sin appell. \u2013 Dette handlar om framtida v\u00e5r, d\u00e5 m\u00e5 vi st\u00e5 saman om \u00e5 velje moderne l\u00f8ysingar. Kraftliner og luftspenn er ei gamaldags og ressurs\u00f8ydande l\u00f8ysing. \n<\/p>\n\n\n\n<p>Etter at Statnett hadde presentert planane sine, kom det kommentarar fr\u00e5 Johnny Loen i M\u00f8re og Romsdal fylke, Kenneth Svendsen i Allskog og Bjarne Rekkedal fr\u00e5 reiselivsn\u00e6ringa i \u00d8rsta. \n<\/p>\n\n\n\n<p>Loen gjorde greie for dei naturvernomsyna fylket tek i slike sakar. Han fokuserte p\u00e5 at kraftliner i seg sj\u00f8lv er inngrep i leveomr\u00e5de for dyr og plantar. Dessutan kan kraftliner dele opp samanhengende naturomr\u00e5de, noko som kan redusere verdien av omr\u00e5det for mange dyr og plantar. Kraftliner kan ogs\u00e5 kome i direkte konflikt med truga plantar og dyr, eller med sjeldne naturtypar. \n<\/p>\n\n\n\n<p>Svendsen streka under dei store skogressursane som finst p\u00e5 Vestlandet. Ei kraftline vil legge beslag p\u00e5 store delar av desse, samstundes som verdien av skogen aukar sterkt, m.a. p\u00e5 grunn av auka etterspurnad av bioenergi. Svendsen var ogs\u00e5 opptatt av at dei landskapskonsekvensane ei kraftline kan f\u00e5. Dette er eit trugsm\u00e5l mot mange som fors\u00f8ker \u00e5 livn\u00e6re seg i utmarksn\u00e6ring av ulike slag. \n<\/p>\n\n\n\n<p>Rekkedal la stor vekt p\u00e5 at Vestlandsfjordane er eksklusive. For oss som bur her kan dei bli sj\u00f8lvsagte, ofte m\u00e5 vi reise ut for \u00e5 forst\u00e5 kor eksklusive dei faktisk er. Det \u00e5 sette denne verdien p\u00e5 spel gjennom byggjing av ei kraftline gir store tap, b\u00e5de for reiselivsn\u00e6ringa og for dei som bur i fjordane. \n<\/p>\n\n\n\n<p>Lars Haltbrekken, leiar i Norges Naturvernforbund, viste til dei utfordringane Noreg har n\u00e5r det gjeld \u00e5 ta vare p\u00e5 det biologiske mangfaldet. Stortinget har vedtatt \u00e5 stoppe tapet av biologisk mangfald innan 2010. Det er d\u00e5rleg samsvar mellom dette vedtaket og alle dei forslaga Statnett no lanserer om kraftliner fr\u00e5 Finnmark i nord til Setesdal i s\u00f8r. Haltbrekken streka under at tida no er overmoden for at ogs\u00e5 bygging av kraftliner no m\u00e5 forhalde seg til milj\u00f8omsyn. Det vil seie kabling i eit langt st\u00f8rre omfang enn tidlegare. \n<\/p>\n\n\n\n<p>&#8211; Statnett m\u00e5 f\u00e5 ein ny instruks fr\u00e5 Storting og Regjering, var kravet fr\u00e5 Naturvernforbundet. \u2013 I denne instruksen m\u00e5 milj\u00f8omsyn bli mykje viktigare, og vi m\u00e5 f\u00e5 synliggjort kva det kostar \u00e5 ikkje kable kraftliner, sa Haltbrekken. \n<\/p>\n\n\n\n<p>Stortingsrepresentant Bj\u00f8rn Jacobsen (SV) var klar p\u00e5 at kabling m\u00e5 utgreiast som eit reelt alternativ for \u00e5 bli ei l\u00f8ysing som kan f\u00e5 politisk oppslutning. Han etterlyste tydelegare informasjon om kva som g\u00e5r tapt ved kraftliner og kva som kan vinnast med kabling \u2013 d\u00e5 vil det vere mogleg for politikarane \u00e5 diskutere desse sp\u00f8rsm\u00e5la p\u00e5 fritt grunnlag. Jacobsen h\u00e5pa difor at Statnett ville legge fram ein s\u00f8knad om kabling. Han oppmoda ogs\u00e5 Naturvernforbundet og Folkeaksjonen til halde fram arbeid overfor alle politiske parti. \n<\/p>\n\n\n\n<p>I debatten etter m\u00f8tet var det brei oppslutning om kravet om kabling. Ordf\u00f8rar Bj\u00f8rn L\u00f8demel (H) fr\u00e5 Hornindal arbeider med \u00e5 byggje alliansar med kommunane i Hardanger og Setesdal som ogs\u00e5 arbeider for kabling av 420 kV kraftliner. Sigmund Stene (H) fr\u00e5 \u00d8rskog ville ogs\u00e5 ha riving av eksisterande liner n\u00e5r nye liner kom p\u00e5 plass, og gruppeleiar Olav Bratland (H) og fylkestingsrepresentant Reidun Klock Tjerv\u00e5g (Sunnm\u00f8rslista) i fylkestinget st\u00f8tta opp om krava fr\u00e5 kommunane. \n<\/p>\n\n\n\n<p>Inge Kol\u00e5s fr\u00e5 Folkeaksjonen og \u00d8ystein Solev\u00e5g fr\u00e5 Naturvernforbundet avslutta m\u00f8tet med \u00e5 lova vidare kamp mot kraftlina og for kabling. \n<\/p>\n\n\n\n<p>Meir informasjon: \n<\/p>\n\n\n\n<p>&#8211; \u00d8ystein Solev\u00e5g, telefon 40 23 47 05 eller epost: moreromsdal(a)naturvern.no \n<\/p>\n\n\n\n<p>&#8211; Inge Kol\u00e5s, telefon 99 26 46 99 eller epost: post(a)ingekolas.no \n<a>Ja, dette er ein viktig sak! Eg vil bli medlem i Naturvernforbundet<\/a><br><\/p>\n\n\n\n\n\n<p><a>Eg vil gjerne st\u00f8tte arbeidet Naturvernforbundet gj\u00f8r for \u00e5 ta vare p\u00e5 naturen<\/a><\/p>\n\n\n\n\n\n<p><a href=\"\/imakerdata\/f\/0\/92\/58\/7_2401_0\/Bakgrunnsinfo_20060829.pdf\">Bakgrunnsinformasjon til deltakarane p\u00e5 synfaringa<\/a><\/p>\n\n\n\n<p><a href=\"\/imakerdata\/f\/0\/91\/72\/0_2401_0\/Ny_kraftlinje_politikk_29_august.pdf\">Innlegget til Lars Haltbrekken om ny kraftlinepolitikk<\/a><\/p>\n\n\n\n<p><a href=\"\/imakerdata\/f\/0\/91\/72\/1_2401_0\/Seminar_Orsta_29082006.pdf\">Presentasjonen til Statnett<\/a><\/p>\n\n\n\n<p><a href=\"\/imakerdata\/f\/0\/91\/94\/8_2401_0\/TV_Sunnmore_Tirsdag_Kraftline_og_energi_i_fylket.wmv\">Intervju med Lars Haltbrekken p\u00e5 TV Sunnm\u00f8re tysdag 29. august 2006<\/a><\/p>\n\n\n\n<p><a href=\"\/imakerdata\/f\/0\/91\/94\/9_2401_0\/Kraftlinje_TV.wmv\">Reportasje p\u00e5 TV Sunnm\u00f8re onsdag 30. august 2006<\/a><\/p>\n\n\n\n<p><a href=\"\/imakerdata\/f\/0\/98\/80\/5_2401_0\/More1_3108.JPG\">M\u00f8re om synfaringa<\/a><\/p>\n\n\n\n<p><a href=\"\/imakerdata\/f\/0\/98\/80\/6_2401_0\/More_2_3108.JPG\">Meir fr\u00e5 M\u00f8re om synfaringa<\/a><\/p>\n\n\n\n<p><a href=\"\/imakerdata\/f\/0\/98\/80\/7_2401_0\/Morenytt_1_3108.JPG\">M\u00f8re-Nytt om synfaringa<\/a><\/p>\n\n\n\n<p><a href=\"\/imakerdata\/f\/0\/98\/80\/8_2401_0\/Morenytt_2_3108.JPG\">Meir fr\u00e5 M\u00f8re-nytt om synfaringa<\/a><\/p>\n\n\n\n<p><a href=\"\/imakerdata\/f\/0\/98\/80\/9_2401_0\/Morenytt3_3108.JPG\">Meir fr\u00e5 M\u00f8re-nytt<\/a><\/p>\n\n\n\n<p><a href=\"\/imakerdata\/f\/0\/98\/81\/2_2401_0\/Morenytt_front_3108.JPG\">Forsida p\u00e5 M\u00f8renytt etter synfaringa<\/a><\/p>\n\n\n\n<figure class=\"wp-block-image\"><img decoding=\"async\" src=\"\/imakerdata\/b\/0\/91\/89\/6_2701_0.JPG\" alt=\"\"\/><\/figure>\n\n\n\n<p>Fr\u00e5 Rekkedal gjestegard i \u00d8rsta<em>Foto: Gunnar Wentzel<\/em><\/p>\n\n\n\n<figure class=\"wp-block-image\"><img decoding=\"async\" src=\"\/imakerdata\/b\/0\/91\/90\/1_2701_0.JPG\" alt=\"\"\/><\/figure>\n\n\n\n<p>Fr\u00e5&nbsp;kraftlinesynfaring i Follestaddalen&nbsp;i \u00d8rsta<em>Foto: Gunnar Wentzel<\/em><\/p>\n\n\n\n<figure class=\"wp-block-image\"><img decoding=\"async\" src=\"\/imakerdata\/b\/0\/91\/89\/1_2701_0.JPG\" alt=\"\"\/><\/figure>\n\n\n\n<p>Fr\u00e5 Rekkedal gjestegard i \u00d8rsta<em>Foto: Gunnar Wentzel<\/em><\/p>\n\n\n\n<figure class=\"wp-block-image\"><img decoding=\"async\" src=\"\/imakerdata\/b\/0\/91\/89\/3_2701_0.JPG\" alt=\"\"\/><\/figure>\n\n\n\n<p>Fr\u00e5 Rekkedal gjestegard i \u00d8rsta<em>Foto: Gunnar Wentzel<\/em><\/p>\n\n\n\n<figure class=\"wp-block-image\"><img decoding=\"async\" src=\"\/imakerdata\/b\/0\/91\/90\/0_2701_0.JPG\" alt=\"\"\/><\/figure>\n\n\n\n<p>Fr\u00e5&nbsp;kraftlinesynfaring i Follestaddalen&nbsp;i \u00d8rsta<em>Foto: Gunnar Wentzel<\/em><\/p>\n\n\n\n<figure class=\"wp-block-image\"><img decoding=\"async\" src=\"\/imakerdata\/b\/0\/91\/90\/3_2701_0.JPG\" alt=\"\"\/><\/figure>\n\n\n\n<p>Fr\u00e5&nbsp;kraftlinesynfaring i Romedalen&nbsp;i \u00d8rsta<em>Foto: Gunnar Wentzel<\/em><\/p>\n\n\n\n<figure class=\"wp-block-image\"><img decoding=\"async\" src=\"\/imakerdata\/b\/0\/91\/90\/4_2701_0.JPG\" alt=\"\"\/><\/figure>\n\n\n\n<p>Fr\u00e5&nbsp;kraftlinesynfaring i Romedalen&nbsp;i \u00d8rsta<em>Foto: Gunnar Wentzel<\/em><\/p>\n\n\n\n<figure class=\"wp-block-image\"><img decoding=\"async\" src=\"\/imakerdata\/b\/0\/91\/90\/5_2701_0.JPG\" alt=\"\"\/><\/figure>\n\n\n\n<p>Fr\u00e5&nbsp;kraftlinesynfaring i Romedalen&nbsp;i \u00d8rsta<em>Foto: Gunnar Wentzel<\/em><\/p>\n\n\n\n<figure class=\"wp-block-image\"><img decoding=\"async\" src=\"\/imakerdata\/b\/0\/91\/90\/8_2701_0.JPG\" alt=\"\"\/><\/figure>\n\n\n\n<p>Fr\u00e5&nbsp;kraftlinesynfaring p\u00e5 Standalseidet i \u00d8rsta<em>Foto: Gunnar Wentzel<\/em><\/p>\n\n\n\n<figure class=\"wp-block-image\"><img decoding=\"async\" src=\"\/imakerdata\/b\/0\/91\/90\/9_2701_0.JPG\" alt=\"\"\/><\/figure>\n\n\n\n<p>Fr\u00e5&nbsp;kraftlinesynfaring p\u00e5 Standalseidet i \u00d8rsta<em>Foto: Gunnar Wentzel<\/em><\/p>\n\n\n\n<figure class=\"wp-block-image\"><img decoding=\"async\" src=\"\/imakerdata\/b\/0\/91\/91\/1_2701_0.JPG\" alt=\"\"\/><\/figure>\n\n\n\n<p>Fr\u00e5&nbsp;kraftlinesynfaring p\u00e5 Standalseidet i \u00d8rsta<em>Foto: Gunnar Wentzel<\/em><\/p>\n","protected":false},"excerpt":{"rendered":"<p>Om lag 30 politikarar og andre interesserte var med Naturvernforbundet og Folkeaksjonen p\u00e5 b\u00e5ttur inn Hj\u00f8rundfjorden tysdag. Fleire slutta seg til p\u00e5 synfaringa p\u00e5 Standal og i Romedalen, og over 100 personar deltok p\u00e5 debattm\u00f8tet i Bondalen. Her var det eit samla krav fr\u00e5 dei framm\u00f8tte at den planlagde 420 kV kraftlina mellom \u00d8rskog og Fardal m\u00e5 kablast.<\/p>\n","protected":false},"author":38,"featured_media":0,"comment_status":"closed","ping_status":"closed","sticky":false,"template":"","format":"standard","meta":{"_relevanssi_hide_post":"","_relevanssi_hide_content":"","_relevanssi_pin_for_all":"","_relevanssi_pin_keywords":"","_relevanssi_unpin_keywords":"","_relevanssi_related_keywords":"","_relevanssi_related_include_ids":"","_relevanssi_related_exclude_ids":"","_relevanssi_related_no_append":"","_relevanssi_related_not_related":"","_relevanssi_related_posts":"","_relevanssi_noindex_reason":"","hide_logo":false,"footnotes":""},"categories":[16],"tags":[],"local":[],"class_list":["post-973","post","type-post","status-publish","format-standard","hentry","category-naturmangfold"],"acf":[],"yoast_head":"<!-- This site is optimized with the Yoast SEO plugin v24.9 - https:\/\/yoast.com\/wordpress\/plugins\/seo\/ -->\n<title>Kraftlinja m\u00e5 i kabel! - M\u00f8re og Romsdal<\/title>\n<meta name=\"robots\" content=\"index, follow, max-snippet:-1, max-image-preview:large, max-video-preview:-1\" \/>\n<link rel=\"canonical\" href=\"https:\/\/naturvernforbundet.no\/moreogromsdal\/kraftlinja-ma-i-kabel\/\" \/>\n<meta property=\"og:locale\" content=\"nb_NO\" \/>\n<meta property=\"og:type\" content=\"article\" \/>\n<meta property=\"og:title\" content=\"Kraftlinja m\u00e5 i kabel! - M\u00f8re og Romsdal\" \/>\n<meta property=\"og:description\" content=\"Om lag 30 politikarar og andre interesserte var med Naturvernforbundet og Folkeaksjonen p\u00e5 b\u00e5ttur inn Hj\u00f8rundfjorden tysdag. Fleire slutta seg til p\u00e5 synfaringa p\u00e5 Standal og i Romedalen, og over 100 personar deltok p\u00e5 debattm\u00f8tet i Bondalen. Her var det eit samla krav fr\u00e5 dei framm\u00f8tte at den planlagde 420 kV kraftlina mellom \u00d8rskog og Fardal m\u00e5 kablast.\" \/>\n<meta property=\"og:url\" content=\"https:\/\/naturvernforbundet.no\/moreogromsdal\/kraftlinja-ma-i-kabel\/\" \/>\n<meta property=\"og:site_name\" content=\"M\u00f8re og Romsdal\" \/>\n<meta property=\"article:published_time\" content=\"2006-08-29T21:44:17+00:00\" \/>\n<meta name=\"author\" content=\"Artikkelimport\u00f8r\" \/>\n<meta name=\"twitter:card\" content=\"summary_large_image\" \/>\n<meta name=\"twitter:label1\" content=\"Skrevet av\" \/>\n\t<meta name=\"twitter:data1\" content=\"Artikkelimport\u00f8r\" \/>\n\t<meta name=\"twitter:label2\" content=\"Ansl. lesetid\" \/>\n\t<meta name=\"twitter:data2\" content=\"4 minutter\" \/>\n<script type=\"application\/ld+json\" class=\"yoast-schema-graph\">{\"@context\":\"https:\/\/schema.org\",\"@graph\":[{\"@type\":\"WebPage\",\"@id\":\"https:\/\/naturvernforbundet.no\/moreogromsdal\/kraftlinja-ma-i-kabel\/\",\"url\":\"https:\/\/naturvernforbundet.no\/moreogromsdal\/kraftlinja-ma-i-kabel\/\",\"name\":\"Kraftlinja m\u00e5 i kabel! - M\u00f8re og Romsdal\",\"isPartOf\":{\"@id\":\"https:\/\/naturvernforbundet.no\/moreogromsdal\/#website\"},\"datePublished\":\"2006-08-29T21:44:17+00:00\",\"author\":{\"@id\":\"https:\/\/naturvernforbundet.no\/moreogromsdal\/#\/schema\/person\/c72f198205979084bf071deedb6205f4\"},\"breadcrumb\":{\"@id\":\"https:\/\/naturvernforbundet.no\/moreogromsdal\/kraftlinja-ma-i-kabel\/#breadcrumb\"},\"inLanguage\":\"nb-NO\",\"potentialAction\":[{\"@type\":\"ReadAction\",\"target\":[\"https:\/\/naturvernforbundet.no\/moreogromsdal\/kraftlinja-ma-i-kabel\/\"]}]},{\"@type\":\"BreadcrumbList\",\"@id\":\"https:\/\/naturvernforbundet.no\/moreogromsdal\/kraftlinja-ma-i-kabel\/#breadcrumb\",\"itemListElement\":[{\"@type\":\"ListItem\",\"position\":1,\"name\":\"Till naturvernforbundet.no\",\"item\":\"https:\/\/naturvernforbundet.no\/\"},{\"@type\":\"ListItem\",\"position\":2,\"name\":\"M\u00f8re og Romsdal\",\"item\":\"https:\/\/naturvernforbundet.no\/moreogromsdal\/\"},{\"@type\":\"ListItem\",\"position\":3,\"name\":\"Kraftlinja m\u00e5 i kabel!\"}]},{\"@type\":\"WebSite\",\"@id\":\"https:\/\/naturvernforbundet.no\/moreogromsdal\/#website\",\"url\":\"https:\/\/naturvernforbundet.no\/moreogromsdal\/\",\"name\":\"M\u00f8re og Romsdal\",\"description\":\"Bare enda et Naturvernforbundet Sites-nettsted\",\"potentialAction\":[{\"@type\":\"SearchAction\",\"target\":{\"@type\":\"EntryPoint\",\"urlTemplate\":\"https:\/\/naturvernforbundet.no\/moreogromsdal\/?s={search_term_string}\"},\"query-input\":{\"@type\":\"PropertyValueSpecification\",\"valueRequired\":true,\"valueName\":\"search_term_string\"}}],\"inLanguage\":\"nb-NO\"},{\"@type\":\"Person\",\"@id\":\"https:\/\/naturvernforbundet.no\/moreogromsdal\/#\/schema\/person\/c72f198205979084bf071deedb6205f4\",\"name\":\"Artikkelimport\u00f8r\",\"image\":{\"@type\":\"ImageObject\",\"inLanguage\":\"nb-NO\",\"@id\":\"https:\/\/naturvernforbundet.no\/moreogromsdal\/#\/schema\/person\/image\/\",\"url\":\"https:\/\/secure.gravatar.com\/avatar\/015fa491b9ed1c823ef16a5c930294d1?s=96&d=mm&r=g\",\"contentUrl\":\"https:\/\/secure.gravatar.com\/avatar\/015fa491b9ed1c823ef16a5c930294d1?s=96&d=mm&r=g\",\"caption\":\"Artikkelimport\u00f8r\"},\"url\":\"https:\/\/naturvernforbundet.no\/moreogromsdal\/author\/artikkelimportor\/\"}]}<\/script>\n<!-- \/ Yoast SEO plugin. -->","yoast_head_json":{"title":"Kraftlinja m\u00e5 i kabel! - M\u00f8re og Romsdal","robots":{"index":"index","follow":"follow","max-snippet":"max-snippet:-1","max-image-preview":"max-image-preview:large","max-video-preview":"max-video-preview:-1"},"canonical":"https:\/\/naturvernforbundet.no\/moreogromsdal\/kraftlinja-ma-i-kabel\/","og_locale":"nb_NO","og_type":"article","og_title":"Kraftlinja m\u00e5 i kabel! - M\u00f8re og Romsdal","og_description":"Om lag 30 politikarar og andre interesserte var med Naturvernforbundet og Folkeaksjonen p\u00e5 b\u00e5ttur inn Hj\u00f8rundfjorden tysdag. Fleire slutta seg til p\u00e5 synfaringa p\u00e5 Standal og i Romedalen, og over 100 personar deltok p\u00e5 debattm\u00f8tet i Bondalen. Her var det eit samla krav fr\u00e5 dei framm\u00f8tte at den planlagde 420 kV kraftlina mellom \u00d8rskog og Fardal m\u00e5 kablast.","og_url":"https:\/\/naturvernforbundet.no\/moreogromsdal\/kraftlinja-ma-i-kabel\/","og_site_name":"M\u00f8re og Romsdal","article_published_time":"2006-08-29T21:44:17+00:00","author":"Artikkelimport\u00f8r","twitter_card":"summary_large_image","twitter_misc":{"Skrevet av":"Artikkelimport\u00f8r","Ansl. lesetid":"4 minutter"},"schema":{"@context":"https:\/\/schema.org","@graph":[{"@type":"WebPage","@id":"https:\/\/naturvernforbundet.no\/moreogromsdal\/kraftlinja-ma-i-kabel\/","url":"https:\/\/naturvernforbundet.no\/moreogromsdal\/kraftlinja-ma-i-kabel\/","name":"Kraftlinja m\u00e5 i kabel! - M\u00f8re og Romsdal","isPartOf":{"@id":"https:\/\/naturvernforbundet.no\/moreogromsdal\/#website"},"datePublished":"2006-08-29T21:44:17+00:00","author":{"@id":"https:\/\/naturvernforbundet.no\/moreogromsdal\/#\/schema\/person\/c72f198205979084bf071deedb6205f4"},"breadcrumb":{"@id":"https:\/\/naturvernforbundet.no\/moreogromsdal\/kraftlinja-ma-i-kabel\/#breadcrumb"},"inLanguage":"nb-NO","potentialAction":[{"@type":"ReadAction","target":["https:\/\/naturvernforbundet.no\/moreogromsdal\/kraftlinja-ma-i-kabel\/"]}]},{"@type":"BreadcrumbList","@id":"https:\/\/naturvernforbundet.no\/moreogromsdal\/kraftlinja-ma-i-kabel\/#breadcrumb","itemListElement":[{"@type":"ListItem","position":1,"name":"Till naturvernforbundet.no","item":"https:\/\/naturvernforbundet.no\/"},{"@type":"ListItem","position":2,"name":"M\u00f8re og Romsdal","item":"https:\/\/naturvernforbundet.no\/moreogromsdal\/"},{"@type":"ListItem","position":3,"name":"Kraftlinja m\u00e5 i kabel!"}]},{"@type":"WebSite","@id":"https:\/\/naturvernforbundet.no\/moreogromsdal\/#website","url":"https:\/\/naturvernforbundet.no\/moreogromsdal\/","name":"M\u00f8re og Romsdal","description":"Bare enda et Naturvernforbundet Sites-nettsted","potentialAction":[{"@type":"SearchAction","target":{"@type":"EntryPoint","urlTemplate":"https:\/\/naturvernforbundet.no\/moreogromsdal\/?s={search_term_string}"},"query-input":{"@type":"PropertyValueSpecification","valueRequired":true,"valueName":"search_term_string"}}],"inLanguage":"nb-NO"},{"@type":"Person","@id":"https:\/\/naturvernforbundet.no\/moreogromsdal\/#\/schema\/person\/c72f198205979084bf071deedb6205f4","name":"Artikkelimport\u00f8r","image":{"@type":"ImageObject","inLanguage":"nb-NO","@id":"https:\/\/naturvernforbundet.no\/moreogromsdal\/#\/schema\/person\/image\/","url":"https:\/\/secure.gravatar.com\/avatar\/015fa491b9ed1c823ef16a5c930294d1?s=96&d=mm&r=g","contentUrl":"https:\/\/secure.gravatar.com\/avatar\/015fa491b9ed1c823ef16a5c930294d1?s=96&d=mm&r=g","caption":"Artikkelimport\u00f8r"},"url":"https:\/\/naturvernforbundet.no\/moreogromsdal\/author\/artikkelimportor\/"}]}},"_links":{"self":[{"href":"https:\/\/naturvernforbundet.no\/moreogromsdal\/wp-json\/wp\/v2\/posts\/973","targetHints":{"allow":["GET"]}}],"collection":[{"href":"https:\/\/naturvernforbundet.no\/moreogromsdal\/wp-json\/wp\/v2\/posts"}],"about":[{"href":"https:\/\/naturvernforbundet.no\/moreogromsdal\/wp-json\/wp\/v2\/types\/post"}],"author":[{"embeddable":true,"href":"https:\/\/naturvernforbundet.no\/moreogromsdal\/wp-json\/wp\/v2\/users\/38"}],"replies":[{"embeddable":true,"href":"https:\/\/naturvernforbundet.no\/moreogromsdal\/wp-json\/wp\/v2\/comments?post=973"}],"version-history":[{"count":0,"href":"https:\/\/naturvernforbundet.no\/moreogromsdal\/wp-json\/wp\/v2\/posts\/973\/revisions"}],"wp:attachment":[{"href":"https:\/\/naturvernforbundet.no\/moreogromsdal\/wp-json\/wp\/v2\/media?parent=973"}],"wp:term":[{"taxonomy":"category","embeddable":true,"href":"https:\/\/naturvernforbundet.no\/moreogromsdal\/wp-json\/wp\/v2\/categories?post=973"},{"taxonomy":"post_tag","embeddable":true,"href":"https:\/\/naturvernforbundet.no\/moreogromsdal\/wp-json\/wp\/v2\/tags?post=973"},{"taxonomy":"local","embeddable":true,"href":"https:\/\/naturvernforbundet.no\/moreogromsdal\/wp-json\/wp\/v2\/local?post=973"}],"curies":[{"name":"wp","href":"https:\/\/api.w.org\/{rel}","templated":true}]}}