{"id":998,"date":"2004-03-19T23:00:00","date_gmt":"2004-03-19T22:00:00","guid":{"rendered":"https:\/\/naturvernforbundet.no\/moreogromsdal\/kommuneplanar-og-smakraftverk\/"},"modified":"2004-03-19T23:00:00","modified_gmt":"2004-03-19T22:00:00","slug":"kommuneplanar-og-smakraftverk","status":"publish","type":"post","link":"https:\/\/naturvernforbundet.no\/moreogromsdal\/kommuneplanar-og-smakraftverk\/","title":{"rendered":"Kommuneplanar og sm\u00e5kraftverk"},"content":{"rendered":"\t<div class=\"template-post alignfull wp-block-naturvern-hero\">\n\t\t<div class=\"hero__inner\">\n\t\t\t<div class=\"hero__inner_blocks\">\n\t\t\t\t\t\t\t\t\n\t\t\t\t\t<h1 class=\"wp-block-post-title\">Kommuneplanar og sm\u00e5kraftverk<\/h1>\n\n\t\t\t\t\t<div class=\"wp-block-post-excerpt\"><p class=\"wp-block-post-excerpt__excerpt\">Naturvernforbundet i M\u00f8re og Romsdal har sendt brev til alle kommunane med sp\u00f8rsm\u00e5l om \u00e5 f\u00e5 ei samla prioritering av sm\u00e5 kraftutbygging i fylket. <\/p><\/div>\n\n\t\t\t\t\t\n\n\t\t\t\t\t<div class=\"wp-block-naturvern-byline\">\n\t\t\t<div class=\"authors\">By <span class=\"t2-byline__author-link\">Artikkelimport\u00f8r<\/span><\/div>\n\t\t\t<small class=\"entry-date\">19.03.2004 23:00<\/small>\n\t\t<\/div>\n\t\t\t\t\t\t\t\t<\/div>\n\t\t\t\t\t<\/div>\n\t\t\t<\/div>\n\t\n<p>Vi har registrert ei stund at det blir s\u00f8kt om og bygd ein del mikro- og minikraftverk for tida.<\/p>\n\n\n\n<p>Vi har vidare registrert at det er f\u00e5 kommunar som har hatt ein gjennomgang av aktuelle vassdrag, for \u00e5 sortere kva vassdrag som har verdiar som tilseier at dei skal ligge ur\u00f8rt, og kva vassdrag som truleg kan byggast ut. Vi ser at samfunnet har hatt ein slik gjennomgang av st\u00f8rre vassdrag og at det er ein aksept for at ein del av dei st\u00f8rre vassdraga ikkje skal byggast ut. Men vi kan no risikere at dei sm\u00e5 vassdraga blir bygd ut i hopetal utan ein tilsvarande gjennomgang. Ein del av vassdraga representerer n\u00e6rmilj\u00f8 som er eigna til \u00e5 gje born dei f\u00f8rste opplevingane av variert natur og friluftsliv innan rekkevidde fr\u00e5 heimen. Ein del av vassdraga representerer botaniske rikomr\u00e5de, eller spesielt gode vilk\u00e5r for dyreliv.<\/p>\n\n\n\n<p>Vi ber derfor om \u00e5 f\u00e5 opplyst om dykkar kommune har hatt ein slik gjennomgang av vassdraga i kommunen, og om det er utarbeidd retningsliner eller planverkty som kan styre utbygginga p\u00e5 ein god m\u00e5te.<\/p>\n\n\n\n<p>Dei kommunane som ikkje har gjort eit slikt arbeid utfordrar vi med dette til ein gjennomgang av vassdraga av denne storleiken med tanke p\u00e5 ei styring av framtidige utbyggingsprosjekt.<\/p>\n\n\n\n<p>Vi vil elles be om varsemd med utbyggingar inntil ein slik gjennomgang er gjort, s\u00e5 ein i mellomtida ikkje bygger ned vassdrag som ein gjerne skulle ha ur\u00f8rte i framtida.<\/p>\n\n\n\n<p>Norges Naturvernforbund har for f\u00e5 \u00e5r sidan laga ein rapport, nr 3\/2000 Evaluering av mikro- og minikraftverk. I oppsummeringa er det lista opp nokre testsp\u00f8rsm\u00e5l som kan vere noko til hjelp. Viss ein i f\u00f8rste omgang sorterar vassdrag i raud eller gul kategori viss svaret er ja p\u00e5 minst eit av f\u00f8lgjande sp\u00f8rsm\u00e5l, har ein byrja sorteringa:<br>\n1. Blir fisk og anna liv i elva mellom inntaket og kraftverket p\u00e5verka?<br>\n2. Reduserer inngrepa p\u00e5 land verdien av lokalt sjeldne natur- og kulturlandskapsverdiar eller sjeldne biotopar?<br>\n3. Er inngrepet negativt landskapsestetisk og for friluftslivet?<br>\n4. Ligg inngrepet i verna vassdrag?<br>\n5. Ligg inngrepet i lite p\u00e5verka natur?<\/p>\n\n\n\n<p><br>\nMed helsing<\/p>\n\n\n\n<p>\u00d8ystein Folden Leiar&#8217;<\/p>\n\n\n\n<p><em>Leiar \u00d8ystein Folden i Naturvernforbundet i M\u00f8re og Romsdal har telefon 91 81 25 42.<\/em><a>Ja, dette er viktig. Eg vil bli medlem i Naturvernforbundet<\/a><\/p>\n\n\n\n\n\n<p><a>Eg vil gjerne st\u00f8tte Naturvernforbundets arbeid for bevaring av vassdraga v\u00e5re<\/a><\/p>\n\n\n\n\n\n<p><a href=\"\/imakerdata\/f\/0\/88\/68\/7_2401_0\/kraftverk.tif\">Sm\u00e5kraftverk &#8211; tema i fylkesavisa Spor &#8211; innlegg fr\u00e5 Dagfinn Leira<\/a><\/p>\n\n\n\n<p><a href=\"\/imakerdata\/f\/0\/89\/76\/6_2401_0\/OED_og_fylkesvise_planer.pdf\">Retningslinjer for fylkesvis planlegging av sm\u00e5kraftverk &#8211; brev fra OED mai 2006<\/a><\/p>\n\n\n\n<p><a href=\"\/imakerdata\/f\/1\/17\/49\/5_2401_0\/Lisbeth%20Iversen.pdf\">Foredrag om vassdragsplanen til Bergen kommune<\/a><\/p>\n","protected":false},"excerpt":{"rendered":"<p>Naturvernforbundet i M\u00f8re og Romsdal har sendt brev til alle kommunane med sp\u00f8rsm\u00e5l om \u00e5 f\u00e5 ei samla prioritering av sm\u00e5 kraftutbygging i fylket.<\/p>\n","protected":false},"author":38,"featured_media":0,"comment_status":"closed","ping_status":"closed","sticky":false,"template":"","format":"standard","meta":{"_relevanssi_hide_post":"","_relevanssi_hide_content":"","_relevanssi_pin_for_all":"","_relevanssi_pin_keywords":"","_relevanssi_unpin_keywords":"","_relevanssi_related_keywords":"","_relevanssi_related_include_ids":"","_relevanssi_related_exclude_ids":"","_relevanssi_related_no_append":"","_relevanssi_related_not_related":"","_relevanssi_related_posts":"","_relevanssi_noindex_reason":"","hide_logo":false,"footnotes":""},"categories":[13],"tags":[],"local":[],"class_list":["post-998","post","type-post","status-publish","format-standard","hentry","category-vasskraft"],"acf":[],"yoast_head":"<!-- This site is optimized with the Yoast SEO plugin v24.9 - https:\/\/yoast.com\/wordpress\/plugins\/seo\/ -->\n<title>Kommuneplanar og sm\u00e5kraftverk - M\u00f8re og Romsdal<\/title>\n<meta name=\"robots\" content=\"index, follow, max-snippet:-1, max-image-preview:large, max-video-preview:-1\" \/>\n<link rel=\"canonical\" href=\"https:\/\/naturvernforbundet.no\/moreogromsdal\/kommuneplanar-og-smakraftverk\/\" \/>\n<meta property=\"og:locale\" content=\"nb_NO\" \/>\n<meta property=\"og:type\" content=\"article\" \/>\n<meta property=\"og:title\" content=\"Kommuneplanar og sm\u00e5kraftverk - M\u00f8re og Romsdal\" \/>\n<meta property=\"og:description\" content=\"Naturvernforbundet i M\u00f8re og Romsdal har sendt brev til alle kommunane med sp\u00f8rsm\u00e5l om \u00e5 f\u00e5 ei samla prioritering av sm\u00e5 kraftutbygging i fylket.\" \/>\n<meta property=\"og:url\" content=\"https:\/\/naturvernforbundet.no\/moreogromsdal\/kommuneplanar-og-smakraftverk\/\" \/>\n<meta property=\"og:site_name\" content=\"M\u00f8re og Romsdal\" \/>\n<meta property=\"article:published_time\" content=\"2004-03-19T22:00:00+00:00\" \/>\n<meta name=\"author\" content=\"Artikkelimport\u00f8r\" \/>\n<meta name=\"twitter:card\" content=\"summary_large_image\" \/>\n<meta name=\"twitter:label1\" content=\"Skrevet av\" \/>\n\t<meta name=\"twitter:data1\" content=\"Artikkelimport\u00f8r\" \/>\n\t<meta name=\"twitter:label2\" content=\"Ansl. lesetid\" \/>\n\t<meta name=\"twitter:data2\" content=\"2 minutter\" \/>\n<script type=\"application\/ld+json\" class=\"yoast-schema-graph\">{\"@context\":\"https:\/\/schema.org\",\"@graph\":[{\"@type\":\"WebPage\",\"@id\":\"https:\/\/naturvernforbundet.no\/moreogromsdal\/kommuneplanar-og-smakraftverk\/\",\"url\":\"https:\/\/naturvernforbundet.no\/moreogromsdal\/kommuneplanar-og-smakraftverk\/\",\"name\":\"Kommuneplanar og sm\u00e5kraftverk - M\u00f8re og Romsdal\",\"isPartOf\":{\"@id\":\"https:\/\/naturvernforbundet.no\/moreogromsdal\/#website\"},\"datePublished\":\"2004-03-19T22:00:00+00:00\",\"author\":{\"@id\":\"https:\/\/naturvernforbundet.no\/moreogromsdal\/#\/schema\/person\/c72f198205979084bf071deedb6205f4\"},\"breadcrumb\":{\"@id\":\"https:\/\/naturvernforbundet.no\/moreogromsdal\/kommuneplanar-og-smakraftverk\/#breadcrumb\"},\"inLanguage\":\"nb-NO\",\"potentialAction\":[{\"@type\":\"ReadAction\",\"target\":[\"https:\/\/naturvernforbundet.no\/moreogromsdal\/kommuneplanar-og-smakraftverk\/\"]}]},{\"@type\":\"BreadcrumbList\",\"@id\":\"https:\/\/naturvernforbundet.no\/moreogromsdal\/kommuneplanar-og-smakraftverk\/#breadcrumb\",\"itemListElement\":[{\"@type\":\"ListItem\",\"position\":1,\"name\":\"Till naturvernforbundet.no\",\"item\":\"https:\/\/naturvernforbundet.no\/\"},{\"@type\":\"ListItem\",\"position\":2,\"name\":\"M\u00f8re og Romsdal\",\"item\":\"https:\/\/naturvernforbundet.no\/moreogromsdal\/\"},{\"@type\":\"ListItem\",\"position\":3,\"name\":\"Kommuneplanar og sm\u00e5kraftverk\"}]},{\"@type\":\"WebSite\",\"@id\":\"https:\/\/naturvernforbundet.no\/moreogromsdal\/#website\",\"url\":\"https:\/\/naturvernforbundet.no\/moreogromsdal\/\",\"name\":\"M\u00f8re og Romsdal\",\"description\":\"Bare enda et Naturvernforbundet Sites-nettsted\",\"potentialAction\":[{\"@type\":\"SearchAction\",\"target\":{\"@type\":\"EntryPoint\",\"urlTemplate\":\"https:\/\/naturvernforbundet.no\/moreogromsdal\/?s={search_term_string}\"},\"query-input\":{\"@type\":\"PropertyValueSpecification\",\"valueRequired\":true,\"valueName\":\"search_term_string\"}}],\"inLanguage\":\"nb-NO\"},{\"@type\":\"Person\",\"@id\":\"https:\/\/naturvernforbundet.no\/moreogromsdal\/#\/schema\/person\/c72f198205979084bf071deedb6205f4\",\"name\":\"Artikkelimport\u00f8r\",\"image\":{\"@type\":\"ImageObject\",\"inLanguage\":\"nb-NO\",\"@id\":\"https:\/\/naturvernforbundet.no\/moreogromsdal\/#\/schema\/person\/image\/\",\"url\":\"https:\/\/secure.gravatar.com\/avatar\/015fa491b9ed1c823ef16a5c930294d1?s=96&d=mm&r=g\",\"contentUrl\":\"https:\/\/secure.gravatar.com\/avatar\/015fa491b9ed1c823ef16a5c930294d1?s=96&d=mm&r=g\",\"caption\":\"Artikkelimport\u00f8r\"},\"url\":\"https:\/\/naturvernforbundet.no\/moreogromsdal\/author\/artikkelimportor\/\"}]}<\/script>\n<!-- \/ Yoast SEO plugin. -->","yoast_head_json":{"title":"Kommuneplanar og sm\u00e5kraftverk - M\u00f8re og Romsdal","robots":{"index":"index","follow":"follow","max-snippet":"max-snippet:-1","max-image-preview":"max-image-preview:large","max-video-preview":"max-video-preview:-1"},"canonical":"https:\/\/naturvernforbundet.no\/moreogromsdal\/kommuneplanar-og-smakraftverk\/","og_locale":"nb_NO","og_type":"article","og_title":"Kommuneplanar og sm\u00e5kraftverk - M\u00f8re og Romsdal","og_description":"Naturvernforbundet i M\u00f8re og Romsdal har sendt brev til alle kommunane med sp\u00f8rsm\u00e5l om \u00e5 f\u00e5 ei samla prioritering av sm\u00e5 kraftutbygging i fylket.","og_url":"https:\/\/naturvernforbundet.no\/moreogromsdal\/kommuneplanar-og-smakraftverk\/","og_site_name":"M\u00f8re og Romsdal","article_published_time":"2004-03-19T22:00:00+00:00","author":"Artikkelimport\u00f8r","twitter_card":"summary_large_image","twitter_misc":{"Skrevet av":"Artikkelimport\u00f8r","Ansl. lesetid":"2 minutter"},"schema":{"@context":"https:\/\/schema.org","@graph":[{"@type":"WebPage","@id":"https:\/\/naturvernforbundet.no\/moreogromsdal\/kommuneplanar-og-smakraftverk\/","url":"https:\/\/naturvernforbundet.no\/moreogromsdal\/kommuneplanar-og-smakraftverk\/","name":"Kommuneplanar og sm\u00e5kraftverk - M\u00f8re og Romsdal","isPartOf":{"@id":"https:\/\/naturvernforbundet.no\/moreogromsdal\/#website"},"datePublished":"2004-03-19T22:00:00+00:00","author":{"@id":"https:\/\/naturvernforbundet.no\/moreogromsdal\/#\/schema\/person\/c72f198205979084bf071deedb6205f4"},"breadcrumb":{"@id":"https:\/\/naturvernforbundet.no\/moreogromsdal\/kommuneplanar-og-smakraftverk\/#breadcrumb"},"inLanguage":"nb-NO","potentialAction":[{"@type":"ReadAction","target":["https:\/\/naturvernforbundet.no\/moreogromsdal\/kommuneplanar-og-smakraftverk\/"]}]},{"@type":"BreadcrumbList","@id":"https:\/\/naturvernforbundet.no\/moreogromsdal\/kommuneplanar-og-smakraftverk\/#breadcrumb","itemListElement":[{"@type":"ListItem","position":1,"name":"Till naturvernforbundet.no","item":"https:\/\/naturvernforbundet.no\/"},{"@type":"ListItem","position":2,"name":"M\u00f8re og Romsdal","item":"https:\/\/naturvernforbundet.no\/moreogromsdal\/"},{"@type":"ListItem","position":3,"name":"Kommuneplanar og sm\u00e5kraftverk"}]},{"@type":"WebSite","@id":"https:\/\/naturvernforbundet.no\/moreogromsdal\/#website","url":"https:\/\/naturvernforbundet.no\/moreogromsdal\/","name":"M\u00f8re og Romsdal","description":"Bare enda et Naturvernforbundet Sites-nettsted","potentialAction":[{"@type":"SearchAction","target":{"@type":"EntryPoint","urlTemplate":"https:\/\/naturvernforbundet.no\/moreogromsdal\/?s={search_term_string}"},"query-input":{"@type":"PropertyValueSpecification","valueRequired":true,"valueName":"search_term_string"}}],"inLanguage":"nb-NO"},{"@type":"Person","@id":"https:\/\/naturvernforbundet.no\/moreogromsdal\/#\/schema\/person\/c72f198205979084bf071deedb6205f4","name":"Artikkelimport\u00f8r","image":{"@type":"ImageObject","inLanguage":"nb-NO","@id":"https:\/\/naturvernforbundet.no\/moreogromsdal\/#\/schema\/person\/image\/","url":"https:\/\/secure.gravatar.com\/avatar\/015fa491b9ed1c823ef16a5c930294d1?s=96&d=mm&r=g","contentUrl":"https:\/\/secure.gravatar.com\/avatar\/015fa491b9ed1c823ef16a5c930294d1?s=96&d=mm&r=g","caption":"Artikkelimport\u00f8r"},"url":"https:\/\/naturvernforbundet.no\/moreogromsdal\/author\/artikkelimportor\/"}]}},"_links":{"self":[{"href":"https:\/\/naturvernforbundet.no\/moreogromsdal\/wp-json\/wp\/v2\/posts\/998","targetHints":{"allow":["GET"]}}],"collection":[{"href":"https:\/\/naturvernforbundet.no\/moreogromsdal\/wp-json\/wp\/v2\/posts"}],"about":[{"href":"https:\/\/naturvernforbundet.no\/moreogromsdal\/wp-json\/wp\/v2\/types\/post"}],"author":[{"embeddable":true,"href":"https:\/\/naturvernforbundet.no\/moreogromsdal\/wp-json\/wp\/v2\/users\/38"}],"replies":[{"embeddable":true,"href":"https:\/\/naturvernforbundet.no\/moreogromsdal\/wp-json\/wp\/v2\/comments?post=998"}],"version-history":[{"count":0,"href":"https:\/\/naturvernforbundet.no\/moreogromsdal\/wp-json\/wp\/v2\/posts\/998\/revisions"}],"wp:attachment":[{"href":"https:\/\/naturvernforbundet.no\/moreogromsdal\/wp-json\/wp\/v2\/media?parent=998"}],"wp:term":[{"taxonomy":"category","embeddable":true,"href":"https:\/\/naturvernforbundet.no\/moreogromsdal\/wp-json\/wp\/v2\/categories?post=998"},{"taxonomy":"post_tag","embeddable":true,"href":"https:\/\/naturvernforbundet.no\/moreogromsdal\/wp-json\/wp\/v2\/tags?post=998"},{"taxonomy":"local","embeddable":true,"href":"https:\/\/naturvernforbundet.no\/moreogromsdal\/wp-json\/wp\/v2\/local?post=998"}],"curies":[{"name":"wp","href":"https:\/\/api.w.org\/{rel}","templated":true}]}}