{"id":17019,"date":"2026-03-17T22:02:05","date_gmt":"2026-03-17T21:02:05","guid":{"rendered":"https:\/\/naturvernforbundet.no\/osloogakershus\/?p=17019"},"modified":"2026-04-09T21:32:10","modified_gmt":"2026-04-09T19:32:10","slug":"artregistreringskurs","status":"publish","type":"post","link":"https:\/\/naturvernforbundet.no\/osloogakershus\/artregistreringskurs\/","title":{"rendered":"Kurs i artsregistrering"},"content":{"rendered":"\t<div class=\"template-post alignnone wp-block-naturvern-hero\">\n\t\t<div class=\"hero__inner\">\n\t\t\t<div class=\"hero__inner_blocks\">\n\t\t\t\t\t\t\t\t\n<h1 class=\"wp-block-post-title\">Kurs i artsregistrering<\/h1>\n\n<div class=\"wp-block-post-excerpt\"><p class=\"wp-block-post-excerpt__excerpt\">22. april kl.16- 19 <\/p><\/div>\n\n<figure class=\"wp-block-post-featured-image\"><img loading=\"lazy\" decoding=\"async\" width=\"2560\" height=\"1920\" src=\"https:\/\/naturvernforbundet.no\/content\/uploads\/sites\/10\/2026\/03\/IMG_5795-scaled.jpeg\" class=\"attachment-post-thumbnail size-post-thumbnail wp-post-image\" alt=\"\" style=\"object-fit:cover;\" srcset=\"https:\/\/naturvernforbundet.no\/content\/uploads\/sites\/10\/2026\/03\/IMG_5795-scaled.jpeg 2560w, https:\/\/naturvernforbundet.no\/content\/uploads\/sites\/10\/2026\/03\/IMG_5795-300x225.jpeg 300w, https:\/\/naturvernforbundet.no\/content\/uploads\/sites\/10\/2026\/03\/IMG_5795-1024x768.jpeg 1024w, https:\/\/naturvernforbundet.no\/content\/uploads\/sites\/10\/2026\/03\/IMG_5795-768x576.jpeg 768w, https:\/\/naturvernforbundet.no\/content\/uploads\/sites\/10\/2026\/03\/IMG_5795-1536x1152.jpeg 1536w, https:\/\/naturvernforbundet.no\/content\/uploads\/sites\/10\/2026\/03\/IMG_5795-2048x1536.jpeg 2048w, https:\/\/naturvernforbundet.no\/content\/uploads\/sites\/10\/2026\/03\/IMG_5795-1920x1440.jpeg 1920w\" sizes=\"auto, (max-width: 2560px) 100vw, 2560px\" \/><\/figure>\n\n<div class=\"wp-block-naturvern-byline\">\n\t\t\t<div class=\"authors\">By <span class=\"t2-byline__author-link\">henningetorp<\/span><\/div>\n\t\t\t<small class=\"entry-date\">17.03.2026 22:02<\/small><small class=\"entry-date\"> | Sist oppdatert: 09.04.2026 21:32<\/small>\n\t\t<\/div>\n\t\t\t<\/div>\n\t\t\t\t\t<\/div>\n\t\t\t<\/div>\n\t\n\n\n<p>Alle kan bidra med \u00e5 \u00f8ke kunnskapen om arter i Norge ved \u00e5 legge inn sine observasjoner i Artsobservasjoner. Vil du ogs\u00e5 l\u00e6re deg hvordan man registrerer artsfunn i&nbsp;<a href=\"http:\/\/artsobservasjoner.no\/\" target=\"_blank\" rel=\"noreferrer noopener\"><u>artsobservasjoner.no<\/u><\/a>? &nbsp;<\/p>\n\n\n\n<p>22. april kl.16-19 vil Kristoffer B\u00f8hn fra Sabima holde kurs for oss og der vil du l\u00e6re \u00e5 bruke Artsobservasjoner p\u00e5 en god m\u00e5te.<\/p>\n\n\n\n<p>Artsobservasjoner er et meget nyttig verkt\u00f8y hvor alle kan registrere observasjoner av arter, som brukes av b\u00e5de profesjonelle og frivillige akt\u00f8rer. Observasjonsdataene brukes ogs\u00e5 aktivt i forvaltning og forskning, s\u00e5 du kan bidra til dette ved \u00e5 registrere dine funn.<\/p>\n\n\n\n<p>Kurset er b\u00e5de for nye rapport\u00f8rer og for mer erfarne brukere. Du m\u00e5 ha med egen PC og mobiltelefon\/nettbrett, og om du ikke er registrert som bruker p\u00e5 Artsobservasjoner p\u00e5 forh\u00e5nd b\u00f8r du gj\u00f8re det. Det gj\u00f8r du her:<a href=\"https:\/\/login.artsobservasjoner.no\/account\/register\"><u>https:\/\/login.artsobservasjoner.no\/account\/register<\/u><\/a>&nbsp;<\/p>\n\n\n\n<p>Eventuelt s\u00e5 bist\u00e5r vi med hjelp til dette under kurset. Last ogs\u00e5 ned appen Artsorakelet til mobilen\/nettbrettet.<\/p>\n\n\n\n<p>PROGRAM:<br>Litt om Sabima og hvordan de jobber med de viktigste natursakene for tiden.<\/p>\n\n\n\n<p>Resten om Artsobservasjoner, nye Artsobservasjoner (mobilversjonen), og artskartlegging.<\/p>\n\n\n\n<p>Tid til sp\u00f8rsm\u00e5l og diskusjon. Felt\u00f8kt om v\u00e6ret er bra.<\/p>\n\n\n\n<p>Mobilversjonen&nbsp;<a href=\"https:\/\/mobil.artsobservasjoner.no\/\" target=\"_blank\" rel=\"noreferrer noopener\"><u>https:\/\/mobil.artsobservasjoner.no\/<\/u><\/a><\/p>\n\n\n\n<p>Artsorakelet.&nbsp;<a href=\"https:\/\/orakel.artsdatabanken.no\/\" target=\"_blank\" rel=\"noreferrer noopener\"><u>https:\/\/orakel.artsdatabanken.no\/<\/u><\/a><\/p>\n\n\n\n<p>Sted: Ullern frivilligsentral, Hoff Terrasse 20<\/p>\n\n\n\n<p>P\u00e5melding:&nbsp;<a href=\"mailto:oslovest@naturvernforbundet.no\">oslovest@naturvernforbundet.no<\/a><\/p>\n\n\n\n<p>Det er plass til rundt 25 stk medlemmer<\/p>\n\n\n\n<p><\/p>\n","protected":false},"excerpt":{"rendered":"<p>22. april kl.16- 19<\/p>\n","protected":false},"author":391,"featured_media":17021,"comment_status":"closed","ping_status":"closed","sticky":false,"template":"","format":"standard","meta":{"_relevanssi_hide_post":"","_relevanssi_hide_content":"","_relevanssi_pin_for_all":"","_relevanssi_pin_keywords":"","_relevanssi_unpin_keywords":"","_relevanssi_related_keywords":"","_relevanssi_related_include_ids":"","_relevanssi_related_exclude_ids":"","_relevanssi_related_no_append":"","_relevanssi_related_not_related":"","_relevanssi_related_posts":"3563,13267,3316,677,152,2324","_relevanssi_noindex_reason":"","hide_logo":false,"footnotes":""},"categories":[417,380,281],"tags":[],"local":[16],"class_list":["post-17019","post","type-post","status-publish","format-standard","has-post-thumbnail","hentry","category-aktivitet-arrangement","category-artsmangfold","category-natur","local-oslo-vest"],"acf":[],"yoast_head":"<!-- This site is optimized with the Yoast SEO Premium plugin v24.9 (Yoast SEO v24.9) - https:\/\/yoast.com\/wordpress\/plugins\/seo\/ -->\n<title>Kurs i artsregistrering - Oslo og Akershus<\/title>\n<meta name=\"robots\" content=\"index, follow, max-snippet:-1, max-image-preview:large, max-video-preview:-1\" \/>\n<link rel=\"canonical\" href=\"https:\/\/naturvernforbundet.no\/osloogakershus\/artregistreringskurs\/\" \/>\n<meta property=\"og:locale\" content=\"nb_NO\" \/>\n<meta property=\"og:type\" content=\"article\" \/>\n<meta property=\"og:title\" content=\"Kurs i artsregistrering\" \/>\n<meta property=\"og:description\" content=\"22. april kl.16- 19\" \/>\n<meta property=\"og:url\" content=\"https:\/\/naturvernforbundet.no\/osloogakershus\/artregistreringskurs\/\" \/>\n<meta property=\"og:site_name\" content=\"Oslo og Akershus\" \/>\n<meta property=\"article:published_time\" content=\"2026-03-17T21:02:05+00:00\" \/>\n<meta property=\"article:modified_time\" content=\"2026-04-09T19:32:10+00:00\" \/>\n<meta property=\"og:image\" content=\"https:\/\/naturvernforbundet.no\/content\/uploads\/sites\/10\/2026\/03\/IMG_5795-scaled.jpeg\" \/>\n\t<meta property=\"og:image:width\" content=\"2560\" \/>\n\t<meta property=\"og:image:height\" content=\"1920\" \/>\n\t<meta property=\"og:image:type\" content=\"image\/jpeg\" \/>\n<meta name=\"author\" content=\"henningetorp\" \/>\n<meta name=\"twitter:card\" content=\"summary_large_image\" \/>\n<meta name=\"twitter:label1\" content=\"Skrevet av\" \/>\n\t<meta name=\"twitter:data1\" content=\"henningetorp\" \/>\n\t<meta name=\"twitter:label2\" content=\"Ansl. lesetid\" \/>\n\t<meta name=\"twitter:data2\" content=\"2 minutter\" \/>\n<script type=\"application\/ld+json\" class=\"yoast-schema-graph\">{\"@context\":\"https:\/\/schema.org\",\"@graph\":[{\"@type\":\"WebPage\",\"@id\":\"https:\/\/naturvernforbundet.no\/osloogakershus\/artregistreringskurs\/\",\"url\":\"https:\/\/naturvernforbundet.no\/osloogakershus\/artregistreringskurs\/\",\"name\":\"Kurs i artsregistrering - Oslo og Akershus\",\"isPartOf\":{\"@id\":\"https:\/\/naturvernforbundet.no\/osloogakershus\/#website\"},\"primaryImageOfPage\":{\"@id\":\"https:\/\/naturvernforbundet.no\/osloogakershus\/artregistreringskurs\/#primaryimage\"},\"image\":{\"@id\":\"https:\/\/naturvernforbundet.no\/osloogakershus\/artregistreringskurs\/#primaryimage\"},\"thumbnailUrl\":\"https:\/\/naturvernforbundet.no\/content\/uploads\/sites\/10\/2026\/03\/IMG_5795-scaled.jpeg\",\"datePublished\":\"2026-03-17T21:02:05+00:00\",\"dateModified\":\"2026-04-09T19:32:10+00:00\",\"author\":{\"@id\":\"https:\/\/naturvernforbundet.no\/osloogakershus\/#\/schema\/person\/7e8992779b2843d5ba9a9d9998304732\"},\"breadcrumb\":{\"@id\":\"https:\/\/naturvernforbundet.no\/osloogakershus\/artregistreringskurs\/#breadcrumb\"},\"inLanguage\":\"nb-NO\",\"potentialAction\":[{\"@type\":\"ReadAction\",\"target\":[\"https:\/\/naturvernforbundet.no\/osloogakershus\/artregistreringskurs\/\"]}]},{\"@type\":\"ImageObject\",\"inLanguage\":\"nb-NO\",\"@id\":\"https:\/\/naturvernforbundet.no\/osloogakershus\/artregistreringskurs\/#primaryimage\",\"url\":\"https:\/\/naturvernforbundet.no\/content\/uploads\/sites\/10\/2026\/03\/IMG_5795-scaled.jpeg\",\"contentUrl\":\"https:\/\/naturvernforbundet.no\/content\/uploads\/sites\/10\/2026\/03\/IMG_5795-scaled.jpeg\",\"width\":2560,\"height\":1920},{\"@type\":\"BreadcrumbList\",\"@id\":\"https:\/\/naturvernforbundet.no\/osloogakershus\/artregistreringskurs\/#breadcrumb\",\"itemListElement\":[{\"@type\":\"ListItem\",\"position\":1,\"name\":\"Till naturvernforbundet.no\",\"item\":\"https:\/\/naturvernforbundet.no\/\"},{\"@type\":\"ListItem\",\"position\":2,\"name\":\"Oslo og Akershus\",\"item\":\"https:\/\/naturvernforbundet.no\/osloogakershus\/\"},{\"@type\":\"ListItem\",\"position\":3,\"name\":\"Oslo Vest\",\"item\":\"https:\/\/naturvernforbundet.no\/osloogakershus\/lokallag\/oslo-vest\/\"},{\"@type\":\"ListItem\",\"position\":4,\"name\":\"Kurs i artsregistrering\"}]},{\"@type\":\"WebSite\",\"@id\":\"https:\/\/naturvernforbundet.no\/osloogakershus\/#website\",\"url\":\"https:\/\/naturvernforbundet.no\/osloogakershus\/\",\"name\":\"Oslo og Akershus\",\"description\":\"Bare enda et Naturvernforbundet Sites-nettsted\",\"potentialAction\":[{\"@type\":\"SearchAction\",\"target\":{\"@type\":\"EntryPoint\",\"urlTemplate\":\"https:\/\/naturvernforbundet.no\/osloogakershus\/?s={search_term_string}\"},\"query-input\":{\"@type\":\"PropertyValueSpecification\",\"valueRequired\":true,\"valueName\":\"search_term_string\"}}],\"inLanguage\":\"nb-NO\"},{\"@type\":\"Person\",\"@id\":\"https:\/\/naturvernforbundet.no\/osloogakershus\/#\/schema\/person\/7e8992779b2843d5ba9a9d9998304732\",\"name\":\"henningetorp\",\"image\":{\"@type\":\"ImageObject\",\"inLanguage\":\"nb-NO\",\"@id\":\"https:\/\/naturvernforbundet.no\/osloogakershus\/#\/schema\/person\/image\/\",\"url\":\"https:\/\/secure.gravatar.com\/avatar\/03df406bc4e8e683814f5cada87f6e61?s=96&d=mm&r=g\",\"contentUrl\":\"https:\/\/secure.gravatar.com\/avatar\/03df406bc4e8e683814f5cada87f6e61?s=96&d=mm&r=g\",\"caption\":\"henningetorp\"},\"url\":\"https:\/\/naturvernforbundet.no\/osloogakershus\/author\/henningetorp\/\"}]}<\/script>\n<!-- \/ Yoast SEO Premium plugin. -->","yoast_head_json":{"title":"Kurs i artsregistrering - Oslo og Akershus","robots":{"index":"index","follow":"follow","max-snippet":"max-snippet:-1","max-image-preview":"max-image-preview:large","max-video-preview":"max-video-preview:-1"},"canonical":"https:\/\/naturvernforbundet.no\/osloogakershus\/artregistreringskurs\/","og_locale":"nb_NO","og_type":"article","og_title":"Kurs i artsregistrering","og_description":"22. april kl.16- 19","og_url":"https:\/\/naturvernforbundet.no\/osloogakershus\/artregistreringskurs\/","og_site_name":"Oslo og Akershus","article_published_time":"2026-03-17T21:02:05+00:00","article_modified_time":"2026-04-09T19:32:10+00:00","og_image":[{"width":2560,"height":1920,"url":"https:\/\/naturvernforbundet.no\/content\/uploads\/sites\/10\/2026\/03\/IMG_5795-scaled.jpeg","type":"image\/jpeg"}],"author":"henningetorp","twitter_card":"summary_large_image","twitter_misc":{"Skrevet av":"henningetorp","Ansl. lesetid":"2 minutter"},"schema":{"@context":"https:\/\/schema.org","@graph":[{"@type":"WebPage","@id":"https:\/\/naturvernforbundet.no\/osloogakershus\/artregistreringskurs\/","url":"https:\/\/naturvernforbundet.no\/osloogakershus\/artregistreringskurs\/","name":"Kurs i artsregistrering - Oslo og Akershus","isPartOf":{"@id":"https:\/\/naturvernforbundet.no\/osloogakershus\/#website"},"primaryImageOfPage":{"@id":"https:\/\/naturvernforbundet.no\/osloogakershus\/artregistreringskurs\/#primaryimage"},"image":{"@id":"https:\/\/naturvernforbundet.no\/osloogakershus\/artregistreringskurs\/#primaryimage"},"thumbnailUrl":"https:\/\/naturvernforbundet.no\/content\/uploads\/sites\/10\/2026\/03\/IMG_5795-scaled.jpeg","datePublished":"2026-03-17T21:02:05+00:00","dateModified":"2026-04-09T19:32:10+00:00","author":{"@id":"https:\/\/naturvernforbundet.no\/osloogakershus\/#\/schema\/person\/7e8992779b2843d5ba9a9d9998304732"},"breadcrumb":{"@id":"https:\/\/naturvernforbundet.no\/osloogakershus\/artregistreringskurs\/#breadcrumb"},"inLanguage":"nb-NO","potentialAction":[{"@type":"ReadAction","target":["https:\/\/naturvernforbundet.no\/osloogakershus\/artregistreringskurs\/"]}]},{"@type":"ImageObject","inLanguage":"nb-NO","@id":"https:\/\/naturvernforbundet.no\/osloogakershus\/artregistreringskurs\/#primaryimage","url":"https:\/\/naturvernforbundet.no\/content\/uploads\/sites\/10\/2026\/03\/IMG_5795-scaled.jpeg","contentUrl":"https:\/\/naturvernforbundet.no\/content\/uploads\/sites\/10\/2026\/03\/IMG_5795-scaled.jpeg","width":2560,"height":1920},{"@type":"BreadcrumbList","@id":"https:\/\/naturvernforbundet.no\/osloogakershus\/artregistreringskurs\/#breadcrumb","itemListElement":[{"@type":"ListItem","position":1,"name":"Till naturvernforbundet.no","item":"https:\/\/naturvernforbundet.no\/"},{"@type":"ListItem","position":2,"name":"Oslo og Akershus","item":"https:\/\/naturvernforbundet.no\/osloogakershus\/"},{"@type":"ListItem","position":3,"name":"Oslo Vest","item":"https:\/\/naturvernforbundet.no\/osloogakershus\/lokallag\/oslo-vest\/"},{"@type":"ListItem","position":4,"name":"Kurs i artsregistrering"}]},{"@type":"WebSite","@id":"https:\/\/naturvernforbundet.no\/osloogakershus\/#website","url":"https:\/\/naturvernforbundet.no\/osloogakershus\/","name":"Oslo og Akershus","description":"Bare enda et Naturvernforbundet Sites-nettsted","potentialAction":[{"@type":"SearchAction","target":{"@type":"EntryPoint","urlTemplate":"https:\/\/naturvernforbundet.no\/osloogakershus\/?s={search_term_string}"},"query-input":{"@type":"PropertyValueSpecification","valueRequired":true,"valueName":"search_term_string"}}],"inLanguage":"nb-NO"},{"@type":"Person","@id":"https:\/\/naturvernforbundet.no\/osloogakershus\/#\/schema\/person\/7e8992779b2843d5ba9a9d9998304732","name":"henningetorp","image":{"@type":"ImageObject","inLanguage":"nb-NO","@id":"https:\/\/naturvernforbundet.no\/osloogakershus\/#\/schema\/person\/image\/","url":"https:\/\/secure.gravatar.com\/avatar\/03df406bc4e8e683814f5cada87f6e61?s=96&d=mm&r=g","contentUrl":"https:\/\/secure.gravatar.com\/avatar\/03df406bc4e8e683814f5cada87f6e61?s=96&d=mm&r=g","caption":"henningetorp"},"url":"https:\/\/naturvernforbundet.no\/osloogakershus\/author\/henningetorp\/"}]}},"_links":{"self":[{"href":"https:\/\/naturvernforbundet.no\/osloogakershus\/wp-json\/wp\/v2\/posts\/17019","targetHints":{"allow":["GET"]}}],"collection":[{"href":"https:\/\/naturvernforbundet.no\/osloogakershus\/wp-json\/wp\/v2\/posts"}],"about":[{"href":"https:\/\/naturvernforbundet.no\/osloogakershus\/wp-json\/wp\/v2\/types\/post"}],"author":[{"embeddable":true,"href":"https:\/\/naturvernforbundet.no\/osloogakershus\/wp-json\/wp\/v2\/users\/391"}],"replies":[{"embeddable":true,"href":"https:\/\/naturvernforbundet.no\/osloogakershus\/wp-json\/wp\/v2\/comments?post=17019"}],"version-history":[{"count":3,"href":"https:\/\/naturvernforbundet.no\/osloogakershus\/wp-json\/wp\/v2\/posts\/17019\/revisions"}],"predecessor-version":[{"id":17140,"href":"https:\/\/naturvernforbundet.no\/osloogakershus\/wp-json\/wp\/v2\/posts\/17019\/revisions\/17140"}],"wp:featuredmedia":[{"embeddable":true,"href":"https:\/\/naturvernforbundet.no\/osloogakershus\/wp-json\/wp\/v2\/media\/17021"}],"wp:attachment":[{"href":"https:\/\/naturvernforbundet.no\/osloogakershus\/wp-json\/wp\/v2\/media?parent=17019"}],"wp:term":[{"taxonomy":"category","embeddable":true,"href":"https:\/\/naturvernforbundet.no\/osloogakershus\/wp-json\/wp\/v2\/categories?post=17019"},{"taxonomy":"post_tag","embeddable":true,"href":"https:\/\/naturvernforbundet.no\/osloogakershus\/wp-json\/wp\/v2\/tags?post=17019"},{"taxonomy":"local","embeddable":true,"href":"https:\/\/naturvernforbundet.no\/osloogakershus\/wp-json\/wp\/v2\/local?post=17019"}],"curies":[{"name":"wp","href":"https:\/\/api.w.org\/{rel}","templated":true}]}}