{"id":17098,"date":"2026-04-07T22:20:18","date_gmt":"2026-04-07T20:20:18","guid":{"rendered":"https:\/\/naturvernforbundet.no\/osloogakershus\/?p=17098"},"modified":"2026-04-14T18:41:07","modified_gmt":"2026-04-14T16:41:07","slug":"klesbyttemarked-2","status":"publish","type":"post","link":"https:\/\/naturvernforbundet.no\/osloogakershus\/klesbyttemarked-2\/","title":{"rendered":"Den store klesbyttedagen"},"content":{"rendered":"\t<div class=\"template-post alignnone wp-block-naturvern-hero\">\n\t\t<div class=\"hero__inner\">\n\t\t\t<div class=\"hero__inner_blocks\">\n\t\t\t\t\t\t\t\t\n<h1 class=\"wp-block-post-title\">Den store klesbyttedagen<\/h1>\n\n<div class=\"wp-block-post-excerpt\"><p class=\"wp-block-post-excerpt__excerpt\">18. april p\u00e5 Deichman Majorstua <\/p><\/div>\n\n\n<figure class=\"wp-block-image size-large\"><img loading=\"lazy\" decoding=\"async\" width=\"1024\" height=\"1008\" src=\"https:\/\/naturvernforbundet.no\/content\/uploads\/sites\/10\/2026\/04\/klesbyttebilde-1024x1008.jpg\" alt=\"\" class=\"wp-image-17142\" srcset=\"https:\/\/naturvernforbundet.no\/content\/uploads\/sites\/10\/2026\/04\/klesbyttebilde-1024x1008.jpg 1024w, https:\/\/naturvernforbundet.no\/content\/uploads\/sites\/10\/2026\/04\/klesbyttebilde-300x295.jpg 300w, https:\/\/naturvernforbundet.no\/content\/uploads\/sites\/10\/2026\/04\/klesbyttebilde-768x756.jpg 768w, https:\/\/naturvernforbundet.no\/content\/uploads\/sites\/10\/2026\/04\/klesbyttebilde-1536x1512.jpg 1536w, https:\/\/naturvernforbundet.no\/content\/uploads\/sites\/10\/2026\/04\/klesbyttebilde-2048x2017.jpg 2048w, https:\/\/naturvernforbundet.no\/content\/uploads\/sites\/10\/2026\/04\/klesbyttebilde-1920x1891.jpg 1920w\" sizes=\"auto, (max-width: 1024px) 100vw, 1024px\" \/><\/figure>\n\n\n<div class=\"wp-block-naturvern-byline\">\n\t\t\t<div class=\"authors\">By <span class=\"t2-byline__author-link\">henningetorp<\/span><\/div>\n\t\t\t<small class=\"entry-date\">07.04.2026 22:20<\/small><small class=\"entry-date\"> | Sist oppdatert: 14.04.2026 18:41<\/small>\n\t\t<\/div>\n\t\t\t<\/div>\n\t\t\t\t\t<\/div>\n\t\t\t<\/div>\n\t\n\n\n<p>Klesindustrien st\u00e5r for mer av verdens klimagassutslipp enn fly- og skipsfart til sammen. Hvis vi bytter kl\u00e6r med hverandre og bruker dem lenger, reduserer vi utslippene.<\/p>\n\n\n\n<p>Sammen med Deichman Majorstuen arrangerer vi Den store klesbyttedagen for deg som vil fornye klesskapet p\u00e5 en milj\u00f8vennlig m\u00e5te.<\/p>\n\n\n\n<p>Konseptet er enkelt: Finn frem opptil 7 hele, fine og rene plagg. For hvert plagg du har med, f\u00e5r du en kupong du bruker til \u00e5 bytte til deg et nytt plagg som du har lyst til \u00e5 bruke. Husk p\u00e5 at vi ikke tar imot undert\u00f8y, treningskl\u00e6r og arbeidskl\u00e6r.<\/p>\n\n\n\n<p>Det vil v\u00e6re mulig \u00e5 levere inn kl\u00e6r l\u00f8rdag 18. april fra kl. 10:00 til 12:00 i forkant av arrangementet. Selve klesbyttingen foreg\u00e5r mellom kl. 12:00 og 15:00.<\/p>\n\n\n\n<p>Velkommen!<\/p>\n\n\n\n<p>PS! Vi trenger frivillige til \u00e5 hjelpe oss p\u00e5 klesbyttedagen. Er du interessert? Ta kontakt:&nbsp;<\/p>\n\n\n\n<p><a href=\"mailto:jurgen.j.breiter@gmail.com\">jurgen.j.breiter@gmail.com<\/a>&nbsp;eller&nbsp;<a href=\"mailto:oslovest@naturvernforbundet.no\">oslovest@naturvernforbundet.no<\/a><\/p>\n\n\n\n<p>Har laget igjen et skjema hvor frivillige kan registrere seg for et tidsvindu \/ aktivitet.&nbsp;<\/p>\n\n\n\n<p>Lenken finner du her:&nbsp;<a href=\"https:\/\/docs.google.com\/spreadsheets\/d\/1aaDsuOowBmrE3ep3bf6glN79CREtvjGHiMj1J8Fuq-M\/edit?usp=sharing\">https:\/\/docs.google.com\/spreadsheets\/d\/1aaDsuOowBmrE3ep3bf6glN79CREtvjGHiMj1J8Fuq-M\/edit?usp=sharing<\/a><\/p>\n\n\n\n<p>Foto: J\u00fcrgen Breiter<\/p>\n","protected":false},"excerpt":{"rendered":"<p>18. april p\u00e5 Deichman Majorstua<\/p>\n","protected":false},"author":391,"featured_media":17142,"comment_status":"closed","ping_status":"closed","sticky":false,"template":"","format":"standard","meta":{"_relevanssi_hide_post":"","_relevanssi_hide_content":"","_relevanssi_pin_for_all":"","_relevanssi_pin_keywords":"","_relevanssi_unpin_keywords":"","_relevanssi_related_keywords":"","_relevanssi_related_include_ids":"","_relevanssi_related_exclude_ids":"","_relevanssi_related_no_append":"","_relevanssi_related_not_related":"","_relevanssi_related_posts":"1938,3453,16255,16316,3412,3447","_relevanssi_noindex_reason":"","hide_logo":false,"footnotes":""},"categories":[81,176,177],"tags":[],"local":[16],"class_list":["post-17098","post","type-post","status-publish","format-standard","has-post-thumbnail","hentry","category-arrangement-og-dugnader","category-klima-og-lokalmiljo","category-miljovenlig-hverdag","local-oslo-vest"],"acf":[],"yoast_head":"<!-- This site is optimized with the Yoast SEO Premium plugin v24.9 (Yoast SEO v24.9) - https:\/\/yoast.com\/wordpress\/plugins\/seo\/ -->\n<title>Den store klesbyttedagen - Oslo og Akershus<\/title>\n<meta name=\"robots\" content=\"index, follow, max-snippet:-1, max-image-preview:large, max-video-preview:-1\" \/>\n<link rel=\"canonical\" href=\"https:\/\/naturvernforbundet.no\/osloogakershus\/klesbyttemarked-2\/\" \/>\n<meta property=\"og:locale\" content=\"nb_NO\" \/>\n<meta property=\"og:type\" content=\"article\" \/>\n<meta property=\"og:title\" content=\"Den store klesbyttedagen\" \/>\n<meta property=\"og:description\" content=\"18. april p\u00e5 Deichman Majorstua\" \/>\n<meta property=\"og:url\" content=\"https:\/\/naturvernforbundet.no\/osloogakershus\/klesbyttemarked-2\/\" \/>\n<meta property=\"og:site_name\" content=\"Oslo og Akershus\" \/>\n<meta property=\"article:published_time\" content=\"2026-04-07T20:20:18+00:00\" \/>\n<meta property=\"article:modified_time\" content=\"2026-04-14T16:41:07+00:00\" \/>\n<meta property=\"og:image\" content=\"https:\/\/naturvernforbundet.no\/content\/uploads\/sites\/10\/2026\/04\/klesbyttebilde-scaled.jpg\" \/>\n\t<meta property=\"og:image:width\" content=\"2560\" \/>\n\t<meta property=\"og:image:height\" content=\"2521\" \/>\n\t<meta property=\"og:image:type\" content=\"image\/jpeg\" \/>\n<meta name=\"author\" content=\"henningetorp\" \/>\n<meta name=\"twitter:card\" content=\"summary_large_image\" \/>\n<meta name=\"twitter:label1\" content=\"Skrevet av\" \/>\n\t<meta name=\"twitter:data1\" content=\"henningetorp\" \/>\n\t<meta name=\"twitter:label2\" content=\"Ansl. lesetid\" \/>\n\t<meta name=\"twitter:data2\" content=\"2 minutter\" \/>\n<script type=\"application\/ld+json\" class=\"yoast-schema-graph\">{\"@context\":\"https:\/\/schema.org\",\"@graph\":[{\"@type\":\"WebPage\",\"@id\":\"https:\/\/naturvernforbundet.no\/osloogakershus\/klesbyttemarked-2\/\",\"url\":\"https:\/\/naturvernforbundet.no\/osloogakershus\/klesbyttemarked-2\/\",\"name\":\"Den store klesbyttedagen - Oslo og Akershus\",\"isPartOf\":{\"@id\":\"https:\/\/naturvernforbundet.no\/osloogakershus\/#website\"},\"primaryImageOfPage\":{\"@id\":\"https:\/\/naturvernforbundet.no\/osloogakershus\/klesbyttemarked-2\/#primaryimage\"},\"image\":{\"@id\":\"https:\/\/naturvernforbundet.no\/osloogakershus\/klesbyttemarked-2\/#primaryimage\"},\"thumbnailUrl\":\"https:\/\/naturvernforbundet.no\/content\/uploads\/sites\/10\/2026\/04\/klesbyttebilde-scaled.jpg\",\"datePublished\":\"2026-04-07T20:20:18+00:00\",\"dateModified\":\"2026-04-14T16:41:07+00:00\",\"author\":{\"@id\":\"https:\/\/naturvernforbundet.no\/osloogakershus\/#\/schema\/person\/7e8992779b2843d5ba9a9d9998304732\"},\"breadcrumb\":{\"@id\":\"https:\/\/naturvernforbundet.no\/osloogakershus\/klesbyttemarked-2\/#breadcrumb\"},\"inLanguage\":\"nb-NO\",\"potentialAction\":[{\"@type\":\"ReadAction\",\"target\":[\"https:\/\/naturvernforbundet.no\/osloogakershus\/klesbyttemarked-2\/\"]}]},{\"@type\":\"ImageObject\",\"inLanguage\":\"nb-NO\",\"@id\":\"https:\/\/naturvernforbundet.no\/osloogakershus\/klesbyttemarked-2\/#primaryimage\",\"url\":\"https:\/\/naturvernforbundet.no\/content\/uploads\/sites\/10\/2026\/04\/klesbyttebilde-scaled.jpg\",\"contentUrl\":\"https:\/\/naturvernforbundet.no\/content\/uploads\/sites\/10\/2026\/04\/klesbyttebilde-scaled.jpg\",\"width\":2560,\"height\":2521},{\"@type\":\"BreadcrumbList\",\"@id\":\"https:\/\/naturvernforbundet.no\/osloogakershus\/klesbyttemarked-2\/#breadcrumb\",\"itemListElement\":[{\"@type\":\"ListItem\",\"position\":1,\"name\":\"Till naturvernforbundet.no\",\"item\":\"https:\/\/naturvernforbundet.no\/\"},{\"@type\":\"ListItem\",\"position\":2,\"name\":\"Oslo og Akershus\",\"item\":\"https:\/\/naturvernforbundet.no\/osloogakershus\/\"},{\"@type\":\"ListItem\",\"position\":3,\"name\":\"Oslo Vest\",\"item\":\"https:\/\/naturvernforbundet.no\/osloogakershus\/lokallag\/oslo-vest\/\"},{\"@type\":\"ListItem\",\"position\":4,\"name\":\"Den store klesbyttedagen\"}]},{\"@type\":\"WebSite\",\"@id\":\"https:\/\/naturvernforbundet.no\/osloogakershus\/#website\",\"url\":\"https:\/\/naturvernforbundet.no\/osloogakershus\/\",\"name\":\"Oslo og Akershus\",\"description\":\"Bare enda et Naturvernforbundet Sites-nettsted\",\"potentialAction\":[{\"@type\":\"SearchAction\",\"target\":{\"@type\":\"EntryPoint\",\"urlTemplate\":\"https:\/\/naturvernforbundet.no\/osloogakershus\/?s={search_term_string}\"},\"query-input\":{\"@type\":\"PropertyValueSpecification\",\"valueRequired\":true,\"valueName\":\"search_term_string\"}}],\"inLanguage\":\"nb-NO\"},{\"@type\":\"Person\",\"@id\":\"https:\/\/naturvernforbundet.no\/osloogakershus\/#\/schema\/person\/7e8992779b2843d5ba9a9d9998304732\",\"name\":\"henningetorp\",\"image\":{\"@type\":\"ImageObject\",\"inLanguage\":\"nb-NO\",\"@id\":\"https:\/\/naturvernforbundet.no\/osloogakershus\/#\/schema\/person\/image\/\",\"url\":\"https:\/\/secure.gravatar.com\/avatar\/03df406bc4e8e683814f5cada87f6e61?s=96&d=mm&r=g\",\"contentUrl\":\"https:\/\/secure.gravatar.com\/avatar\/03df406bc4e8e683814f5cada87f6e61?s=96&d=mm&r=g\",\"caption\":\"henningetorp\"},\"url\":\"https:\/\/naturvernforbundet.no\/osloogakershus\/author\/henningetorp\/\"}]}<\/script>\n<!-- \/ Yoast SEO Premium plugin. -->","yoast_head_json":{"title":"Den store klesbyttedagen - Oslo og Akershus","robots":{"index":"index","follow":"follow","max-snippet":"max-snippet:-1","max-image-preview":"max-image-preview:large","max-video-preview":"max-video-preview:-1"},"canonical":"https:\/\/naturvernforbundet.no\/osloogakershus\/klesbyttemarked-2\/","og_locale":"nb_NO","og_type":"article","og_title":"Den store klesbyttedagen","og_description":"18. april p\u00e5 Deichman Majorstua","og_url":"https:\/\/naturvernforbundet.no\/osloogakershus\/klesbyttemarked-2\/","og_site_name":"Oslo og Akershus","article_published_time":"2026-04-07T20:20:18+00:00","article_modified_time":"2026-04-14T16:41:07+00:00","og_image":[{"width":2560,"height":2521,"url":"https:\/\/naturvernforbundet.no\/content\/uploads\/sites\/10\/2026\/04\/klesbyttebilde-scaled.jpg","type":"image\/jpeg"}],"author":"henningetorp","twitter_card":"summary_large_image","twitter_misc":{"Skrevet av":"henningetorp","Ansl. lesetid":"2 minutter"},"schema":{"@context":"https:\/\/schema.org","@graph":[{"@type":"WebPage","@id":"https:\/\/naturvernforbundet.no\/osloogakershus\/klesbyttemarked-2\/","url":"https:\/\/naturvernforbundet.no\/osloogakershus\/klesbyttemarked-2\/","name":"Den store klesbyttedagen - Oslo og Akershus","isPartOf":{"@id":"https:\/\/naturvernforbundet.no\/osloogakershus\/#website"},"primaryImageOfPage":{"@id":"https:\/\/naturvernforbundet.no\/osloogakershus\/klesbyttemarked-2\/#primaryimage"},"image":{"@id":"https:\/\/naturvernforbundet.no\/osloogakershus\/klesbyttemarked-2\/#primaryimage"},"thumbnailUrl":"https:\/\/naturvernforbundet.no\/content\/uploads\/sites\/10\/2026\/04\/klesbyttebilde-scaled.jpg","datePublished":"2026-04-07T20:20:18+00:00","dateModified":"2026-04-14T16:41:07+00:00","author":{"@id":"https:\/\/naturvernforbundet.no\/osloogakershus\/#\/schema\/person\/7e8992779b2843d5ba9a9d9998304732"},"breadcrumb":{"@id":"https:\/\/naturvernforbundet.no\/osloogakershus\/klesbyttemarked-2\/#breadcrumb"},"inLanguage":"nb-NO","potentialAction":[{"@type":"ReadAction","target":["https:\/\/naturvernforbundet.no\/osloogakershus\/klesbyttemarked-2\/"]}]},{"@type":"ImageObject","inLanguage":"nb-NO","@id":"https:\/\/naturvernforbundet.no\/osloogakershus\/klesbyttemarked-2\/#primaryimage","url":"https:\/\/naturvernforbundet.no\/content\/uploads\/sites\/10\/2026\/04\/klesbyttebilde-scaled.jpg","contentUrl":"https:\/\/naturvernforbundet.no\/content\/uploads\/sites\/10\/2026\/04\/klesbyttebilde-scaled.jpg","width":2560,"height":2521},{"@type":"BreadcrumbList","@id":"https:\/\/naturvernforbundet.no\/osloogakershus\/klesbyttemarked-2\/#breadcrumb","itemListElement":[{"@type":"ListItem","position":1,"name":"Till naturvernforbundet.no","item":"https:\/\/naturvernforbundet.no\/"},{"@type":"ListItem","position":2,"name":"Oslo og Akershus","item":"https:\/\/naturvernforbundet.no\/osloogakershus\/"},{"@type":"ListItem","position":3,"name":"Oslo Vest","item":"https:\/\/naturvernforbundet.no\/osloogakershus\/lokallag\/oslo-vest\/"},{"@type":"ListItem","position":4,"name":"Den store klesbyttedagen"}]},{"@type":"WebSite","@id":"https:\/\/naturvernforbundet.no\/osloogakershus\/#website","url":"https:\/\/naturvernforbundet.no\/osloogakershus\/","name":"Oslo og Akershus","description":"Bare enda et Naturvernforbundet Sites-nettsted","potentialAction":[{"@type":"SearchAction","target":{"@type":"EntryPoint","urlTemplate":"https:\/\/naturvernforbundet.no\/osloogakershus\/?s={search_term_string}"},"query-input":{"@type":"PropertyValueSpecification","valueRequired":true,"valueName":"search_term_string"}}],"inLanguage":"nb-NO"},{"@type":"Person","@id":"https:\/\/naturvernforbundet.no\/osloogakershus\/#\/schema\/person\/7e8992779b2843d5ba9a9d9998304732","name":"henningetorp","image":{"@type":"ImageObject","inLanguage":"nb-NO","@id":"https:\/\/naturvernforbundet.no\/osloogakershus\/#\/schema\/person\/image\/","url":"https:\/\/secure.gravatar.com\/avatar\/03df406bc4e8e683814f5cada87f6e61?s=96&d=mm&r=g","contentUrl":"https:\/\/secure.gravatar.com\/avatar\/03df406bc4e8e683814f5cada87f6e61?s=96&d=mm&r=g","caption":"henningetorp"},"url":"https:\/\/naturvernforbundet.no\/osloogakershus\/author\/henningetorp\/"}]}},"_links":{"self":[{"href":"https:\/\/naturvernforbundet.no\/osloogakershus\/wp-json\/wp\/v2\/posts\/17098","targetHints":{"allow":["GET"]}}],"collection":[{"href":"https:\/\/naturvernforbundet.no\/osloogakershus\/wp-json\/wp\/v2\/posts"}],"about":[{"href":"https:\/\/naturvernforbundet.no\/osloogakershus\/wp-json\/wp\/v2\/types\/post"}],"author":[{"embeddable":true,"href":"https:\/\/naturvernforbundet.no\/osloogakershus\/wp-json\/wp\/v2\/users\/391"}],"replies":[{"embeddable":true,"href":"https:\/\/naturvernforbundet.no\/osloogakershus\/wp-json\/wp\/v2\/comments?post=17098"}],"version-history":[{"count":4,"href":"https:\/\/naturvernforbundet.no\/osloogakershus\/wp-json\/wp\/v2\/posts\/17098\/revisions"}],"predecessor-version":[{"id":17233,"href":"https:\/\/naturvernforbundet.no\/osloogakershus\/wp-json\/wp\/v2\/posts\/17098\/revisions\/17233"}],"wp:featuredmedia":[{"embeddable":true,"href":"https:\/\/naturvernforbundet.no\/osloogakershus\/wp-json\/wp\/v2\/media\/17142"}],"wp:attachment":[{"href":"https:\/\/naturvernforbundet.no\/osloogakershus\/wp-json\/wp\/v2\/media?parent=17098"}],"wp:term":[{"taxonomy":"category","embeddable":true,"href":"https:\/\/naturvernforbundet.no\/osloogakershus\/wp-json\/wp\/v2\/categories?post=17098"},{"taxonomy":"post_tag","embeddable":true,"href":"https:\/\/naturvernforbundet.no\/osloogakershus\/wp-json\/wp\/v2\/tags?post=17098"},{"taxonomy":"local","embeddable":true,"href":"https:\/\/naturvernforbundet.no\/osloogakershus\/wp-json\/wp\/v2\/local?post=17098"}],"curies":[{"name":"wp","href":"https:\/\/api.w.org\/{rel}","templated":true}]}}