{"id":17265,"date":"2026-04-30T11:42:50","date_gmt":"2026-04-30T09:42:50","guid":{"rendered":"https:\/\/naturvernforbundet.no\/osloogakershus\/?p=17265"},"modified":"2026-04-30T11:42:50","modified_gmt":"2026-04-30T09:42:50","slug":"apent-mote-i-sandvika-der-hav-moter-land-om-sarbar-natur-i-baerum","status":"publish","type":"post","link":"https:\/\/naturvernforbundet.no\/osloogakershus\/apent-mote-i-sandvika-der-hav-moter-land-om-sarbar-natur-i-baerum\/","title":{"rendered":"\u00c5pent m\u00f8te i Sandvika &laquo;Der hav m\u00f8ter land&raquo; om s\u00e5rbar natur i B\u00e6rum"},"content":{"rendered":"\n<h2 class=\"wp-block-heading\" id=\"h-\"><\/h2>\n\n\n\t<div class=\"template-post alignnone wp-block-naturvern-hero\">\n\t\t<div class=\"hero__inner\">\n\t\t\t<div class=\"hero__inner_blocks\">\n\t\t\t\t\t\t\t\t\n\n<h3 class=\"wp-block-heading\" id=\"h-\"><\/h3>\n\n\n<h1 class=\"wp-block-post-title\">\u00c5pent m\u00f8te i Sandvika &laquo;Der hav m\u00f8ter land&raquo; om s\u00e5rbar natur i B\u00e6rum<\/h1>\n\n<div class=\"wp-block-post-excerpt\"><p class=\"wp-block-post-excerpt__excerpt\">Et interessert publikum p\u00e5 ca 35 m\u00f8tte opp da Naturvernforbundet i B\u00e6rum inviterte til foredrag onsdag 29.5. <\/p><\/div>\n\n\n<figure class=\"wp-block-image size-large\"><div class=\"t2-image-credit\"><img loading=\"lazy\" decoding=\"async\" width=\"1024\" height=\"768\" src=\"https:\/\/naturvernforbundet.no\/content\/uploads\/sites\/10\/2026\/04\/Morten-Bergan-1024x768.jpeg\" alt=\"Morten Bergan snakker om skjeldne arter i B\u00e6rumsskj\u00e6rg\u00e5rden\" class=\"wp-image-17264\" srcset=\"https:\/\/naturvernforbundet.no\/content\/uploads\/sites\/10\/2026\/04\/Morten-Bergan-1024x768.jpeg 1024w, https:\/\/naturvernforbundet.no\/content\/uploads\/sites\/10\/2026\/04\/Morten-Bergan-300x225.jpeg 300w, https:\/\/naturvernforbundet.no\/content\/uploads\/sites\/10\/2026\/04\/Morten-Bergan-768x576.jpeg 768w, https:\/\/naturvernforbundet.no\/content\/uploads\/sites\/10\/2026\/04\/Morten-Bergan-1536x1152.jpeg 1536w, https:\/\/naturvernforbundet.no\/content\/uploads\/sites\/10\/2026\/04\/Morten-Bergan-2048x1536.jpeg 2048w, https:\/\/naturvernforbundet.no\/content\/uploads\/sites\/10\/2026\/04\/Morten-Bergan-1920x1440.jpeg 1920w\" sizes=\"auto, (max-width: 1024px) 100vw, 1024px\" \/><span class=\"t2-image-credit-name\">Halvor Igesund<\/span><\/div><figcaption class=\"wp-element-caption\">Morten Bergan snakker om skjeldne arter i B\u00e6rumsskj\u00e6rg\u00e5rden<\/figcaption><\/figure>\n\n\n\n<p>F\u00f8rst viste geolog og fugleekspert Morten Bergan bilder fra B\u00e6rumsskj\u00e6rg\u00e5rden og snakket om sjeldne fugler, sommerfugler, insekter og blomster. Han snakket ogs\u00e5 om den tette forbindelsen som finnes mellom geologi, flora og fauna. <\/p>\n\n\n\n<p>Deretter snakket Kristin Bjartnes, styremedlem i NiB og styreleder i Buskerud Botaniske Forening, om hvilken trussel fremmede arter utgj\u00f8r for naturen, og ikke minst hvilken innsats vi alle kan gj\u00f8re.<\/p>\n\n\n\n<p>P\u00e5 m\u00f8tet ble det ogs\u00e5 informert om Naturvernforbundets planlagte <a href=\"https:\/\/naturvernforbundet.no\/osloogakershus\/event\/bli-kjent-tur-og-lukedugnad-i-baerumsskjaergarden\/\">dugnadstur i skj\u00e6rg\u00e5rden 3. juni<\/a>.<\/p>\n\n\n\n<h3 class=\"wp-block-heading\" id=\"h-\"><\/h3>\n\n\n\n<figure class=\"wp-block-image size-large\"><div class=\"t2-image-credit\"><img loading=\"lazy\" decoding=\"async\" width=\"1024\" height=\"768\" src=\"https:\/\/naturvernforbundet.no\/content\/uploads\/sites\/10\/2026\/04\/Kristin-Bjartnes-2-1024x768.jpeg\" alt=\"Kristin Bjartnes forteller at invaderende planter fortsatt er i kommersielt salg.\" class=\"wp-image-17262\" srcset=\"https:\/\/naturvernforbundet.no\/content\/uploads\/sites\/10\/2026\/04\/Kristin-Bjartnes-2-1024x768.jpeg 1024w, https:\/\/naturvernforbundet.no\/content\/uploads\/sites\/10\/2026\/04\/Kristin-Bjartnes-2-300x225.jpeg 300w, https:\/\/naturvernforbundet.no\/content\/uploads\/sites\/10\/2026\/04\/Kristin-Bjartnes-2-768x576.jpeg 768w, https:\/\/naturvernforbundet.no\/content\/uploads\/sites\/10\/2026\/04\/Kristin-Bjartnes-2-1536x1152.jpeg 1536w, https:\/\/naturvernforbundet.no\/content\/uploads\/sites\/10\/2026\/04\/Kristin-Bjartnes-2-2048x1536.jpeg 2048w, https:\/\/naturvernforbundet.no\/content\/uploads\/sites\/10\/2026\/04\/Kristin-Bjartnes-2-1920x1440.jpeg 1920w\" sizes=\"auto, (max-width: 1024px) 100vw, 1024px\" \/><span class=\"t2-image-credit-name\">Halvor Igesund<\/span><\/div><figcaption class=\"wp-element-caption\">Eksempel p\u00e5 invaderende planter som selges over disk i Norge.<\/figcaption><\/figure>\n\n\n\n<figure class=\"wp-block-image size-large\"><div class=\"t2-image-credit\"><img loading=\"lazy\" decoding=\"async\" width=\"1024\" height=\"768\" src=\"https:\/\/naturvernforbundet.no\/content\/uploads\/sites\/10\/2026\/04\/Kristin-Bjartnes-1-1024x768.jpeg\" alt=\"Kristin Bjartnes informerer om dugnadstur i B\u00e6rumsskj\u00e6rg\u00e5rden.\" class=\"wp-image-17263\" srcset=\"https:\/\/naturvernforbundet.no\/content\/uploads\/sites\/10\/2026\/04\/Kristin-Bjartnes-1-1024x768.jpeg 1024w, https:\/\/naturvernforbundet.no\/content\/uploads\/sites\/10\/2026\/04\/Kristin-Bjartnes-1-300x225.jpeg 300w, https:\/\/naturvernforbundet.no\/content\/uploads\/sites\/10\/2026\/04\/Kristin-Bjartnes-1-768x576.jpeg 768w, https:\/\/naturvernforbundet.no\/content\/uploads\/sites\/10\/2026\/04\/Kristin-Bjartnes-1-1536x1152.jpeg 1536w, https:\/\/naturvernforbundet.no\/content\/uploads\/sites\/10\/2026\/04\/Kristin-Bjartnes-1-2048x1536.jpeg 2048w, https:\/\/naturvernforbundet.no\/content\/uploads\/sites\/10\/2026\/04\/Kristin-Bjartnes-1-1920x1440.jpeg 1920w\" sizes=\"auto, (max-width: 1024px) 100vw, 1024px\" \/><span class=\"t2-image-credit-name\">Halvor Igesund<\/span><\/div><figcaption class=\"wp-element-caption\">Kristin Bjartnes informerer om dugnadstur i B\u00e6rumsskj\u00e6rg\u00e5rden.<\/figcaption><\/figure>\n\n\n<div class=\"wp-block-naturvern-byline\">\n\t\t\t<div class=\"authors\">By <span class=\"t2-byline__author-link\">halvorigesund<\/span><\/div>\n\t\t\t<small class=\"entry-date\">30.04.2026 11:42<\/small>\n\t\t<\/div>\n\t\t\t<\/div>\n\t\t\t\t\t<\/div>\n\t\t\t<\/div>\n\t","protected":false},"excerpt":{"rendered":"<p>Et interessert publikum p\u00e5 ca 35 m\u00f8tte opp da Naturvernforbundet i B\u00e6rum inviterte til foredrag onsdag 29.5.<\/p>\n","protected":false},"author":342,"featured_media":17264,"comment_status":"closed","ping_status":"closed","sticky":false,"template":"","format":"standard","meta":{"_relevanssi_hide_post":"","_relevanssi_hide_content":"","_relevanssi_pin_for_all":"","_relevanssi_pin_keywords":"","_relevanssi_unpin_keywords":"","_relevanssi_related_keywords":"","_relevanssi_related_include_ids":"","_relevanssi_related_exclude_ids":"","_relevanssi_related_no_append":"","_relevanssi_related_not_related":"","_relevanssi_related_posts":"3195,10212,8581,456,1686,2213","_relevanssi_noindex_reason":"","hide_logo":false,"footnotes":""},"categories":[140,357,1],"tags":[221],"local":[5],"class_list":["post-17265","post","type-post","status-publish","format-standard","has-post-thumbnail","hentry","category-baerum","category-foredrag","category-ukategorisert","tag-221","local-baerum"],"acf":[],"yoast_head":"<!-- This site is optimized with the Yoast SEO Premium plugin v24.9 (Yoast SEO v24.9) - https:\/\/yoast.com\/wordpress\/plugins\/seo\/ -->\n<title>\u00c5pent m\u00f8te i Sandvika &quot;Der hav m\u00f8ter land&quot; om s\u00e5rbar natur i B\u00e6rum - Oslo og Akershus<\/title>\n<meta name=\"robots\" content=\"index, follow, max-snippet:-1, max-image-preview:large, max-video-preview:-1\" \/>\n<link rel=\"canonical\" href=\"https:\/\/naturvernforbundet.no\/osloogakershus\/apent-mote-i-sandvika-der-hav-moter-land-om-sarbar-natur-i-baerum\/\" \/>\n<meta property=\"og:locale\" content=\"nb_NO\" \/>\n<meta property=\"og:type\" content=\"article\" \/>\n<meta property=\"og:title\" content=\"\u00c5pent m\u00f8te i Sandvika &quot;Der hav m\u00f8ter land&quot; om s\u00e5rbar natur i B\u00e6rum\" \/>\n<meta property=\"og:description\" content=\"Et interessert publikum p\u00e5 ca 35 m\u00f8tte opp da Naturvernforbundet i B\u00e6rum inviterte til foredrag onsdag 29.5.\" \/>\n<meta property=\"og:url\" content=\"https:\/\/naturvernforbundet.no\/osloogakershus\/apent-mote-i-sandvika-der-hav-moter-land-om-sarbar-natur-i-baerum\/\" \/>\n<meta property=\"og:site_name\" content=\"Oslo og Akershus\" \/>\n<meta property=\"article:published_time\" content=\"2026-04-30T09:42:50+00:00\" \/>\n<meta property=\"og:image\" content=\"https:\/\/naturvernforbundet.no\/content\/uploads\/sites\/10\/2026\/04\/Morten-Bergan-scaled.jpeg\" \/>\n\t<meta property=\"og:image:width\" content=\"2560\" \/>\n\t<meta property=\"og:image:height\" content=\"1920\" \/>\n\t<meta property=\"og:image:type\" content=\"image\/jpeg\" \/>\n<meta name=\"author\" content=\"halvorigesund\" \/>\n<meta name=\"twitter:card\" content=\"summary_large_image\" \/>\n<meta name=\"twitter:label1\" content=\"Skrevet av\" \/>\n\t<meta name=\"twitter:data1\" content=\"halvorigesund\" \/>\n\t<meta name=\"twitter:label2\" content=\"Ansl. lesetid\" \/>\n\t<meta name=\"twitter:data2\" content=\"2 minutter\" \/>\n<script type=\"application\/ld+json\" class=\"yoast-schema-graph\">{\"@context\":\"https:\/\/schema.org\",\"@graph\":[{\"@type\":\"WebPage\",\"@id\":\"https:\/\/naturvernforbundet.no\/osloogakershus\/apent-mote-i-sandvika-der-hav-moter-land-om-sarbar-natur-i-baerum\/\",\"url\":\"https:\/\/naturvernforbundet.no\/osloogakershus\/apent-mote-i-sandvika-der-hav-moter-land-om-sarbar-natur-i-baerum\/\",\"name\":\"\u00c5pent m\u00f8te i Sandvika \\\"Der hav m\u00f8ter land\\\" om s\u00e5rbar natur i B\u00e6rum - Oslo og Akershus\",\"isPartOf\":{\"@id\":\"https:\/\/naturvernforbundet.no\/osloogakershus\/#website\"},\"primaryImageOfPage\":{\"@id\":\"https:\/\/naturvernforbundet.no\/osloogakershus\/apent-mote-i-sandvika-der-hav-moter-land-om-sarbar-natur-i-baerum\/#primaryimage\"},\"image\":{\"@id\":\"https:\/\/naturvernforbundet.no\/osloogakershus\/apent-mote-i-sandvika-der-hav-moter-land-om-sarbar-natur-i-baerum\/#primaryimage\"},\"thumbnailUrl\":\"https:\/\/naturvernforbundet.no\/content\/uploads\/sites\/10\/2026\/04\/Morten-Bergan-scaled.jpeg\",\"datePublished\":\"2026-04-30T09:42:50+00:00\",\"author\":{\"@id\":\"https:\/\/naturvernforbundet.no\/osloogakershus\/#\/schema\/person\/9490ca994dc7ebace779fb5d653eb2e5\"},\"breadcrumb\":{\"@id\":\"https:\/\/naturvernforbundet.no\/osloogakershus\/apent-mote-i-sandvika-der-hav-moter-land-om-sarbar-natur-i-baerum\/#breadcrumb\"},\"inLanguage\":\"nb-NO\",\"potentialAction\":[{\"@type\":\"ReadAction\",\"target\":[\"https:\/\/naturvernforbundet.no\/osloogakershus\/apent-mote-i-sandvika-der-hav-moter-land-om-sarbar-natur-i-baerum\/\"]}]},{\"@type\":\"ImageObject\",\"inLanguage\":\"nb-NO\",\"@id\":\"https:\/\/naturvernforbundet.no\/osloogakershus\/apent-mote-i-sandvika-der-hav-moter-land-om-sarbar-natur-i-baerum\/#primaryimage\",\"url\":\"https:\/\/naturvernforbundet.no\/content\/uploads\/sites\/10\/2026\/04\/Morten-Bergan-scaled.jpeg\",\"contentUrl\":\"https:\/\/naturvernforbundet.no\/content\/uploads\/sites\/10\/2026\/04\/Morten-Bergan-scaled.jpeg\",\"width\":2560,\"height\":1920,\"caption\":\"Morten Bergan snakker om skjeldne arter i B\u00e6rumsskj\u00e6rg\u00e5rden\"},{\"@type\":\"BreadcrumbList\",\"@id\":\"https:\/\/naturvernforbundet.no\/osloogakershus\/apent-mote-i-sandvika-der-hav-moter-land-om-sarbar-natur-i-baerum\/#breadcrumb\",\"itemListElement\":[{\"@type\":\"ListItem\",\"position\":1,\"name\":\"Till naturvernforbundet.no\",\"item\":\"https:\/\/naturvernforbundet.no\/\"},{\"@type\":\"ListItem\",\"position\":2,\"name\":\"Oslo og Akershus\",\"item\":\"https:\/\/naturvernforbundet.no\/osloogakershus\/\"},{\"@type\":\"ListItem\",\"position\":3,\"name\":\"B\u00e6rum\",\"item\":\"https:\/\/naturvernforbundet.no\/osloogakershus\/lokallag\/baerum\/\"},{\"@type\":\"ListItem\",\"position\":4,\"name\":\"\u00c5pent m\u00f8te i Sandvika &laquo;Der hav m\u00f8ter land&raquo; om s\u00e5rbar natur i B\u00e6rum\"}]},{\"@type\":\"WebSite\",\"@id\":\"https:\/\/naturvernforbundet.no\/osloogakershus\/#website\",\"url\":\"https:\/\/naturvernforbundet.no\/osloogakershus\/\",\"name\":\"Oslo og Akershus\",\"description\":\"Bare enda et Naturvernforbundet Sites-nettsted\",\"potentialAction\":[{\"@type\":\"SearchAction\",\"target\":{\"@type\":\"EntryPoint\",\"urlTemplate\":\"https:\/\/naturvernforbundet.no\/osloogakershus\/?s={search_term_string}\"},\"query-input\":{\"@type\":\"PropertyValueSpecification\",\"valueRequired\":true,\"valueName\":\"search_term_string\"}}],\"inLanguage\":\"nb-NO\"},{\"@type\":\"Person\",\"@id\":\"https:\/\/naturvernforbundet.no\/osloogakershus\/#\/schema\/person\/9490ca994dc7ebace779fb5d653eb2e5\",\"name\":\"halvorigesund\",\"image\":{\"@type\":\"ImageObject\",\"inLanguage\":\"nb-NO\",\"@id\":\"https:\/\/naturvernforbundet.no\/osloogakershus\/#\/schema\/person\/image\/\",\"url\":\"https:\/\/secure.gravatar.com\/avatar\/c2b2911aa4d017160baa105e0946deeb?s=96&d=mm&r=g\",\"contentUrl\":\"https:\/\/secure.gravatar.com\/avatar\/c2b2911aa4d017160baa105e0946deeb?s=96&d=mm&r=g\",\"caption\":\"halvorigesund\"},\"url\":\"https:\/\/naturvernforbundet.no\/osloogakershus\/author\/halvorigesund\/\"}]}<\/script>\n<!-- \/ Yoast SEO Premium plugin. -->","yoast_head_json":{"title":"\u00c5pent m\u00f8te i Sandvika \"Der hav m\u00f8ter land\" om s\u00e5rbar natur i B\u00e6rum - Oslo og Akershus","robots":{"index":"index","follow":"follow","max-snippet":"max-snippet:-1","max-image-preview":"max-image-preview:large","max-video-preview":"max-video-preview:-1"},"canonical":"https:\/\/naturvernforbundet.no\/osloogakershus\/apent-mote-i-sandvika-der-hav-moter-land-om-sarbar-natur-i-baerum\/","og_locale":"nb_NO","og_type":"article","og_title":"\u00c5pent m\u00f8te i Sandvika \"Der hav m\u00f8ter land\" om s\u00e5rbar natur i B\u00e6rum","og_description":"Et interessert publikum p\u00e5 ca 35 m\u00f8tte opp da Naturvernforbundet i B\u00e6rum inviterte til foredrag onsdag 29.5.","og_url":"https:\/\/naturvernforbundet.no\/osloogakershus\/apent-mote-i-sandvika-der-hav-moter-land-om-sarbar-natur-i-baerum\/","og_site_name":"Oslo og Akershus","article_published_time":"2026-04-30T09:42:50+00:00","og_image":[{"width":2560,"height":1920,"url":"https:\/\/naturvernforbundet.no\/content\/uploads\/sites\/10\/2026\/04\/Morten-Bergan-scaled.jpeg","type":"image\/jpeg"}],"author":"halvorigesund","twitter_card":"summary_large_image","twitter_misc":{"Skrevet av":"halvorigesund","Ansl. lesetid":"2 minutter"},"schema":{"@context":"https:\/\/schema.org","@graph":[{"@type":"WebPage","@id":"https:\/\/naturvernforbundet.no\/osloogakershus\/apent-mote-i-sandvika-der-hav-moter-land-om-sarbar-natur-i-baerum\/","url":"https:\/\/naturvernforbundet.no\/osloogakershus\/apent-mote-i-sandvika-der-hav-moter-land-om-sarbar-natur-i-baerum\/","name":"\u00c5pent m\u00f8te i Sandvika \"Der hav m\u00f8ter land\" om s\u00e5rbar natur i B\u00e6rum - Oslo og Akershus","isPartOf":{"@id":"https:\/\/naturvernforbundet.no\/osloogakershus\/#website"},"primaryImageOfPage":{"@id":"https:\/\/naturvernforbundet.no\/osloogakershus\/apent-mote-i-sandvika-der-hav-moter-land-om-sarbar-natur-i-baerum\/#primaryimage"},"image":{"@id":"https:\/\/naturvernforbundet.no\/osloogakershus\/apent-mote-i-sandvika-der-hav-moter-land-om-sarbar-natur-i-baerum\/#primaryimage"},"thumbnailUrl":"https:\/\/naturvernforbundet.no\/content\/uploads\/sites\/10\/2026\/04\/Morten-Bergan-scaled.jpeg","datePublished":"2026-04-30T09:42:50+00:00","author":{"@id":"https:\/\/naturvernforbundet.no\/osloogakershus\/#\/schema\/person\/9490ca994dc7ebace779fb5d653eb2e5"},"breadcrumb":{"@id":"https:\/\/naturvernforbundet.no\/osloogakershus\/apent-mote-i-sandvika-der-hav-moter-land-om-sarbar-natur-i-baerum\/#breadcrumb"},"inLanguage":"nb-NO","potentialAction":[{"@type":"ReadAction","target":["https:\/\/naturvernforbundet.no\/osloogakershus\/apent-mote-i-sandvika-der-hav-moter-land-om-sarbar-natur-i-baerum\/"]}]},{"@type":"ImageObject","inLanguage":"nb-NO","@id":"https:\/\/naturvernforbundet.no\/osloogakershus\/apent-mote-i-sandvika-der-hav-moter-land-om-sarbar-natur-i-baerum\/#primaryimage","url":"https:\/\/naturvernforbundet.no\/content\/uploads\/sites\/10\/2026\/04\/Morten-Bergan-scaled.jpeg","contentUrl":"https:\/\/naturvernforbundet.no\/content\/uploads\/sites\/10\/2026\/04\/Morten-Bergan-scaled.jpeg","width":2560,"height":1920,"caption":"Morten Bergan snakker om skjeldne arter i B\u00e6rumsskj\u00e6rg\u00e5rden"},{"@type":"BreadcrumbList","@id":"https:\/\/naturvernforbundet.no\/osloogakershus\/apent-mote-i-sandvika-der-hav-moter-land-om-sarbar-natur-i-baerum\/#breadcrumb","itemListElement":[{"@type":"ListItem","position":1,"name":"Till naturvernforbundet.no","item":"https:\/\/naturvernforbundet.no\/"},{"@type":"ListItem","position":2,"name":"Oslo og Akershus","item":"https:\/\/naturvernforbundet.no\/osloogakershus\/"},{"@type":"ListItem","position":3,"name":"B\u00e6rum","item":"https:\/\/naturvernforbundet.no\/osloogakershus\/lokallag\/baerum\/"},{"@type":"ListItem","position":4,"name":"\u00c5pent m\u00f8te i Sandvika &laquo;Der hav m\u00f8ter land&raquo; om s\u00e5rbar natur i B\u00e6rum"}]},{"@type":"WebSite","@id":"https:\/\/naturvernforbundet.no\/osloogakershus\/#website","url":"https:\/\/naturvernforbundet.no\/osloogakershus\/","name":"Oslo og Akershus","description":"Bare enda et Naturvernforbundet Sites-nettsted","potentialAction":[{"@type":"SearchAction","target":{"@type":"EntryPoint","urlTemplate":"https:\/\/naturvernforbundet.no\/osloogakershus\/?s={search_term_string}"},"query-input":{"@type":"PropertyValueSpecification","valueRequired":true,"valueName":"search_term_string"}}],"inLanguage":"nb-NO"},{"@type":"Person","@id":"https:\/\/naturvernforbundet.no\/osloogakershus\/#\/schema\/person\/9490ca994dc7ebace779fb5d653eb2e5","name":"halvorigesund","image":{"@type":"ImageObject","inLanguage":"nb-NO","@id":"https:\/\/naturvernforbundet.no\/osloogakershus\/#\/schema\/person\/image\/","url":"https:\/\/secure.gravatar.com\/avatar\/c2b2911aa4d017160baa105e0946deeb?s=96&d=mm&r=g","contentUrl":"https:\/\/secure.gravatar.com\/avatar\/c2b2911aa4d017160baa105e0946deeb?s=96&d=mm&r=g","caption":"halvorigesund"},"url":"https:\/\/naturvernforbundet.no\/osloogakershus\/author\/halvorigesund\/"}]}},"_links":{"self":[{"href":"https:\/\/naturvernforbundet.no\/osloogakershus\/wp-json\/wp\/v2\/posts\/17265","targetHints":{"allow":["GET"]}}],"collection":[{"href":"https:\/\/naturvernforbundet.no\/osloogakershus\/wp-json\/wp\/v2\/posts"}],"about":[{"href":"https:\/\/naturvernforbundet.no\/osloogakershus\/wp-json\/wp\/v2\/types\/post"}],"author":[{"embeddable":true,"href":"https:\/\/naturvernforbundet.no\/osloogakershus\/wp-json\/wp\/v2\/users\/342"}],"replies":[{"embeddable":true,"href":"https:\/\/naturvernforbundet.no\/osloogakershus\/wp-json\/wp\/v2\/comments?post=17265"}],"version-history":[{"count":3,"href":"https:\/\/naturvernforbundet.no\/osloogakershus\/wp-json\/wp\/v2\/posts\/17265\/revisions"}],"predecessor-version":[{"id":17268,"href":"https:\/\/naturvernforbundet.no\/osloogakershus\/wp-json\/wp\/v2\/posts\/17265\/revisions\/17268"}],"wp:featuredmedia":[{"embeddable":true,"href":"https:\/\/naturvernforbundet.no\/osloogakershus\/wp-json\/wp\/v2\/media\/17264"}],"wp:attachment":[{"href":"https:\/\/naturvernforbundet.no\/osloogakershus\/wp-json\/wp\/v2\/media?parent=17265"}],"wp:term":[{"taxonomy":"category","embeddable":true,"href":"https:\/\/naturvernforbundet.no\/osloogakershus\/wp-json\/wp\/v2\/categories?post=17265"},{"taxonomy":"post_tag","embeddable":true,"href":"https:\/\/naturvernforbundet.no\/osloogakershus\/wp-json\/wp\/v2\/tags?post=17265"},{"taxonomy":"local","embeddable":true,"href":"https:\/\/naturvernforbundet.no\/osloogakershus\/wp-json\/wp\/v2\/local?post=17265"}],"curies":[{"name":"wp","href":"https:\/\/api.w.org\/{rel}","templated":true}]}}