{"id":17923,"date":"2026-08-11T09:30:47","date_gmt":"2026-08-11T07:30:47","guid":{"rendered":"https:\/\/naturvernforbundet.no\/osloogakershus\/?p=17923"},"modified":"2026-09-05T15:59:54","modified_gmt":"2026-09-05T13:59:54","slug":"underskriftskampanje-ja-til-vern-av-sognsvannsbekken","status":"publish","type":"post","link":"https:\/\/naturvernforbundet.no\/osloogakershus\/underskriftskampanje-ja-til-vern-av-sognsvannsbekken\/","title":{"rendered":"Underskriftskampanje: Ja til vern av Sognsvannsbekken"},"content":{"rendered":"\t<div class=\"template-post alignnone wp-block-naturvern-hero\">\n\t\t<div class=\"hero__inner\">\n\t\t\t<div class=\"hero__inner_blocks\">\n\t\t\t\t\t\t\t\t\n<h1 class=\"wp-block-post-title\">Underskriftskampanje: Ja til vern av Sognsvannsbekken<\/h1>\n\n<div class=\"wp-block-post-excerpt\"><p class=\"wp-block-post-excerpt__excerpt\">Ja til vern av Sognsvannsbekken med kantsoner, Haugerudmorenen, Gaustadjordene og edell\u00f8vskogen p\u00e5 Gaustad! <\/p><\/div>\n\n<figure class=\"wp-block-post-featured-image\"><div class=\"t2-image-credit\"><div class=\"t2-image-credit\"><img loading=\"lazy\" decoding=\"async\" width=\"1062\" height=\"634\" src=\"https:\/\/naturvernforbundet.no\/content\/uploads\/sites\/10\/2026\/08\/Bilde-09.02.2026-klokken-16.07-1.png\" class=\"attachment-post-thumbnail size-post-thumbnail wp-post-image\" alt=\"\" style=\"object-fit:cover;\" srcset=\"https:\/\/naturvernforbundet.no\/content\/uploads\/sites\/10\/2026\/08\/Bilde-09.02.2026-klokken-16.07-1.png 1062w, https:\/\/naturvernforbundet.no\/content\/uploads\/sites\/10\/2026\/08\/Bilde-09.02.2026-klokken-16.07-1-300x179.png 300w, https:\/\/naturvernforbundet.no\/content\/uploads\/sites\/10\/2026\/08\/Bilde-09.02.2026-klokken-16.07-1-1024x611.png 1024w, https:\/\/naturvernforbundet.no\/content\/uploads\/sites\/10\/2026\/08\/Bilde-09.02.2026-klokken-16.07-1-768x458.png 768w\" sizes=\"auto, (max-width: 1062px) 100vw, 1062px\" \/><span class=\"t2-image-credit-name\">Foto: Sigurd Hovland Haavie<\/span><\/div><span class=\"t2-image-credit-name\">Foto: Sigurd Hovland Haavie<\/span><\/div><\/figure>\n\t\t\t<\/div>\n\t\t\t\t\t<\/div>\n\t\t\t<\/div>\n\t\n\n\n<p>Sognsvannsbekken og kulturlandskapet s\u00f8r for Sognsvann har store naturverdier og er viktige for rekreasjon og friluftsliv, men er kontinuerlig truet av nedbygging.&nbsp;<\/p>\n\n\n\n<p>Bli med og krev varig vern av de s\u00e5rbare omr\u00e5dene!&nbsp;<\/p>\n\n\n\n\t\t<div class=\"t2-factbox wp-block-t2-factbox\" id=\"t2-factbox\">\n\t\t\t<div class=\"t2-factbox__content\">\n\t\t\t\t<div class=\"t2-factbox__blocks t2-factbox__inner-container\">\n\t\t\t\t\t\n\n<h2 class=\"wp-block-heading\" id=\"h-skriv-under\">Skriv under: <\/h2>\n\n\n<script>\nvar gform;gform||(document.addEventListener(\"gform_main_scripts_loaded\",function(){gform.scriptsLoaded=!0}),document.addEventListener(\"gform\/theme\/scripts_loaded\",function(){gform.themeScriptsLoaded=!0}),window.addEventListener(\"DOMContentLoaded\",function(){gform.domLoaded=!0}),gform={domLoaded:!1,scriptsLoaded:!1,themeScriptsLoaded:!1,isFormEditor:()=>\"function\"==typeof InitializeEditor,callIfLoaded:function(o){return!(!gform.domLoaded||!gform.scriptsLoaded||!gform.themeScriptsLoaded&&!gform.isFormEditor()||(gform.isFormEditor()&&console.warn(\"The use of gform.initializeOnLoaded() is deprecated in the form editor context and will be removed in Gravity Forms 3.1.\"),o(),0))},initializeOnLoaded:function(o){gform.callIfLoaded(o)||(document.addEventListener(\"gform_main_scripts_loaded\",()=>{gform.scriptsLoaded=!0,gform.callIfLoaded(o)}),document.addEventListener(\"gform\/theme\/scripts_loaded\",()=>{gform.themeScriptsLoaded=!0,gform.callIfLoaded(o)}),window.addEventListener(\"DOMContentLoaded\",()=>{gform.domLoaded=!0,gform.callIfLoaded(o)}))},hooks:{action:{},filter:{}},addAction:function(o,r,e,t){gform.addHook(\"action\",o,r,e,t)},addFilter:function(o,r,e,t){gform.addHook(\"filter\",o,r,e,t)},doAction:function(o){gform.doHook(\"action\",o,arguments)},applyFilters:function(o){return gform.doHook(\"filter\",o,arguments)},removeAction:function(o,r){gform.removeHook(\"action\",o,r)},removeFilter:function(o,r,e){gform.removeHook(\"filter\",o,r,e)},addHook:function(o,r,e,t,n){null==gform.hooks[o][r]&&(gform.hooks[o][r]=[]);var d=gform.hooks[o][r];null==n&&(n=r+\"_\"+d.length),gform.hooks[o][r].push({tag:n,callable:e,priority:t=null==t?10:t})},doHook:function(r,o,e){var t;if(e=Array.prototype.slice.call(e,1),null!=gform.hooks[r][o]&&((o=gform.hooks[r][o]).sort(function(o,r){return o.priority-r.priority}),o.forEach(function(o){\"function\"!=typeof(t=o.callable)&&(t=window[t]),\"action\"==r?t.apply(null,e):e[0]=t.apply(null,e)})),\"filter\"==r)return e[0]},removeHook:function(o,r,t,n){var e;null!=gform.hooks[o][r]&&(e=(e=gform.hooks[o][r]).filter(function(o,r,e){return!!(null!=n&&n!=o.tag||null!=t&&t!=o.priority)}),gform.hooks[o][r]=e)}});\n<\/script>\n\n                <div class='gf_browser_gecko gform_wrapper gravity-theme gform-theme--no-framework' data-form-theme='gravity-theme' data-form-index='0' id='gform_wrapper_15' >\n                        <div class='gform_heading'>\n                            <h2 class=\"gform_title\">Ja til vern av Sognsvannsbekken<\/h2>\n                            <p class='gform_description'>Ja til vern av Sognsvannsbekken med kantsoner, Haugerudmorenen, Gaustadjordene og edell\u00f8vskogen p\u00e5 Gaustad!<\/p>\n                        <\/div><form method='post' enctype='multipart\/form-data'  id='gform_15'  action='\/osloogakershus\/wp-json\/wp\/v2\/posts\/17923' data-formid='15' novalidate>\n                        <div class='gform-body gform_body'><div id='gform_fields_15' class='gform_fields top_label form_sublabel_below description_below validation_below'><fieldset id=\"field_15_1\" class=\"gfield gfield--type-name gfield--input-type-name gfield_contains_required field_sublabel_below gfield--no-description field_description_below field_validation_below gfield_visibility_visible\"  ><legend class='gfield_label gform-field-label gfield_label_before_complex' >Navn<span class=\"gfield_required\"><span class=\"gfield_required gfield_required_text\">(P\u00e5krevd)<\/span><\/span><\/legend><div class='ginput_complex ginput_container ginput_container--name no_prefix has_first_name no_middle_name has_last_name no_suffix gf_name_has_2 ginput_container_name gform-grid-row' id='input_15_1'>\n                            \n                            <span id='input_15_1_3_container' class='name_first gform-grid-col gform-grid-col--size-auto' >\n                                                    <input type='text' name='input_1.3' id='input_15_1_3' value=''   aria-required='true'     \/>\n                                                    <label for='input_15_1_3' class='gform-field-label gform-field-label--type-sub '>Fornavn<\/label>\n                                                <\/span>\n                            \n                            <span id='input_15_1_6_container' class='name_last gform-grid-col gform-grid-col--size-auto' >\n                                                    <input type='text' name='input_1.6' id='input_15_1_6' value=''   aria-required='true'     \/>\n                                                    <label for='input_15_1_6' class='gform-field-label gform-field-label--type-sub '>Etternavn<\/label>\n                                                <\/span>\n                            \n                        <\/div><\/fieldset><div id=\"field_15_3\" class=\"gfield gfield--type-email gfield--input-type-email gfield--width-full gfield_contains_required field_sublabel_below gfield--no-description field_description_below field_validation_below gfield_visibility_visible\"  ><label class='gfield_label gform-field-label' for='input_15_3'>E-post<span class=\"gfield_required\"><span class=\"gfield_required gfield_required_text\">(P\u00e5krevd)<\/span><\/span><\/label><div class='ginput_container ginput_container_email'>\n                            <input name='input_3' id='input_15_3' type='email' value='' class='large'    aria-required=\"true\" aria-invalid=\"false\"  \/>\n                        <\/div><\/div><fieldset id=\"field_15_4\" class=\"gfield gfield--type-consent gfield--type-choice gfield--input-type-consent gfield--width-full gfield_contains_required field_sublabel_below gfield--no-description field_description_below field_validation_below gfield_visibility_visible\"  ><legend class='gfield_label gform-field-label gfield_label_before_complex' >Samtykke<span class=\"gfield_required\"><span class=\"gfield_required gfield_required_text\">(P\u00e5krevd)<\/span><\/span><\/legend><div class='ginput_container ginput_container_consent'><input name='input_4.1' id='input_15_4_1' type='checkbox' value='1'   aria-required=\"true\" aria-invalid=\"false\"   \/> <label class=\"gform-field-label gform-field-label--type-inline gfield_consent_label\" for='input_15_4_1' >Ved \u00e5 signere samtykker jeg til at Naturvernforbundet lagrer min kontaktinformasjon i forbindelse med gjennomf\u00f8ringen av kampanjen, og kan kontakte meg med relevant informasjon. Naturvernforbundets personvernerkl\u00e6ring: naturvernforbundet.no\/personvern<\/label><input type='hidden' name='input_4.2' value='Ved \u00e5 signere samtykker jeg til at Naturvernforbundet lagrer min kontaktinformasjon i forbindelse med gjennomf\u00f8ringen av kampanjen, og kan kontakte meg med relevant informasjon. Naturvernforbundets personvernerkl\u00e6ring: naturvernforbundet.no\/personvern' class='gform_hidden' \/><input type='hidden' name='input_4.3' value='7' class='gform_hidden' \/><\/div><\/fieldset><\/div><\/div>\n        <div class='gform-footer gform_footer top_label'> <input type='submit' id='gform_submit_button_15' class='gform_button button' onclick='gform.submission.handleButtonClick(this);' data-submission-type='submit' value='Send inn'  \/> \n            <input type='hidden' class='gform_hidden' name='gform_submission_method' data-js='gform_submission_method_15' value='postback' \/>\n            <input type='hidden' class='gform_hidden' name='gform_theme' data-js='gform_theme_15' id='gform_theme_15' value='gravity-theme' \/>\n            <input type='hidden' class='gform_hidden' name='gform_style_settings' data-js='gform_style_settings_15' id='gform_style_settings_15' value='{&quot;inputPrimaryColor&quot;:&quot;#204ce5&quot;}' \/>\n            <input type='hidden' class='gform_hidden' name='is_submit_15' value='1' \/>\n            <input type='hidden' class='gform_hidden' name='gform_submit' value='15' \/>\n            \n            <input type='hidden' class='gform_hidden' name='gform_currency' data-currency='NOK' value='6y6mUpb3lgPY0vTK+g17mCnt29e3oxMWrJ53HYo7+HbWkgm\/F+cg74nIH2W9oCErQLpwwx3dLrg8gNr5\/OFt820Da3un9VlYsoZyNz9S1Gmx2\/c=' \/>\n            <input type='hidden' class='gform_hidden' name='gform_unique_id' value='' \/>\n            <input type='hidden' class='gform_hidden' name='state_15' value='WyJ7XCI0LjFcIjpcIjIyM2U4NjkzNGZiMGNkZmUzNjBlOTdhMDg0YThmODE4XCIsXCI0LjJcIjpcImQ0ZTRiZmIxOTQ0YmVmYjFjMmVjNTY0MjMxZDgyMTBhXCIsXCI0LjNcIjpcIjcxYmMzM2E1NWJjMGVkMzEwMGRkN2M4OGZlNWFiNWVmXCJ9IiwiOTIzMmRiZGNiNzlkZjMzMmE2ZjQ2NDNiMzQxYmNiYjAiXQ==' \/>\n            <input type='hidden' autocomplete='off' class='gform_hidden' name='gform_target_page_number_15' id='gform_target_page_number_15' value='0' \/>\n            <input type='hidden' autocomplete='off' class='gform_hidden' name='gform_source_page_number_15' id='gform_source_page_number_15' value='1' \/>\n            <input type='hidden' name='gform_field_values' value='' \/>\n            \n        <\/div>\n                        <\/form>\n                        <\/div><script>\ngform.initializeOnLoaded( function() {gformInitSpinner( 15, 'https:\/\/naturvernforbundet.no\/content\/plugins\/gravityforms\/images\/spinner.svg', true );jQuery('#gform_ajax_frame_15').on('load',function(){var contents = jQuery(this).contents().find('*').html();var is_postback = contents.indexOf('GF_AJAX_POSTBACK') >= 0;if(!is_postback){return;}var form_content = jQuery(this).contents().find('#gform_wrapper_15');var is_confirmation = jQuery(this).contents().find('#gform_confirmation_wrapper_15').length > 0;var is_redirect = contents.indexOf('gformRedirect(){') >= 0;var is_form = form_content.length > 0 && ! is_redirect && ! is_confirmation;var mt = parseInt(jQuery('html').css('margin-top'), 10) + parseInt(jQuery('body').css('margin-top'), 10) + 100;if(is_form){jQuery('#gform_wrapper_15').html(form_content.html());if(form_content.hasClass('gform_validation_error')){jQuery('#gform_wrapper_15').addClass('gform_validation_error');} else {jQuery('#gform_wrapper_15').removeClass('gform_validation_error');}setTimeout( function() { \/* delay the scroll by 50 milliseconds to fix a bug in chrome *\/  }, 50 );if(window['gformInitDatepicker']) {gformInitDatepicker();}if(window['gformInitPriceFields']) {gformInitPriceFields();}var current_page = jQuery('#gform_source_page_number_15').val();gformInitSpinner( 15, 'https:\/\/naturvernforbundet.no\/content\/plugins\/gravityforms\/images\/spinner.svg', true );jQuery(document).trigger('gform_page_loaded', [15, current_page]);window['gf_submitting_15'] = false;}else if(!is_redirect){var confirmation_content = jQuery(this).contents().find('.GF_AJAX_POSTBACK').html();if(!confirmation_content){confirmation_content = contents;}jQuery('#gform_wrapper_15').replaceWith(confirmation_content);jQuery(document).trigger('gform_confirmation_loaded', [15]);window['gf_submitting_15'] = false;wp.a11y.speak(jQuery('#gform_confirmation_message_15').text());}else{jQuery('#gform_15').append(contents);if(window['gformRedirect']) {gformRedirect();}}jQuery(document).trigger(\"gform_pre_post_render\", [{ formId: \"15\", currentPage: \"current_page\", abort: function() { this.preventDefault(); } }]);        if (event && event.defaultPrevented) {                return;        }        const gformWrapperDiv = document.getElementById( \"gform_wrapper_15\" );        if ( gformWrapperDiv ) {            const visibilitySpan = document.createElement( \"span\" );            visibilitySpan.id = \"gform_visibility_test_15\";            gformWrapperDiv.insertAdjacentElement( \"afterend\", visibilitySpan );        }        const visibilityTestDiv = document.getElementById( \"gform_visibility_test_15\" );        let postRenderFired = false;        function triggerPostRender() {            if ( postRenderFired ) {                return;            }            postRenderFired = true;            gform.core.triggerPostRenderEvents( 15, current_page );            if ( visibilityTestDiv ) {                visibilityTestDiv.parentNode.removeChild( visibilityTestDiv );            }        }        function debounce( func, wait, immediate ) {            var timeout;            return function() {                var context = this, args = arguments;                var later = function() {                    timeout = null;                    if ( !immediate ) func.apply( context, args );                };                var callNow = immediate && !timeout;                clearTimeout( timeout );                timeout = setTimeout( later, wait );                if ( callNow ) func.apply( context, args );            };        }        const debouncedTriggerPostRender = debounce( function() {            triggerPostRender();        }, 200 );        if ( visibilityTestDiv && visibilityTestDiv.offsetParent === null ) {            const observer = new MutationObserver( ( mutations ) => {                mutations.forEach( ( mutation ) => {                    if ( mutation.type === 'attributes' && visibilityTestDiv.offsetParent !== null ) {                        debouncedTriggerPostRender();                        observer.disconnect();                    }                });            });            observer.observe( document.body, {                attributes: true,                childList: false,                subtree: true,                attributeFilter: [ 'style', 'class' ],            });        } else {            triggerPostRender();        }    } );} );\n<\/script>\n\n\n\t\t\t\t<\/div>\n\t\t\t\t\n\t\t\t<\/div>\n\t\t\t\n\t\t<\/div>\n\n\n<p>Naturvernforbundet Oslo Nord har foresl\u00e5tt at kulturlandskapet s\u00f8r for Sognsvann vernes som naturreservat eller landskapsvernomr\u00e5de. Omr\u00e5det inkluderer Sognsvannsbekken med kantsoner, Gaustadjordene, edell\u00f8vskogen p\u00e5 Gaustad og Haugerudmorenen med sine unike geologiske naturverdier.&nbsp;<\/p>\n\n\n\n<p>Asplan Viak har i 2026 kartlagt naturverdier langs \u00f8vre deler av Sognsvannsbekken og dokumentert tretten naturtypelokaliteter hvorav hele syv hadde h\u00f8yeste konsekvensutredningsverdi (<a href=\"https:\/\/www.miljodirektoratet.no\/ansvarsomrader\/overvaking-arealplanlegging\/arealplanlegging\/konsekvensutredninger\/metode-for-utredning\/naturmangfold\/1.4-sett-verdi\" target=\"_blank\" rel=\"noreferrer noopener\">KU-verdi<\/a>). Dette er naturtyper som for eksempel<em> flomskogmar<\/em>k og <em>frisk rik edell\u00f8vskog<\/em>. <a href=\"https:\/\/www.miljodirektoratet.no\/ansvarsomrader\/overvaking-arealplanlegging\/arealplanlegging\/konsekvensutredninger\/metode-for-utredning\/naturmangfold\/1.4-sett-verdi\" target=\"_blank\" rel=\"noreferrer noopener\">H\u00f8yeste KU-verdi<\/a> gis i hovedsak til naturmangfold som er vernet etter norsk lov, eller som har nasjonal eller internasjonal betydning. Rapporten kan lastes ned <a href=\"https:\/\/naturvernforbundet.no\/dokumenter\/rapport-naturverdier-langs-ovre-deler-av-sognsvannsbekken\/\">her<\/a>.<\/p>\n\n\n\n<p>Det som gj\u00f8r omr\u00e5det s\u00f8r for Sognsvann ekstra verneverdig er at de fleste naturtypene befinner seg i et sammenhengende belte langs med Sognsvannsbekken. Det er de skraverte omr\u00e5dene p\u00e5 kartet under.\u00a0<\/p>\n\n\n\n<div class=\"wp-block-columns is-layout-flex wp-container-core-columns-is-layout-1 wp-block-columns-is-layout-flex\">\n<div class=\"wp-block-column is-layout-flow wp-block-column-is-layout-flow\">\n<figure class=\"wp-block-image size-large\"><img loading=\"lazy\" decoding=\"async\" width=\"808\" height=\"1024\" src=\"https:\/\/naturvernforbundet.no\/content\/uploads\/sites\/10\/2026\/08\/Songsvannsbekken-1-808x1024.png\" alt=\"\" class=\"wp-image-17929\" srcset=\"https:\/\/naturvernforbundet.no\/content\/uploads\/sites\/10\/2026\/08\/Songsvannsbekken-1-808x1024.png 808w, https:\/\/naturvernforbundet.no\/content\/uploads\/sites\/10\/2026\/08\/Songsvannsbekken-1-237x300.png 237w, https:\/\/naturvernforbundet.no\/content\/uploads\/sites\/10\/2026\/08\/Songsvannsbekken-1-768x973.png 768w, https:\/\/naturvernforbundet.no\/content\/uploads\/sites\/10\/2026\/08\/Songsvannsbekken-1.png 967w\" sizes=\"auto, (max-width: 808px) 100vw, 808px\" \/><figcaption class=\"wp-element-caption\">Omr\u00e5det som er foresl\u00e5tt vernet er alt innenfor den gr\u00f8nne streken p\u00e5 kartet over.\u00a0Haugerudmorenen ligger\u00a0vest for der det st\u00e5r &laquo;Haugerud&raquo; p\u00e5 kartet, nord for Holtet Tangerud og s\u00f8r for den s\u00f8rligste fotballbanen p\u00e5 Kringsj\u00e5.\u00a0<\/figcaption><\/figure>\n<\/div>\n<\/div>\n\n\n\n<p>Innenfor omr\u00e5det vi \u00f8nsker vernet ligger ogs\u00e5 den 11000 \u00e5r gamle Haugerudmorenen ved Kringsj\u00e5 som professor \u00d8yvind Hammer ved Universitetet i Oslo har p\u00e5pekt har <a href=\"https:\/\/www.nab.no\/kringsja-beboere-i-kamp-mot-utvidelse-av-idrettsanlegg-frykter-tap-av-natur\/s\/5-143-518955\" target=\"_blank\" rel=\"noreferrer noopener\">uvurderlige geologiske naturverdier<\/a>. Les hans uttalelse<a href=\"https:\/\/naturvernforbundet.no\/dokumenter\/uttalelse-geologiske-naturverdier-i-haugerudmorenen\/\"> her.<\/a>&nbsp;<\/p>\n\n\n\n<p>Sognsvannsbekken renner over kalkholdig berggrunn og inneholder r\u00f8dlistete arter som <a href=\"https:\/\/snl.no\/edelkreps\">edelkreps<\/a> og <a href=\"https:\/\/snl.no\/elvemusling\">elvemusling<\/a>. Over halvparten av den europeiske bestanden av elvemusling finnes i Norge, og den er en <em><a href=\"https:\/\/snl.no\/ansvarsart\">ansvarsart<\/a><\/em>. En ansvarsart er en art som et land har et spesielt ansvar for \u00e5 verne i henhold til <a href=\"https:\/\/eur03.safelinks.protection.outlook.com\/?url=https%3A%2F%2Fno.wikipedia.org%2Fwiki%2FBonnkonvensjonen&amp;data=05%7C02%7Chelenel%40naturvernforbundet.no%7C8f2a04d012ad43f8cf7a08dec6ef58a0%7C484fb8dca73d4d1982e3b36d413d5bed%7C0%7C0%7C639166928459903987%7CUnknown%7CTWFpbGZsb3d8eyJFbXB0eU1hcGkiOnRydWUsIlYiOiIwLjAuMDAwMCIsIlAiOiJXaW4zMiIsIkFOIjoiTWFpbCIsIldUIjoyfQ%3D%3D%7C0%7C%7C%7C&amp;sdata=V3SyYnOzr%2BNY7gbIsv%2FQq9Voajfb4lTrvM8wXMHTE3k%3D&amp;reserved=0\" target=\"_blank\" rel=\"noreferrer noopener\">Bonn<\/a>&#8211; og <a href=\"https:\/\/eur03.safelinks.protection.outlook.com\/?url=https%3A%2F%2Fno.wikipedia.org%2Fwiki%2FKonvensjonen_om_vern_av_ville_europeiske_planter_og_dyr_og_deres_naturlige_leveomr%25C3%25A5der&amp;data=05%7C02%7Chelenel%40naturvernforbundet.no%7C8f2a04d012ad43f8cf7a08dec6ef58a0%7C484fb8dca73d4d1982e3b36d413d5bed%7C0%7C0%7C639166928459933446%7CUnknown%7CTWFpbGZsb3d8eyJFbXB0eU1hcGkiOnRydWUsIlYiOiIwLjAuMDAwMCIsIlAiOiJXaW4zMiIsIkFOIjoiTWFpbCIsIldUIjoyfQ%3D%3D%7C0%7C%7C%7C&amp;sdata=DzQV3l1%2FR7McyMbO8AAzUbZeOeXO6WLicSsnyt9zgsE%3D&amp;reserved=0\" target=\"_blank\" rel=\"noreferrer noopener\">Bern<\/a>-konvensjonene.&nbsp;&nbsp;<\/p>\n\n\n\n<p>Naturvernforbundet Oslo Nord har foresl\u00e5tt at hele omr\u00e5det innenfor den\u00a0gr\u00f8nne streken p\u00e5 kartet over vernes som enten landskapsvernomr\u00e5de eller naturreservat (skraverte soner).<\/p>\n\n\n\n<p>Det er i dette omr\u00e5det det blant annet foreligger planer om en 3,8 km lang og fire meter bred asfaltert rulleskil\u00f8ype p\u00e5 kommunal og statlig grunn. (Se kartet under.) L\u00f8ypa skal ha belysning og sn\u00f8kanoner med 50 meters mellomrom. Aftenposten har publisert flere debattinnlegg for og imot som kan leses\u00a0<a href=\"https:\/\/www.aftenposten.no\/meninger\/debatt\/i\/lnQ7zy\/rulleski-prosjektet-ved-sognsvann-er-vanvittig\" target=\"_blank\" rel=\"noreferrer noopener\">her.\u00a0<\/a><\/p>\n\n\n\n<figure class=\"wp-block-image size-full\"><img loading=\"lazy\" decoding=\"async\" width=\"562\" height=\"802\" src=\"https:\/\/naturvernforbundet.no\/content\/uploads\/sites\/10\/2026\/08\/rulleskiloype.png\" alt=\"\" class=\"wp-image-18069\" srcset=\"https:\/\/naturvernforbundet.no\/content\/uploads\/sites\/10\/2026\/08\/rulleskiloype.png 562w, https:\/\/naturvernforbundet.no\/content\/uploads\/sites\/10\/2026\/08\/rulleskiloype-210x300.png 210w\" sizes=\"auto, (max-width: 562px) 100vw, 562px\" \/><figcaption class=\"wp-element-caption\">Plankartet, hentet fra Oslo kommune sine sider, viser det planlagte rulleskianlegget som g\u00e5r i en stor sl\u00f8yfe rundt Gaustadjordet, krysser bekken, og g\u00e5r i en ny sl\u00f8yfe over Haugerudmorenen og s\u00f8rover.<\/figcaption><\/figure>\n\n\n\n<p>Rulleskil\u00f8ypen skal g\u00e5 i jordkanten p\u00e5 vestsiden av Sognsvannsbekken. <\/p>\n\n\n\n<p>P\u00e5 1800-tallet ble beveren utryddet i mange land. I Norge var det f\u00e6rre enn hundre dyr igjen, men n\u00e5 er beveren tilbake i Sognsvannsbekken. Det viser at naturvern virker.&nbsp;<\/p>\n\n\n\n<figure class=\"wp-block-image size-large\"><div class=\"t2-image-credit\"><img loading=\"lazy\" decoding=\"async\" width=\"1024\" height=\"611\" src=\"https:\/\/naturvernforbundet.no\/content\/uploads\/sites\/10\/2026\/08\/Bilde-09.02.2026-klokken-16.07-1-1024x611.png\" alt=\"\" class=\"wp-image-17924\" srcset=\"https:\/\/naturvernforbundet.no\/content\/uploads\/sites\/10\/2026\/08\/Bilde-09.02.2026-klokken-16.07-1-1024x611.png 1024w, https:\/\/naturvernforbundet.no\/content\/uploads\/sites\/10\/2026\/08\/Bilde-09.02.2026-klokken-16.07-1-300x179.png 300w, https:\/\/naturvernforbundet.no\/content\/uploads\/sites\/10\/2026\/08\/Bilde-09.02.2026-klokken-16.07-1-768x458.png 768w, https:\/\/naturvernforbundet.no\/content\/uploads\/sites\/10\/2026\/08\/Bilde-09.02.2026-klokken-16.07-1.png 1062w\" sizes=\"auto, (max-width: 1024px) 100vw, 1024px\" \/><span class=\"t2-image-credit-name\">Foto: Sigurd Hovland Haavie<\/span><\/div><\/figure>\n\n\n\n<p>Mange innbyggere i Oslo er grundig lei av bit-for-bit-nedbygging av n\u00e6rskog, turomr\u00e5der og gr\u00f8nne lunger i byen v\u00e5r. Summen av sm\u00e5 og store inngrep truer b\u00e5de naturmangfoldet og kvaliteten p\u00e5 n\u00e6rmilj\u00f8ene.&nbsp;&nbsp;<\/p>\n\n\n\n<p>Titusenvis av Oslos innbyggere er jevnlige brukere av kulturlandskapet s\u00f8r for Sognsvann som vi \u00f8nsker \u00e5 verne. Omr\u00e5dene har ikke bare store naturverdier, men er ogs\u00e5 viktige for rekreasjon og fysisk og psykisk helse for store og sm\u00e5.&nbsp;<\/p>\n\n\n\n<p>Bli med og st\u00f8tt oss i kampen mot rasering og nedbygging!&nbsp;<\/p>\n\n\n\n<p>Signaturene leveres januar 2027 til b\u00e5de milj\u00f8byr\u00e5den i Oslo kommune og Milj\u00f8direktoratet som utreder omr\u00e5der som har behov for vern.&nbsp;<\/p>\n\n\n<ul class=\"t2-link-list has-2-items has-auto-columns wp-block-t2-link-list\">\n\t<li class=\"t2-link-list-item wp-block-t2-link-list-item\">\n\t\t<a\n\t\t\thref=\"https:\/\/naturvernforbundet.no\/dokumenter\/rapport-naturverdier-langs-ovre-deler-av-sognsvannsbekken\/\"\n\t\t\tclass=\"t2-link-list-item__link t2-link-list__icon--left\"\n\t\t\trel=\"noreferrer noopener\" target=\"_blank\"\t\t>\n\t\t\t<span class=\"t2-link-list-item__icon\"><span class=\"t2-link-list-item__icon-box\"><\/span><svg xmlns=\"http:\/\/www.w3.org\/2000\/svg\" viewBox=\"0 0 24 24\" height=\"24\" width=\"24\" class=\"t2-icon t2-icon-linkexternal\" aria-hidden=\"true\" focusable=\"false\"><path d=\"M5 21c-.5 0-1-.2-1.4-.6S3 19.6 3 19V5c0-.6.2-1 .6-1.4S4.5 3 5 3h6c.3 0 .5.1.7.3.2.2.3.4.3.7 0 .3-.1.5-.3.7-.2.2-.4.3-.7.3H5v14h14v-6c0-.3.1-.5.3-.7.2-.2.4-.3.7-.3s.5.1.7.3c.2.2.3.4.3.7v6c0 .6-.2 1-.6 1.4s-.8.6-1.4.6H5zm4-6c-.2-.2-.3-.4-.3-.7s.1-.5.3-.7L17.6 5H15c-.3 0-.5-.1-.7-.3-.2-.2-.3-.4-.3-.7 0-.3.1-.5.3-.7.2-.2.4-.3.7-.3h5c.3 0 .5.1.7.3.2.2.3.4.3.7v5c0 .3-.1.5-.3.7-.2.2-.4.3-.7.3s-.5-.1-.7-.3c-.2-.2-.3-.4-.3-.7V6.4L10.4 15c-.2.2-.4.3-.7.3s-.5-.1-.7-.3z\"\/><\/svg><\/span>\t\t\t<div class=\"t2-link-list-item__content\">\n\n\t\t\t\t\n\t\t\t\t<span class=\"t2-link-list-item__text\">\n\t\t\t\t\tRapport: Naturverdier langs \u00f8vre deler av Sognsvannsbekken\t\t\t\t<\/span>\n\t\t\t\t\t\t\t<\/div>\n\t\t<\/a>\n\t<\/li>\n\t\n\n\t<li class=\"t2-link-list-item wp-block-t2-link-list-item\">\n\t\t<a\n\t\t\thref=\"https:\/\/naturvernforbundet.no\/dokumenter\/uttalelse-geologiske-naturverdier-i-haugerudmorenen\/\"\n\t\t\tclass=\"t2-link-list-item__link t2-link-list__icon--left\"\n\t\t\trel=\"noreferrer noopener\" target=\"_blank\"\t\t>\n\t\t\t<span class=\"t2-link-list-item__icon\"><span class=\"t2-link-list-item__icon-box\"><\/span><svg xmlns=\"http:\/\/www.w3.org\/2000\/svg\" viewBox=\"0 0 24 24\" height=\"24\" width=\"24\" class=\"t2-icon t2-icon-linkexternal\" aria-hidden=\"true\" focusable=\"false\"><path d=\"M5 21c-.5 0-1-.2-1.4-.6S3 19.6 3 19V5c0-.6.2-1 .6-1.4S4.5 3 5 3h6c.3 0 .5.1.7.3.2.2.3.4.3.7 0 .3-.1.5-.3.7-.2.2-.4.3-.7.3H5v14h14v-6c0-.3.1-.5.3-.7.2-.2.4-.3.7-.3s.5.1.7.3c.2.2.3.4.3.7v6c0 .6-.2 1-.6 1.4s-.8.6-1.4.6H5zm4-6c-.2-.2-.3-.4-.3-.7s.1-.5.3-.7L17.6 5H15c-.3 0-.5-.1-.7-.3-.2-.2-.3-.4-.3-.7 0-.3.1-.5.3-.7.2-.2.4-.3.7-.3h5c.3 0 .5.1.7.3.2.2.3.4.3.7v5c0 .3-.1.5-.3.7-.2.2-.4.3-.7.3s-.5-.1-.7-.3c-.2-.2-.3-.4-.3-.7V6.4L10.4 15c-.2.2-.4.3-.7.3s-.5-.1-.7-.3z\"\/><\/svg><\/span>\t\t\t<div class=\"t2-link-list-item__content\">\n\n\t\t\t\t\n\t\t\t\t<span class=\"t2-link-list-item__text\">\n\t\t\t\t\tUttalelse: Geologiske naturverdier i Haugerudmorenen\t\t\t\t<\/span>\n\t\t\t\t\t\t\t<\/div>\n\t\t<\/a>\n\t<\/li>\n\t\n<\/ul>","protected":false},"excerpt":{"rendered":"<p>Ja til vern av Sognsvannsbekken med kantsoner, Haugerudmorenen, Gaustadjordene og edell\u00f8vskogen p\u00e5 Gaustad!<\/p>\n","protected":false},"author":341,"featured_media":17924,"comment_status":"closed","ping_status":"closed","sticky":false,"template":"","format":"standard","meta":{"_relevanssi_hide_post":"","_relevanssi_hide_content":"","_relevanssi_pin_for_all":"","_relevanssi_pin_keywords":"","_relevanssi_unpin_keywords":"","_relevanssi_related_keywords":"","_relevanssi_related_include_ids":"","_relevanssi_related_exclude_ids":"","_relevanssi_related_no_append":"","_relevanssi_related_not_related":"","_relevanssi_related_posts":"432,2571,7104,284,184,2116","_relevanssi_noindex_reason":"","hide_logo":false,"footnotes":"","_members_access_role":[],"_members_access_error":""},"categories":[1],"tags":[494],"local":[14],"class_list":["post-17923","post","type-post","status-publish","format-standard","has-post-thumbnail","hentry","category-ukategorisert","tag-underskriftskampanje","local-oslo-nord"],"acf":[],"yoast_head":"<!-- This site is optimized with the Yoast SEO Premium plugin v24.9 (Yoast SEO v24.9) - https:\/\/yoast.com\/wordpress\/plugins\/seo\/ -->\n<title>Underskriftskampanje: Ja til vern av Sognsvannsbekken - Oslo og Akershus<\/title>\n<meta name=\"robots\" content=\"index, follow, max-snippet:-1, max-image-preview:large, max-video-preview:-1\" \/>\n<link rel=\"canonical\" href=\"https:\/\/naturvernforbundet.no\/osloogakershus\/underskriftskampanje-ja-til-vern-av-sognsvannsbekken\/\" \/>\n<meta property=\"og:locale\" content=\"nb_NO\" \/>\n<meta property=\"og:type\" content=\"article\" \/>\n<meta property=\"og:title\" content=\"Underskriftskampanje: Ja til vern av Sognsvannsbekken\" \/>\n<meta property=\"og:description\" content=\"Ja til vern av Sognsvannsbekken med kantsoner, Haugerudmorenen, Gaustadjordene og edell\u00f8vskogen p\u00e5 Gaustad!\" \/>\n<meta property=\"og:url\" content=\"https:\/\/naturvernforbundet.no\/osloogakershus\/underskriftskampanje-ja-til-vern-av-sognsvannsbekken\/\" \/>\n<meta property=\"og:site_name\" content=\"Oslo og Akershus\" \/>\n<meta property=\"article:published_time\" content=\"2026-08-11T07:30:47+00:00\" \/>\n<meta property=\"article:modified_time\" content=\"2026-09-05T13:59:54+00:00\" \/>\n<meta property=\"og:image\" content=\"https:\/\/naturvernforbundet.no\/content\/uploads\/sites\/10\/2026\/08\/Bilde-09.02.2026-klokken-16.07-1.png\" \/>\n\t<meta property=\"og:image:width\" content=\"1062\" \/>\n\t<meta property=\"og:image:height\" content=\"634\" \/>\n\t<meta property=\"og:image:type\" content=\"image\/png\" \/>\n<meta name=\"author\" content=\"helenelode\" \/>\n<meta name=\"twitter:card\" content=\"summary_large_image\" \/>\n<meta name=\"twitter:label1\" content=\"Skrevet av\" \/>\n\t<meta name=\"twitter:data1\" content=\"helenelode\" \/>\n\t<meta name=\"twitter:label2\" content=\"Ansl. lesetid\" \/>\n\t<meta name=\"twitter:data2\" content=\"4 minutter\" \/>\n<script type=\"application\/ld+json\" class=\"yoast-schema-graph\">{\"@context\":\"https:\/\/schema.org\",\"@graph\":[{\"@type\":\"WebPage\",\"@id\":\"https:\/\/naturvernforbundet.no\/osloogakershus\/underskriftskampanje-ja-til-vern-av-sognsvannsbekken\/\",\"url\":\"https:\/\/naturvernforbundet.no\/osloogakershus\/underskriftskampanje-ja-til-vern-av-sognsvannsbekken\/\",\"name\":\"Underskriftskampanje: Ja til vern av Sognsvannsbekken - Oslo og Akershus\",\"isPartOf\":{\"@id\":\"https:\/\/naturvernforbundet.no\/osloogakershus\/#website\"},\"primaryImageOfPage\":{\"@id\":\"https:\/\/naturvernforbundet.no\/osloogakershus\/underskriftskampanje-ja-til-vern-av-sognsvannsbekken\/#primaryimage\"},\"image\":{\"@id\":\"https:\/\/naturvernforbundet.no\/osloogakershus\/underskriftskampanje-ja-til-vern-av-sognsvannsbekken\/#primaryimage\"},\"thumbnailUrl\":\"https:\/\/naturvernforbundet.no\/content\/uploads\/sites\/10\/2026\/08\/Bilde-09.02.2026-klokken-16.07-1.png\",\"datePublished\":\"2026-08-11T07:30:47+00:00\",\"dateModified\":\"2026-09-05T13:59:54+00:00\",\"author\":{\"@id\":\"https:\/\/naturvernforbundet.no\/osloogakershus\/#\/schema\/person\/2dd518ec8240fff735219758b72aafd6\"},\"breadcrumb\":{\"@id\":\"https:\/\/naturvernforbundet.no\/osloogakershus\/underskriftskampanje-ja-til-vern-av-sognsvannsbekken\/#breadcrumb\"},\"inLanguage\":\"nb-NO\",\"potentialAction\":[{\"@type\":\"ReadAction\",\"target\":[\"https:\/\/naturvernforbundet.no\/osloogakershus\/underskriftskampanje-ja-til-vern-av-sognsvannsbekken\/\"]}]},{\"@type\":\"ImageObject\",\"inLanguage\":\"nb-NO\",\"@id\":\"https:\/\/naturvernforbundet.no\/osloogakershus\/underskriftskampanje-ja-til-vern-av-sognsvannsbekken\/#primaryimage\",\"url\":\"https:\/\/naturvernforbundet.no\/content\/uploads\/sites\/10\/2026\/08\/Bilde-09.02.2026-klokken-16.07-1.png\",\"contentUrl\":\"https:\/\/naturvernforbundet.no\/content\/uploads\/sites\/10\/2026\/08\/Bilde-09.02.2026-klokken-16.07-1.png\",\"width\":1062,\"height\":634},{\"@type\":\"BreadcrumbList\",\"@id\":\"https:\/\/naturvernforbundet.no\/osloogakershus\/underskriftskampanje-ja-til-vern-av-sognsvannsbekken\/#breadcrumb\",\"itemListElement\":[{\"@type\":\"ListItem\",\"position\":1,\"name\":\"Till naturvernforbundet.no\",\"item\":\"https:\/\/naturvernforbundet.no\/\"},{\"@type\":\"ListItem\",\"position\":2,\"name\":\"Oslo og Akershus\",\"item\":\"https:\/\/naturvernforbundet.no\/osloogakershus\/\"},{\"@type\":\"ListItem\",\"position\":3,\"name\":\"Oslo Nord\",\"item\":\"https:\/\/naturvernforbundet.no\/osloogakershus\/lokallag\/oslo-nord\/\"},{\"@type\":\"ListItem\",\"position\":4,\"name\":\"Underskriftskampanje: Ja til vern av Sognsvannsbekken\"}]},{\"@type\":\"WebSite\",\"@id\":\"https:\/\/naturvernforbundet.no\/osloogakershus\/#website\",\"url\":\"https:\/\/naturvernforbundet.no\/osloogakershus\/\",\"name\":\"Oslo og Akershus\",\"description\":\"Bare enda et Naturvernforbundet Sites-nettsted\",\"potentialAction\":[{\"@type\":\"SearchAction\",\"target\":{\"@type\":\"EntryPoint\",\"urlTemplate\":\"https:\/\/naturvernforbundet.no\/osloogakershus\/?s={search_term_string}\"},\"query-input\":{\"@type\":\"PropertyValueSpecification\",\"valueRequired\":true,\"valueName\":\"search_term_string\"}}],\"inLanguage\":\"nb-NO\"},{\"@type\":\"Person\",\"@id\":\"https:\/\/naturvernforbundet.no\/osloogakershus\/#\/schema\/person\/2dd518ec8240fff735219758b72aafd6\",\"name\":\"helenelode\",\"image\":{\"@type\":\"ImageObject\",\"inLanguage\":\"nb-NO\",\"@id\":\"https:\/\/naturvernforbundet.no\/osloogakershus\/#\/schema\/person\/image\/\",\"url\":\"https:\/\/secure.gravatar.com\/avatar\/3701b9fca365e293498246618b0871c8?s=96&d=mm&r=g\",\"contentUrl\":\"https:\/\/secure.gravatar.com\/avatar\/3701b9fca365e293498246618b0871c8?s=96&d=mm&r=g\",\"caption\":\"helenelode\"},\"url\":\"https:\/\/naturvernforbundet.no\/osloogakershus\/author\/helenelode\/\"}]}<\/script>\n<!-- \/ Yoast SEO Premium plugin. -->","yoast_head_json":{"title":"Underskriftskampanje: Ja til vern av Sognsvannsbekken - Oslo og Akershus","robots":{"index":"index","follow":"follow","max-snippet":"max-snippet:-1","max-image-preview":"max-image-preview:large","max-video-preview":"max-video-preview:-1"},"canonical":"https:\/\/naturvernforbundet.no\/osloogakershus\/underskriftskampanje-ja-til-vern-av-sognsvannsbekken\/","og_locale":"nb_NO","og_type":"article","og_title":"Underskriftskampanje: Ja til vern av Sognsvannsbekken","og_description":"Ja til vern av Sognsvannsbekken med kantsoner, Haugerudmorenen, Gaustadjordene og edell\u00f8vskogen p\u00e5 Gaustad!","og_url":"https:\/\/naturvernforbundet.no\/osloogakershus\/underskriftskampanje-ja-til-vern-av-sognsvannsbekken\/","og_site_name":"Oslo og Akershus","article_published_time":"2026-08-11T07:30:47+00:00","article_modified_time":"2026-09-05T13:59:54+00:00","og_image":[{"width":1062,"height":634,"url":"https:\/\/naturvernforbundet.no\/content\/uploads\/sites\/10\/2026\/08\/Bilde-09.02.2026-klokken-16.07-1.png","type":"image\/png"}],"author":"helenelode","twitter_card":"summary_large_image","twitter_misc":{"Skrevet av":"helenelode","Ansl. lesetid":"4 minutter"},"schema":{"@context":"https:\/\/schema.org","@graph":[{"@type":"WebPage","@id":"https:\/\/naturvernforbundet.no\/osloogakershus\/underskriftskampanje-ja-til-vern-av-sognsvannsbekken\/","url":"https:\/\/naturvernforbundet.no\/osloogakershus\/underskriftskampanje-ja-til-vern-av-sognsvannsbekken\/","name":"Underskriftskampanje: Ja til vern av Sognsvannsbekken - Oslo og Akershus","isPartOf":{"@id":"https:\/\/naturvernforbundet.no\/osloogakershus\/#website"},"primaryImageOfPage":{"@id":"https:\/\/naturvernforbundet.no\/osloogakershus\/underskriftskampanje-ja-til-vern-av-sognsvannsbekken\/#primaryimage"},"image":{"@id":"https:\/\/naturvernforbundet.no\/osloogakershus\/underskriftskampanje-ja-til-vern-av-sognsvannsbekken\/#primaryimage"},"thumbnailUrl":"https:\/\/naturvernforbundet.no\/content\/uploads\/sites\/10\/2026\/08\/Bilde-09.02.2026-klokken-16.07-1.png","datePublished":"2026-08-11T07:30:47+00:00","dateModified":"2026-09-05T13:59:54+00:00","author":{"@id":"https:\/\/naturvernforbundet.no\/osloogakershus\/#\/schema\/person\/2dd518ec8240fff735219758b72aafd6"},"breadcrumb":{"@id":"https:\/\/naturvernforbundet.no\/osloogakershus\/underskriftskampanje-ja-til-vern-av-sognsvannsbekken\/#breadcrumb"},"inLanguage":"nb-NO","potentialAction":[{"@type":"ReadAction","target":["https:\/\/naturvernforbundet.no\/osloogakershus\/underskriftskampanje-ja-til-vern-av-sognsvannsbekken\/"]}]},{"@type":"ImageObject","inLanguage":"nb-NO","@id":"https:\/\/naturvernforbundet.no\/osloogakershus\/underskriftskampanje-ja-til-vern-av-sognsvannsbekken\/#primaryimage","url":"https:\/\/naturvernforbundet.no\/content\/uploads\/sites\/10\/2026\/08\/Bilde-09.02.2026-klokken-16.07-1.png","contentUrl":"https:\/\/naturvernforbundet.no\/content\/uploads\/sites\/10\/2026\/08\/Bilde-09.02.2026-klokken-16.07-1.png","width":1062,"height":634},{"@type":"BreadcrumbList","@id":"https:\/\/naturvernforbundet.no\/osloogakershus\/underskriftskampanje-ja-til-vern-av-sognsvannsbekken\/#breadcrumb","itemListElement":[{"@type":"ListItem","position":1,"name":"Till naturvernforbundet.no","item":"https:\/\/naturvernforbundet.no\/"},{"@type":"ListItem","position":2,"name":"Oslo og Akershus","item":"https:\/\/naturvernforbundet.no\/osloogakershus\/"},{"@type":"ListItem","position":3,"name":"Oslo Nord","item":"https:\/\/naturvernforbundet.no\/osloogakershus\/lokallag\/oslo-nord\/"},{"@type":"ListItem","position":4,"name":"Underskriftskampanje: Ja til vern av Sognsvannsbekken"}]},{"@type":"WebSite","@id":"https:\/\/naturvernforbundet.no\/osloogakershus\/#website","url":"https:\/\/naturvernforbundet.no\/osloogakershus\/","name":"Oslo og Akershus","description":"Bare enda et Naturvernforbundet Sites-nettsted","potentialAction":[{"@type":"SearchAction","target":{"@type":"EntryPoint","urlTemplate":"https:\/\/naturvernforbundet.no\/osloogakershus\/?s={search_term_string}"},"query-input":{"@type":"PropertyValueSpecification","valueRequired":true,"valueName":"search_term_string"}}],"inLanguage":"nb-NO"},{"@type":"Person","@id":"https:\/\/naturvernforbundet.no\/osloogakershus\/#\/schema\/person\/2dd518ec8240fff735219758b72aafd6","name":"helenelode","image":{"@type":"ImageObject","inLanguage":"nb-NO","@id":"https:\/\/naturvernforbundet.no\/osloogakershus\/#\/schema\/person\/image\/","url":"https:\/\/secure.gravatar.com\/avatar\/3701b9fca365e293498246618b0871c8?s=96&d=mm&r=g","contentUrl":"https:\/\/secure.gravatar.com\/avatar\/3701b9fca365e293498246618b0871c8?s=96&d=mm&r=g","caption":"helenelode"},"url":"https:\/\/naturvernforbundet.no\/osloogakershus\/author\/helenelode\/"}]}},"_links":{"self":[{"href":"https:\/\/naturvernforbundet.no\/osloogakershus\/wp-json\/wp\/v2\/posts\/17923","targetHints":{"allow":["GET"]}}],"collection":[{"href":"https:\/\/naturvernforbundet.no\/osloogakershus\/wp-json\/wp\/v2\/posts"}],"about":[{"href":"https:\/\/naturvernforbundet.no\/osloogakershus\/wp-json\/wp\/v2\/types\/post"}],"author":[{"embeddable":true,"href":"https:\/\/naturvernforbundet.no\/osloogakershus\/wp-json\/wp\/v2\/users\/341"}],"replies":[{"embeddable":true,"href":"https:\/\/naturvernforbundet.no\/osloogakershus\/wp-json\/wp\/v2\/comments?post=17923"}],"version-history":[{"count":9,"href":"https:\/\/naturvernforbundet.no\/osloogakershus\/wp-json\/wp\/v2\/posts\/17923\/revisions"}],"predecessor-version":[{"id":18080,"href":"https:\/\/naturvernforbundet.no\/osloogakershus\/wp-json\/wp\/v2\/posts\/17923\/revisions\/18080"}],"wp:featuredmedia":[{"embeddable":true,"href":"https:\/\/naturvernforbundet.no\/osloogakershus\/wp-json\/wp\/v2\/media\/17924"}],"wp:attachment":[{"href":"https:\/\/naturvernforbundet.no\/osloogakershus\/wp-json\/wp\/v2\/media?parent=17923"}],"wp:term":[{"taxonomy":"category","embeddable":true,"href":"https:\/\/naturvernforbundet.no\/osloogakershus\/wp-json\/wp\/v2\/categories?post=17923"},{"taxonomy":"post_tag","embeddable":true,"href":"https:\/\/naturvernforbundet.no\/osloogakershus\/wp-json\/wp\/v2\/tags?post=17923"},{"taxonomy":"local","embeddable":true,"href":"https:\/\/naturvernforbundet.no\/osloogakershus\/wp-json\/wp\/v2\/local?post=17923"}],"curies":[{"name":"wp","href":"https:\/\/api.w.org\/{rel}","templated":true}]}}