{"id":174,"date":"2012-05-15T21:56:26","date_gmt":"2012-05-15T19:56:26","guid":{"rendered":"https:\/\/naturvernforbundet.no\/ostfold\/veterinaer-i-los-angeles-for-a-utvide-sine-horisonter\/"},"modified":"2012-05-15T21:56:26","modified_gmt":"2012-05-15T19:56:26","slug":"veterinaer-i-los-angeles-for-a-utvide-sine-horisonter","status":"publish","type":"post","link":"https:\/\/naturvernforbundet.no\/ostfold\/veterinaer-i-los-angeles-for-a-utvide-sine-horisonter\/","title":{"rendered":"Veterin\u00e6r i Los Angeles for \u00e5 utvide sine horisonter!"},"content":{"rendered":"\t<div class=\"template-post alignfull wp-block-naturvern-hero\">\n\t\t<div class=\"hero__inner\">\n\t\t\t<div class=\"hero__inner_blocks\">\n\t\t\t\t\t\t\t\t\n\t\t\t\t\t<h1 class=\"wp-block-post-title\">Veterin\u00e6r i Los Angeles for \u00e5 utvide sine horisonter!<\/h1>\n\n\t\t\t\t\t<div class=\"wp-block-post-excerpt\"><p class=\"wp-block-post-excerpt__excerpt\">Veterin\u00e6r Therese Roen Eriksen om sitt opphold i USA hvor hun ble kurset i rehabilitering av sj\u00f8fugl. <\/p><\/div>\n\n\t\t\t\t\t<figure class=\"wp-block-post-featured-image\"><img loading=\"lazy\" decoding=\"async\" width=\"556\" height=\"363\" src=\"https:\/\/naturvernforbundet.no\/content\/uploads\/sites\/22\/2012\/05\/therese20usa206.jpeg2028articledisplay29.jpe\" class=\"attachment-post-thumbnail size-post-thumbnail wp-post-image\" alt=\"\" style=\"object-fit:cover;\" srcset=\"https:\/\/naturvernforbundet.no\/content\/uploads\/sites\/22\/2012\/05\/therese20usa206.jpeg2028articledisplay29.jpe 556w, https:\/\/naturvernforbundet.no\/content\/uploads\/sites\/22\/2012\/05\/therese20usa206.jpeg2028articledisplay29-300x196.jpe 300w\" sizes=\"auto, (max-width: 556px) 100vw, 556px\" \/><\/figure>\n\n\t\t\t\t\t<div class=\"wp-block-naturvern-byline\">\n\t\t\t<div class=\"authors\">By <span class=\"t2-byline__author-link\"><\/span><\/div>\n\t\t\t<small class=\"entry-date\">15.05.2012 21:56<\/small>\n\t\t<\/div>\n\t\t\t\t\t\t\t\t<\/div>\n\t\t\t\t\t<\/div>\n\t\t\t<\/div>\n\t\n<p>\n\tFull av forventning satte jeg meg p\u00e5 flyet til Los Angeles,<br>\n\tUSA i februar <img loading=\"lazy\" decoding=\"async\" align=\"right\" alt=\"\" class=\"cp-mmarchive-image-right\" height=\"267\" hspace=\"10\" src=\"__CPMMFILEID_URL__::39448::\" vspace=\"10\" width=\"200\">2012.<br>\n\tJeg skulle til et av <a href=\"http:\/\/www.bird-rescue.org\/\">IBRC&nbsp;<\/a>sine senter for oljeskadet sj\u00f8fugl. Her skulle jeg l\u00e6re, og h\u00f8ste nye erfaringer om dette spennende og relativt nye feltet for norske veterin\u00e6rer.<br>\n\tIBRC og deres sentre er kjent for \u00e5 v\u00e6re verdens ledende innen feltet, og deres senter i Los Angeles har en jevn tilgang p\u00e5 oljeskadet sj\u00f8fugl. Her var jeg garantert \u201dhands on\u201d erfaring og samarbeid med en av de beste og mest erfarne veterin\u00e6rene p\u00e5 omr\u00e5det, Rebecca Duerr. Jeg ble ikke skuffet. Fra f\u00f8rste minutt var det full rulle. Rebecca Duerr har v\u00e6rt engasjert i rehabilitering av fugler i mange \u00e5r, og hun utdannet seg til veterin\u00e6r i godt voksen alder&nbsp;kun for \u00e5 jobbe med fugl.<br>\n\tI 10 dager var jeg en del av et profesjonelt team som har imponert meg med sin kunnskap og dedikasjon til arbeidet sitt. &nbsp;<br>\n\tDriften av senteret er helt avhengig av frivillig innsats, og frivillige var det mer enn nok av.<br>\n\tDe frivillige&nbsp;hadde til og med et eget turnussystem&nbsp;og det var ikke hvem som helst som fikk jobbe med fuglene. Her ble det satt h\u00f8ye krav til kompetanse. Det fantes ingen snarveier for noen.<br>\n\tDet er utrolig fantastisk at s\u00e5 mange stiller opp og hjelper til uten&nbsp;at de&nbsp;skal ha noe som helst tilbake i form av betaling. Bel\u00f8nningen var \u00e5 se fuglene rehabilitert. De var rett og slett en fantastisk gjeng.<\/p>\n\n\n\n<p>\n\tJeg har l\u00e6rt masse ved mitt opphold ved senteret og vil bringe min kunnskap hjem til Norge,&nbsp;slik at jeg kan&nbsp;l\u00e6re det bort til andre n\u00e5r jeg f\u00e5r mulighet til det.<br>\n\tJeg har l\u00e6rt mange nye ting om rehabilitering av fugl p\u00e5 kort tid. Viktige sm\u00e5 detaljer om alt fra mating av fuglene, rengj\u00f8ring av bur, behandling og h\u00e5ndtering. &nbsp;Jeg har l\u00e6rt mye mer enn \u201dbare veterin\u00e6rting\u201d. Rehabilitering er en helhetlig prosess hvor alle detaljer er viktige for et vellykket resultat. Det er kanskje den viktigste l\u00e6rdommen man m\u00e5 ta med seg n\u00e5r man skal jobbe innen dette feltet.<\/p>\n\n\n\n<figure class=\"wp-block-image\"><img decoding=\"async\" src=\"__CPMMFILEID_URL__::39453::\" alt=\"\"\/><\/figure>\n\n\n\n<p>\n\t<\/p>\n","protected":false},"excerpt":{"rendered":"<p>Veterin\u00e6r Therese Roen Eriksen om sitt opphold i USA hvor hun ble kurset i rehabilitering av sj\u00f8fugl.<\/p>\n","protected":false},"author":0,"featured_media":175,"comment_status":"closed","ping_status":"closed","sticky":false,"template":"","format":"standard","meta":{"_relevanssi_hide_post":"","_relevanssi_hide_content":"","_relevanssi_pin_for_all":"","_relevanssi_pin_keywords":"","_relevanssi_unpin_keywords":"","_relevanssi_related_keywords":"","_relevanssi_related_include_ids":"","_relevanssi_related_exclude_ids":"","_relevanssi_related_no_append":"","_relevanssi_related_not_related":"","_relevanssi_related_posts":"","_relevanssi_noindex_reason":"","hide_logo":false,"footnotes":""},"categories":[9],"tags":[],"local":[],"class_list":["post-174","post","type-post","status-publish","format-standard","has-post-thumbnail","hentry","category-oljeskadet-vilt"],"acf":[],"yoast_head":"<!-- This site is optimized with the Yoast SEO plugin v24.9 - https:\/\/yoast.com\/wordpress\/plugins\/seo\/ -->\n<title>Veterin\u00e6r i Los Angeles for \u00e5 utvide sine horisonter! - \u00d8stfold<\/title>\n<meta name=\"robots\" content=\"index, follow, max-snippet:-1, max-image-preview:large, max-video-preview:-1\" \/>\n<link rel=\"canonical\" href=\"https:\/\/naturvernforbundet.no\/ostfold\/veterinaer-i-los-angeles-for-a-utvide-sine-horisonter\/\" \/>\n<meta property=\"og:locale\" content=\"nb_NO\" \/>\n<meta property=\"og:type\" content=\"article\" \/>\n<meta property=\"og:title\" content=\"Veterin\u00e6r i Los Angeles for \u00e5 utvide sine horisonter! - \u00d8stfold\" \/>\n<meta property=\"og:description\" content=\"Veterin\u00e6r Therese Roen Eriksen om sitt opphold i USA hvor hun ble kurset i rehabilitering av sj\u00f8fugl.\" \/>\n<meta property=\"og:url\" content=\"https:\/\/naturvernforbundet.no\/ostfold\/veterinaer-i-los-angeles-for-a-utvide-sine-horisonter\/\" \/>\n<meta property=\"og:site_name\" content=\"\u00d8stfold\" \/>\n<meta property=\"article:published_time\" content=\"2012-05-15T19:56:26+00:00\" \/>\n<meta property=\"og:image\" content=\"https:\/\/naturvernforbundet.no\/content\/uploads\/sites\/22\/2012\/05\/therese20usa206.jpeg2028articledisplay29.jpe\" \/>\n\t<meta property=\"og:image:width\" content=\"556\" \/>\n\t<meta property=\"og:image:height\" content=\"363\" \/>\n\t<meta property=\"og:image:type\" content=\"image\/jpeg\" \/>\n<meta name=\"twitter:card\" content=\"summary_large_image\" \/>\n<meta name=\"twitter:label1\" content=\"Ansl. lesetid\" \/>\n\t<meta name=\"twitter:data1\" content=\"2 minutter\" \/>\n<script type=\"application\/ld+json\" class=\"yoast-schema-graph\">{\"@context\":\"https:\/\/schema.org\",\"@graph\":[{\"@type\":\"WebPage\",\"@id\":\"https:\/\/naturvernforbundet.no\/ostfold\/veterinaer-i-los-angeles-for-a-utvide-sine-horisonter\/\",\"url\":\"https:\/\/naturvernforbundet.no\/ostfold\/veterinaer-i-los-angeles-for-a-utvide-sine-horisonter\/\",\"name\":\"Veterin\u00e6r i Los Angeles for \u00e5 utvide sine horisonter! - \u00d8stfold\",\"isPartOf\":{\"@id\":\"https:\/\/naturvernforbundet.no\/ostfold\/#website\"},\"primaryImageOfPage\":{\"@id\":\"https:\/\/naturvernforbundet.no\/ostfold\/veterinaer-i-los-angeles-for-a-utvide-sine-horisonter\/#primaryimage\"},\"image\":{\"@id\":\"https:\/\/naturvernforbundet.no\/ostfold\/veterinaer-i-los-angeles-for-a-utvide-sine-horisonter\/#primaryimage\"},\"thumbnailUrl\":\"https:\/\/naturvernforbundet.no\/content\/uploads\/sites\/22\/2012\/05\/therese20usa206.jpeg2028articledisplay29.jpe\",\"datePublished\":\"2012-05-15T19:56:26+00:00\",\"author\":{\"@id\":\"\"},\"breadcrumb\":{\"@id\":\"https:\/\/naturvernforbundet.no\/ostfold\/veterinaer-i-los-angeles-for-a-utvide-sine-horisonter\/#breadcrumb\"},\"inLanguage\":\"nb-NO\",\"potentialAction\":[{\"@type\":\"ReadAction\",\"target\":[\"https:\/\/naturvernforbundet.no\/ostfold\/veterinaer-i-los-angeles-for-a-utvide-sine-horisonter\/\"]}]},{\"@type\":\"ImageObject\",\"inLanguage\":\"nb-NO\",\"@id\":\"https:\/\/naturvernforbundet.no\/ostfold\/veterinaer-i-los-angeles-for-a-utvide-sine-horisonter\/#primaryimage\",\"url\":\"https:\/\/naturvernforbundet.no\/content\/uploads\/sites\/22\/2012\/05\/therese20usa206.jpeg2028articledisplay29.jpe\",\"contentUrl\":\"https:\/\/naturvernforbundet.no\/content\/uploads\/sites\/22\/2012\/05\/therese20usa206.jpeg2028articledisplay29.jpe\",\"width\":556,\"height\":363},{\"@type\":\"BreadcrumbList\",\"@id\":\"https:\/\/naturvernforbundet.no\/ostfold\/veterinaer-i-los-angeles-for-a-utvide-sine-horisonter\/#breadcrumb\",\"itemListElement\":[{\"@type\":\"ListItem\",\"position\":1,\"name\":\"Till naturvernforbundet.no\",\"item\":\"https:\/\/naturvernforbundet.no\/\"},{\"@type\":\"ListItem\",\"position\":2,\"name\":\"\u00d8stfold\",\"item\":\"https:\/\/naturvernforbundet.no\/ostfold\/\"},{\"@type\":\"ListItem\",\"position\":3,\"name\":\"Veterin\u00e6r i Los Angeles for \u00e5 utvide sine horisonter!\"}]},{\"@type\":\"WebSite\",\"@id\":\"https:\/\/naturvernforbundet.no\/ostfold\/#website\",\"url\":\"https:\/\/naturvernforbundet.no\/ostfold\/\",\"name\":\"\u00d8stfold\",\"description\":\"Naturvernforbundet i \u00d8stfold\",\"potentialAction\":[{\"@type\":\"SearchAction\",\"target\":{\"@type\":\"EntryPoint\",\"urlTemplate\":\"https:\/\/naturvernforbundet.no\/ostfold\/?s={search_term_string}\"},\"query-input\":{\"@type\":\"PropertyValueSpecification\",\"valueRequired\":true,\"valueName\":\"search_term_string\"}}],\"inLanguage\":\"nb-NO\"}]}<\/script>\n<!-- \/ Yoast SEO plugin. -->","yoast_head_json":{"title":"Veterin\u00e6r i Los Angeles for \u00e5 utvide sine horisonter! - \u00d8stfold","robots":{"index":"index","follow":"follow","max-snippet":"max-snippet:-1","max-image-preview":"max-image-preview:large","max-video-preview":"max-video-preview:-1"},"canonical":"https:\/\/naturvernforbundet.no\/ostfold\/veterinaer-i-los-angeles-for-a-utvide-sine-horisonter\/","og_locale":"nb_NO","og_type":"article","og_title":"Veterin\u00e6r i Los Angeles for \u00e5 utvide sine horisonter! - \u00d8stfold","og_description":"Veterin\u00e6r Therese Roen Eriksen om sitt opphold i USA hvor hun ble kurset i rehabilitering av sj\u00f8fugl.","og_url":"https:\/\/naturvernforbundet.no\/ostfold\/veterinaer-i-los-angeles-for-a-utvide-sine-horisonter\/","og_site_name":"\u00d8stfold","article_published_time":"2012-05-15T19:56:26+00:00","og_image":[{"width":556,"height":363,"url":"https:\/\/naturvernforbundet.no\/content\/uploads\/sites\/22\/2012\/05\/therese20usa206.jpeg2028articledisplay29.jpe","type":"image\/jpeg"}],"twitter_card":"summary_large_image","twitter_misc":{"Ansl. lesetid":"2 minutter"},"schema":{"@context":"https:\/\/schema.org","@graph":[{"@type":"WebPage","@id":"https:\/\/naturvernforbundet.no\/ostfold\/veterinaer-i-los-angeles-for-a-utvide-sine-horisonter\/","url":"https:\/\/naturvernforbundet.no\/ostfold\/veterinaer-i-los-angeles-for-a-utvide-sine-horisonter\/","name":"Veterin\u00e6r i Los Angeles for \u00e5 utvide sine horisonter! - \u00d8stfold","isPartOf":{"@id":"https:\/\/naturvernforbundet.no\/ostfold\/#website"},"primaryImageOfPage":{"@id":"https:\/\/naturvernforbundet.no\/ostfold\/veterinaer-i-los-angeles-for-a-utvide-sine-horisonter\/#primaryimage"},"image":{"@id":"https:\/\/naturvernforbundet.no\/ostfold\/veterinaer-i-los-angeles-for-a-utvide-sine-horisonter\/#primaryimage"},"thumbnailUrl":"https:\/\/naturvernforbundet.no\/content\/uploads\/sites\/22\/2012\/05\/therese20usa206.jpeg2028articledisplay29.jpe","datePublished":"2012-05-15T19:56:26+00:00","author":{"@id":""},"breadcrumb":{"@id":"https:\/\/naturvernforbundet.no\/ostfold\/veterinaer-i-los-angeles-for-a-utvide-sine-horisonter\/#breadcrumb"},"inLanguage":"nb-NO","potentialAction":[{"@type":"ReadAction","target":["https:\/\/naturvernforbundet.no\/ostfold\/veterinaer-i-los-angeles-for-a-utvide-sine-horisonter\/"]}]},{"@type":"ImageObject","inLanguage":"nb-NO","@id":"https:\/\/naturvernforbundet.no\/ostfold\/veterinaer-i-los-angeles-for-a-utvide-sine-horisonter\/#primaryimage","url":"https:\/\/naturvernforbundet.no\/content\/uploads\/sites\/22\/2012\/05\/therese20usa206.jpeg2028articledisplay29.jpe","contentUrl":"https:\/\/naturvernforbundet.no\/content\/uploads\/sites\/22\/2012\/05\/therese20usa206.jpeg2028articledisplay29.jpe","width":556,"height":363},{"@type":"BreadcrumbList","@id":"https:\/\/naturvernforbundet.no\/ostfold\/veterinaer-i-los-angeles-for-a-utvide-sine-horisonter\/#breadcrumb","itemListElement":[{"@type":"ListItem","position":1,"name":"Till naturvernforbundet.no","item":"https:\/\/naturvernforbundet.no\/"},{"@type":"ListItem","position":2,"name":"\u00d8stfold","item":"https:\/\/naturvernforbundet.no\/ostfold\/"},{"@type":"ListItem","position":3,"name":"Veterin\u00e6r i Los Angeles for \u00e5 utvide sine horisonter!"}]},{"@type":"WebSite","@id":"https:\/\/naturvernforbundet.no\/ostfold\/#website","url":"https:\/\/naturvernforbundet.no\/ostfold\/","name":"\u00d8stfold","description":"Naturvernforbundet i \u00d8stfold","potentialAction":[{"@type":"SearchAction","target":{"@type":"EntryPoint","urlTemplate":"https:\/\/naturvernforbundet.no\/ostfold\/?s={search_term_string}"},"query-input":{"@type":"PropertyValueSpecification","valueRequired":true,"valueName":"search_term_string"}}],"inLanguage":"nb-NO"}]}},"_links":{"self":[{"href":"https:\/\/naturvernforbundet.no\/ostfold\/wp-json\/wp\/v2\/posts\/174","targetHints":{"allow":["GET"]}}],"collection":[{"href":"https:\/\/naturvernforbundet.no\/ostfold\/wp-json\/wp\/v2\/posts"}],"about":[{"href":"https:\/\/naturvernforbundet.no\/ostfold\/wp-json\/wp\/v2\/types\/post"}],"replies":[{"embeddable":true,"href":"https:\/\/naturvernforbundet.no\/ostfold\/wp-json\/wp\/v2\/comments?post=174"}],"version-history":[{"count":0,"href":"https:\/\/naturvernforbundet.no\/ostfold\/wp-json\/wp\/v2\/posts\/174\/revisions"}],"wp:featuredmedia":[{"embeddable":true,"href":"https:\/\/naturvernforbundet.no\/ostfold\/wp-json\/wp\/v2\/media\/175"}],"wp:attachment":[{"href":"https:\/\/naturvernforbundet.no\/ostfold\/wp-json\/wp\/v2\/media?parent=174"}],"wp:term":[{"taxonomy":"category","embeddable":true,"href":"https:\/\/naturvernforbundet.no\/ostfold\/wp-json\/wp\/v2\/categories?post=174"},{"taxonomy":"post_tag","embeddable":true,"href":"https:\/\/naturvernforbundet.no\/ostfold\/wp-json\/wp\/v2\/tags?post=174"},{"taxonomy":"local","embeddable":true,"href":"https:\/\/naturvernforbundet.no\/ostfold\/wp-json\/wp\/v2\/local?post=174"}],"curies":[{"name":"wp","href":"https:\/\/api.w.org\/{rel}","templated":true}]}}